{"id":16878,"date":"2015-11-06T19:12:38","date_gmt":"2015-11-06T19:12:38","guid":{"rendered":"http:\/\/copealcoi.es\/new\/?p=16878"},"modified":"2015-11-06T19:13:22","modified_gmt":"2015-11-06T19:13:22","slug":"l-orxa-analiza-las-claves-del-sector-agrario","status":"publish","type":"post","link":"https:\/\/www.copealcoy.es\/es\/l-orxa-analiza-las-claves-del-sector-agrario\/","title":{"rendered":"L\u00b4 Orxa analiza las claves del sector agrario"},"content":{"rendered":"<p style=\"text-align: justify;\">L\u00b4Orxa acoge este s\u00e1bado la primera edici\u00f3n de unas jornadas destinadas a potenciar el sector agrario y que contar\u00e1n con la participaci\u00f3n de destacados expertos as\u00ed como tambi\u00e9n productores. Las ponencias se llevar\u00e1n a cabo desde las nueve de la ma\u00f1ana\u00a0hasta las dos del mediod\u00eda en el Auditorio de esta localidad del Comtat e incluir\u00e1n una primera parte en la que se analizar\u00e1 en el sector en la comarca as\u00ed como tambi\u00e9n sus posibilidades econ\u00f3micas as\u00ed como una segunda en la que se abordar\u00e1n cuestiones relacionadas con la Agricultura Ecol\u00f3gica. Adem\u00e1s habr\u00e1 una mesa\u00a0en la que se estudiar\u00e1 la relaci\u00f3n entre\u00a0la agricultura, el turismo y la gastronom\u00eda mientras que una comida con networking pondr\u00e1 punto y final a las actividades previstas.<\/p>\n<p style=\"text-align: justify;\">El alcalde de L\u00b4Orxa, Arnaldo Due\u00f1as, anima a todos los interesados a participar en estas jornadas \u00a0 \u00a0 \u00a0 \u00a0&#8220;el objetivo de esta iniciativa busca fomentar la actividad agraria para hacer frente a la crisis del sector industrial en nuestras comarcas&#8221;, concluye.<\/p>\n","protected":false},"excerpt":{"rendered":"<p>L\u00b4Orxa acoge este s\u00e1bado la primera edici\u00f3n de unas jornadas destinadas a potenciar el sector agrario y que contar\u00e1n con&#8230;<\/p>\n","protected":false},"author":1,"featured_media":16740,"comment_status":"open","ping_status":"open","sticky":false,"template":"","format":"standard","meta":{"footnotes":""},"categories":[98,75],"tags":[399,390,1011,1571],"class_list":["post-16878","post","type-post","status-publish","format-standard","has-post-thumbnail","hentry","category-comarcas","category-noticias","tag-agricultura","tag-economia","tag-lorxa","tag-sector-agrario"],"yoast_head":"<!-- This site is optimized with the Yoast SEO plugin v27.3 - https:\/\/yoast.com\/product\/yoast-seo-wordpress\/ -->\n<title>L\u00b4 Orxa analiza las claves del sector agrario - COPE Alcoy<\/title>\n<meta name=\"robots\" content=\"index, follow, max-snippet:-1, max-image-preview:large, max-video-preview:-1\" \/>\n<link rel=\"canonical\" href=\"https:\/\/www.copealcoy.es\/es\/l-orxa-analiza-las-claves-del-sector-agrario\/\" \/>\n<meta property=\"og:locale\" content=\"es_ES\" \/>\n<meta property=\"og:type\" content=\"article\" \/>\n<meta property=\"og:title\" content=\"L\u00b4 Orxa analiza las claves del sector agrario - COPE Alcoy\" \/>\n<meta property=\"og:description\" content=\"L\u00b4Orxa acoge este s\u00e1bado la primera edici\u00f3n de unas jornadas destinadas a potenciar el sector agrario y que contar\u00e1n con...\" \/>\n<meta property=\"og:url\" content=\"https:\/\/www.copealcoy.es\/es\/l-orxa-analiza-las-claves-del-sector-agrario\/\" \/>\n<meta property=\"og:site_name\" content=\"COPE Alcoy\" \/>\n<meta property=\"article:published_time\" content=\"2015-11-06T19:12:38+00:00\" \/>\n<meta property=\"article:modified_time\" content=\"2015-11-06T19:13:22+00:00\" \/>\n<meta property=\"og:image\" content=\"https:\/\/www.copealcoy.es\/wp-content\/uploads\/2015\/10\/2012_11_22_IMG_2012_11_22_113A413A41_paradayfonda.jpg\" \/>\n\t<meta property=\"og:image:width\" content=\"646\" \/>\n\t<meta property=\"og:image:height\" content=\"373\" \/>\n\t<meta property=\"og:image:type\" content=\"image\/jpeg\" \/>\n<meta name=\"author\" content=\"Cope Alcoy\" \/>\n<meta name=\"twitter:label1\" content=\"Escrito por\" \/>\n\t<meta name=\"twitter:data1\" content=\"Cope Alcoy\" \/>\n\t<meta name=\"twitter:label2\" content=\"Tiempo de lectura\" \/>\n\t<meta name=\"twitter:data2\" content=\"1 minuto\" \/>\n<script type=\"application\/ld+json\" class=\"yoast-schema-graph\">{\"@context\":\"https:\\\/\\\/schema.org\",\"@graph\":[{\"@type\":\"Article\",\"@id\":\"https:\\\/\\\/www.copealcoy.es\\\/es\\\/l-orxa-analiza-las-claves-del-sector-agrario\\\/#article\",\"isPartOf\":{\"@id\":\"https:\\\/\\\/www.copealcoy.es\\\/es\\\/l-orxa-analiza-las-claves-del-sector-agrario\\\/\"},\"author\":{\"name\":\"Cope Alcoy\",\"@id\":\"https:\\\/\\\/www.copealcoy.es\\\/es\\\/#\\\/schema\\\/person\\\/e777c87fa024e57d40170af9df39882c\"},\"headline\":\"L\u00b4 Orxa analiza las claves del sector agrario\",\"datePublished\":\"2015-11-06T19:12:38+00:00\",\"dateModified\":\"2015-11-06T19:13:22+00:00\",\"mainEntityOfPage\":{\"@id\":\"https:\\\/\\\/www.copealcoy.es\\\/es\\\/l-orxa-analiza-las-claves-del-sector-agrario\\\/\"},\"wordCount\":190,\"commentCount\":0,\"image\":{\"@id\":\"https:\\\/\\\/www.copealcoy.es\\\/es\\\/l-orxa-analiza-las-claves-del-sector-agrario\\\/#primaryimage\"},\"thumbnailUrl\":\"https:\\\/\\\/www.copealcoy.es\\\/wp-content\\\/uploads\\\/2015\\\/10\\\/2012_11_22_IMG_2012_11_22_113A413A41_paradayfonda.jpg\",\"keywords\":[\"Agricultura\",\"Econom\u00eda\",\"L\u00b4Orxa\",\"Sector Agrario\"],\"articleSection\":[\"Comarcas\",\"Noticias\"],\"inLanguage\":\"es\"},{\"@type\":\"WebPage\",\"@id\":\"https:\\\/\\\/www.copealcoy.es\\\/es\\\/l-orxa-analiza-las-claves-del-sector-agrario\\\/\",\"url\":\"https:\\\/\\\/www.copealcoy.es\\\/es\\\/l-orxa-analiza-las-claves-del-sector-agrario\\\/\",\"name\":\"L\u00b4 Orxa analiza las claves del sector agrario - COPE Alcoy\",\"isPartOf\":{\"@id\":\"https:\\\/\\\/www.copealcoy.es\\\/es\\\/#website\"},\"primaryImageOfPage\":{\"@id\":\"https:\\\/\\\/www.copealcoy.es\\\/es\\\/l-orxa-analiza-las-claves-del-sector-agrario\\\/#primaryimage\"},\"image\":{\"@id\":\"https:\\\/\\\/www.copealcoy.es\\\/es\\\/l-orxa-analiza-las-claves-del-sector-agrario\\\/#primaryimage\"},\"thumbnailUrl\":\"https:\\\/\\\/www.copealcoy.es\\\/wp-content\\\/uploads\\\/2015\\\/10\\\/2012_11_22_IMG_2012_11_22_113A413A41_paradayfonda.jpg\",\"datePublished\":\"2015-11-06T19:12:38+00:00\",\"dateModified\":\"2015-11-06T19:13:22+00:00\",\"author\":{\"@id\":\"https:\\\/\\\/www.copealcoy.es\\\/es\\\/#\\\/schema\\\/person\\\/e777c87fa024e57d40170af9df39882c\"},\"breadcrumb\":{\"@id\":\"https:\\\/\\\/www.copealcoy.es\\\/es\\\/l-orxa-analiza-las-claves-del-sector-agrario\\\/#breadcrumb\"},\"inLanguage\":\"es\",\"potentialAction\":[{\"@type\":\"ReadAction\",\"target\":[\"https:\\\/\\\/www.copealcoy.es\\\/es\\\/l-orxa-analiza-las-claves-del-sector-agrario\\\/\"]}]},{\"@type\":\"ImageObject\",\"inLanguage\":\"es\",\"@id\":\"https:\\\/\\\/www.copealcoy.es\\\/es\\\/l-orxa-analiza-las-claves-del-sector-agrario\\\/#primaryimage\",\"url\":\"https:\\\/\\\/www.copealcoy.es\\\/wp-content\\\/uploads\\\/2015\\\/10\\\/2012_11_22_IMG_2012_11_22_113A413A41_paradayfonda.jpg\",\"contentUrl\":\"https:\\\/\\\/www.copealcoy.es\\\/wp-content\\\/uploads\\\/2015\\\/10\\\/2012_11_22_IMG_2012_11_22_113A413A41_paradayfonda.jpg\",\"width\":646,\"height\":373},{\"@type\":\"BreadcrumbList\",\"@id\":\"https:\\\/\\\/www.copealcoy.es\\\/es\\\/l-orxa-analiza-las-claves-del-sector-agrario\\\/#breadcrumb\",\"itemListElement\":[{\"@type\":\"ListItem\",\"position\":1,\"name\":\"Portada\",\"item\":\"https:\\\/\\\/www.copealcoy.es\\\/es\\\/\"},{\"@type\":\"ListItem\",\"position\":2,\"name\":\"L\u00b4 Orxa analiza las claves del sector agrario\"}]},{\"@type\":\"WebSite\",\"@id\":\"https:\\\/\\\/www.copealcoy.es\\\/es\\\/#website\",\"url\":\"https:\\\/\\\/www.copealcoy.es\\\/es\\\/\",\"name\":\"COPE Alcoy\",\"description\":\"Emisora COPE de radio local con emisi\u00f3n online. Pont de Sant Jordi 8-10 03803 Alcoy\",\"potentialAction\":[{\"@type\":\"SearchAction\",\"target\":{\"@type\":\"EntryPoint\",\"urlTemplate\":\"https:\\\/\\\/www.copealcoy.es\\\/es\\\/?s={search_term_string}\"},\"query-input\":{\"@type\":\"PropertyValueSpecification\",\"valueRequired\":true,\"valueName\":\"search_term_string\"}}],\"inLanguage\":\"es\"},{\"@type\":\"Person\",\"@id\":\"https:\\\/\\\/www.copealcoy.es\\\/es\\\/#\\\/schema\\\/person\\\/e777c87fa024e57d40170af9df39882c\",\"name\":\"Cope Alcoy\",\"image\":{\"@type\":\"ImageObject\",\"inLanguage\":\"es\",\"@id\":\"https:\\\/\\\/secure.gravatar.com\\\/avatar\\\/bb65d0283347e303893ba14f0692005417c1e0e690a325a4c5d8bb2b3943ee14?s=96&d=mm&r=g\",\"url\":\"https:\\\/\\\/secure.gravatar.com\\\/avatar\\\/bb65d0283347e303893ba14f0692005417c1e0e690a325a4c5d8bb2b3943ee14?s=96&d=mm&r=g\",\"contentUrl\":\"https:\\\/\\\/secure.gravatar.com\\\/avatar\\\/bb65d0283347e303893ba14f0692005417c1e0e690a325a4c5d8bb2b3943ee14?s=96&d=mm&r=g\",\"caption\":\"Cope Alcoy\"}}]}<\/script>\n<!-- \/ Yoast SEO plugin. -->","yoast_head_json":{"title":"L\u00b4 Orxa analiza las claves del sector agrario - COPE Alcoy","robots":{"index":"index","follow":"follow","max-snippet":"max-snippet:-1","max-image-preview":"max-image-preview:large","max-video-preview":"max-video-preview:-1"},"canonical":"https:\/\/www.copealcoy.es\/es\/l-orxa-analiza-las-claves-del-sector-agrario\/","og_locale":"es_ES","og_type":"article","og_title":"L\u00b4 Orxa analiza las claves del sector agrario - COPE Alcoy","og_description":"L\u00b4Orxa acoge este s\u00e1bado la primera edici\u00f3n de unas jornadas destinadas a potenciar el sector agrario y que contar\u00e1n con...","og_url":"https:\/\/www.copealcoy.es\/es\/l-orxa-analiza-las-claves-del-sector-agrario\/","og_site_name":"COPE Alcoy","article_published_time":"2015-11-06T19:12:38+00:00","article_modified_time":"2015-11-06T19:13:22+00:00","og_image":[{"width":646,"height":373,"url":"https:\/\/www.copealcoy.es\/wp-content\/uploads\/2015\/10\/2012_11_22_IMG_2012_11_22_113A413A41_paradayfonda.jpg","type":"image\/jpeg"}],"author":"Cope Alcoy","twitter_misc":{"Escrito por":"Cope Alcoy","Tiempo de lectura":"1 minuto"},"schema":{"@context":"https:\/\/schema.org","@graph":[{"@type":"Article","@id":"https:\/\/www.copealcoy.es\/es\/l-orxa-analiza-las-claves-del-sector-agrario\/#article","isPartOf":{"@id":"https:\/\/www.copealcoy.es\/es\/l-orxa-analiza-las-claves-del-sector-agrario\/"},"author":{"name":"Cope Alcoy","@id":"https:\/\/www.copealcoy.es\/es\/#\/schema\/person\/e777c87fa024e57d40170af9df39882c"},"headline":"L\u00b4 Orxa analiza las claves del sector agrario","datePublished":"2015-11-06T19:12:38+00:00","dateModified":"2015-11-06T19:13:22+00:00","mainEntityOfPage":{"@id":"https:\/\/www.copealcoy.es\/es\/l-orxa-analiza-las-claves-del-sector-agrario\/"},"wordCount":190,"commentCount":0,"image":{"@id":"https:\/\/www.copealcoy.es\/es\/l-orxa-analiza-las-claves-del-sector-agrario\/#primaryimage"},"thumbnailUrl":"https:\/\/www.copealcoy.es\/wp-content\/uploads\/2015\/10\/2012_11_22_IMG_2012_11_22_113A413A41_paradayfonda.jpg","keywords":["Agricultura","Econom\u00eda","L\u00b4Orxa","Sector Agrario"],"articleSection":["Comarcas","Noticias"],"inLanguage":"es"},{"@type":"WebPage","@id":"https:\/\/www.copealcoy.es\/es\/l-orxa-analiza-las-claves-del-sector-agrario\/","url":"https:\/\/www.copealcoy.es\/es\/l-orxa-analiza-las-claves-del-sector-agrario\/","name":"L\u00b4 Orxa analiza las claves del sector agrario - COPE Alcoy","isPartOf":{"@id":"https:\/\/www.copealcoy.es\/es\/#website"},"primaryImageOfPage":{"@id":"https:\/\/www.copealcoy.es\/es\/l-orxa-analiza-las-claves-del-sector-agrario\/#primaryimage"},"image":{"@id":"https:\/\/www.copealcoy.es\/es\/l-orxa-analiza-las-claves-del-sector-agrario\/#primaryimage"},"thumbnailUrl":"https:\/\/www.copealcoy.es\/wp-content\/uploads\/2015\/10\/2012_11_22_IMG_2012_11_22_113A413A41_paradayfonda.jpg","datePublished":"2015-11-06T19:12:38+00:00","dateModified":"2015-11-06T19:13:22+00:00","author":{"@id":"https:\/\/www.copealcoy.es\/es\/#\/schema\/person\/e777c87fa024e57d40170af9df39882c"},"breadcrumb":{"@id":"https:\/\/www.copealcoy.es\/es\/l-orxa-analiza-las-claves-del-sector-agrario\/#breadcrumb"},"inLanguage":"es","potentialAction":[{"@type":"ReadAction","target":["https:\/\/www.copealcoy.es\/es\/l-orxa-analiza-las-claves-del-sector-agrario\/"]}]},{"@type":"ImageObject","inLanguage":"es","@id":"https:\/\/www.copealcoy.es\/es\/l-orxa-analiza-las-claves-del-sector-agrario\/#primaryimage","url":"https:\/\/www.copealcoy.es\/wp-content\/uploads\/2015\/10\/2012_11_22_IMG_2012_11_22_113A413A41_paradayfonda.jpg","contentUrl":"https:\/\/www.copealcoy.es\/wp-content\/uploads\/2015\/10\/2012_11_22_IMG_2012_11_22_113A413A41_paradayfonda.jpg","width":646,"height":373},{"@type":"BreadcrumbList","@id":"https:\/\/www.copealcoy.es\/es\/l-orxa-analiza-las-claves-del-sector-agrario\/#breadcrumb","itemListElement":[{"@type":"ListItem","position":1,"name":"Portada","item":"https:\/\/www.copealcoy.es\/es\/"},{"@type":"ListItem","position":2,"name":"L\u00b4 Orxa analiza las claves del sector agrario"}]},{"@type":"WebSite","@id":"https:\/\/www.copealcoy.es\/es\/#website","url":"https:\/\/www.copealcoy.es\/es\/","name":"COPE Alcoy","description":"Emisora COPE de radio local con emisi\u00f3n online. Pont de Sant Jordi 8-10 03803 Alcoy","potentialAction":[{"@type":"SearchAction","target":{"@type":"EntryPoint","urlTemplate":"https:\/\/www.copealcoy.es\/es\/?s={search_term_string}"},"query-input":{"@type":"PropertyValueSpecification","valueRequired":true,"valueName":"search_term_string"}}],"inLanguage":"es"},{"@type":"Person","@id":"https:\/\/www.copealcoy.es\/es\/#\/schema\/person\/e777c87fa024e57d40170af9df39882c","name":"Cope Alcoy","image":{"@type":"ImageObject","inLanguage":"es","@id":"https:\/\/secure.gravatar.com\/avatar\/bb65d0283347e303893ba14f0692005417c1e0e690a325a4c5d8bb2b3943ee14?s=96&d=mm&r=g","url":"https:\/\/secure.gravatar.com\/avatar\/bb65d0283347e303893ba14f0692005417c1e0e690a325a4c5d8bb2b3943ee14?s=96&d=mm&r=g","contentUrl":"https:\/\/secure.gravatar.com\/avatar\/bb65d0283347e303893ba14f0692005417c1e0e690a325a4c5d8bb2b3943ee14?s=96&d=mm&r=g","caption":"Cope Alcoy"}}]}},"_links":{"self":[{"href":"https:\/\/www.copealcoy.es\/es\/wp-json\/wp\/v2\/posts\/16878","targetHints":{"allow":["GET"]}}],"collection":[{"href":"https:\/\/www.copealcoy.es\/es\/wp-json\/wp\/v2\/posts"}],"about":[{"href":"https:\/\/www.copealcoy.es\/es\/wp-json\/wp\/v2\/types\/post"}],"author":[{"embeddable":true,"href":"https:\/\/www.copealcoy.es\/es\/wp-json\/wp\/v2\/users\/1"}],"replies":[{"embeddable":true,"href":"https:\/\/www.copealcoy.es\/es\/wp-json\/wp\/v2\/comments?post=16878"}],"version-history":[{"count":0,"href":"https:\/\/www.copealcoy.es\/es\/wp-json\/wp\/v2\/posts\/16878\/revisions"}],"wp:featuredmedia":[{"embeddable":true,"href":"https:\/\/www.copealcoy.es\/es\/wp-json\/wp\/v2\/media\/16740"}],"wp:attachment":[{"href":"https:\/\/www.copealcoy.es\/es\/wp-json\/wp\/v2\/media?parent=16878"}],"wp:term":[{"taxonomy":"category","embeddable":true,"href":"https:\/\/www.copealcoy.es\/es\/wp-json\/wp\/v2\/categories?post=16878"},{"taxonomy":"post_tag","embeddable":true,"href":"https:\/\/www.copealcoy.es\/es\/wp-json\/wp\/v2\/tags?post=16878"}],"curies":[{"name":"wp","href":"https:\/\/api.w.org\/{rel}","templated":true}]}}