{"id":16797,"date":"2015-11-02T18:02:56","date_gmt":"2015-11-02T18:02:56","guid":{"rendered":"http:\/\/copealcoi.es\/new\/?p=16797"},"modified":"2015-11-02T18:06:00","modified_gmt":"2015-11-02T18:06:00","slug":"la-conselleria-de-justicia-estudiara-el-traslado-de-los-juzgados","status":"publish","type":"post","link":"https:\/\/www.copealcoy.es\/es\/la-conselleria-de-justicia-estudiara-el-traslado-de-los-juzgados\/","title":{"rendered":"La Conseller\u00eda de Justicia estudiar\u00e1 el traslado de los juzgados"},"content":{"rendered":"<p style=\"text-align: justify;\">La Consellera de Justicia, Gabriela Bravo, ha visitado este lunes los juzgados de Alcoy para conocer la situaci\u00f3n de los mismos y\u00a0ha destacado que hay varias alternativas para mejorar su\u00a0estado actual. En este sentido Bravo\u00a0\u00a0ha contemplado la posibilidad de la reforma del actual Palacio de Justicia ubicado en la Plaza Al-Azraq y sobre el traslado al Centro de la ciudad \u00a0ha apuntado que se va a encargar un informe t\u00e9cnico para tomar la decisi\u00f3n m\u00e1s oportuna &#8220;esta ser\u00e1 inmediata porque una de las prioridades de nuestro departamento es solventar los problemas actuales para mejorar las condiciones laborales de los profesionales de la Justicia que trabajan aqu\u00ed as\u00ed como la atenci\u00f3n a los ciudadanos&#8221;. Adem\u00e1s ha recordado que &#8220;el edificio de los juzgados es de la Generalitat y en la nueva sede habr\u00eda que pagar un alquiler&#8221;\u00a0y ha a\u00f1adido &#8220;el estado del Palacio de Justicia que tenemos actualmente es inadmisible&#8221;.<\/p>\n<p style=\"text-align: justify;\">Por su parte el alcalde, Antonio Franc\u00e9s, se ha mostrado dispuesto a colaborar con la Conseller\u00eda para buscar la mejor soluci\u00f3n posible y ha mostrado su predisposici\u00f3n a que se lleve a cabo el traslado a la Verge Mar\u00eda &#8220;porque el Ayuntamiento hizo una inversi\u00f3n de 3\u00b45 millones de euros \u00a0a pesar de no ser de su competencia&#8221;, indica.<\/p>\n<p style=\"text-align: justify;\">La visita ha finalizado con un recorrido por el\u00a0edificio de la Verge Mar\u00eda que en su momento fue\u00a0concebido\u00a0para albergar estas instalaciones.<\/p>\n<p style=\"text-align: justify;\">\n","protected":false},"excerpt":{"rendered":"<p>La Consellera de Justicia, Gabriela Bravo, ha visitado este lunes los juzgados de Alcoy para conocer la situaci\u00f3n de los&#8230;<\/p>\n","protected":false},"author":1,"featured_media":16798,"comment_status":"open","ping_status":"open","sticky":false,"template":"","format":"standard","meta":{"footnotes":""},"categories":[97,75,125],"tags":[1494,561,245,185],"class_list":["post-16797","post","type-post","status-publish","format-standard","has-post-thumbnail","hentry","category-alcoy","category-noticias","category-portada","tag-alcoy","tag-conselleria","tag-juzgados","tag-traslado"],"yoast_head":"<!-- This site is optimized with the Yoast SEO plugin v27.3 - https:\/\/yoast.com\/product\/yoast-seo-wordpress\/ -->\n<title>La Conseller\u00eda de Justicia estudiar\u00e1 el traslado de los juzgados - COPE Alcoy<\/title>\n<meta name=\"robots\" content=\"index, follow, max-snippet:-1, max-image-preview:large, max-video-preview:-1\" \/>\n<link rel=\"canonical\" href=\"https:\/\/www.copealcoy.es\/es\/la-conselleria-de-justicia-estudiara-el-traslado-de-los-juzgados\/\" \/>\n<meta property=\"og:locale\" content=\"es_ES\" \/>\n<meta property=\"og:type\" content=\"article\" \/>\n<meta property=\"og:title\" content=\"La Conseller\u00eda de Justicia estudiar\u00e1 el traslado de los juzgados - COPE Alcoy\" \/>\n<meta property=\"og:description\" content=\"La Consellera de Justicia, Gabriela Bravo, ha visitado este lunes los juzgados de Alcoy para conocer la situaci\u00f3n de los...\" \/>\n<meta property=\"og:url\" content=\"https:\/\/www.copealcoy.es\/es\/la-conselleria-de-justicia-estudiara-el-traslado-de-los-juzgados\/\" \/>\n<meta property=\"og:site_name\" content=\"COPE Alcoy\" \/>\n<meta property=\"article:published_time\" content=\"2015-11-02T18:02:56+00:00\" \/>\n<meta property=\"article:modified_time\" content=\"2015-11-02T18:06:00+00:00\" \/>\n<meta property=\"og:image\" content=\"https:\/\/www.copealcoy.es\/wp-content\/uploads\/2015\/11\/22693551342_7ed862a8e1_z.jpg\" \/>\n\t<meta property=\"og:image:width\" content=\"640\" \/>\n\t<meta property=\"og:image:height\" content=\"360\" \/>\n\t<meta property=\"og:image:type\" content=\"image\/jpeg\" \/>\n<meta name=\"author\" content=\"Cope Alcoy\" \/>\n<meta name=\"twitter:label1\" content=\"Escrito por\" \/>\n\t<meta name=\"twitter:data1\" content=\"Cope Alcoy\" \/>\n\t<meta name=\"twitter:label2\" content=\"Tiempo de lectura\" \/>\n\t<meta name=\"twitter:data2\" content=\"1 minuto\" \/>\n<script type=\"application\/ld+json\" class=\"yoast-schema-graph\">{\"@context\":\"https:\\\/\\\/schema.org\",\"@graph\":[{\"@type\":\"Article\",\"@id\":\"https:\\\/\\\/www.copealcoy.es\\\/es\\\/la-conselleria-de-justicia-estudiara-el-traslado-de-los-juzgados\\\/#article\",\"isPartOf\":{\"@id\":\"https:\\\/\\\/www.copealcoy.es\\\/es\\\/la-conselleria-de-justicia-estudiara-el-traslado-de-los-juzgados\\\/\"},\"author\":{\"name\":\"Cope Alcoy\",\"@id\":\"https:\\\/\\\/www.copealcoy.es\\\/es\\\/#\\\/schema\\\/person\\\/e777c87fa024e57d40170af9df39882c\"},\"headline\":\"La Conseller\u00eda de Justicia estudiar\u00e1 el traslado de los juzgados\",\"datePublished\":\"2015-11-02T18:02:56+00:00\",\"dateModified\":\"2015-11-02T18:06:00+00:00\",\"mainEntityOfPage\":{\"@id\":\"https:\\\/\\\/www.copealcoy.es\\\/es\\\/la-conselleria-de-justicia-estudiara-el-traslado-de-los-juzgados\\\/\"},\"wordCount\":261,\"commentCount\":0,\"image\":{\"@id\":\"https:\\\/\\\/www.copealcoy.es\\\/es\\\/la-conselleria-de-justicia-estudiara-el-traslado-de-los-juzgados\\\/#primaryimage\"},\"thumbnailUrl\":\"https:\\\/\\\/www.copealcoy.es\\\/wp-content\\\/uploads\\\/2015\\\/11\\\/22693551342_7ed862a8e1_z.jpg\",\"keywords\":[\"Alcoy\",\"Conseller\u00eda\",\"Juzgados\",\"Traslado\"],\"articleSection\":[\"Alcoy\",\"Noticias\",\"Portada\"],\"inLanguage\":\"es\"},{\"@type\":\"WebPage\",\"@id\":\"https:\\\/\\\/www.copealcoy.es\\\/es\\\/la-conselleria-de-justicia-estudiara-el-traslado-de-los-juzgados\\\/\",\"url\":\"https:\\\/\\\/www.copealcoy.es\\\/es\\\/la-conselleria-de-justicia-estudiara-el-traslado-de-los-juzgados\\\/\",\"name\":\"La Conseller\u00eda de Justicia estudiar\u00e1 el traslado de los juzgados - COPE Alcoy\",\"isPartOf\":{\"@id\":\"https:\\\/\\\/www.copealcoy.es\\\/es\\\/#website\"},\"primaryImageOfPage\":{\"@id\":\"https:\\\/\\\/www.copealcoy.es\\\/es\\\/la-conselleria-de-justicia-estudiara-el-traslado-de-los-juzgados\\\/#primaryimage\"},\"image\":{\"@id\":\"https:\\\/\\\/www.copealcoy.es\\\/es\\\/la-conselleria-de-justicia-estudiara-el-traslado-de-los-juzgados\\\/#primaryimage\"},\"thumbnailUrl\":\"https:\\\/\\\/www.copealcoy.es\\\/wp-content\\\/uploads\\\/2015\\\/11\\\/22693551342_7ed862a8e1_z.jpg\",\"datePublished\":\"2015-11-02T18:02:56+00:00\",\"dateModified\":\"2015-11-02T18:06:00+00:00\",\"author\":{\"@id\":\"https:\\\/\\\/www.copealcoy.es\\\/es\\\/#\\\/schema\\\/person\\\/e777c87fa024e57d40170af9df39882c\"},\"breadcrumb\":{\"@id\":\"https:\\\/\\\/www.copealcoy.es\\\/es\\\/la-conselleria-de-justicia-estudiara-el-traslado-de-los-juzgados\\\/#breadcrumb\"},\"inLanguage\":\"es\",\"potentialAction\":[{\"@type\":\"ReadAction\",\"target\":[\"https:\\\/\\\/www.copealcoy.es\\\/es\\\/la-conselleria-de-justicia-estudiara-el-traslado-de-los-juzgados\\\/\"]}]},{\"@type\":\"ImageObject\",\"inLanguage\":\"es\",\"@id\":\"https:\\\/\\\/www.copealcoy.es\\\/es\\\/la-conselleria-de-justicia-estudiara-el-traslado-de-los-juzgados\\\/#primaryimage\",\"url\":\"https:\\\/\\\/www.copealcoy.es\\\/wp-content\\\/uploads\\\/2015\\\/11\\\/22693551342_7ed862a8e1_z.jpg\",\"contentUrl\":\"https:\\\/\\\/www.copealcoy.es\\\/wp-content\\\/uploads\\\/2015\\\/11\\\/22693551342_7ed862a8e1_z.jpg\",\"width\":640,\"height\":360,\"caption\":\"Gabriela Bravo durante su visita a Alcoy este lunes\"},{\"@type\":\"BreadcrumbList\",\"@id\":\"https:\\\/\\\/www.copealcoy.es\\\/es\\\/la-conselleria-de-justicia-estudiara-el-traslado-de-los-juzgados\\\/#breadcrumb\",\"itemListElement\":[{\"@type\":\"ListItem\",\"position\":1,\"name\":\"Portada\",\"item\":\"https:\\\/\\\/www.copealcoy.es\\\/es\\\/\"},{\"@type\":\"ListItem\",\"position\":2,\"name\":\"La Conseller\u00eda de Justicia estudiar\u00e1 el traslado de los juzgados\"}]},{\"@type\":\"WebSite\",\"@id\":\"https:\\\/\\\/www.copealcoy.es\\\/es\\\/#website\",\"url\":\"https:\\\/\\\/www.copealcoy.es\\\/es\\\/\",\"name\":\"COPE Alcoy\",\"description\":\"Emisora COPE de radio local con emisi\u00f3n online. Pont de Sant Jordi 8-10 03803 Alcoy\",\"potentialAction\":[{\"@type\":\"SearchAction\",\"target\":{\"@type\":\"EntryPoint\",\"urlTemplate\":\"https:\\\/\\\/www.copealcoy.es\\\/es\\\/?s={search_term_string}\"},\"query-input\":{\"@type\":\"PropertyValueSpecification\",\"valueRequired\":true,\"valueName\":\"search_term_string\"}}],\"inLanguage\":\"es\"},{\"@type\":\"Person\",\"@id\":\"https:\\\/\\\/www.copealcoy.es\\\/es\\\/#\\\/schema\\\/person\\\/e777c87fa024e57d40170af9df39882c\",\"name\":\"Cope Alcoy\",\"image\":{\"@type\":\"ImageObject\",\"inLanguage\":\"es\",\"@id\":\"https:\\\/\\\/secure.gravatar.com\\\/avatar\\\/bb65d0283347e303893ba14f0692005417c1e0e690a325a4c5d8bb2b3943ee14?s=96&d=mm&r=g\",\"url\":\"https:\\\/\\\/secure.gravatar.com\\\/avatar\\\/bb65d0283347e303893ba14f0692005417c1e0e690a325a4c5d8bb2b3943ee14?s=96&d=mm&r=g\",\"contentUrl\":\"https:\\\/\\\/secure.gravatar.com\\\/avatar\\\/bb65d0283347e303893ba14f0692005417c1e0e690a325a4c5d8bb2b3943ee14?s=96&d=mm&r=g\",\"caption\":\"Cope Alcoy\"}}]}<\/script>\n<!-- \/ Yoast SEO plugin. -->","yoast_head_json":{"title":"La Conseller\u00eda de Justicia estudiar\u00e1 el traslado de los juzgados - COPE Alcoy","robots":{"index":"index","follow":"follow","max-snippet":"max-snippet:-1","max-image-preview":"max-image-preview:large","max-video-preview":"max-video-preview:-1"},"canonical":"https:\/\/www.copealcoy.es\/es\/la-conselleria-de-justicia-estudiara-el-traslado-de-los-juzgados\/","og_locale":"es_ES","og_type":"article","og_title":"La Conseller\u00eda de Justicia estudiar\u00e1 el traslado de los juzgados - COPE Alcoy","og_description":"La Consellera de Justicia, Gabriela Bravo, ha visitado este lunes los juzgados de Alcoy para conocer la situaci\u00f3n de los...","og_url":"https:\/\/www.copealcoy.es\/es\/la-conselleria-de-justicia-estudiara-el-traslado-de-los-juzgados\/","og_site_name":"COPE Alcoy","article_published_time":"2015-11-02T18:02:56+00:00","article_modified_time":"2015-11-02T18:06:00+00:00","og_image":[{"width":640,"height":360,"url":"https:\/\/www.copealcoy.es\/wp-content\/uploads\/2015\/11\/22693551342_7ed862a8e1_z.jpg","type":"image\/jpeg"}],"author":"Cope Alcoy","twitter_misc":{"Escrito por":"Cope Alcoy","Tiempo de lectura":"1 minuto"},"schema":{"@context":"https:\/\/schema.org","@graph":[{"@type":"Article","@id":"https:\/\/www.copealcoy.es\/es\/la-conselleria-de-justicia-estudiara-el-traslado-de-los-juzgados\/#article","isPartOf":{"@id":"https:\/\/www.copealcoy.es\/es\/la-conselleria-de-justicia-estudiara-el-traslado-de-los-juzgados\/"},"author":{"name":"Cope Alcoy","@id":"https:\/\/www.copealcoy.es\/es\/#\/schema\/person\/e777c87fa024e57d40170af9df39882c"},"headline":"La Conseller\u00eda de Justicia estudiar\u00e1 el traslado de los juzgados","datePublished":"2015-11-02T18:02:56+00:00","dateModified":"2015-11-02T18:06:00+00:00","mainEntityOfPage":{"@id":"https:\/\/www.copealcoy.es\/es\/la-conselleria-de-justicia-estudiara-el-traslado-de-los-juzgados\/"},"wordCount":261,"commentCount":0,"image":{"@id":"https:\/\/www.copealcoy.es\/es\/la-conselleria-de-justicia-estudiara-el-traslado-de-los-juzgados\/#primaryimage"},"thumbnailUrl":"https:\/\/www.copealcoy.es\/wp-content\/uploads\/2015\/11\/22693551342_7ed862a8e1_z.jpg","keywords":["Alcoy","Conseller\u00eda","Juzgados","Traslado"],"articleSection":["Alcoy","Noticias","Portada"],"inLanguage":"es"},{"@type":"WebPage","@id":"https:\/\/www.copealcoy.es\/es\/la-conselleria-de-justicia-estudiara-el-traslado-de-los-juzgados\/","url":"https:\/\/www.copealcoy.es\/es\/la-conselleria-de-justicia-estudiara-el-traslado-de-los-juzgados\/","name":"La Conseller\u00eda de Justicia estudiar\u00e1 el traslado de los juzgados - COPE Alcoy","isPartOf":{"@id":"https:\/\/www.copealcoy.es\/es\/#website"},"primaryImageOfPage":{"@id":"https:\/\/www.copealcoy.es\/es\/la-conselleria-de-justicia-estudiara-el-traslado-de-los-juzgados\/#primaryimage"},"image":{"@id":"https:\/\/www.copealcoy.es\/es\/la-conselleria-de-justicia-estudiara-el-traslado-de-los-juzgados\/#primaryimage"},"thumbnailUrl":"https:\/\/www.copealcoy.es\/wp-content\/uploads\/2015\/11\/22693551342_7ed862a8e1_z.jpg","datePublished":"2015-11-02T18:02:56+00:00","dateModified":"2015-11-02T18:06:00+00:00","author":{"@id":"https:\/\/www.copealcoy.es\/es\/#\/schema\/person\/e777c87fa024e57d40170af9df39882c"},"breadcrumb":{"@id":"https:\/\/www.copealcoy.es\/es\/la-conselleria-de-justicia-estudiara-el-traslado-de-los-juzgados\/#breadcrumb"},"inLanguage":"es","potentialAction":[{"@type":"ReadAction","target":["https:\/\/www.copealcoy.es\/es\/la-conselleria-de-justicia-estudiara-el-traslado-de-los-juzgados\/"]}]},{"@type":"ImageObject","inLanguage":"es","@id":"https:\/\/www.copealcoy.es\/es\/la-conselleria-de-justicia-estudiara-el-traslado-de-los-juzgados\/#primaryimage","url":"https:\/\/www.copealcoy.es\/wp-content\/uploads\/2015\/11\/22693551342_7ed862a8e1_z.jpg","contentUrl":"https:\/\/www.copealcoy.es\/wp-content\/uploads\/2015\/11\/22693551342_7ed862a8e1_z.jpg","width":640,"height":360,"caption":"Gabriela Bravo durante su visita a Alcoy este lunes"},{"@type":"BreadcrumbList","@id":"https:\/\/www.copealcoy.es\/es\/la-conselleria-de-justicia-estudiara-el-traslado-de-los-juzgados\/#breadcrumb","itemListElement":[{"@type":"ListItem","position":1,"name":"Portada","item":"https:\/\/www.copealcoy.es\/es\/"},{"@type":"ListItem","position":2,"name":"La Conseller\u00eda de Justicia estudiar\u00e1 el traslado de los juzgados"}]},{"@type":"WebSite","@id":"https:\/\/www.copealcoy.es\/es\/#website","url":"https:\/\/www.copealcoy.es\/es\/","name":"COPE Alcoy","description":"Emisora COPE de radio local con emisi\u00f3n online. Pont de Sant Jordi 8-10 03803 Alcoy","potentialAction":[{"@type":"SearchAction","target":{"@type":"EntryPoint","urlTemplate":"https:\/\/www.copealcoy.es\/es\/?s={search_term_string}"},"query-input":{"@type":"PropertyValueSpecification","valueRequired":true,"valueName":"search_term_string"}}],"inLanguage":"es"},{"@type":"Person","@id":"https:\/\/www.copealcoy.es\/es\/#\/schema\/person\/e777c87fa024e57d40170af9df39882c","name":"Cope Alcoy","image":{"@type":"ImageObject","inLanguage":"es","@id":"https:\/\/secure.gravatar.com\/avatar\/bb65d0283347e303893ba14f0692005417c1e0e690a325a4c5d8bb2b3943ee14?s=96&d=mm&r=g","url":"https:\/\/secure.gravatar.com\/avatar\/bb65d0283347e303893ba14f0692005417c1e0e690a325a4c5d8bb2b3943ee14?s=96&d=mm&r=g","contentUrl":"https:\/\/secure.gravatar.com\/avatar\/bb65d0283347e303893ba14f0692005417c1e0e690a325a4c5d8bb2b3943ee14?s=96&d=mm&r=g","caption":"Cope Alcoy"}}]}},"_links":{"self":[{"href":"https:\/\/www.copealcoy.es\/es\/wp-json\/wp\/v2\/posts\/16797","targetHints":{"allow":["GET"]}}],"collection":[{"href":"https:\/\/www.copealcoy.es\/es\/wp-json\/wp\/v2\/posts"}],"about":[{"href":"https:\/\/www.copealcoy.es\/es\/wp-json\/wp\/v2\/types\/post"}],"author":[{"embeddable":true,"href":"https:\/\/www.copealcoy.es\/es\/wp-json\/wp\/v2\/users\/1"}],"replies":[{"embeddable":true,"href":"https:\/\/www.copealcoy.es\/es\/wp-json\/wp\/v2\/comments?post=16797"}],"version-history":[{"count":0,"href":"https:\/\/www.copealcoy.es\/es\/wp-json\/wp\/v2\/posts\/16797\/revisions"}],"wp:featuredmedia":[{"embeddable":true,"href":"https:\/\/www.copealcoy.es\/es\/wp-json\/wp\/v2\/media\/16798"}],"wp:attachment":[{"href":"https:\/\/www.copealcoy.es\/es\/wp-json\/wp\/v2\/media?parent=16797"}],"wp:term":[{"taxonomy":"category","embeddable":true,"href":"https:\/\/www.copealcoy.es\/es\/wp-json\/wp\/v2\/categories?post=16797"},{"taxonomy":"post_tag","embeddable":true,"href":"https:\/\/www.copealcoy.es\/es\/wp-json\/wp\/v2\/tags?post=16797"}],"curies":[{"name":"wp","href":"https:\/\/api.w.org\/{rel}","templated":true}]}}