{"id":16776,"date":"2015-10-31T15:00:02","date_gmt":"2015-10-31T15:00:02","guid":{"rendered":"http:\/\/copealcoi.es\/new\/?p=16776"},"modified":"2016-03-05T12:53:02","modified_gmt":"2016-03-05T12:53:02","slug":"la-fira-de-cocentaina-a-pleno-rendimiento","status":"publish","type":"post","link":"https:\/\/www.copealcoy.es\/es\/la-fira-de-cocentaina-a-pleno-rendimiento\/","title":{"rendered":"La Fira de Cocentaina a pleno rendimiento"},"content":{"rendered":"<p style=\"text-align: justify;\">Cocentaina ha amanecido en este s\u00e1bado 31 de octubre invadida por una gran afluencia de visitantes que han llegado hasta la Villa Condal desde primera hora de la ma\u00f1ana dispuestos a disfrutar de la 669 edici\u00f3n de la Fira de Tots Sants. El primer d\u00eda y medio del Certamen ha transcurrido con normalidad y seg\u00fan ha explicado en Cope Alcoy este mediod\u00eda la edil de Fira Mariona Carbonell &#8220;est\u00e1 funcionando todo a la perfecci\u00f3n y ya a mediod\u00eda ten\u00edamos los aparcamientos llenos rondando el 100% de ocupaci\u00f3n lo que demuestra que la afluencia de visitantes en esta jornada ser\u00e1 masiva&#8221;, asegura. Por su parte el edil de Seguridad, Marcos Castell\u00f3, ha se\u00f1alado que\u00a0hasta el momento no se han registrado incidentes destacados &#8220;todo el operativo est\u00e1 trabajando para garantizar los contestanos, visitantes y expositores puedan estar en nuestra Fira con la m\u00e1xima tranquilidad posible&#8221;, ha matizado. Por \u00faltimo la alcaldesa, Mireia Estepa, ha animado a todos a acudir a Cocentaina &#8220;quedan todav\u00eda muchas horas de Fira por delante y animo a todos a pasar por nuestro pueblo para disfrutar de todo lo que nos ofrece esta 669 edici\u00f3n de la Fira&#8221;, concluye.<\/p>\n<p style=\"text-align: justify;\">La Fira de Tots Sants de Cocentaina del 2015 cuenta con m\u00e1s de 800 expositores repartidos en 130.000 metros cuadrados que\u00a0ofrecen productos valorados, en conjunto, en 52 millones de euros. \u00a0Adem\u00e1s los Mercados Medieval y \u00c1rabe as\u00ed como el Porrat Valenci\u00e0 ofrecen m\u00e1s de 200 actividades mientras que a lo largo del municipio se reparten un total de 11 exposiciones culturales. Se\u00f1alar que la m\u00fasica es una de las apuestas fuertes de esta edici\u00f3n de la Fira con el espacio Fira i Festa de Sol a Sol que ofrece actuaciones en directo de grupos y cantantes noveles junto a la zona Gourmet.<\/p>\n","protected":false},"excerpt":{"rendered":"<p>Cocentaina ha amanecido en este s\u00e1bado 31 de octubre invadida por una gran afluencia de visitantes que han llegado hasta&#8230;<\/p>\n","protected":false},"author":1,"featured_media":16777,"comment_status":"open","ping_status":"open","sticky":false,"template":"","format":"standard","meta":{"footnotes":""},"categories":[98,75,125],"tags":[132,237,414,1541,447],"class_list":["post-16776","post","type-post","status-publish","format-standard","has-post-thumbnail","hentry","category-comarcas","category-noticias","category-portada","tag-cocentaina","tag-comtat","tag-cultura","tag-fira-tots-sants","tag-tradiciones"],"yoast_head":"<!-- This site is optimized with the Yoast SEO plugin v27.3 - https:\/\/yoast.com\/product\/yoast-seo-wordpress\/ -->\n<title>La Fira de Cocentaina a pleno rendimiento - COPE Alcoy<\/title>\n<meta name=\"robots\" content=\"index, follow, max-snippet:-1, max-image-preview:large, max-video-preview:-1\" \/>\n<link rel=\"canonical\" href=\"https:\/\/www.copealcoy.es\/es\/la-fira-de-cocentaina-a-pleno-rendimiento\/\" \/>\n<meta property=\"og:locale\" content=\"es_ES\" \/>\n<meta property=\"og:type\" content=\"article\" \/>\n<meta property=\"og:title\" content=\"La Fira de Cocentaina a pleno rendimiento - COPE Alcoy\" \/>\n<meta property=\"og:description\" content=\"Cocentaina ha amanecido en este s\u00e1bado 31 de octubre invadida por una gran afluencia de visitantes que han llegado hasta...\" \/>\n<meta property=\"og:url\" content=\"https:\/\/www.copealcoy.es\/es\/la-fira-de-cocentaina-a-pleno-rendimiento\/\" \/>\n<meta property=\"og:site_name\" content=\"COPE Alcoy\" \/>\n<meta property=\"article:published_time\" content=\"2015-10-31T15:00:02+00:00\" \/>\n<meta property=\"article:modified_time\" content=\"2016-03-05T12:53:02+00:00\" \/>\n<meta property=\"og:image\" content=\"https:\/\/www.copealcoy.es\/wp-content\/uploads\/2015\/10\/CSpm6PGWoAAFRTJ.jpg-large.jpeg\" \/>\n\t<meta property=\"og:image:width\" content=\"1024\" \/>\n\t<meta property=\"og:image:height\" content=\"614\" \/>\n\t<meta property=\"og:image:type\" content=\"image\/jpeg\" \/>\n<meta name=\"author\" content=\"Cope Alcoy\" \/>\n<meta name=\"twitter:label1\" content=\"Escrito por\" \/>\n\t<meta name=\"twitter:data1\" content=\"Cope Alcoy\" \/>\n\t<meta name=\"twitter:label2\" content=\"Tiempo de lectura\" \/>\n\t<meta name=\"twitter:data2\" content=\"2 minutos\" \/>\n<script type=\"application\/ld+json\" class=\"yoast-schema-graph\">{\"@context\":\"https:\\\/\\\/schema.org\",\"@graph\":[{\"@type\":\"Article\",\"@id\":\"https:\\\/\\\/www.copealcoy.es\\\/es\\\/la-fira-de-cocentaina-a-pleno-rendimiento\\\/#article\",\"isPartOf\":{\"@id\":\"https:\\\/\\\/www.copealcoy.es\\\/es\\\/la-fira-de-cocentaina-a-pleno-rendimiento\\\/\"},\"author\":{\"name\":\"Cope Alcoy\",\"@id\":\"https:\\\/\\\/www.copealcoy.es\\\/es\\\/#\\\/schema\\\/person\\\/e777c87fa024e57d40170af9df39882c\"},\"headline\":\"La Fira de Cocentaina a pleno rendimiento\",\"datePublished\":\"2015-10-31T15:00:02+00:00\",\"dateModified\":\"2016-03-05T12:53:02+00:00\",\"mainEntityOfPage\":{\"@id\":\"https:\\\/\\\/www.copealcoy.es\\\/es\\\/la-fira-de-cocentaina-a-pleno-rendimiento\\\/\"},\"wordCount\":312,\"commentCount\":0,\"image\":{\"@id\":\"https:\\\/\\\/www.copealcoy.es\\\/es\\\/la-fira-de-cocentaina-a-pleno-rendimiento\\\/#primaryimage\"},\"thumbnailUrl\":\"https:\\\/\\\/www.copealcoy.es\\\/wp-content\\\/uploads\\\/2015\\\/10\\\/CSpm6PGWoAAFRTJ.jpg-large.jpeg\",\"keywords\":[\"Cocentaina\",\"Comtat\",\"Cultura\",\"Fira Tots Sants\",\"Tradiciones\"],\"articleSection\":[\"Comarcas\",\"Noticias\",\"Portada\"],\"inLanguage\":\"es\"},{\"@type\":\"WebPage\",\"@id\":\"https:\\\/\\\/www.copealcoy.es\\\/es\\\/la-fira-de-cocentaina-a-pleno-rendimiento\\\/\",\"url\":\"https:\\\/\\\/www.copealcoy.es\\\/es\\\/la-fira-de-cocentaina-a-pleno-rendimiento\\\/\",\"name\":\"La Fira de Cocentaina a pleno rendimiento - COPE Alcoy\",\"isPartOf\":{\"@id\":\"https:\\\/\\\/www.copealcoy.es\\\/es\\\/#website\"},\"primaryImageOfPage\":{\"@id\":\"https:\\\/\\\/www.copealcoy.es\\\/es\\\/la-fira-de-cocentaina-a-pleno-rendimiento\\\/#primaryimage\"},\"image\":{\"@id\":\"https:\\\/\\\/www.copealcoy.es\\\/es\\\/la-fira-de-cocentaina-a-pleno-rendimiento\\\/#primaryimage\"},\"thumbnailUrl\":\"https:\\\/\\\/www.copealcoy.es\\\/wp-content\\\/uploads\\\/2015\\\/10\\\/CSpm6PGWoAAFRTJ.jpg-large.jpeg\",\"datePublished\":\"2015-10-31T15:00:02+00:00\",\"dateModified\":\"2016-03-05T12:53:02+00:00\",\"author\":{\"@id\":\"https:\\\/\\\/www.copealcoy.es\\\/es\\\/#\\\/schema\\\/person\\\/e777c87fa024e57d40170af9df39882c\"},\"breadcrumb\":{\"@id\":\"https:\\\/\\\/www.copealcoy.es\\\/es\\\/la-fira-de-cocentaina-a-pleno-rendimiento\\\/#breadcrumb\"},\"inLanguage\":\"es\",\"potentialAction\":[{\"@type\":\"ReadAction\",\"target\":[\"https:\\\/\\\/www.copealcoy.es\\\/es\\\/la-fira-de-cocentaina-a-pleno-rendimiento\\\/\"]}]},{\"@type\":\"ImageObject\",\"inLanguage\":\"es\",\"@id\":\"https:\\\/\\\/www.copealcoy.es\\\/es\\\/la-fira-de-cocentaina-a-pleno-rendimiento\\\/#primaryimage\",\"url\":\"https:\\\/\\\/www.copealcoy.es\\\/wp-content\\\/uploads\\\/2015\\\/10\\\/CSpm6PGWoAAFRTJ.jpg-large.jpeg\",\"contentUrl\":\"https:\\\/\\\/www.copealcoy.es\\\/wp-content\\\/uploads\\\/2015\\\/10\\\/CSpm6PGWoAAFRTJ.jpg-large.jpeg\",\"width\":1024,\"height\":614,\"caption\":\"Los visitantes han tomado Cocentaina desde primera hora de la ma\u00f1ana\"},{\"@type\":\"BreadcrumbList\",\"@id\":\"https:\\\/\\\/www.copealcoy.es\\\/es\\\/la-fira-de-cocentaina-a-pleno-rendimiento\\\/#breadcrumb\",\"itemListElement\":[{\"@type\":\"ListItem\",\"position\":1,\"name\":\"Portada\",\"item\":\"https:\\\/\\\/www.copealcoy.es\\\/es\\\/\"},{\"@type\":\"ListItem\",\"position\":2,\"name\":\"La Fira de Cocentaina a pleno rendimiento\"}]},{\"@type\":\"WebSite\",\"@id\":\"https:\\\/\\\/www.copealcoy.es\\\/es\\\/#website\",\"url\":\"https:\\\/\\\/www.copealcoy.es\\\/es\\\/\",\"name\":\"COPE Alcoy\",\"description\":\"Emisora COPE de radio local con emisi\u00f3n online. Pont de Sant Jordi 8-10 03803 Alcoy\",\"potentialAction\":[{\"@type\":\"SearchAction\",\"target\":{\"@type\":\"EntryPoint\",\"urlTemplate\":\"https:\\\/\\\/www.copealcoy.es\\\/es\\\/?s={search_term_string}\"},\"query-input\":{\"@type\":\"PropertyValueSpecification\",\"valueRequired\":true,\"valueName\":\"search_term_string\"}}],\"inLanguage\":\"es\"},{\"@type\":\"Person\",\"@id\":\"https:\\\/\\\/www.copealcoy.es\\\/es\\\/#\\\/schema\\\/person\\\/e777c87fa024e57d40170af9df39882c\",\"name\":\"Cope Alcoy\",\"image\":{\"@type\":\"ImageObject\",\"inLanguage\":\"es\",\"@id\":\"https:\\\/\\\/secure.gravatar.com\\\/avatar\\\/bb65d0283347e303893ba14f0692005417c1e0e690a325a4c5d8bb2b3943ee14?s=96&d=mm&r=g\",\"url\":\"https:\\\/\\\/secure.gravatar.com\\\/avatar\\\/bb65d0283347e303893ba14f0692005417c1e0e690a325a4c5d8bb2b3943ee14?s=96&d=mm&r=g\",\"contentUrl\":\"https:\\\/\\\/secure.gravatar.com\\\/avatar\\\/bb65d0283347e303893ba14f0692005417c1e0e690a325a4c5d8bb2b3943ee14?s=96&d=mm&r=g\",\"caption\":\"Cope Alcoy\"}}]}<\/script>\n<!-- \/ Yoast SEO plugin. -->","yoast_head_json":{"title":"La Fira de Cocentaina a pleno rendimiento - COPE Alcoy","robots":{"index":"index","follow":"follow","max-snippet":"max-snippet:-1","max-image-preview":"max-image-preview:large","max-video-preview":"max-video-preview:-1"},"canonical":"https:\/\/www.copealcoy.es\/es\/la-fira-de-cocentaina-a-pleno-rendimiento\/","og_locale":"es_ES","og_type":"article","og_title":"La Fira de Cocentaina a pleno rendimiento - COPE Alcoy","og_description":"Cocentaina ha amanecido en este s\u00e1bado 31 de octubre invadida por una gran afluencia de visitantes que han llegado hasta...","og_url":"https:\/\/www.copealcoy.es\/es\/la-fira-de-cocentaina-a-pleno-rendimiento\/","og_site_name":"COPE Alcoy","article_published_time":"2015-10-31T15:00:02+00:00","article_modified_time":"2016-03-05T12:53:02+00:00","og_image":[{"width":1024,"height":614,"url":"https:\/\/www.copealcoy.es\/wp-content\/uploads\/2015\/10\/CSpm6PGWoAAFRTJ.jpg-large.jpeg","type":"image\/jpeg"}],"author":"Cope Alcoy","twitter_misc":{"Escrito por":"Cope Alcoy","Tiempo de lectura":"2 minutos"},"schema":{"@context":"https:\/\/schema.org","@graph":[{"@type":"Article","@id":"https:\/\/www.copealcoy.es\/es\/la-fira-de-cocentaina-a-pleno-rendimiento\/#article","isPartOf":{"@id":"https:\/\/www.copealcoy.es\/es\/la-fira-de-cocentaina-a-pleno-rendimiento\/"},"author":{"name":"Cope Alcoy","@id":"https:\/\/www.copealcoy.es\/es\/#\/schema\/person\/e777c87fa024e57d40170af9df39882c"},"headline":"La Fira de Cocentaina a pleno rendimiento","datePublished":"2015-10-31T15:00:02+00:00","dateModified":"2016-03-05T12:53:02+00:00","mainEntityOfPage":{"@id":"https:\/\/www.copealcoy.es\/es\/la-fira-de-cocentaina-a-pleno-rendimiento\/"},"wordCount":312,"commentCount":0,"image":{"@id":"https:\/\/www.copealcoy.es\/es\/la-fira-de-cocentaina-a-pleno-rendimiento\/#primaryimage"},"thumbnailUrl":"https:\/\/www.copealcoy.es\/wp-content\/uploads\/2015\/10\/CSpm6PGWoAAFRTJ.jpg-large.jpeg","keywords":["Cocentaina","Comtat","Cultura","Fira Tots Sants","Tradiciones"],"articleSection":["Comarcas","Noticias","Portada"],"inLanguage":"es"},{"@type":"WebPage","@id":"https:\/\/www.copealcoy.es\/es\/la-fira-de-cocentaina-a-pleno-rendimiento\/","url":"https:\/\/www.copealcoy.es\/es\/la-fira-de-cocentaina-a-pleno-rendimiento\/","name":"La Fira de Cocentaina a pleno rendimiento - COPE Alcoy","isPartOf":{"@id":"https:\/\/www.copealcoy.es\/es\/#website"},"primaryImageOfPage":{"@id":"https:\/\/www.copealcoy.es\/es\/la-fira-de-cocentaina-a-pleno-rendimiento\/#primaryimage"},"image":{"@id":"https:\/\/www.copealcoy.es\/es\/la-fira-de-cocentaina-a-pleno-rendimiento\/#primaryimage"},"thumbnailUrl":"https:\/\/www.copealcoy.es\/wp-content\/uploads\/2015\/10\/CSpm6PGWoAAFRTJ.jpg-large.jpeg","datePublished":"2015-10-31T15:00:02+00:00","dateModified":"2016-03-05T12:53:02+00:00","author":{"@id":"https:\/\/www.copealcoy.es\/es\/#\/schema\/person\/e777c87fa024e57d40170af9df39882c"},"breadcrumb":{"@id":"https:\/\/www.copealcoy.es\/es\/la-fira-de-cocentaina-a-pleno-rendimiento\/#breadcrumb"},"inLanguage":"es","potentialAction":[{"@type":"ReadAction","target":["https:\/\/www.copealcoy.es\/es\/la-fira-de-cocentaina-a-pleno-rendimiento\/"]}]},{"@type":"ImageObject","inLanguage":"es","@id":"https:\/\/www.copealcoy.es\/es\/la-fira-de-cocentaina-a-pleno-rendimiento\/#primaryimage","url":"https:\/\/www.copealcoy.es\/wp-content\/uploads\/2015\/10\/CSpm6PGWoAAFRTJ.jpg-large.jpeg","contentUrl":"https:\/\/www.copealcoy.es\/wp-content\/uploads\/2015\/10\/CSpm6PGWoAAFRTJ.jpg-large.jpeg","width":1024,"height":614,"caption":"Los visitantes han tomado Cocentaina desde primera hora de la ma\u00f1ana"},{"@type":"BreadcrumbList","@id":"https:\/\/www.copealcoy.es\/es\/la-fira-de-cocentaina-a-pleno-rendimiento\/#breadcrumb","itemListElement":[{"@type":"ListItem","position":1,"name":"Portada","item":"https:\/\/www.copealcoy.es\/es\/"},{"@type":"ListItem","position":2,"name":"La Fira de Cocentaina a pleno rendimiento"}]},{"@type":"WebSite","@id":"https:\/\/www.copealcoy.es\/es\/#website","url":"https:\/\/www.copealcoy.es\/es\/","name":"COPE Alcoy","description":"Emisora COPE de radio local con emisi\u00f3n online. Pont de Sant Jordi 8-10 03803 Alcoy","potentialAction":[{"@type":"SearchAction","target":{"@type":"EntryPoint","urlTemplate":"https:\/\/www.copealcoy.es\/es\/?s={search_term_string}"},"query-input":{"@type":"PropertyValueSpecification","valueRequired":true,"valueName":"search_term_string"}}],"inLanguage":"es"},{"@type":"Person","@id":"https:\/\/www.copealcoy.es\/es\/#\/schema\/person\/e777c87fa024e57d40170af9df39882c","name":"Cope Alcoy","image":{"@type":"ImageObject","inLanguage":"es","@id":"https:\/\/secure.gravatar.com\/avatar\/bb65d0283347e303893ba14f0692005417c1e0e690a325a4c5d8bb2b3943ee14?s=96&d=mm&r=g","url":"https:\/\/secure.gravatar.com\/avatar\/bb65d0283347e303893ba14f0692005417c1e0e690a325a4c5d8bb2b3943ee14?s=96&d=mm&r=g","contentUrl":"https:\/\/secure.gravatar.com\/avatar\/bb65d0283347e303893ba14f0692005417c1e0e690a325a4c5d8bb2b3943ee14?s=96&d=mm&r=g","caption":"Cope Alcoy"}}]}},"_links":{"self":[{"href":"https:\/\/www.copealcoy.es\/es\/wp-json\/wp\/v2\/posts\/16776","targetHints":{"allow":["GET"]}}],"collection":[{"href":"https:\/\/www.copealcoy.es\/es\/wp-json\/wp\/v2\/posts"}],"about":[{"href":"https:\/\/www.copealcoy.es\/es\/wp-json\/wp\/v2\/types\/post"}],"author":[{"embeddable":true,"href":"https:\/\/www.copealcoy.es\/es\/wp-json\/wp\/v2\/users\/1"}],"replies":[{"embeddable":true,"href":"https:\/\/www.copealcoy.es\/es\/wp-json\/wp\/v2\/comments?post=16776"}],"version-history":[{"count":0,"href":"https:\/\/www.copealcoy.es\/es\/wp-json\/wp\/v2\/posts\/16776\/revisions"}],"wp:featuredmedia":[{"embeddable":true,"href":"https:\/\/www.copealcoy.es\/es\/wp-json\/wp\/v2\/media\/16777"}],"wp:attachment":[{"href":"https:\/\/www.copealcoy.es\/es\/wp-json\/wp\/v2\/media?parent=16776"}],"wp:term":[{"taxonomy":"category","embeddable":true,"href":"https:\/\/www.copealcoy.es\/es\/wp-json\/wp\/v2\/categories?post=16776"},{"taxonomy":"post_tag","embeddable":true,"href":"https:\/\/www.copealcoy.es\/es\/wp-json\/wp\/v2\/tags?post=16776"}],"curies":[{"name":"wp","href":"https:\/\/api.w.org\/{rel}","templated":true}]}}