{"id":16759,"date":"2015-10-30T06:30:17","date_gmt":"2015-10-30T06:30:17","guid":{"rendered":"http:\/\/copealcoi.es\/new\/?p=16759"},"modified":"2016-03-05T12:53:07","modified_gmt":"2016-03-05T12:53:07","slug":"la-fira-de-tots-sants-abre-sus-puertas","status":"publish","type":"post","link":"https:\/\/www.copealcoy.es\/es\/la-fira-de-tots-sants-abre-sus-puertas\/","title":{"rendered":"La Fira de Tots Sants abre sus puertas"},"content":{"rendered":"<p style=\"text-align: justify;\">Cocentaina da la bienvenida este viernes a\u00a0la Fira de Tots Sants del 2015 con unas previsiones de asistencia de medio mill\u00f3n de visitantes en tres d\u00edas. Las calles de la Villa Condal acogen a 800 expositores repartidos por m\u00e1s de 130.000 metros cuadrados presentando una amplia oferta cuyo valor econ\u00f3mico ronda los 52 millones de euros. Adem\u00e1s 600 efectivos velar\u00e1n por la Seguridad y la organizaci\u00f3n ha dispuesto 140.000 metros cuadrados de aparcamiento para los visitantes.<\/p>\n<p style=\"text-align: justify;\">La Fira ser\u00e1 inaugurada a mediod\u00eda por el Presidente de la Generalitat Valenciana Ximo Puig\u00a0y han confirmado su asistencia el Presidente de las Cortes, Enric Morera, y los Consellers Rafael Climent y Manuel Alcaraz junto a Secretarios Auton\u00f3micos y Diputados en las Cortes Valencianas como el exalcalde Rafael Briet. Tambi\u00e9n acuden hasta la Villa Condal Diputados Provinciales y Nacionales como es el caso de Patricia Blanquer (PSOE) as\u00ed como alcaldes de las comarcas del Comtat y de l\u00b4 Alcoi\u00e0. Por otra parte\u00a0estar\u00e1 presente el Presidente de la Diputaci\u00f3n de Alicante, C\u00e9sar S\u00e1nchez, y el Diputado de Turismo, Eduardo Dol\u00f3n.\u00a0El compositor contestano Romu Agull\u00f3, premiado a nivel internacional, ser\u00e1 el encargado de dar lectura desde los balcones del Palau al Privilegi que en 1346 otorg\u00f3 el Rey Pere IV a Cocentaina para celebrar una Feria anual. Seguidamente las autoridades atender\u00e1n a los medios de comunicaci\u00f3n y har\u00e1n un recorrido por el Certamen.<\/p>\n<p style=\"text-align: justify;\">La alcaldesa, Mireia Estepa, se\u00f1ala que el principal objetivo para esta legislatura es conseguir que la Fira sea declarada de inter\u00e9s tur\u00edstico internacional &#8220;ya lo es a nivel nacional pero por su volumen de negocio y su proyecci\u00f3n tanto tur\u00edstica como econ\u00f3mica merece dar un paso m\u00e1s para continuar siendo un referente m\u00e1s all\u00e1 de nuestras fronteras&#8221;, concluye.<\/p>\n<p style=\"text-align: justify;\">Cope Alcoy se vuelca un a\u00f1o m\u00e1s con la Feria de Cocentaina y a partir de las doce del mediod\u00eda ofrecer\u00e1 una edici\u00f3n especial de La Ma\u00f1ana de Cope Comunidad Valenciana, en directo desde el Passeig del Comtat, para acercar toda la actualidad de la edici\u00f3n de este a\u00f1o a trav\u00e9s de la radio.<\/p>\n","protected":false},"excerpt":{"rendered":"<p>Cocentaina da la bienvenida este viernes a\u00a0la Fira de Tots Sants del 2015 con unas previsiones de asistencia de medio&#8230;<\/p>\n","protected":false},"author":1,"featured_media":16760,"comment_status":"open","ping_status":"open","sticky":false,"template":"","format":"standard","meta":{"footnotes":""},"categories":[98,75,125],"tags":[132,414,1541,447],"class_list":["post-16759","post","type-post","status-publish","format-standard","has-post-thumbnail","hentry","category-comarcas","category-noticias","category-portada","tag-cocentaina","tag-cultura","tag-fira-tots-sants","tag-tradiciones"],"yoast_head":"<!-- This site is optimized with the Yoast SEO plugin v27.3 - https:\/\/yoast.com\/product\/yoast-seo-wordpress\/ -->\n<title>La Fira de Tots Sants abre sus puertas - COPE Alcoy<\/title>\n<meta name=\"robots\" content=\"index, follow, max-snippet:-1, max-image-preview:large, max-video-preview:-1\" \/>\n<link rel=\"canonical\" href=\"https:\/\/www.copealcoy.es\/es\/la-fira-de-tots-sants-abre-sus-puertas\/\" \/>\n<meta property=\"og:locale\" content=\"es_ES\" \/>\n<meta property=\"og:type\" content=\"article\" \/>\n<meta property=\"og:title\" content=\"La Fira de Tots Sants abre sus puertas - COPE Alcoy\" \/>\n<meta property=\"og:description\" content=\"Cocentaina da la bienvenida este viernes a\u00a0la Fira de Tots Sants del 2015 con unas previsiones de asistencia de medio...\" \/>\n<meta property=\"og:url\" content=\"https:\/\/www.copealcoy.es\/es\/la-fira-de-tots-sants-abre-sus-puertas\/\" \/>\n<meta property=\"og:site_name\" content=\"COPE Alcoy\" \/>\n<meta property=\"article:published_time\" content=\"2015-10-30T06:30:17+00:00\" \/>\n<meta property=\"article:modified_time\" content=\"2016-03-05T12:53:07+00:00\" \/>\n<meta property=\"og:image\" content=\"https:\/\/www.copealcoy.es\/wp-content\/uploads\/2015\/10\/DSC01044-e1446155150436.jpg\" \/>\n\t<meta property=\"og:image:width\" content=\"2168\" \/>\n\t<meta property=\"og:image:height\" content=\"1107\" \/>\n\t<meta property=\"og:image:type\" content=\"image\/jpeg\" \/>\n<meta name=\"author\" content=\"Cope Alcoy\" \/>\n<meta name=\"twitter:label1\" content=\"Escrito por\" \/>\n\t<meta name=\"twitter:data1\" content=\"Cope Alcoy\" \/>\n\t<meta name=\"twitter:label2\" content=\"Tiempo de lectura\" \/>\n\t<meta name=\"twitter:data2\" content=\"2 minutos\" \/>\n<script type=\"application\/ld+json\" class=\"yoast-schema-graph\">{\"@context\":\"https:\\\/\\\/schema.org\",\"@graph\":[{\"@type\":\"Article\",\"@id\":\"https:\\\/\\\/www.copealcoy.es\\\/es\\\/la-fira-de-tots-sants-abre-sus-puertas\\\/#article\",\"isPartOf\":{\"@id\":\"https:\\\/\\\/www.copealcoy.es\\\/es\\\/la-fira-de-tots-sants-abre-sus-puertas\\\/\"},\"author\":{\"name\":\"Cope Alcoy\",\"@id\":\"https:\\\/\\\/www.copealcoy.es\\\/es\\\/#\\\/schema\\\/person\\\/e777c87fa024e57d40170af9df39882c\"},\"headline\":\"La Fira de Tots Sants abre sus puertas\",\"datePublished\":\"2015-10-30T06:30:17+00:00\",\"dateModified\":\"2016-03-05T12:53:07+00:00\",\"mainEntityOfPage\":{\"@id\":\"https:\\\/\\\/www.copealcoy.es\\\/es\\\/la-fira-de-tots-sants-abre-sus-puertas\\\/\"},\"wordCount\":377,\"commentCount\":0,\"image\":{\"@id\":\"https:\\\/\\\/www.copealcoy.es\\\/es\\\/la-fira-de-tots-sants-abre-sus-puertas\\\/#primaryimage\"},\"thumbnailUrl\":\"https:\\\/\\\/www.copealcoy.es\\\/wp-content\\\/uploads\\\/2015\\\/10\\\/DSC01044-e1446155150436.jpg\",\"keywords\":[\"Cocentaina\",\"Cultura\",\"Fira Tots Sants\",\"Tradiciones\"],\"articleSection\":[\"Comarcas\",\"Noticias\",\"Portada\"],\"inLanguage\":\"es\"},{\"@type\":\"WebPage\",\"@id\":\"https:\\\/\\\/www.copealcoy.es\\\/es\\\/la-fira-de-tots-sants-abre-sus-puertas\\\/\",\"url\":\"https:\\\/\\\/www.copealcoy.es\\\/es\\\/la-fira-de-tots-sants-abre-sus-puertas\\\/\",\"name\":\"La Fira de Tots Sants abre sus puertas - COPE Alcoy\",\"isPartOf\":{\"@id\":\"https:\\\/\\\/www.copealcoy.es\\\/es\\\/#website\"},\"primaryImageOfPage\":{\"@id\":\"https:\\\/\\\/www.copealcoy.es\\\/es\\\/la-fira-de-tots-sants-abre-sus-puertas\\\/#primaryimage\"},\"image\":{\"@id\":\"https:\\\/\\\/www.copealcoy.es\\\/es\\\/la-fira-de-tots-sants-abre-sus-puertas\\\/#primaryimage\"},\"thumbnailUrl\":\"https:\\\/\\\/www.copealcoy.es\\\/wp-content\\\/uploads\\\/2015\\\/10\\\/DSC01044-e1446155150436.jpg\",\"datePublished\":\"2015-10-30T06:30:17+00:00\",\"dateModified\":\"2016-03-05T12:53:07+00:00\",\"author\":{\"@id\":\"https:\\\/\\\/www.copealcoy.es\\\/es\\\/#\\\/schema\\\/person\\\/e777c87fa024e57d40170af9df39882c\"},\"breadcrumb\":{\"@id\":\"https:\\\/\\\/www.copealcoy.es\\\/es\\\/la-fira-de-tots-sants-abre-sus-puertas\\\/#breadcrumb\"},\"inLanguage\":\"es\",\"potentialAction\":[{\"@type\":\"ReadAction\",\"target\":[\"https:\\\/\\\/www.copealcoy.es\\\/es\\\/la-fira-de-tots-sants-abre-sus-puertas\\\/\"]}]},{\"@type\":\"ImageObject\",\"inLanguage\":\"es\",\"@id\":\"https:\\\/\\\/www.copealcoy.es\\\/es\\\/la-fira-de-tots-sants-abre-sus-puertas\\\/#primaryimage\",\"url\":\"https:\\\/\\\/www.copealcoy.es\\\/wp-content\\\/uploads\\\/2015\\\/10\\\/DSC01044-e1446155150436.jpg\",\"contentUrl\":\"https:\\\/\\\/www.copealcoy.es\\\/wp-content\\\/uploads\\\/2015\\\/10\\\/DSC01044-e1446155150436.jpg\",\"width\":2168,\"height\":1107,\"caption\":\"Ayer jueves se ultimaban los preparativos antes de la inauguraci\u00f3n\"},{\"@type\":\"BreadcrumbList\",\"@id\":\"https:\\\/\\\/www.copealcoy.es\\\/es\\\/la-fira-de-tots-sants-abre-sus-puertas\\\/#breadcrumb\",\"itemListElement\":[{\"@type\":\"ListItem\",\"position\":1,\"name\":\"Portada\",\"item\":\"https:\\\/\\\/www.copealcoy.es\\\/es\\\/\"},{\"@type\":\"ListItem\",\"position\":2,\"name\":\"La Fira de Tots Sants abre sus puertas\"}]},{\"@type\":\"WebSite\",\"@id\":\"https:\\\/\\\/www.copealcoy.es\\\/es\\\/#website\",\"url\":\"https:\\\/\\\/www.copealcoy.es\\\/es\\\/\",\"name\":\"COPE Alcoy\",\"description\":\"Emisora COPE de radio local con emisi\u00f3n online. Pont de Sant Jordi 8-10 03803 Alcoy\",\"potentialAction\":[{\"@type\":\"SearchAction\",\"target\":{\"@type\":\"EntryPoint\",\"urlTemplate\":\"https:\\\/\\\/www.copealcoy.es\\\/es\\\/?s={search_term_string}\"},\"query-input\":{\"@type\":\"PropertyValueSpecification\",\"valueRequired\":true,\"valueName\":\"search_term_string\"}}],\"inLanguage\":\"es\"},{\"@type\":\"Person\",\"@id\":\"https:\\\/\\\/www.copealcoy.es\\\/es\\\/#\\\/schema\\\/person\\\/e777c87fa024e57d40170af9df39882c\",\"name\":\"Cope Alcoy\",\"image\":{\"@type\":\"ImageObject\",\"inLanguage\":\"es\",\"@id\":\"https:\\\/\\\/secure.gravatar.com\\\/avatar\\\/bb65d0283347e303893ba14f0692005417c1e0e690a325a4c5d8bb2b3943ee14?s=96&d=mm&r=g\",\"url\":\"https:\\\/\\\/secure.gravatar.com\\\/avatar\\\/bb65d0283347e303893ba14f0692005417c1e0e690a325a4c5d8bb2b3943ee14?s=96&d=mm&r=g\",\"contentUrl\":\"https:\\\/\\\/secure.gravatar.com\\\/avatar\\\/bb65d0283347e303893ba14f0692005417c1e0e690a325a4c5d8bb2b3943ee14?s=96&d=mm&r=g\",\"caption\":\"Cope Alcoy\"}}]}<\/script>\n<!-- \/ Yoast SEO plugin. -->","yoast_head_json":{"title":"La Fira de Tots Sants abre sus puertas - COPE Alcoy","robots":{"index":"index","follow":"follow","max-snippet":"max-snippet:-1","max-image-preview":"max-image-preview:large","max-video-preview":"max-video-preview:-1"},"canonical":"https:\/\/www.copealcoy.es\/es\/la-fira-de-tots-sants-abre-sus-puertas\/","og_locale":"es_ES","og_type":"article","og_title":"La Fira de Tots Sants abre sus puertas - COPE Alcoy","og_description":"Cocentaina da la bienvenida este viernes a\u00a0la Fira de Tots Sants del 2015 con unas previsiones de asistencia de medio...","og_url":"https:\/\/www.copealcoy.es\/es\/la-fira-de-tots-sants-abre-sus-puertas\/","og_site_name":"COPE Alcoy","article_published_time":"2015-10-30T06:30:17+00:00","article_modified_time":"2016-03-05T12:53:07+00:00","og_image":[{"width":2168,"height":1107,"url":"https:\/\/www.copealcoy.es\/wp-content\/uploads\/2015\/10\/DSC01044-e1446155150436.jpg","type":"image\/jpeg"}],"author":"Cope Alcoy","twitter_misc":{"Escrito por":"Cope Alcoy","Tiempo de lectura":"2 minutos"},"schema":{"@context":"https:\/\/schema.org","@graph":[{"@type":"Article","@id":"https:\/\/www.copealcoy.es\/es\/la-fira-de-tots-sants-abre-sus-puertas\/#article","isPartOf":{"@id":"https:\/\/www.copealcoy.es\/es\/la-fira-de-tots-sants-abre-sus-puertas\/"},"author":{"name":"Cope Alcoy","@id":"https:\/\/www.copealcoy.es\/es\/#\/schema\/person\/e777c87fa024e57d40170af9df39882c"},"headline":"La Fira de Tots Sants abre sus puertas","datePublished":"2015-10-30T06:30:17+00:00","dateModified":"2016-03-05T12:53:07+00:00","mainEntityOfPage":{"@id":"https:\/\/www.copealcoy.es\/es\/la-fira-de-tots-sants-abre-sus-puertas\/"},"wordCount":377,"commentCount":0,"image":{"@id":"https:\/\/www.copealcoy.es\/es\/la-fira-de-tots-sants-abre-sus-puertas\/#primaryimage"},"thumbnailUrl":"https:\/\/www.copealcoy.es\/wp-content\/uploads\/2015\/10\/DSC01044-e1446155150436.jpg","keywords":["Cocentaina","Cultura","Fira Tots Sants","Tradiciones"],"articleSection":["Comarcas","Noticias","Portada"],"inLanguage":"es"},{"@type":"WebPage","@id":"https:\/\/www.copealcoy.es\/es\/la-fira-de-tots-sants-abre-sus-puertas\/","url":"https:\/\/www.copealcoy.es\/es\/la-fira-de-tots-sants-abre-sus-puertas\/","name":"La Fira de Tots Sants abre sus puertas - COPE Alcoy","isPartOf":{"@id":"https:\/\/www.copealcoy.es\/es\/#website"},"primaryImageOfPage":{"@id":"https:\/\/www.copealcoy.es\/es\/la-fira-de-tots-sants-abre-sus-puertas\/#primaryimage"},"image":{"@id":"https:\/\/www.copealcoy.es\/es\/la-fira-de-tots-sants-abre-sus-puertas\/#primaryimage"},"thumbnailUrl":"https:\/\/www.copealcoy.es\/wp-content\/uploads\/2015\/10\/DSC01044-e1446155150436.jpg","datePublished":"2015-10-30T06:30:17+00:00","dateModified":"2016-03-05T12:53:07+00:00","author":{"@id":"https:\/\/www.copealcoy.es\/es\/#\/schema\/person\/e777c87fa024e57d40170af9df39882c"},"breadcrumb":{"@id":"https:\/\/www.copealcoy.es\/es\/la-fira-de-tots-sants-abre-sus-puertas\/#breadcrumb"},"inLanguage":"es","potentialAction":[{"@type":"ReadAction","target":["https:\/\/www.copealcoy.es\/es\/la-fira-de-tots-sants-abre-sus-puertas\/"]}]},{"@type":"ImageObject","inLanguage":"es","@id":"https:\/\/www.copealcoy.es\/es\/la-fira-de-tots-sants-abre-sus-puertas\/#primaryimage","url":"https:\/\/www.copealcoy.es\/wp-content\/uploads\/2015\/10\/DSC01044-e1446155150436.jpg","contentUrl":"https:\/\/www.copealcoy.es\/wp-content\/uploads\/2015\/10\/DSC01044-e1446155150436.jpg","width":2168,"height":1107,"caption":"Ayer jueves se ultimaban los preparativos antes de la inauguraci\u00f3n"},{"@type":"BreadcrumbList","@id":"https:\/\/www.copealcoy.es\/es\/la-fira-de-tots-sants-abre-sus-puertas\/#breadcrumb","itemListElement":[{"@type":"ListItem","position":1,"name":"Portada","item":"https:\/\/www.copealcoy.es\/es\/"},{"@type":"ListItem","position":2,"name":"La Fira de Tots Sants abre sus puertas"}]},{"@type":"WebSite","@id":"https:\/\/www.copealcoy.es\/es\/#website","url":"https:\/\/www.copealcoy.es\/es\/","name":"COPE Alcoy","description":"Emisora COPE de radio local con emisi\u00f3n online. Pont de Sant Jordi 8-10 03803 Alcoy","potentialAction":[{"@type":"SearchAction","target":{"@type":"EntryPoint","urlTemplate":"https:\/\/www.copealcoy.es\/es\/?s={search_term_string}"},"query-input":{"@type":"PropertyValueSpecification","valueRequired":true,"valueName":"search_term_string"}}],"inLanguage":"es"},{"@type":"Person","@id":"https:\/\/www.copealcoy.es\/es\/#\/schema\/person\/e777c87fa024e57d40170af9df39882c","name":"Cope Alcoy","image":{"@type":"ImageObject","inLanguage":"es","@id":"https:\/\/secure.gravatar.com\/avatar\/bb65d0283347e303893ba14f0692005417c1e0e690a325a4c5d8bb2b3943ee14?s=96&d=mm&r=g","url":"https:\/\/secure.gravatar.com\/avatar\/bb65d0283347e303893ba14f0692005417c1e0e690a325a4c5d8bb2b3943ee14?s=96&d=mm&r=g","contentUrl":"https:\/\/secure.gravatar.com\/avatar\/bb65d0283347e303893ba14f0692005417c1e0e690a325a4c5d8bb2b3943ee14?s=96&d=mm&r=g","caption":"Cope Alcoy"}}]}},"_links":{"self":[{"href":"https:\/\/www.copealcoy.es\/es\/wp-json\/wp\/v2\/posts\/16759","targetHints":{"allow":["GET"]}}],"collection":[{"href":"https:\/\/www.copealcoy.es\/es\/wp-json\/wp\/v2\/posts"}],"about":[{"href":"https:\/\/www.copealcoy.es\/es\/wp-json\/wp\/v2\/types\/post"}],"author":[{"embeddable":true,"href":"https:\/\/www.copealcoy.es\/es\/wp-json\/wp\/v2\/users\/1"}],"replies":[{"embeddable":true,"href":"https:\/\/www.copealcoy.es\/es\/wp-json\/wp\/v2\/comments?post=16759"}],"version-history":[{"count":0,"href":"https:\/\/www.copealcoy.es\/es\/wp-json\/wp\/v2\/posts\/16759\/revisions"}],"wp:featuredmedia":[{"embeddable":true,"href":"https:\/\/www.copealcoy.es\/es\/wp-json\/wp\/v2\/media\/16760"}],"wp:attachment":[{"href":"https:\/\/www.copealcoy.es\/es\/wp-json\/wp\/v2\/media?parent=16759"}],"wp:term":[{"taxonomy":"category","embeddable":true,"href":"https:\/\/www.copealcoy.es\/es\/wp-json\/wp\/v2\/categories?post=16759"},{"taxonomy":"post_tag","embeddable":true,"href":"https:\/\/www.copealcoy.es\/es\/wp-json\/wp\/v2\/tags?post=16759"}],"curies":[{"name":"wp","href":"https:\/\/api.w.org\/{rel}","templated":true}]}}