{"id":16755,"date":"2015-10-29T16:03:29","date_gmt":"2015-10-29T16:03:29","guid":{"rendered":"http:\/\/copealcoi.es\/new\/?p=16755"},"modified":"2015-10-29T17:50:09","modified_gmt":"2015-10-29T17:50:09","slug":"la-fira-potencia-el-espacio-gourmet","status":"publish","type":"post","link":"https:\/\/www.copealcoy.es\/es\/la-fira-potencia-el-espacio-gourmet\/","title":{"rendered":"La Fira potencia el espacio Gourmet"},"content":{"rendered":"<p style=\"text-align: justify;\">La Fira de Tots Sants de Cocentaina potenciar\u00e1 en esta edici\u00f3n el sector Gourmet tras el \u00e9xito de ediciones anteriores y un total de 22 expositores se instalar\u00e1n en la Avinguda del Rei Jaume I para ofrecer gran cantidad de productos gastron\u00f3micos. En esta zona de la Fira los contestanos y visitantes encontrar\u00e1n platos consolidados de la zona junto a innovaciones culinarias, todo ello por medio de la adquisici\u00f3n de tickets al precio de 1\u00b45 euros. Adem\u00e1s este a\u00f1o el Gourmet contar\u00e1 con m\u00fasica en directo de la mano del Festival de Sol a Sol que durante los tres d\u00edas de la Fira dar\u00e1 a conocer a cantantes y grupos noveles por medio de gran cantidad de actuaciones.<\/p>\n<p style=\"text-align: justify;\">Desde el Ayuntamiento de Cocentaina, la edil de Fira Mariona Carbonell, explica que &#8220;la oferta gastron\u00f3mica ha ido ganando fuerza estos \u00faltimos a\u00f1os desde su puesta en marcha por primera vez en el a\u00f1o 2012. Los visitantes quieren disfrutar de esta variedad de sabores de gran calidad, as\u00ed como de nuestros productos t\u00edpicos. Estudiamos las opciones y consideraremos que unirlos a todos en un mismo espacio dar\u00eda coherencia a toda la zona dedicada a la gastronom\u00eda y alimentaci\u00f3n, y como colof\u00f3n, buena m\u00fasica ofrecida por una acertada selecci\u00f3n de autores valencianos &#8220;, concluye.<\/p>\n","protected":false},"excerpt":{"rendered":"<p>La Fira de Tots Sants de Cocentaina potenciar\u00e1 en esta edici\u00f3n el sector Gourmet tras el \u00e9xito de ediciones anteriores&#8230;<\/p>\n","protected":false},"author":1,"featured_media":16758,"comment_status":"open","ping_status":"open","sticky":false,"template":"","format":"standard","meta":{"footnotes":""},"categories":[98,75],"tags":[132,237,676,716,1558],"class_list":["post-16755","post","type-post","status-publish","format-standard","has-post-thumbnail","hentry","category-comarcas","category-noticias","tag-cocentaina","tag-comtat","tag-fira","tag-gastronomia","tag-gourmet"],"yoast_head":"<!-- This site is optimized with the Yoast SEO plugin v27.3 - https:\/\/yoast.com\/product\/yoast-seo-wordpress\/ -->\n<title>La Fira potencia el espacio Gourmet - COPE Alcoy<\/title>\n<meta name=\"robots\" content=\"index, follow, max-snippet:-1, max-image-preview:large, max-video-preview:-1\" \/>\n<link rel=\"canonical\" href=\"https:\/\/www.copealcoy.es\/es\/la-fira-potencia-el-espacio-gourmet\/\" \/>\n<meta property=\"og:locale\" content=\"es_ES\" \/>\n<meta property=\"og:type\" content=\"article\" \/>\n<meta property=\"og:title\" content=\"La Fira potencia el espacio Gourmet - COPE Alcoy\" \/>\n<meta property=\"og:description\" content=\"La Fira de Tots Sants de Cocentaina potenciar\u00e1 en esta edici\u00f3n el sector Gourmet tras el \u00e9xito de ediciones anteriores...\" \/>\n<meta property=\"og:url\" content=\"https:\/\/www.copealcoy.es\/es\/la-fira-potencia-el-espacio-gourmet\/\" \/>\n<meta property=\"og:site_name\" content=\"COPE Alcoy\" \/>\n<meta property=\"article:published_time\" content=\"2015-10-29T16:03:29+00:00\" \/>\n<meta property=\"article:modified_time\" content=\"2015-10-29T17:50:09+00:00\" \/>\n<meta property=\"og:image\" content=\"https:\/\/www.copealcoy.es\/wp-content\/uploads\/2015\/10\/12190119_924295134332467_426075762891601415_n.jpg\" \/>\n\t<meta property=\"og:image:width\" content=\"960\" \/>\n\t<meta property=\"og:image:height\" content=\"717\" \/>\n\t<meta property=\"og:image:type\" content=\"image\/jpeg\" \/>\n<meta name=\"author\" content=\"Cope Alcoy\" \/>\n<meta name=\"twitter:label1\" content=\"Escrito por\" \/>\n\t<meta name=\"twitter:data1\" content=\"Cope Alcoy\" \/>\n\t<meta name=\"twitter:label2\" content=\"Tiempo de lectura\" \/>\n\t<meta name=\"twitter:data2\" content=\"1 minuto\" \/>\n<script type=\"application\/ld+json\" class=\"yoast-schema-graph\">{\"@context\":\"https:\\\/\\\/schema.org\",\"@graph\":[{\"@type\":\"Article\",\"@id\":\"https:\\\/\\\/www.copealcoy.es\\\/es\\\/la-fira-potencia-el-espacio-gourmet\\\/#article\",\"isPartOf\":{\"@id\":\"https:\\\/\\\/www.copealcoy.es\\\/es\\\/la-fira-potencia-el-espacio-gourmet\\\/\"},\"author\":{\"name\":\"Cope Alcoy\",\"@id\":\"https:\\\/\\\/www.copealcoy.es\\\/es\\\/#\\\/schema\\\/person\\\/e777c87fa024e57d40170af9df39882c\"},\"headline\":\"La Fira potencia el espacio Gourmet\",\"datePublished\":\"2015-10-29T16:03:29+00:00\",\"dateModified\":\"2015-10-29T17:50:09+00:00\",\"mainEntityOfPage\":{\"@id\":\"https:\\\/\\\/www.copealcoy.es\\\/es\\\/la-fira-potencia-el-espacio-gourmet\\\/\"},\"wordCount\":232,\"commentCount\":0,\"image\":{\"@id\":\"https:\\\/\\\/www.copealcoy.es\\\/es\\\/la-fira-potencia-el-espacio-gourmet\\\/#primaryimage\"},\"thumbnailUrl\":\"https:\\\/\\\/www.copealcoy.es\\\/wp-content\\\/uploads\\\/2015\\\/10\\\/12190119_924295134332467_426075762891601415_n.jpg\",\"keywords\":[\"Cocentaina\",\"Comtat\",\"Fira\",\"Gastronom\u00eda\",\"Gourmet\"],\"articleSection\":[\"Comarcas\",\"Noticias\"],\"inLanguage\":\"es\"},{\"@type\":\"WebPage\",\"@id\":\"https:\\\/\\\/www.copealcoy.es\\\/es\\\/la-fira-potencia-el-espacio-gourmet\\\/\",\"url\":\"https:\\\/\\\/www.copealcoy.es\\\/es\\\/la-fira-potencia-el-espacio-gourmet\\\/\",\"name\":\"La Fira potencia el espacio Gourmet - COPE Alcoy\",\"isPartOf\":{\"@id\":\"https:\\\/\\\/www.copealcoy.es\\\/es\\\/#website\"},\"primaryImageOfPage\":{\"@id\":\"https:\\\/\\\/www.copealcoy.es\\\/es\\\/la-fira-potencia-el-espacio-gourmet\\\/#primaryimage\"},\"image\":{\"@id\":\"https:\\\/\\\/www.copealcoy.es\\\/es\\\/la-fira-potencia-el-espacio-gourmet\\\/#primaryimage\"},\"thumbnailUrl\":\"https:\\\/\\\/www.copealcoy.es\\\/wp-content\\\/uploads\\\/2015\\\/10\\\/12190119_924295134332467_426075762891601415_n.jpg\",\"datePublished\":\"2015-10-29T16:03:29+00:00\",\"dateModified\":\"2015-10-29T17:50:09+00:00\",\"author\":{\"@id\":\"https:\\\/\\\/www.copealcoy.es\\\/es\\\/#\\\/schema\\\/person\\\/e777c87fa024e57d40170af9df39882c\"},\"breadcrumb\":{\"@id\":\"https:\\\/\\\/www.copealcoy.es\\\/es\\\/la-fira-potencia-el-espacio-gourmet\\\/#breadcrumb\"},\"inLanguage\":\"es\",\"potentialAction\":[{\"@type\":\"ReadAction\",\"target\":[\"https:\\\/\\\/www.copealcoy.es\\\/es\\\/la-fira-potencia-el-espacio-gourmet\\\/\"]}]},{\"@type\":\"ImageObject\",\"inLanguage\":\"es\",\"@id\":\"https:\\\/\\\/www.copealcoy.es\\\/es\\\/la-fira-potencia-el-espacio-gourmet\\\/#primaryimage\",\"url\":\"https:\\\/\\\/www.copealcoy.es\\\/wp-content\\\/uploads\\\/2015\\\/10\\\/12190119_924295134332467_426075762891601415_n.jpg\",\"contentUrl\":\"https:\\\/\\\/www.copealcoy.es\\\/wp-content\\\/uploads\\\/2015\\\/10\\\/12190119_924295134332467_426075762891601415_n.jpg\",\"width\":960,\"height\":717,\"caption\":\"Las carpas se han instalado en la Avinguda de X\u00e0tiva\"},{\"@type\":\"BreadcrumbList\",\"@id\":\"https:\\\/\\\/www.copealcoy.es\\\/es\\\/la-fira-potencia-el-espacio-gourmet\\\/#breadcrumb\",\"itemListElement\":[{\"@type\":\"ListItem\",\"position\":1,\"name\":\"Portada\",\"item\":\"https:\\\/\\\/www.copealcoy.es\\\/es\\\/\"},{\"@type\":\"ListItem\",\"position\":2,\"name\":\"La Fira potencia el espacio Gourmet\"}]},{\"@type\":\"WebSite\",\"@id\":\"https:\\\/\\\/www.copealcoy.es\\\/es\\\/#website\",\"url\":\"https:\\\/\\\/www.copealcoy.es\\\/es\\\/\",\"name\":\"COPE Alcoy\",\"description\":\"Emisora COPE de radio local con emisi\u00f3n online. Pont de Sant Jordi 8-10 03803 Alcoy\",\"potentialAction\":[{\"@type\":\"SearchAction\",\"target\":{\"@type\":\"EntryPoint\",\"urlTemplate\":\"https:\\\/\\\/www.copealcoy.es\\\/es\\\/?s={search_term_string}\"},\"query-input\":{\"@type\":\"PropertyValueSpecification\",\"valueRequired\":true,\"valueName\":\"search_term_string\"}}],\"inLanguage\":\"es\"},{\"@type\":\"Person\",\"@id\":\"https:\\\/\\\/www.copealcoy.es\\\/es\\\/#\\\/schema\\\/person\\\/e777c87fa024e57d40170af9df39882c\",\"name\":\"Cope Alcoy\",\"image\":{\"@type\":\"ImageObject\",\"inLanguage\":\"es\",\"@id\":\"https:\\\/\\\/secure.gravatar.com\\\/avatar\\\/bb65d0283347e303893ba14f0692005417c1e0e690a325a4c5d8bb2b3943ee14?s=96&d=mm&r=g\",\"url\":\"https:\\\/\\\/secure.gravatar.com\\\/avatar\\\/bb65d0283347e303893ba14f0692005417c1e0e690a325a4c5d8bb2b3943ee14?s=96&d=mm&r=g\",\"contentUrl\":\"https:\\\/\\\/secure.gravatar.com\\\/avatar\\\/bb65d0283347e303893ba14f0692005417c1e0e690a325a4c5d8bb2b3943ee14?s=96&d=mm&r=g\",\"caption\":\"Cope Alcoy\"}}]}<\/script>\n<!-- \/ Yoast SEO plugin. -->","yoast_head_json":{"title":"La Fira potencia el espacio Gourmet - COPE Alcoy","robots":{"index":"index","follow":"follow","max-snippet":"max-snippet:-1","max-image-preview":"max-image-preview:large","max-video-preview":"max-video-preview:-1"},"canonical":"https:\/\/www.copealcoy.es\/es\/la-fira-potencia-el-espacio-gourmet\/","og_locale":"es_ES","og_type":"article","og_title":"La Fira potencia el espacio Gourmet - COPE Alcoy","og_description":"La Fira de Tots Sants de Cocentaina potenciar\u00e1 en esta edici\u00f3n el sector Gourmet tras el \u00e9xito de ediciones anteriores...","og_url":"https:\/\/www.copealcoy.es\/es\/la-fira-potencia-el-espacio-gourmet\/","og_site_name":"COPE Alcoy","article_published_time":"2015-10-29T16:03:29+00:00","article_modified_time":"2015-10-29T17:50:09+00:00","og_image":[{"width":960,"height":717,"url":"https:\/\/www.copealcoy.es\/wp-content\/uploads\/2015\/10\/12190119_924295134332467_426075762891601415_n.jpg","type":"image\/jpeg"}],"author":"Cope Alcoy","twitter_misc":{"Escrito por":"Cope Alcoy","Tiempo de lectura":"1 minuto"},"schema":{"@context":"https:\/\/schema.org","@graph":[{"@type":"Article","@id":"https:\/\/www.copealcoy.es\/es\/la-fira-potencia-el-espacio-gourmet\/#article","isPartOf":{"@id":"https:\/\/www.copealcoy.es\/es\/la-fira-potencia-el-espacio-gourmet\/"},"author":{"name":"Cope Alcoy","@id":"https:\/\/www.copealcoy.es\/es\/#\/schema\/person\/e777c87fa024e57d40170af9df39882c"},"headline":"La Fira potencia el espacio Gourmet","datePublished":"2015-10-29T16:03:29+00:00","dateModified":"2015-10-29T17:50:09+00:00","mainEntityOfPage":{"@id":"https:\/\/www.copealcoy.es\/es\/la-fira-potencia-el-espacio-gourmet\/"},"wordCount":232,"commentCount":0,"image":{"@id":"https:\/\/www.copealcoy.es\/es\/la-fira-potencia-el-espacio-gourmet\/#primaryimage"},"thumbnailUrl":"https:\/\/www.copealcoy.es\/wp-content\/uploads\/2015\/10\/12190119_924295134332467_426075762891601415_n.jpg","keywords":["Cocentaina","Comtat","Fira","Gastronom\u00eda","Gourmet"],"articleSection":["Comarcas","Noticias"],"inLanguage":"es"},{"@type":"WebPage","@id":"https:\/\/www.copealcoy.es\/es\/la-fira-potencia-el-espacio-gourmet\/","url":"https:\/\/www.copealcoy.es\/es\/la-fira-potencia-el-espacio-gourmet\/","name":"La Fira potencia el espacio Gourmet - COPE Alcoy","isPartOf":{"@id":"https:\/\/www.copealcoy.es\/es\/#website"},"primaryImageOfPage":{"@id":"https:\/\/www.copealcoy.es\/es\/la-fira-potencia-el-espacio-gourmet\/#primaryimage"},"image":{"@id":"https:\/\/www.copealcoy.es\/es\/la-fira-potencia-el-espacio-gourmet\/#primaryimage"},"thumbnailUrl":"https:\/\/www.copealcoy.es\/wp-content\/uploads\/2015\/10\/12190119_924295134332467_426075762891601415_n.jpg","datePublished":"2015-10-29T16:03:29+00:00","dateModified":"2015-10-29T17:50:09+00:00","author":{"@id":"https:\/\/www.copealcoy.es\/es\/#\/schema\/person\/e777c87fa024e57d40170af9df39882c"},"breadcrumb":{"@id":"https:\/\/www.copealcoy.es\/es\/la-fira-potencia-el-espacio-gourmet\/#breadcrumb"},"inLanguage":"es","potentialAction":[{"@type":"ReadAction","target":["https:\/\/www.copealcoy.es\/es\/la-fira-potencia-el-espacio-gourmet\/"]}]},{"@type":"ImageObject","inLanguage":"es","@id":"https:\/\/www.copealcoy.es\/es\/la-fira-potencia-el-espacio-gourmet\/#primaryimage","url":"https:\/\/www.copealcoy.es\/wp-content\/uploads\/2015\/10\/12190119_924295134332467_426075762891601415_n.jpg","contentUrl":"https:\/\/www.copealcoy.es\/wp-content\/uploads\/2015\/10\/12190119_924295134332467_426075762891601415_n.jpg","width":960,"height":717,"caption":"Las carpas se han instalado en la Avinguda de X\u00e0tiva"},{"@type":"BreadcrumbList","@id":"https:\/\/www.copealcoy.es\/es\/la-fira-potencia-el-espacio-gourmet\/#breadcrumb","itemListElement":[{"@type":"ListItem","position":1,"name":"Portada","item":"https:\/\/www.copealcoy.es\/es\/"},{"@type":"ListItem","position":2,"name":"La Fira potencia el espacio Gourmet"}]},{"@type":"WebSite","@id":"https:\/\/www.copealcoy.es\/es\/#website","url":"https:\/\/www.copealcoy.es\/es\/","name":"COPE Alcoy","description":"Emisora COPE de radio local con emisi\u00f3n online. Pont de Sant Jordi 8-10 03803 Alcoy","potentialAction":[{"@type":"SearchAction","target":{"@type":"EntryPoint","urlTemplate":"https:\/\/www.copealcoy.es\/es\/?s={search_term_string}"},"query-input":{"@type":"PropertyValueSpecification","valueRequired":true,"valueName":"search_term_string"}}],"inLanguage":"es"},{"@type":"Person","@id":"https:\/\/www.copealcoy.es\/es\/#\/schema\/person\/e777c87fa024e57d40170af9df39882c","name":"Cope Alcoy","image":{"@type":"ImageObject","inLanguage":"es","@id":"https:\/\/secure.gravatar.com\/avatar\/bb65d0283347e303893ba14f0692005417c1e0e690a325a4c5d8bb2b3943ee14?s=96&d=mm&r=g","url":"https:\/\/secure.gravatar.com\/avatar\/bb65d0283347e303893ba14f0692005417c1e0e690a325a4c5d8bb2b3943ee14?s=96&d=mm&r=g","contentUrl":"https:\/\/secure.gravatar.com\/avatar\/bb65d0283347e303893ba14f0692005417c1e0e690a325a4c5d8bb2b3943ee14?s=96&d=mm&r=g","caption":"Cope Alcoy"}}]}},"_links":{"self":[{"href":"https:\/\/www.copealcoy.es\/es\/wp-json\/wp\/v2\/posts\/16755","targetHints":{"allow":["GET"]}}],"collection":[{"href":"https:\/\/www.copealcoy.es\/es\/wp-json\/wp\/v2\/posts"}],"about":[{"href":"https:\/\/www.copealcoy.es\/es\/wp-json\/wp\/v2\/types\/post"}],"author":[{"embeddable":true,"href":"https:\/\/www.copealcoy.es\/es\/wp-json\/wp\/v2\/users\/1"}],"replies":[{"embeddable":true,"href":"https:\/\/www.copealcoy.es\/es\/wp-json\/wp\/v2\/comments?post=16755"}],"version-history":[{"count":0,"href":"https:\/\/www.copealcoy.es\/es\/wp-json\/wp\/v2\/posts\/16755\/revisions"}],"wp:featuredmedia":[{"embeddable":true,"href":"https:\/\/www.copealcoy.es\/es\/wp-json\/wp\/v2\/media\/16758"}],"wp:attachment":[{"href":"https:\/\/www.copealcoy.es\/es\/wp-json\/wp\/v2\/media?parent=16755"}],"wp:term":[{"taxonomy":"category","embeddable":true,"href":"https:\/\/www.copealcoy.es\/es\/wp-json\/wp\/v2\/categories?post=16755"},{"taxonomy":"post_tag","embeddable":true,"href":"https:\/\/www.copealcoy.es\/es\/wp-json\/wp\/v2\/tags?post=16755"}],"curies":[{"name":"wp","href":"https:\/\/api.w.org\/{rel}","templated":true}]}}