{"id":16749,"date":"2015-10-29T06:32:41","date_gmt":"2015-10-29T06:32:41","guid":{"rendered":"http:\/\/copealcoi.es\/new\/?p=16749"},"modified":"2015-10-29T15:33:52","modified_gmt":"2015-10-29T15:33:52","slug":"el-consell-ratifica-alcoinnova","status":"publish","type":"post","link":"https:\/\/www.copealcoy.es\/es\/el-consell-ratifica-alcoinnova\/","title":{"rendered":"El Consell ratifica Alcoinnova"},"content":{"rendered":"<p style=\"text-align: justify;\">La Generalitat Valenciana ya ha concluido la tramitaci\u00f3n del parque empresarial Alcoinnova y la Conseller\u00eda de Econom\u00eda ha validado los proyectos arquitect\u00f3nicos, de urbanizaci\u00f3n y reparcelaci\u00f3n despu\u00e9s de que la Conseller\u00eda de Vivienda y Vertebraci\u00f3n \u00a0del Territorio haya desestimado solicitar nuevos informes ambientales que hab\u00eda solicitado en su momento la plataforma Salvem El Molinar referidos a las conexiones de agua, gas y suministro el\u00e9ctrico. Tras este paso la documentaci\u00f3n ha sido remitida al Ayuntamiento que a partir de ahora tendr\u00e1 que analizarla para otorgar las correspondientes licencias de obras.<\/p>\n<p style=\"text-align: justify;\">El alcalde de Alcoy, Antonio Franc\u00e9s, destacaba en la tarde de ayer mi\u00e9rcoles que el Consistorio cuenta con un plazo de tres meses para determinar si estos informes son correctos y si es as\u00ed tendr\u00e1 que dar las licencias &#8220;si est\u00e1 todo correcto no hay marcha atr\u00e1s y se dar\u00edan los permisos para que empezara el proyecto&#8221;, detall\u00f3.<\/p>\n<p style=\"text-align: justify;\">No obstante hay que matizar que a pesar de estas solventados estos tr\u00e1mites Alcoinnova tiene que solventar todav\u00eda los recursos judiciales presentados por el Ayuntamiento y Salvem El Molinar para poder ser una realidad. El primero de ellos, el referido a que Alcoy tenga competencias en la Actuaci\u00f3n Territorial Estrat\u00e9gica, qued\u00f3 visto para sentencia por parte de la secci\u00f3n primera de la sala de lo Contencioso-Administrativo del TSJ tras el juicio celebrado el pasado mes de septiembre. La llegada de la resoluci\u00f3n podr\u00eda ser ya inmediata seg\u00fan apunt\u00f3 tambi\u00e9n ayer el primer edil.<\/p>\n<p>&nbsp;<\/p>\n<p>&nbsp;<\/p>\n","protected":false},"excerpt":{"rendered":"<p>La Generalitat Valenciana ya ha concluido la tramitaci\u00f3n del parque empresarial Alcoinnova y la Conseller\u00eda de Econom\u00eda ha validado los&#8230;<\/p>\n","protected":false},"author":1,"featured_media":9340,"comment_status":"open","ping_status":"open","sticky":false,"template":"","format":"standard","meta":{"footnotes":""},"categories":[97,75,79],"tags":[478,479,561,390,433,525],"class_list":["post-16749","post","type-post","status-publish","format-standard","has-post-thumbnail","hentry","category-alcoy","category-noticias","category-politicayeconomia","tag-alcoinnova","tag-consell","tag-conselleria","tag-economia","tag-industria","tag-proyecto"],"yoast_head":"<!-- This site is optimized with the Yoast SEO plugin v27.3 - https:\/\/yoast.com\/product\/yoast-seo-wordpress\/ -->\n<title>El Consell ratifica Alcoinnova - COPE Alcoy<\/title>\n<meta name=\"robots\" content=\"index, follow, max-snippet:-1, max-image-preview:large, max-video-preview:-1\" \/>\n<link rel=\"canonical\" href=\"https:\/\/www.copealcoy.es\/es\/el-consell-ratifica-alcoinnova\/\" \/>\n<meta property=\"og:locale\" content=\"es_ES\" \/>\n<meta property=\"og:type\" content=\"article\" \/>\n<meta property=\"og:title\" content=\"El Consell ratifica Alcoinnova - COPE Alcoy\" \/>\n<meta property=\"og:description\" content=\"La Generalitat Valenciana ya ha concluido la tramitaci\u00f3n del parque empresarial Alcoinnova y la Conseller\u00eda de Econom\u00eda ha validado los...\" \/>\n<meta property=\"og:url\" content=\"https:\/\/www.copealcoy.es\/es\/el-consell-ratifica-alcoinnova\/\" \/>\n<meta property=\"og:site_name\" content=\"COPE Alcoy\" \/>\n<meta property=\"article:published_time\" content=\"2015-10-29T06:32:41+00:00\" \/>\n<meta property=\"article:modified_time\" content=\"2015-10-29T15:33:52+00:00\" \/>\n<meta property=\"og:image\" content=\"https:\/\/www.copealcoy.es\/wp-content\/uploads\/2014\/12\/image142.jpg\" \/>\n\t<meta property=\"og:image:width\" content=\"3960\" \/>\n\t<meta property=\"og:image:height\" content=\"2465\" \/>\n\t<meta property=\"og:image:type\" content=\"image\/jpeg\" \/>\n<meta name=\"author\" content=\"Cope Alcoy\" \/>\n<meta name=\"twitter:label1\" content=\"Escrito por\" \/>\n\t<meta name=\"twitter:data1\" content=\"Cope Alcoy\" \/>\n\t<meta name=\"twitter:label2\" content=\"Tiempo de lectura\" \/>\n\t<meta name=\"twitter:data2\" content=\"1 minuto\" \/>\n<script type=\"application\/ld+json\" class=\"yoast-schema-graph\">{\"@context\":\"https:\\\/\\\/schema.org\",\"@graph\":[{\"@type\":\"Article\",\"@id\":\"https:\\\/\\\/www.copealcoy.es\\\/es\\\/el-consell-ratifica-alcoinnova\\\/#article\",\"isPartOf\":{\"@id\":\"https:\\\/\\\/www.copealcoy.es\\\/es\\\/el-consell-ratifica-alcoinnova\\\/\"},\"author\":{\"name\":\"Cope Alcoy\",\"@id\":\"https:\\\/\\\/www.copealcoy.es\\\/es\\\/#\\\/schema\\\/person\\\/e777c87fa024e57d40170af9df39882c\"},\"headline\":\"El Consell ratifica Alcoinnova\",\"datePublished\":\"2015-10-29T06:32:41+00:00\",\"dateModified\":\"2015-10-29T15:33:52+00:00\",\"mainEntityOfPage\":{\"@id\":\"https:\\\/\\\/www.copealcoy.es\\\/es\\\/el-consell-ratifica-alcoinnova\\\/\"},\"wordCount\":271,\"commentCount\":0,\"image\":{\"@id\":\"https:\\\/\\\/www.copealcoy.es\\\/es\\\/el-consell-ratifica-alcoinnova\\\/#primaryimage\"},\"thumbnailUrl\":\"https:\\\/\\\/www.copealcoy.es\\\/wp-content\\\/uploads\\\/2014\\\/12\\\/image142.jpg\",\"keywords\":[\"Alcoinnova\",\"Consell\",\"Conseller\u00eda\",\"Econom\u00eda\",\"Industria\",\"Proyecto\"],\"articleSection\":[\"Alcoy\",\"Noticias\",\"Pol\u00edtica y Econom\u00eda\"],\"inLanguage\":\"es\"},{\"@type\":\"WebPage\",\"@id\":\"https:\\\/\\\/www.copealcoy.es\\\/es\\\/el-consell-ratifica-alcoinnova\\\/\",\"url\":\"https:\\\/\\\/www.copealcoy.es\\\/es\\\/el-consell-ratifica-alcoinnova\\\/\",\"name\":\"El Consell ratifica Alcoinnova - COPE Alcoy\",\"isPartOf\":{\"@id\":\"https:\\\/\\\/www.copealcoy.es\\\/es\\\/#website\"},\"primaryImageOfPage\":{\"@id\":\"https:\\\/\\\/www.copealcoy.es\\\/es\\\/el-consell-ratifica-alcoinnova\\\/#primaryimage\"},\"image\":{\"@id\":\"https:\\\/\\\/www.copealcoy.es\\\/es\\\/el-consell-ratifica-alcoinnova\\\/#primaryimage\"},\"thumbnailUrl\":\"https:\\\/\\\/www.copealcoy.es\\\/wp-content\\\/uploads\\\/2014\\\/12\\\/image142.jpg\",\"datePublished\":\"2015-10-29T06:32:41+00:00\",\"dateModified\":\"2015-10-29T15:33:52+00:00\",\"author\":{\"@id\":\"https:\\\/\\\/www.copealcoy.es\\\/es\\\/#\\\/schema\\\/person\\\/e777c87fa024e57d40170af9df39882c\"},\"breadcrumb\":{\"@id\":\"https:\\\/\\\/www.copealcoy.es\\\/es\\\/el-consell-ratifica-alcoinnova\\\/#breadcrumb\"},\"inLanguage\":\"es\",\"potentialAction\":[{\"@type\":\"ReadAction\",\"target\":[\"https:\\\/\\\/www.copealcoy.es\\\/es\\\/el-consell-ratifica-alcoinnova\\\/\"]}]},{\"@type\":\"ImageObject\",\"inLanguage\":\"es\",\"@id\":\"https:\\\/\\\/www.copealcoy.es\\\/es\\\/el-consell-ratifica-alcoinnova\\\/#primaryimage\",\"url\":\"https:\\\/\\\/www.copealcoy.es\\\/wp-content\\\/uploads\\\/2014\\\/12\\\/image142.jpg\",\"contentUrl\":\"https:\\\/\\\/www.copealcoy.es\\\/wp-content\\\/uploads\\\/2014\\\/12\\\/image142.jpg\",\"width\":1735,\"height\":1080,\"caption\":\"\u00c1rea del parque empresarial Alcoinnova\"},{\"@type\":\"BreadcrumbList\",\"@id\":\"https:\\\/\\\/www.copealcoy.es\\\/es\\\/el-consell-ratifica-alcoinnova\\\/#breadcrumb\",\"itemListElement\":[{\"@type\":\"ListItem\",\"position\":1,\"name\":\"Portada\",\"item\":\"https:\\\/\\\/www.copealcoy.es\\\/es\\\/\"},{\"@type\":\"ListItem\",\"position\":2,\"name\":\"El Consell ratifica Alcoinnova\"}]},{\"@type\":\"WebSite\",\"@id\":\"https:\\\/\\\/www.copealcoy.es\\\/es\\\/#website\",\"url\":\"https:\\\/\\\/www.copealcoy.es\\\/es\\\/\",\"name\":\"COPE Alcoy\",\"description\":\"Emisora COPE de radio local con emisi\u00f3n online. Pont de Sant Jordi 8-10 03803 Alcoy\",\"potentialAction\":[{\"@type\":\"SearchAction\",\"target\":{\"@type\":\"EntryPoint\",\"urlTemplate\":\"https:\\\/\\\/www.copealcoy.es\\\/es\\\/?s={search_term_string}\"},\"query-input\":{\"@type\":\"PropertyValueSpecification\",\"valueRequired\":true,\"valueName\":\"search_term_string\"}}],\"inLanguage\":\"es\"},{\"@type\":\"Person\",\"@id\":\"https:\\\/\\\/www.copealcoy.es\\\/es\\\/#\\\/schema\\\/person\\\/e777c87fa024e57d40170af9df39882c\",\"name\":\"Cope Alcoy\",\"image\":{\"@type\":\"ImageObject\",\"inLanguage\":\"es\",\"@id\":\"https:\\\/\\\/secure.gravatar.com\\\/avatar\\\/bb65d0283347e303893ba14f0692005417c1e0e690a325a4c5d8bb2b3943ee14?s=96&d=mm&r=g\",\"url\":\"https:\\\/\\\/secure.gravatar.com\\\/avatar\\\/bb65d0283347e303893ba14f0692005417c1e0e690a325a4c5d8bb2b3943ee14?s=96&d=mm&r=g\",\"contentUrl\":\"https:\\\/\\\/secure.gravatar.com\\\/avatar\\\/bb65d0283347e303893ba14f0692005417c1e0e690a325a4c5d8bb2b3943ee14?s=96&d=mm&r=g\",\"caption\":\"Cope Alcoy\"}}]}<\/script>\n<!-- \/ Yoast SEO plugin. -->","yoast_head_json":{"title":"El Consell ratifica Alcoinnova - COPE Alcoy","robots":{"index":"index","follow":"follow","max-snippet":"max-snippet:-1","max-image-preview":"max-image-preview:large","max-video-preview":"max-video-preview:-1"},"canonical":"https:\/\/www.copealcoy.es\/es\/el-consell-ratifica-alcoinnova\/","og_locale":"es_ES","og_type":"article","og_title":"El Consell ratifica Alcoinnova - COPE Alcoy","og_description":"La Generalitat Valenciana ya ha concluido la tramitaci\u00f3n del parque empresarial Alcoinnova y la Conseller\u00eda de Econom\u00eda ha validado los...","og_url":"https:\/\/www.copealcoy.es\/es\/el-consell-ratifica-alcoinnova\/","og_site_name":"COPE Alcoy","article_published_time":"2015-10-29T06:32:41+00:00","article_modified_time":"2015-10-29T15:33:52+00:00","og_image":[{"width":3960,"height":2465,"url":"https:\/\/www.copealcoy.es\/wp-content\/uploads\/2014\/12\/image142.jpg","type":"image\/jpeg"}],"author":"Cope Alcoy","twitter_misc":{"Escrito por":"Cope Alcoy","Tiempo de lectura":"1 minuto"},"schema":{"@context":"https:\/\/schema.org","@graph":[{"@type":"Article","@id":"https:\/\/www.copealcoy.es\/es\/el-consell-ratifica-alcoinnova\/#article","isPartOf":{"@id":"https:\/\/www.copealcoy.es\/es\/el-consell-ratifica-alcoinnova\/"},"author":{"name":"Cope Alcoy","@id":"https:\/\/www.copealcoy.es\/es\/#\/schema\/person\/e777c87fa024e57d40170af9df39882c"},"headline":"El Consell ratifica Alcoinnova","datePublished":"2015-10-29T06:32:41+00:00","dateModified":"2015-10-29T15:33:52+00:00","mainEntityOfPage":{"@id":"https:\/\/www.copealcoy.es\/es\/el-consell-ratifica-alcoinnova\/"},"wordCount":271,"commentCount":0,"image":{"@id":"https:\/\/www.copealcoy.es\/es\/el-consell-ratifica-alcoinnova\/#primaryimage"},"thumbnailUrl":"https:\/\/www.copealcoy.es\/wp-content\/uploads\/2014\/12\/image142.jpg","keywords":["Alcoinnova","Consell","Conseller\u00eda","Econom\u00eda","Industria","Proyecto"],"articleSection":["Alcoy","Noticias","Pol\u00edtica y Econom\u00eda"],"inLanguage":"es"},{"@type":"WebPage","@id":"https:\/\/www.copealcoy.es\/es\/el-consell-ratifica-alcoinnova\/","url":"https:\/\/www.copealcoy.es\/es\/el-consell-ratifica-alcoinnova\/","name":"El Consell ratifica Alcoinnova - COPE Alcoy","isPartOf":{"@id":"https:\/\/www.copealcoy.es\/es\/#website"},"primaryImageOfPage":{"@id":"https:\/\/www.copealcoy.es\/es\/el-consell-ratifica-alcoinnova\/#primaryimage"},"image":{"@id":"https:\/\/www.copealcoy.es\/es\/el-consell-ratifica-alcoinnova\/#primaryimage"},"thumbnailUrl":"https:\/\/www.copealcoy.es\/wp-content\/uploads\/2014\/12\/image142.jpg","datePublished":"2015-10-29T06:32:41+00:00","dateModified":"2015-10-29T15:33:52+00:00","author":{"@id":"https:\/\/www.copealcoy.es\/es\/#\/schema\/person\/e777c87fa024e57d40170af9df39882c"},"breadcrumb":{"@id":"https:\/\/www.copealcoy.es\/es\/el-consell-ratifica-alcoinnova\/#breadcrumb"},"inLanguage":"es","potentialAction":[{"@type":"ReadAction","target":["https:\/\/www.copealcoy.es\/es\/el-consell-ratifica-alcoinnova\/"]}]},{"@type":"ImageObject","inLanguage":"es","@id":"https:\/\/www.copealcoy.es\/es\/el-consell-ratifica-alcoinnova\/#primaryimage","url":"https:\/\/www.copealcoy.es\/wp-content\/uploads\/2014\/12\/image142.jpg","contentUrl":"https:\/\/www.copealcoy.es\/wp-content\/uploads\/2014\/12\/image142.jpg","width":1735,"height":1080,"caption":"\u00c1rea del parque empresarial Alcoinnova"},{"@type":"BreadcrumbList","@id":"https:\/\/www.copealcoy.es\/es\/el-consell-ratifica-alcoinnova\/#breadcrumb","itemListElement":[{"@type":"ListItem","position":1,"name":"Portada","item":"https:\/\/www.copealcoy.es\/es\/"},{"@type":"ListItem","position":2,"name":"El Consell ratifica Alcoinnova"}]},{"@type":"WebSite","@id":"https:\/\/www.copealcoy.es\/es\/#website","url":"https:\/\/www.copealcoy.es\/es\/","name":"COPE Alcoy","description":"Emisora COPE de radio local con emisi\u00f3n online. Pont de Sant Jordi 8-10 03803 Alcoy","potentialAction":[{"@type":"SearchAction","target":{"@type":"EntryPoint","urlTemplate":"https:\/\/www.copealcoy.es\/es\/?s={search_term_string}"},"query-input":{"@type":"PropertyValueSpecification","valueRequired":true,"valueName":"search_term_string"}}],"inLanguage":"es"},{"@type":"Person","@id":"https:\/\/www.copealcoy.es\/es\/#\/schema\/person\/e777c87fa024e57d40170af9df39882c","name":"Cope Alcoy","image":{"@type":"ImageObject","inLanguage":"es","@id":"https:\/\/secure.gravatar.com\/avatar\/bb65d0283347e303893ba14f0692005417c1e0e690a325a4c5d8bb2b3943ee14?s=96&d=mm&r=g","url":"https:\/\/secure.gravatar.com\/avatar\/bb65d0283347e303893ba14f0692005417c1e0e690a325a4c5d8bb2b3943ee14?s=96&d=mm&r=g","contentUrl":"https:\/\/secure.gravatar.com\/avatar\/bb65d0283347e303893ba14f0692005417c1e0e690a325a4c5d8bb2b3943ee14?s=96&d=mm&r=g","caption":"Cope Alcoy"}}]}},"_links":{"self":[{"href":"https:\/\/www.copealcoy.es\/es\/wp-json\/wp\/v2\/posts\/16749","targetHints":{"allow":["GET"]}}],"collection":[{"href":"https:\/\/www.copealcoy.es\/es\/wp-json\/wp\/v2\/posts"}],"about":[{"href":"https:\/\/www.copealcoy.es\/es\/wp-json\/wp\/v2\/types\/post"}],"author":[{"embeddable":true,"href":"https:\/\/www.copealcoy.es\/es\/wp-json\/wp\/v2\/users\/1"}],"replies":[{"embeddable":true,"href":"https:\/\/www.copealcoy.es\/es\/wp-json\/wp\/v2\/comments?post=16749"}],"version-history":[{"count":0,"href":"https:\/\/www.copealcoy.es\/es\/wp-json\/wp\/v2\/posts\/16749\/revisions"}],"wp:featuredmedia":[{"embeddable":true,"href":"https:\/\/www.copealcoy.es\/es\/wp-json\/wp\/v2\/media\/9340"}],"wp:attachment":[{"href":"https:\/\/www.copealcoy.es\/es\/wp-json\/wp\/v2\/media?parent=16749"}],"wp:term":[{"taxonomy":"category","embeddable":true,"href":"https:\/\/www.copealcoy.es\/es\/wp-json\/wp\/v2\/categories?post=16749"},{"taxonomy":"post_tag","embeddable":true,"href":"https:\/\/www.copealcoy.es\/es\/wp-json\/wp\/v2\/tags?post=16749"}],"curies":[{"name":"wp","href":"https:\/\/api.w.org\/{rel}","templated":true}]}}