{"id":16739,"date":"2015-10-28T20:48:03","date_gmt":"2015-10-28T20:48:03","guid":{"rendered":"http:\/\/copealcoi.es\/new\/?p=16739"},"modified":"2015-10-28T21:41:43","modified_gmt":"2015-10-28T21:41:43","slug":"lorxa-organiza-unas-jornadas-para-impulsar-el-sector-agrario","status":"publish","type":"post","link":"https:\/\/www.copealcoy.es\/es\/lorxa-organiza-unas-jornadas-para-impulsar-el-sector-agrario\/","title":{"rendered":"L\u00b4Orxa organiza unas jornadas para impulsar el sector agrario"},"content":{"rendered":"<p style=\"text-align: justify;\">L\u00b4Orxa ha organizado\u00a0unas jornadas de impulso del sector agrario que tendr\u00e1n lugar el pr\u00f3ximo s\u00e1bado 7 de noviembre en el auditorio del municipio. En las mismas participar\u00e1n diferentes organismos y colectivos como las Mancomunidades del Xarpolar y de l\u00b4Alcoi\u00e0-Comtat, la Universidad Polit\u00e9cnica de Valencia y tambi\u00e9n la de Alicante, la Coordinadora de Organizaciones de Agricultores y Ganaderos, la Asociaci\u00f3n Valenciana de Custodia del Territorio, la Asociaci\u00f3n Espa\u00f1ola de Agricultura Ecol\u00f3gica as\u00ed como tambi\u00e9n\u00a0representantes de Carr\u00edcola que explicar\u00e1n un proyecto que ya est\u00e1 funcionando en esta\u00a0localidad. Todos ellos ofrecer\u00e1n interesantes ponencias que se centrar\u00e1n en la importancia de la agricultura en la econom\u00eda de nuestra zona al mismo tiempo que incidir\u00e1n en la necesidad de impulsar de nuevo la producci\u00f3n agraria en la comarca.<\/p>\n<p style=\"text-align: justify;\">El alcalde de L\u00b4Orxa, Arnaldo Due\u00f1as, ha explicado en Cope Alcoy que la entrada a las diferentes ponencias es libre &#8220;aunque los interesados en participar en la comida \/ <em>networking<\/em> que servir\u00e1\u00a0para intercambiar ideas y proyectos deben inscribirse. Los inscritos recibir\u00e1n tambi\u00e9n un certificado de asistencia y para efectuar la inscripci\u00f3n pueden hacerlo\u00a0al n\u00famero de cuenta que aparece en el cartel o llamando al tel\u00e9fono del Ayuntamiento. Las inscripciones tienen un coste de 15 \u00a0euros&#8221;, se\u00f1ala. Adem\u00e1s ha definido estas jornadas como &#8220;una oportunidad\u00a0para analizar\u00a0la situaci\u00f3n actual \u00a0del sector agrario y los retos de futuro que necesita la comarca, vincul\u00e1ndolo tambi\u00e9n al sector tur\u00edstico&#8221;, concluye.<\/p>\n<p style=\"text-align: justify;\">Apuntar que\u00a0los interesados en obtener m\u00e1s informaci\u00f3n de estas jornadas pueden consultar el programa de las mismas en el perfil de <a href=\"https:\/\/www.facebook.com\/Ajuntament-de-LOrxa-1600936040189790\/\">Facebook<\/a> del propio Ayuntamiento de L\u00b4Orxa.<\/p>\n","protected":false},"excerpt":{"rendered":"<p>L\u00b4Orxa ha organizado\u00a0unas jornadas de impulso del sector agrario que tendr\u00e1n lugar el pr\u00f3ximo s\u00e1bado 7 de noviembre en el&#8230;<\/p>\n","protected":false},"author":1,"featured_media":16740,"comment_status":"open","ping_status":"open","sticky":false,"template":"","format":"standard","meta":{"footnotes":""},"categories":[98,75],"tags":[399,1556,1011,1557],"class_list":["post-16739","post","type-post","status-publish","format-standard","has-post-thumbnail","hentry","category-comarcas","category-noticias","tag-agricultura","tag-jornadas-sector-agrario","tag-lorxa","tag-ponencias"],"yoast_head":"<!-- This site is optimized with the Yoast SEO plugin v27.3 - https:\/\/yoast.com\/product\/yoast-seo-wordpress\/ -->\n<title>L\u00b4Orxa organiza unas jornadas para impulsar el sector agrario - COPE Alcoy<\/title>\n<meta name=\"robots\" content=\"index, follow, max-snippet:-1, max-image-preview:large, max-video-preview:-1\" \/>\n<link rel=\"canonical\" href=\"https:\/\/www.copealcoy.es\/es\/lorxa-organiza-unas-jornadas-para-impulsar-el-sector-agrario\/\" \/>\n<meta property=\"og:locale\" content=\"es_ES\" \/>\n<meta property=\"og:type\" content=\"article\" \/>\n<meta property=\"og:title\" content=\"L\u00b4Orxa organiza unas jornadas para impulsar el sector agrario - COPE Alcoy\" \/>\n<meta property=\"og:description\" content=\"L\u00b4Orxa ha organizado\u00a0unas jornadas de impulso del sector agrario que tendr\u00e1n lugar el pr\u00f3ximo s\u00e1bado 7 de noviembre en el...\" \/>\n<meta property=\"og:url\" content=\"https:\/\/www.copealcoy.es\/es\/lorxa-organiza-unas-jornadas-para-impulsar-el-sector-agrario\/\" \/>\n<meta property=\"og:site_name\" content=\"COPE Alcoy\" \/>\n<meta property=\"article:published_time\" content=\"2015-10-28T20:48:03+00:00\" \/>\n<meta property=\"article:modified_time\" content=\"2015-10-28T21:41:43+00:00\" \/>\n<meta property=\"og:image\" content=\"https:\/\/www.copealcoy.es\/wp-content\/uploads\/2015\/10\/2012_11_22_IMG_2012_11_22_113A413A41_paradayfonda.jpg\" \/>\n\t<meta property=\"og:image:width\" content=\"646\" \/>\n\t<meta property=\"og:image:height\" content=\"373\" \/>\n\t<meta property=\"og:image:type\" content=\"image\/jpeg\" \/>\n<meta name=\"author\" content=\"Cope Alcoy\" \/>\n<meta name=\"twitter:label1\" content=\"Escrito por\" \/>\n\t<meta name=\"twitter:data1\" content=\"Cope Alcoy\" \/>\n\t<meta name=\"twitter:label2\" content=\"Tiempo de lectura\" \/>\n\t<meta name=\"twitter:data2\" content=\"1 minuto\" \/>\n<script type=\"application\/ld+json\" class=\"yoast-schema-graph\">{\"@context\":\"https:\\\/\\\/schema.org\",\"@graph\":[{\"@type\":\"Article\",\"@id\":\"https:\\\/\\\/www.copealcoy.es\\\/es\\\/lorxa-organiza-unas-jornadas-para-impulsar-el-sector-agrario\\\/#article\",\"isPartOf\":{\"@id\":\"https:\\\/\\\/www.copealcoy.es\\\/es\\\/lorxa-organiza-unas-jornadas-para-impulsar-el-sector-agrario\\\/\"},\"author\":{\"name\":\"Cope Alcoy\",\"@id\":\"https:\\\/\\\/www.copealcoy.es\\\/es\\\/#\\\/schema\\\/person\\\/e777c87fa024e57d40170af9df39882c\"},\"headline\":\"L\u00b4Orxa organiza unas jornadas para impulsar el sector agrario\",\"datePublished\":\"2015-10-28T20:48:03+00:00\",\"dateModified\":\"2015-10-28T21:41:43+00:00\",\"mainEntityOfPage\":{\"@id\":\"https:\\\/\\\/www.copealcoy.es\\\/es\\\/lorxa-organiza-unas-jornadas-para-impulsar-el-sector-agrario\\\/\"},\"wordCount\":307,\"commentCount\":0,\"image\":{\"@id\":\"https:\\\/\\\/www.copealcoy.es\\\/es\\\/lorxa-organiza-unas-jornadas-para-impulsar-el-sector-agrario\\\/#primaryimage\"},\"thumbnailUrl\":\"https:\\\/\\\/www.copealcoy.es\\\/wp-content\\\/uploads\\\/2015\\\/10\\\/2012_11_22_IMG_2012_11_22_113A413A41_paradayfonda.jpg\",\"keywords\":[\"Agricultura\",\"Jornadas Sector Agrario\",\"L\u00b4Orxa\",\"Ponencias\"],\"articleSection\":[\"Comarcas\",\"Noticias\"],\"inLanguage\":\"es\"},{\"@type\":\"WebPage\",\"@id\":\"https:\\\/\\\/www.copealcoy.es\\\/es\\\/lorxa-organiza-unas-jornadas-para-impulsar-el-sector-agrario\\\/\",\"url\":\"https:\\\/\\\/www.copealcoy.es\\\/es\\\/lorxa-organiza-unas-jornadas-para-impulsar-el-sector-agrario\\\/\",\"name\":\"L\u00b4Orxa organiza unas jornadas para impulsar el sector agrario - COPE Alcoy\",\"isPartOf\":{\"@id\":\"https:\\\/\\\/www.copealcoy.es\\\/es\\\/#website\"},\"primaryImageOfPage\":{\"@id\":\"https:\\\/\\\/www.copealcoy.es\\\/es\\\/lorxa-organiza-unas-jornadas-para-impulsar-el-sector-agrario\\\/#primaryimage\"},\"image\":{\"@id\":\"https:\\\/\\\/www.copealcoy.es\\\/es\\\/lorxa-organiza-unas-jornadas-para-impulsar-el-sector-agrario\\\/#primaryimage\"},\"thumbnailUrl\":\"https:\\\/\\\/www.copealcoy.es\\\/wp-content\\\/uploads\\\/2015\\\/10\\\/2012_11_22_IMG_2012_11_22_113A413A41_paradayfonda.jpg\",\"datePublished\":\"2015-10-28T20:48:03+00:00\",\"dateModified\":\"2015-10-28T21:41:43+00:00\",\"author\":{\"@id\":\"https:\\\/\\\/www.copealcoy.es\\\/es\\\/#\\\/schema\\\/person\\\/e777c87fa024e57d40170af9df39882c\"},\"breadcrumb\":{\"@id\":\"https:\\\/\\\/www.copealcoy.es\\\/es\\\/lorxa-organiza-unas-jornadas-para-impulsar-el-sector-agrario\\\/#breadcrumb\"},\"inLanguage\":\"es\",\"potentialAction\":[{\"@type\":\"ReadAction\",\"target\":[\"https:\\\/\\\/www.copealcoy.es\\\/es\\\/lorxa-organiza-unas-jornadas-para-impulsar-el-sector-agrario\\\/\"]}]},{\"@type\":\"ImageObject\",\"inLanguage\":\"es\",\"@id\":\"https:\\\/\\\/www.copealcoy.es\\\/es\\\/lorxa-organiza-unas-jornadas-para-impulsar-el-sector-agrario\\\/#primaryimage\",\"url\":\"https:\\\/\\\/www.copealcoy.es\\\/wp-content\\\/uploads\\\/2015\\\/10\\\/2012_11_22_IMG_2012_11_22_113A413A41_paradayfonda.jpg\",\"contentUrl\":\"https:\\\/\\\/www.copealcoy.es\\\/wp-content\\\/uploads\\\/2015\\\/10\\\/2012_11_22_IMG_2012_11_22_113A413A41_paradayfonda.jpg\",\"width\":646,\"height\":373},{\"@type\":\"BreadcrumbList\",\"@id\":\"https:\\\/\\\/www.copealcoy.es\\\/es\\\/lorxa-organiza-unas-jornadas-para-impulsar-el-sector-agrario\\\/#breadcrumb\",\"itemListElement\":[{\"@type\":\"ListItem\",\"position\":1,\"name\":\"Portada\",\"item\":\"https:\\\/\\\/www.copealcoy.es\\\/es\\\/\"},{\"@type\":\"ListItem\",\"position\":2,\"name\":\"L\u00b4Orxa organiza unas jornadas para impulsar el sector agrario\"}]},{\"@type\":\"WebSite\",\"@id\":\"https:\\\/\\\/www.copealcoy.es\\\/es\\\/#website\",\"url\":\"https:\\\/\\\/www.copealcoy.es\\\/es\\\/\",\"name\":\"COPE Alcoy\",\"description\":\"Emisora COPE de radio local con emisi\u00f3n online. Pont de Sant Jordi 8-10 03803 Alcoy\",\"potentialAction\":[{\"@type\":\"SearchAction\",\"target\":{\"@type\":\"EntryPoint\",\"urlTemplate\":\"https:\\\/\\\/www.copealcoy.es\\\/es\\\/?s={search_term_string}\"},\"query-input\":{\"@type\":\"PropertyValueSpecification\",\"valueRequired\":true,\"valueName\":\"search_term_string\"}}],\"inLanguage\":\"es\"},{\"@type\":\"Person\",\"@id\":\"https:\\\/\\\/www.copealcoy.es\\\/es\\\/#\\\/schema\\\/person\\\/e777c87fa024e57d40170af9df39882c\",\"name\":\"Cope Alcoy\",\"image\":{\"@type\":\"ImageObject\",\"inLanguage\":\"es\",\"@id\":\"https:\\\/\\\/secure.gravatar.com\\\/avatar\\\/bb65d0283347e303893ba14f0692005417c1e0e690a325a4c5d8bb2b3943ee14?s=96&d=mm&r=g\",\"url\":\"https:\\\/\\\/secure.gravatar.com\\\/avatar\\\/bb65d0283347e303893ba14f0692005417c1e0e690a325a4c5d8bb2b3943ee14?s=96&d=mm&r=g\",\"contentUrl\":\"https:\\\/\\\/secure.gravatar.com\\\/avatar\\\/bb65d0283347e303893ba14f0692005417c1e0e690a325a4c5d8bb2b3943ee14?s=96&d=mm&r=g\",\"caption\":\"Cope Alcoy\"}}]}<\/script>\n<!-- \/ Yoast SEO plugin. -->","yoast_head_json":{"title":"L\u00b4Orxa organiza unas jornadas para impulsar el sector agrario - COPE Alcoy","robots":{"index":"index","follow":"follow","max-snippet":"max-snippet:-1","max-image-preview":"max-image-preview:large","max-video-preview":"max-video-preview:-1"},"canonical":"https:\/\/www.copealcoy.es\/es\/lorxa-organiza-unas-jornadas-para-impulsar-el-sector-agrario\/","og_locale":"es_ES","og_type":"article","og_title":"L\u00b4Orxa organiza unas jornadas para impulsar el sector agrario - COPE Alcoy","og_description":"L\u00b4Orxa ha organizado\u00a0unas jornadas de impulso del sector agrario que tendr\u00e1n lugar el pr\u00f3ximo s\u00e1bado 7 de noviembre en el...","og_url":"https:\/\/www.copealcoy.es\/es\/lorxa-organiza-unas-jornadas-para-impulsar-el-sector-agrario\/","og_site_name":"COPE Alcoy","article_published_time":"2015-10-28T20:48:03+00:00","article_modified_time":"2015-10-28T21:41:43+00:00","og_image":[{"width":646,"height":373,"url":"https:\/\/www.copealcoy.es\/wp-content\/uploads\/2015\/10\/2012_11_22_IMG_2012_11_22_113A413A41_paradayfonda.jpg","type":"image\/jpeg"}],"author":"Cope Alcoy","twitter_misc":{"Escrito por":"Cope Alcoy","Tiempo de lectura":"1 minuto"},"schema":{"@context":"https:\/\/schema.org","@graph":[{"@type":"Article","@id":"https:\/\/www.copealcoy.es\/es\/lorxa-organiza-unas-jornadas-para-impulsar-el-sector-agrario\/#article","isPartOf":{"@id":"https:\/\/www.copealcoy.es\/es\/lorxa-organiza-unas-jornadas-para-impulsar-el-sector-agrario\/"},"author":{"name":"Cope Alcoy","@id":"https:\/\/www.copealcoy.es\/es\/#\/schema\/person\/e777c87fa024e57d40170af9df39882c"},"headline":"L\u00b4Orxa organiza unas jornadas para impulsar el sector agrario","datePublished":"2015-10-28T20:48:03+00:00","dateModified":"2015-10-28T21:41:43+00:00","mainEntityOfPage":{"@id":"https:\/\/www.copealcoy.es\/es\/lorxa-organiza-unas-jornadas-para-impulsar-el-sector-agrario\/"},"wordCount":307,"commentCount":0,"image":{"@id":"https:\/\/www.copealcoy.es\/es\/lorxa-organiza-unas-jornadas-para-impulsar-el-sector-agrario\/#primaryimage"},"thumbnailUrl":"https:\/\/www.copealcoy.es\/wp-content\/uploads\/2015\/10\/2012_11_22_IMG_2012_11_22_113A413A41_paradayfonda.jpg","keywords":["Agricultura","Jornadas Sector Agrario","L\u00b4Orxa","Ponencias"],"articleSection":["Comarcas","Noticias"],"inLanguage":"es"},{"@type":"WebPage","@id":"https:\/\/www.copealcoy.es\/es\/lorxa-organiza-unas-jornadas-para-impulsar-el-sector-agrario\/","url":"https:\/\/www.copealcoy.es\/es\/lorxa-organiza-unas-jornadas-para-impulsar-el-sector-agrario\/","name":"L\u00b4Orxa organiza unas jornadas para impulsar el sector agrario - COPE Alcoy","isPartOf":{"@id":"https:\/\/www.copealcoy.es\/es\/#website"},"primaryImageOfPage":{"@id":"https:\/\/www.copealcoy.es\/es\/lorxa-organiza-unas-jornadas-para-impulsar-el-sector-agrario\/#primaryimage"},"image":{"@id":"https:\/\/www.copealcoy.es\/es\/lorxa-organiza-unas-jornadas-para-impulsar-el-sector-agrario\/#primaryimage"},"thumbnailUrl":"https:\/\/www.copealcoy.es\/wp-content\/uploads\/2015\/10\/2012_11_22_IMG_2012_11_22_113A413A41_paradayfonda.jpg","datePublished":"2015-10-28T20:48:03+00:00","dateModified":"2015-10-28T21:41:43+00:00","author":{"@id":"https:\/\/www.copealcoy.es\/es\/#\/schema\/person\/e777c87fa024e57d40170af9df39882c"},"breadcrumb":{"@id":"https:\/\/www.copealcoy.es\/es\/lorxa-organiza-unas-jornadas-para-impulsar-el-sector-agrario\/#breadcrumb"},"inLanguage":"es","potentialAction":[{"@type":"ReadAction","target":["https:\/\/www.copealcoy.es\/es\/lorxa-organiza-unas-jornadas-para-impulsar-el-sector-agrario\/"]}]},{"@type":"ImageObject","inLanguage":"es","@id":"https:\/\/www.copealcoy.es\/es\/lorxa-organiza-unas-jornadas-para-impulsar-el-sector-agrario\/#primaryimage","url":"https:\/\/www.copealcoy.es\/wp-content\/uploads\/2015\/10\/2012_11_22_IMG_2012_11_22_113A413A41_paradayfonda.jpg","contentUrl":"https:\/\/www.copealcoy.es\/wp-content\/uploads\/2015\/10\/2012_11_22_IMG_2012_11_22_113A413A41_paradayfonda.jpg","width":646,"height":373},{"@type":"BreadcrumbList","@id":"https:\/\/www.copealcoy.es\/es\/lorxa-organiza-unas-jornadas-para-impulsar-el-sector-agrario\/#breadcrumb","itemListElement":[{"@type":"ListItem","position":1,"name":"Portada","item":"https:\/\/www.copealcoy.es\/es\/"},{"@type":"ListItem","position":2,"name":"L\u00b4Orxa organiza unas jornadas para impulsar el sector agrario"}]},{"@type":"WebSite","@id":"https:\/\/www.copealcoy.es\/es\/#website","url":"https:\/\/www.copealcoy.es\/es\/","name":"COPE Alcoy","description":"Emisora COPE de radio local con emisi\u00f3n online. Pont de Sant Jordi 8-10 03803 Alcoy","potentialAction":[{"@type":"SearchAction","target":{"@type":"EntryPoint","urlTemplate":"https:\/\/www.copealcoy.es\/es\/?s={search_term_string}"},"query-input":{"@type":"PropertyValueSpecification","valueRequired":true,"valueName":"search_term_string"}}],"inLanguage":"es"},{"@type":"Person","@id":"https:\/\/www.copealcoy.es\/es\/#\/schema\/person\/e777c87fa024e57d40170af9df39882c","name":"Cope Alcoy","image":{"@type":"ImageObject","inLanguage":"es","@id":"https:\/\/secure.gravatar.com\/avatar\/bb65d0283347e303893ba14f0692005417c1e0e690a325a4c5d8bb2b3943ee14?s=96&d=mm&r=g","url":"https:\/\/secure.gravatar.com\/avatar\/bb65d0283347e303893ba14f0692005417c1e0e690a325a4c5d8bb2b3943ee14?s=96&d=mm&r=g","contentUrl":"https:\/\/secure.gravatar.com\/avatar\/bb65d0283347e303893ba14f0692005417c1e0e690a325a4c5d8bb2b3943ee14?s=96&d=mm&r=g","caption":"Cope Alcoy"}}]}},"_links":{"self":[{"href":"https:\/\/www.copealcoy.es\/es\/wp-json\/wp\/v2\/posts\/16739","targetHints":{"allow":["GET"]}}],"collection":[{"href":"https:\/\/www.copealcoy.es\/es\/wp-json\/wp\/v2\/posts"}],"about":[{"href":"https:\/\/www.copealcoy.es\/es\/wp-json\/wp\/v2\/types\/post"}],"author":[{"embeddable":true,"href":"https:\/\/www.copealcoy.es\/es\/wp-json\/wp\/v2\/users\/1"}],"replies":[{"embeddable":true,"href":"https:\/\/www.copealcoy.es\/es\/wp-json\/wp\/v2\/comments?post=16739"}],"version-history":[{"count":0,"href":"https:\/\/www.copealcoy.es\/es\/wp-json\/wp\/v2\/posts\/16739\/revisions"}],"wp:featuredmedia":[{"embeddable":true,"href":"https:\/\/www.copealcoy.es\/es\/wp-json\/wp\/v2\/media\/16740"}],"wp:attachment":[{"href":"https:\/\/www.copealcoy.es\/es\/wp-json\/wp\/v2\/media?parent=16739"}],"wp:term":[{"taxonomy":"category","embeddable":true,"href":"https:\/\/www.copealcoy.es\/es\/wp-json\/wp\/v2\/categories?post=16739"},{"taxonomy":"post_tag","embeddable":true,"href":"https:\/\/www.copealcoy.es\/es\/wp-json\/wp\/v2\/tags?post=16739"}],"curies":[{"name":"wp","href":"https:\/\/api.w.org\/{rel}","templated":true}]}}