{"id":16719,"date":"2015-10-28T10:59:25","date_gmt":"2015-10-28T10:59:25","guid":{"rendered":"http:\/\/copealcoi.es\/new\/?p=16719"},"modified":"2015-10-28T10:59:25","modified_gmt":"2015-10-28T10:59:25","slug":"la-musica-sirve-de-preambulo-a-la-fira","status":"publish","type":"post","link":"https:\/\/www.copealcoy.es\/es\/la-musica-sirve-de-preambulo-a-la-fira\/","title":{"rendered":"La m\u00fasica sirve de pre\u00e1mbulo a la Fira"},"content":{"rendered":"<p style=\"text-align: justify;\">La Uni\u00f3n Musical Contestana tambi\u00e9n ofreci\u00f3 el pasado fin de semana su tradicional concierto de Fira que sirvi\u00f3 de pre\u00e1mbulo para la llegada de la 669 edici\u00f3n del Certamen. La cita tuvo lugar a partir de las seis de la tarde en el Auditorio Jos\u00e9 P\u00e9rez Vilaplana y para la ocasi\u00f3n la banda prepar\u00f3 un repertorio dividido en dos partes en la que cont\u00f3 de nuevo con la colaboraci\u00f3n especial de la Orquesta de Pulso y P\u00faa La Paloma. De hecho la rondalla se suma siempre a este concierto asumiendo una de las partes de la audici\u00f3n.<\/p>\n<p style=\"text-align: justify;\">La pr\u00f3xima cita con la m\u00fasica que prepara la Uni\u00f3n Musical Contestana tendr\u00e1 lugar a finales de este mes de noviembre coincidiendo con la festividad de Santa Cecilia.<\/p>\n","protected":false},"excerpt":{"rendered":"<p>La Uni\u00f3n Musical Contestana tambi\u00e9n ofreci\u00f3 el pasado fin de semana su tradicional concierto de Fira que sirvi\u00f3 de pre\u00e1mbulo&#8230;<\/p>\n","protected":false},"author":1,"featured_media":16720,"comment_status":"open","ping_status":"open","sticky":false,"template":"","format":"standard","meta":{"footnotes":""},"categories":[98,75],"tags":[132,676,377,1552],"class_list":["post-16719","post","type-post","status-publish","format-standard","has-post-thumbnail","hentry","category-comarcas","category-noticias","tag-cocentaina","tag-fira","tag-musica","tag-union-musical"],"yoast_head":"<!-- This site is optimized with the Yoast SEO plugin v27.3 - https:\/\/yoast.com\/product\/yoast-seo-wordpress\/ -->\n<title>La m\u00fasica sirve de pre\u00e1mbulo a la Fira - COPE Alcoy<\/title>\n<meta name=\"robots\" content=\"index, follow, max-snippet:-1, max-image-preview:large, max-video-preview:-1\" \/>\n<link rel=\"canonical\" href=\"https:\/\/www.copealcoy.es\/es\/la-musica-sirve-de-preambulo-a-la-fira\/\" \/>\n<meta property=\"og:locale\" content=\"es_ES\" \/>\n<meta property=\"og:type\" content=\"article\" \/>\n<meta property=\"og:title\" content=\"La m\u00fasica sirve de pre\u00e1mbulo a la Fira - COPE Alcoy\" \/>\n<meta property=\"og:description\" content=\"La Uni\u00f3n Musical Contestana tambi\u00e9n ofreci\u00f3 el pasado fin de semana su tradicional concierto de Fira que sirvi\u00f3 de pre\u00e1mbulo...\" \/>\n<meta property=\"og:url\" content=\"https:\/\/www.copealcoy.es\/es\/la-musica-sirve-de-preambulo-a-la-fira\/\" \/>\n<meta property=\"og:site_name\" content=\"COPE Alcoy\" \/>\n<meta property=\"article:published_time\" content=\"2015-10-28T10:59:25+00:00\" \/>\n<meta property=\"og:image\" content=\"https:\/\/www.copealcoy.es\/wp-content\/uploads\/2015\/10\/12072748_934653609943134_6581120375051109263_n.jpg\" \/>\n\t<meta property=\"og:image:width\" content=\"960\" \/>\n\t<meta property=\"og:image:height\" content=\"640\" \/>\n\t<meta property=\"og:image:type\" content=\"image\/jpeg\" \/>\n<meta name=\"author\" content=\"Cope Alcoy\" \/>\n<meta name=\"twitter:label1\" content=\"Escrito por\" \/>\n\t<meta name=\"twitter:data1\" content=\"Cope Alcoy\" \/>\n\t<meta name=\"twitter:label2\" content=\"Tiempo de lectura\" \/>\n\t<meta name=\"twitter:data2\" content=\"1 minuto\" \/>\n<script type=\"application\/ld+json\" class=\"yoast-schema-graph\">{\"@context\":\"https:\\\/\\\/schema.org\",\"@graph\":[{\"@type\":\"Article\",\"@id\":\"https:\\\/\\\/www.copealcoy.es\\\/es\\\/la-musica-sirve-de-preambulo-a-la-fira\\\/#article\",\"isPartOf\":{\"@id\":\"https:\\\/\\\/www.copealcoy.es\\\/es\\\/la-musica-sirve-de-preambulo-a-la-fira\\\/\"},\"author\":{\"name\":\"Cope Alcoy\",\"@id\":\"https:\\\/\\\/www.copealcoy.es\\\/es\\\/#\\\/schema\\\/person\\\/e777c87fa024e57d40170af9df39882c\"},\"headline\":\"La m\u00fasica sirve de pre\u00e1mbulo a la Fira\",\"datePublished\":\"2015-10-28T10:59:25+00:00\",\"mainEntityOfPage\":{\"@id\":\"https:\\\/\\\/www.copealcoy.es\\\/es\\\/la-musica-sirve-de-preambulo-a-la-fira\\\/\"},\"wordCount\":146,\"commentCount\":0,\"image\":{\"@id\":\"https:\\\/\\\/www.copealcoy.es\\\/es\\\/la-musica-sirve-de-preambulo-a-la-fira\\\/#primaryimage\"},\"thumbnailUrl\":\"https:\\\/\\\/www.copealcoy.es\\\/wp-content\\\/uploads\\\/2015\\\/10\\\/12072748_934653609943134_6581120375051109263_n.jpg\",\"keywords\":[\"Cocentaina\",\"Fira\",\"M\u00fasica\",\"Uni\u00f3n Musical\"],\"articleSection\":[\"Comarcas\",\"Noticias\"],\"inLanguage\":\"es\"},{\"@type\":\"WebPage\",\"@id\":\"https:\\\/\\\/www.copealcoy.es\\\/es\\\/la-musica-sirve-de-preambulo-a-la-fira\\\/\",\"url\":\"https:\\\/\\\/www.copealcoy.es\\\/es\\\/la-musica-sirve-de-preambulo-a-la-fira\\\/\",\"name\":\"La m\u00fasica sirve de pre\u00e1mbulo a la Fira - COPE Alcoy\",\"isPartOf\":{\"@id\":\"https:\\\/\\\/www.copealcoy.es\\\/es\\\/#website\"},\"primaryImageOfPage\":{\"@id\":\"https:\\\/\\\/www.copealcoy.es\\\/es\\\/la-musica-sirve-de-preambulo-a-la-fira\\\/#primaryimage\"},\"image\":{\"@id\":\"https:\\\/\\\/www.copealcoy.es\\\/es\\\/la-musica-sirve-de-preambulo-a-la-fira\\\/#primaryimage\"},\"thumbnailUrl\":\"https:\\\/\\\/www.copealcoy.es\\\/wp-content\\\/uploads\\\/2015\\\/10\\\/12072748_934653609943134_6581120375051109263_n.jpg\",\"datePublished\":\"2015-10-28T10:59:25+00:00\",\"author\":{\"@id\":\"https:\\\/\\\/www.copealcoy.es\\\/es\\\/#\\\/schema\\\/person\\\/e777c87fa024e57d40170af9df39882c\"},\"breadcrumb\":{\"@id\":\"https:\\\/\\\/www.copealcoy.es\\\/es\\\/la-musica-sirve-de-preambulo-a-la-fira\\\/#breadcrumb\"},\"inLanguage\":\"es\",\"potentialAction\":[{\"@type\":\"ReadAction\",\"target\":[\"https:\\\/\\\/www.copealcoy.es\\\/es\\\/la-musica-sirve-de-preambulo-a-la-fira\\\/\"]}]},{\"@type\":\"ImageObject\",\"inLanguage\":\"es\",\"@id\":\"https:\\\/\\\/www.copealcoy.es\\\/es\\\/la-musica-sirve-de-preambulo-a-la-fira\\\/#primaryimage\",\"url\":\"https:\\\/\\\/www.copealcoy.es\\\/wp-content\\\/uploads\\\/2015\\\/10\\\/12072748_934653609943134_6581120375051109263_n.jpg\",\"contentUrl\":\"https:\\\/\\\/www.copealcoy.es\\\/wp-content\\\/uploads\\\/2015\\\/10\\\/12072748_934653609943134_6581120375051109263_n.jpg\",\"width\":960,\"height\":640,\"caption\":\"La Uni\u00f3n Musical ofreci\u00f3 su concierto en el Auditorio P\u00e9rez Vilaplana\"},{\"@type\":\"BreadcrumbList\",\"@id\":\"https:\\\/\\\/www.copealcoy.es\\\/es\\\/la-musica-sirve-de-preambulo-a-la-fira\\\/#breadcrumb\",\"itemListElement\":[{\"@type\":\"ListItem\",\"position\":1,\"name\":\"Portada\",\"item\":\"https:\\\/\\\/www.copealcoy.es\\\/es\\\/\"},{\"@type\":\"ListItem\",\"position\":2,\"name\":\"La m\u00fasica sirve de pre\u00e1mbulo a la Fira\"}]},{\"@type\":\"WebSite\",\"@id\":\"https:\\\/\\\/www.copealcoy.es\\\/es\\\/#website\",\"url\":\"https:\\\/\\\/www.copealcoy.es\\\/es\\\/\",\"name\":\"COPE Alcoy\",\"description\":\"Emisora COPE de radio local con emisi\u00f3n online. Pont de Sant Jordi 8-10 03803 Alcoy\",\"potentialAction\":[{\"@type\":\"SearchAction\",\"target\":{\"@type\":\"EntryPoint\",\"urlTemplate\":\"https:\\\/\\\/www.copealcoy.es\\\/es\\\/?s={search_term_string}\"},\"query-input\":{\"@type\":\"PropertyValueSpecification\",\"valueRequired\":true,\"valueName\":\"search_term_string\"}}],\"inLanguage\":\"es\"},{\"@type\":\"Person\",\"@id\":\"https:\\\/\\\/www.copealcoy.es\\\/es\\\/#\\\/schema\\\/person\\\/e777c87fa024e57d40170af9df39882c\",\"name\":\"Cope Alcoy\",\"image\":{\"@type\":\"ImageObject\",\"inLanguage\":\"es\",\"@id\":\"https:\\\/\\\/secure.gravatar.com\\\/avatar\\\/bb65d0283347e303893ba14f0692005417c1e0e690a325a4c5d8bb2b3943ee14?s=96&d=mm&r=g\",\"url\":\"https:\\\/\\\/secure.gravatar.com\\\/avatar\\\/bb65d0283347e303893ba14f0692005417c1e0e690a325a4c5d8bb2b3943ee14?s=96&d=mm&r=g\",\"contentUrl\":\"https:\\\/\\\/secure.gravatar.com\\\/avatar\\\/bb65d0283347e303893ba14f0692005417c1e0e690a325a4c5d8bb2b3943ee14?s=96&d=mm&r=g\",\"caption\":\"Cope Alcoy\"}}]}<\/script>\n<!-- \/ Yoast SEO plugin. -->","yoast_head_json":{"title":"La m\u00fasica sirve de pre\u00e1mbulo a la Fira - COPE Alcoy","robots":{"index":"index","follow":"follow","max-snippet":"max-snippet:-1","max-image-preview":"max-image-preview:large","max-video-preview":"max-video-preview:-1"},"canonical":"https:\/\/www.copealcoy.es\/es\/la-musica-sirve-de-preambulo-a-la-fira\/","og_locale":"es_ES","og_type":"article","og_title":"La m\u00fasica sirve de pre\u00e1mbulo a la Fira - COPE Alcoy","og_description":"La Uni\u00f3n Musical Contestana tambi\u00e9n ofreci\u00f3 el pasado fin de semana su tradicional concierto de Fira que sirvi\u00f3 de pre\u00e1mbulo...","og_url":"https:\/\/www.copealcoy.es\/es\/la-musica-sirve-de-preambulo-a-la-fira\/","og_site_name":"COPE Alcoy","article_published_time":"2015-10-28T10:59:25+00:00","og_image":[{"width":960,"height":640,"url":"https:\/\/www.copealcoy.es\/wp-content\/uploads\/2015\/10\/12072748_934653609943134_6581120375051109263_n.jpg","type":"image\/jpeg"}],"author":"Cope Alcoy","twitter_misc":{"Escrito por":"Cope Alcoy","Tiempo de lectura":"1 minuto"},"schema":{"@context":"https:\/\/schema.org","@graph":[{"@type":"Article","@id":"https:\/\/www.copealcoy.es\/es\/la-musica-sirve-de-preambulo-a-la-fira\/#article","isPartOf":{"@id":"https:\/\/www.copealcoy.es\/es\/la-musica-sirve-de-preambulo-a-la-fira\/"},"author":{"name":"Cope Alcoy","@id":"https:\/\/www.copealcoy.es\/es\/#\/schema\/person\/e777c87fa024e57d40170af9df39882c"},"headline":"La m\u00fasica sirve de pre\u00e1mbulo a la Fira","datePublished":"2015-10-28T10:59:25+00:00","mainEntityOfPage":{"@id":"https:\/\/www.copealcoy.es\/es\/la-musica-sirve-de-preambulo-a-la-fira\/"},"wordCount":146,"commentCount":0,"image":{"@id":"https:\/\/www.copealcoy.es\/es\/la-musica-sirve-de-preambulo-a-la-fira\/#primaryimage"},"thumbnailUrl":"https:\/\/www.copealcoy.es\/wp-content\/uploads\/2015\/10\/12072748_934653609943134_6581120375051109263_n.jpg","keywords":["Cocentaina","Fira","M\u00fasica","Uni\u00f3n Musical"],"articleSection":["Comarcas","Noticias"],"inLanguage":"es"},{"@type":"WebPage","@id":"https:\/\/www.copealcoy.es\/es\/la-musica-sirve-de-preambulo-a-la-fira\/","url":"https:\/\/www.copealcoy.es\/es\/la-musica-sirve-de-preambulo-a-la-fira\/","name":"La m\u00fasica sirve de pre\u00e1mbulo a la Fira - COPE Alcoy","isPartOf":{"@id":"https:\/\/www.copealcoy.es\/es\/#website"},"primaryImageOfPage":{"@id":"https:\/\/www.copealcoy.es\/es\/la-musica-sirve-de-preambulo-a-la-fira\/#primaryimage"},"image":{"@id":"https:\/\/www.copealcoy.es\/es\/la-musica-sirve-de-preambulo-a-la-fira\/#primaryimage"},"thumbnailUrl":"https:\/\/www.copealcoy.es\/wp-content\/uploads\/2015\/10\/12072748_934653609943134_6581120375051109263_n.jpg","datePublished":"2015-10-28T10:59:25+00:00","author":{"@id":"https:\/\/www.copealcoy.es\/es\/#\/schema\/person\/e777c87fa024e57d40170af9df39882c"},"breadcrumb":{"@id":"https:\/\/www.copealcoy.es\/es\/la-musica-sirve-de-preambulo-a-la-fira\/#breadcrumb"},"inLanguage":"es","potentialAction":[{"@type":"ReadAction","target":["https:\/\/www.copealcoy.es\/es\/la-musica-sirve-de-preambulo-a-la-fira\/"]}]},{"@type":"ImageObject","inLanguage":"es","@id":"https:\/\/www.copealcoy.es\/es\/la-musica-sirve-de-preambulo-a-la-fira\/#primaryimage","url":"https:\/\/www.copealcoy.es\/wp-content\/uploads\/2015\/10\/12072748_934653609943134_6581120375051109263_n.jpg","contentUrl":"https:\/\/www.copealcoy.es\/wp-content\/uploads\/2015\/10\/12072748_934653609943134_6581120375051109263_n.jpg","width":960,"height":640,"caption":"La Uni\u00f3n Musical ofreci\u00f3 su concierto en el Auditorio P\u00e9rez Vilaplana"},{"@type":"BreadcrumbList","@id":"https:\/\/www.copealcoy.es\/es\/la-musica-sirve-de-preambulo-a-la-fira\/#breadcrumb","itemListElement":[{"@type":"ListItem","position":1,"name":"Portada","item":"https:\/\/www.copealcoy.es\/es\/"},{"@type":"ListItem","position":2,"name":"La m\u00fasica sirve de pre\u00e1mbulo a la Fira"}]},{"@type":"WebSite","@id":"https:\/\/www.copealcoy.es\/es\/#website","url":"https:\/\/www.copealcoy.es\/es\/","name":"COPE Alcoy","description":"Emisora COPE de radio local con emisi\u00f3n online. Pont de Sant Jordi 8-10 03803 Alcoy","potentialAction":[{"@type":"SearchAction","target":{"@type":"EntryPoint","urlTemplate":"https:\/\/www.copealcoy.es\/es\/?s={search_term_string}"},"query-input":{"@type":"PropertyValueSpecification","valueRequired":true,"valueName":"search_term_string"}}],"inLanguage":"es"},{"@type":"Person","@id":"https:\/\/www.copealcoy.es\/es\/#\/schema\/person\/e777c87fa024e57d40170af9df39882c","name":"Cope Alcoy","image":{"@type":"ImageObject","inLanguage":"es","@id":"https:\/\/secure.gravatar.com\/avatar\/bb65d0283347e303893ba14f0692005417c1e0e690a325a4c5d8bb2b3943ee14?s=96&d=mm&r=g","url":"https:\/\/secure.gravatar.com\/avatar\/bb65d0283347e303893ba14f0692005417c1e0e690a325a4c5d8bb2b3943ee14?s=96&d=mm&r=g","contentUrl":"https:\/\/secure.gravatar.com\/avatar\/bb65d0283347e303893ba14f0692005417c1e0e690a325a4c5d8bb2b3943ee14?s=96&d=mm&r=g","caption":"Cope Alcoy"}}]}},"_links":{"self":[{"href":"https:\/\/www.copealcoy.es\/es\/wp-json\/wp\/v2\/posts\/16719","targetHints":{"allow":["GET"]}}],"collection":[{"href":"https:\/\/www.copealcoy.es\/es\/wp-json\/wp\/v2\/posts"}],"about":[{"href":"https:\/\/www.copealcoy.es\/es\/wp-json\/wp\/v2\/types\/post"}],"author":[{"embeddable":true,"href":"https:\/\/www.copealcoy.es\/es\/wp-json\/wp\/v2\/users\/1"}],"replies":[{"embeddable":true,"href":"https:\/\/www.copealcoy.es\/es\/wp-json\/wp\/v2\/comments?post=16719"}],"version-history":[{"count":0,"href":"https:\/\/www.copealcoy.es\/es\/wp-json\/wp\/v2\/posts\/16719\/revisions"}],"wp:featuredmedia":[{"embeddable":true,"href":"https:\/\/www.copealcoy.es\/es\/wp-json\/wp\/v2\/media\/16720"}],"wp:attachment":[{"href":"https:\/\/www.copealcoy.es\/es\/wp-json\/wp\/v2\/media?parent=16719"}],"wp:term":[{"taxonomy":"category","embeddable":true,"href":"https:\/\/www.copealcoy.es\/es\/wp-json\/wp\/v2\/categories?post=16719"},{"taxonomy":"post_tag","embeddable":true,"href":"https:\/\/www.copealcoy.es\/es\/wp-json\/wp\/v2\/tags?post=16719"}],"curies":[{"name":"wp","href":"https:\/\/api.w.org\/{rel}","templated":true}]}}