{"id":167123,"date":"2026-04-30T12:17:16","date_gmt":"2026-04-30T11:17:16","guid":{"rendered":"https:\/\/www.copealcoy.es\/?p=167123"},"modified":"2026-04-30T13:07:17","modified_gmt":"2026-04-30T12:07:17","slug":"ugt-y-ccoo-instan-de-nuevo-a-movilizarse-en-el-primero-de-mayo","status":"publish","type":"post","link":"https:\/\/www.copealcoy.es\/es\/ugt-y-ccoo-instan-de-nuevo-a-movilizarse-en-el-primero-de-mayo\/","title":{"rendered":"UGT y CCOO instan de nuevo a movilizarse en el Primero de Mayo"},"content":{"rendered":"<div class=\"flex flex-col text-sm pb-25\">\n<section class=\"text-token-text-primary w-full focus:outline-none [--shadow-height:45px] has-data-writing-block:pointer-events-none has-data-writing-block:-mt-(--shadow-height) has-data-writing-block:pt-(--shadow-height) [&amp;:has([data-writing-block])&gt;*]:pointer-events-auto scroll-mt-[calc(var(--header-height)+min(200px,max(70px,20svh)))]\" dir=\"auto\" data-turn-id=\"request-WEB:db3bad38-c320-456a-a793-2852f883a6ef-315\" data-testid=\"conversation-turn-206\" data-scroll-anchor=\"true\" data-turn=\"assistant\">\n<div class=\"text-base my-auto mx-auto pb-10 [--thread-content-margin:var(--thread-content-margin-xs,calc(var(--spacing)*4))] @w-sm\/main:[--thread-content-margin:var(--thread-content-margin-sm,calc(var(--spacing)*6))] @w-lg\/main:[--thread-content-margin:var(--thread-content-margin-lg,calc(var(--spacing)*16))] px-(--thread-content-margin)\">\n<div class=\"[--thread-content-max-width:40rem] @w-lg\/main:[--thread-content-max-width:48rem] mx-auto max-w-(--thread-content-max-width) flex-1 group\/turn-messages focus-visible:outline-hidden relative flex w-full min-w-0 flex-col agent-turn\">\n<div class=\"flex max-w-full flex-col gap-4 grow\">\n<div class=\"min-h-8 text-message relative flex w-full flex-col items-end gap-2 text-start break-words whitespace-normal outline-none keyboard-focused:focus-ring [.text-message+&amp;]:mt-1\" dir=\"auto\" tabindex=\"0\" data-message-author-role=\"assistant\" data-message-id=\"b5e0e084-0a67-4aea-a221-de7369b9755a\" data-message-model-slug=\"gpt-5-3-mini\" data-turn-start-message=\"true\">\n<div class=\"flex w-full flex-col gap-1 empty:hidden\">\n<div class=\"markdown prose dark:prose-invert w-full wrap-break-word light markdown-new-styling\">\n<p style=\"text-align: justify;\" data-start=\"0\" data-end=\"276\">Los sindicatos <strong data-start=\"15\" data-end=\"29\"><a href=\"https:\/\/www.ugt.es\/\" target=\"_blank\" rel=\"noopener\"><span style=\"color: #0000ff;\">UGT<\/span><\/a> y <a href=\"https:\/\/www.pv.ccoo.es\/Comarques_Centrals\" target=\"_blank\" rel=\"noopener\"><span style=\"color: #0000ff;\">CCOO<\/span><\/a><\/strong> han hecho un llamamiento a la ciudadan\u00eda de <strong data-start=\"74\" data-end=\"96\">Alcoy y la comarca<\/strong> para participar en los actos convocados con motivo del <strong data-start=\"152\" data-end=\"173\">1 de Mayo de 2026<\/strong>, D\u00eda Internacional del Trabajador. La jornada, marcada siempre por un fuerte car\u00e1cter reivindicativo, se celebra este a\u00f1o bajo el lema <em data-start=\"213\" data-end=\"273\">\u201cDerechos, no trincheras. Salarios, vivienda y democracia\u201d<\/em>.<\/p>\n<div class=\"flex max-w-full flex-col gap-4 grow\">\n<div class=\"min-h-8 text-message relative flex w-full flex-col items-end gap-2 text-start break-words whitespace-normal outline-none keyboard-focused:focus-ring [.text-message+&amp;]:mt-1\" dir=\"auto\" tabindex=\"0\" data-message-author-role=\"assistant\" data-message-id=\"b5e0e084-0a67-4aea-a221-de7369b9755a\" data-message-model-slug=\"gpt-5-3-mini\" data-turn-start-message=\"true\">\n<div class=\"flex w-full flex-col gap-1 empty:hidden\">\n<div class=\"markdown prose dark:prose-invert w-full wrap-break-word light markdown-new-styling\">\n<p style=\"text-align: justify;\" data-start=\"1055\" data-end=\"1310\">La jornada comenzar\u00e1 a las <strong data-start=\"1082\" data-end=\"1097\">10:00 horas<\/strong> con un desayuno popular en el Parque Sindical de Alcoy. Posteriormente, a las <strong data-start=\"1176\" data-end=\"1191\">11:00 horas<\/strong>, partir\u00e1 la manifestaci\u00f3n desde la Alameda n\u00famero 8, que recorrer\u00e1 las calles de la ciudad hasta la Plaza de Espa\u00f1a donde se leer\u00e1n los habituales manifiestos &#8220;<em>los derechos laborales y sociales son fruto de la lucha colectiva y deben seguir defendi\u00e9ndose<\/em>\u201d, expresan Leticia Pascual, secretaria comarca de Empleo y Acci\u00f3n Sindical de UGT, y Paco Luque como secretario comarcal de Organizaci\u00f3n, Finanzas y Formaci\u00f3n Sindical de CCOO.<\/p>\n<\/div>\n<\/div>\n<\/div>\n<\/div>\n<p style=\"text-align: justify;\" data-start=\"278\" data-end=\"622\">En el marco del Primero de Mayo, las organizaciones sindicales destacan que la comarca de l\u2019Alcoi\u00e0 y El Comtat presenta una evoluci\u00f3n positiva del empleo, con una reducci\u00f3n interanual del paro superior al <strong data-start=\"450\" data-end=\"458\">6,5%<\/strong> y m\u00e1s de <strong data-start=\"468\" data-end=\"519\">51.000 personas afiliadas a la Seguridad Social<\/strong>, lo que refleja \u2014seg\u00fan se\u00f1alan\u2014 una econom\u00eda \u201c<em>resiliente<\/em>\u201d y con creaci\u00f3n de empleo de mayor calidad. Sin embargo, advierten de que todav\u00eda existen retos pendientes, como la <strong data-start=\"696\" data-end=\"738\">brecha de g\u00e9nero en el mercado laboral<\/strong>, ya que las mujeres representan alrededor del <strong data-start=\"785\" data-end=\"806\">61% del desempleo<\/strong>, y la necesidad de reforzar la formaci\u00f3n profesional para adaptarse a una industria cada vez m\u00e1s tecnificada. Tambi\u00e9n reclaman que las inversiones p\u00fablicas en pol\u00edgonos industriales vayan acompa\u00f1adas de <strong data-start=\"1010\" data-end=\"1050\">cl\u00e1usulas sociales y salarios dignos<\/strong>.<\/p>\n<\/div>\n<\/div>\n<\/div>\n<\/div>\n<div class=\"z-0 flex min-h-[46px] justify-start\"><\/div>\n<\/div>\n<\/div>\n<\/section>\n<\/div>\n","protected":false},"excerpt":{"rendered":"<p>Los sindicatos UGT y CCOO han hecho un llamamiento a la ciudadan\u00eda de Alcoy y la comarca para participar en&#8230;<\/p>\n","protected":false},"author":1,"featured_media":167124,"comment_status":"closed","ping_status":"closed","sticky":false,"template":"","format":"standard","meta":{"footnotes":""},"categories":[6909,97,75,79],"tags":[980,5340,2193,680],"class_list":["post-167123","post","type-post","status-publish","format-standard","has-post-thumbnail","hentry","category-actualidad","category-alcoy","category-noticias","category-politicayeconomia","tag-ccoo","tag-movilizacion","tag-primero-de-mayo","tag-ugt"],"yoast_head":"<!-- This site is optimized with the Yoast SEO plugin v27.3 - https:\/\/yoast.com\/product\/yoast-seo-wordpress\/ -->\n<title>UGT y CCOO instan de nuevo a movilizarse en el Primero de Mayo - COPE Alcoy<\/title>\n<meta name=\"description\" content=\"UGT y CCOO instan de nuevo a movilizarse en el Primero de Mayo\" \/>\n<meta name=\"robots\" content=\"index, follow, max-snippet:-1, max-image-preview:large, max-video-preview:-1\" \/>\n<link rel=\"canonical\" href=\"https:\/\/www.copealcoy.es\/es\/ugt-y-ccoo-instan-de-nuevo-a-movilizarse-en-el-primero-de-mayo\/\" \/>\n<meta property=\"og:locale\" content=\"es_ES\" \/>\n<meta property=\"og:type\" content=\"article\" \/>\n<meta property=\"og:title\" content=\"UGT y CCOO instan de nuevo a movilizarse en el Primero de Mayo - COPE Alcoy\" \/>\n<meta property=\"og:description\" content=\"UGT y CCOO instan de nuevo a movilizarse en el Primero de Mayo\" \/>\n<meta property=\"og:url\" content=\"https:\/\/www.copealcoy.es\/es\/ugt-y-ccoo-instan-de-nuevo-a-movilizarse-en-el-primero-de-mayo\/\" \/>\n<meta property=\"og:site_name\" content=\"COPE Alcoy\" \/>\n<meta property=\"article:published_time\" content=\"2026-04-30T11:17:16+00:00\" \/>\n<meta property=\"article:modified_time\" content=\"2026-04-30T12:07:17+00:00\" \/>\n<meta property=\"og:image\" content=\"https:\/\/www.copealcoy.es\/wp-content\/uploads\/2026\/04\/FOTO-1o-MAIG-scaled.jpg\" \/>\n\t<meta property=\"og:image:width\" content=\"2560\" \/>\n\t<meta property=\"og:image:height\" content=\"1528\" \/>\n\t<meta property=\"og:image:type\" content=\"image\/jpeg\" \/>\n<meta name=\"author\" content=\"Cope Alcoy\" \/>\n<meta name=\"twitter:label1\" content=\"Escrito por\" \/>\n\t<meta name=\"twitter:data1\" content=\"Cope Alcoy\" \/>\n\t<meta name=\"twitter:label2\" content=\"Tiempo de lectura\" \/>\n\t<meta name=\"twitter:data2\" content=\"2 minutos\" \/>\n<script type=\"application\/ld+json\" class=\"yoast-schema-graph\">{\"@context\":\"https:\\\/\\\/schema.org\",\"@graph\":[{\"@type\":\"Article\",\"@id\":\"https:\\\/\\\/www.copealcoy.es\\\/es\\\/ugt-y-ccoo-instan-de-nuevo-a-movilizarse-en-el-primero-de-mayo\\\/#article\",\"isPartOf\":{\"@id\":\"https:\\\/\\\/www.copealcoy.es\\\/es\\\/ugt-y-ccoo-instan-de-nuevo-a-movilizarse-en-el-primero-de-mayo\\\/\"},\"author\":{\"name\":\"Cope Alcoy\",\"@id\":\"https:\\\/\\\/www.copealcoy.es\\\/es\\\/#\\\/schema\\\/person\\\/e777c87fa024e57d40170af9df39882c\"},\"headline\":\"UGT y CCOO instan de nuevo a movilizarse en el Primero de Mayo\",\"datePublished\":\"2026-04-30T11:17:16+00:00\",\"dateModified\":\"2026-04-30T12:07:17+00:00\",\"mainEntityOfPage\":{\"@id\":\"https:\\\/\\\/www.copealcoy.es\\\/es\\\/ugt-y-ccoo-instan-de-nuevo-a-movilizarse-en-el-primero-de-mayo\\\/\"},\"wordCount\":303,\"image\":{\"@id\":\"https:\\\/\\\/www.copealcoy.es\\\/es\\\/ugt-y-ccoo-instan-de-nuevo-a-movilizarse-en-el-primero-de-mayo\\\/#primaryimage\"},\"thumbnailUrl\":\"https:\\\/\\\/www.copealcoy.es\\\/wp-content\\\/uploads\\\/2026\\\/04\\\/FOTO-1o-MAIG-scaled.jpg\",\"keywords\":[\"CCOO\",\"movilizaci\u00f3n\",\"Primero de Mayo\",\"UGT\"],\"articleSection\":[\"Actualidad\",\"Alcoy\",\"Noticias\",\"Pol\u00edtica y Econom\u00eda\"],\"inLanguage\":\"es\"},{\"@type\":\"WebPage\",\"@id\":\"https:\\\/\\\/www.copealcoy.es\\\/es\\\/ugt-y-ccoo-instan-de-nuevo-a-movilizarse-en-el-primero-de-mayo\\\/\",\"url\":\"https:\\\/\\\/www.copealcoy.es\\\/es\\\/ugt-y-ccoo-instan-de-nuevo-a-movilizarse-en-el-primero-de-mayo\\\/\",\"name\":\"UGT y CCOO instan de nuevo a movilizarse en el Primero de Mayo - COPE Alcoy\",\"isPartOf\":{\"@id\":\"https:\\\/\\\/www.copealcoy.es\\\/es\\\/#website\"},\"primaryImageOfPage\":{\"@id\":\"https:\\\/\\\/www.copealcoy.es\\\/es\\\/ugt-y-ccoo-instan-de-nuevo-a-movilizarse-en-el-primero-de-mayo\\\/#primaryimage\"},\"image\":{\"@id\":\"https:\\\/\\\/www.copealcoy.es\\\/es\\\/ugt-y-ccoo-instan-de-nuevo-a-movilizarse-en-el-primero-de-mayo\\\/#primaryimage\"},\"thumbnailUrl\":\"https:\\\/\\\/www.copealcoy.es\\\/wp-content\\\/uploads\\\/2026\\\/04\\\/FOTO-1o-MAIG-scaled.jpg\",\"datePublished\":\"2026-04-30T11:17:16+00:00\",\"dateModified\":\"2026-04-30T12:07:17+00:00\",\"author\":{\"@id\":\"https:\\\/\\\/www.copealcoy.es\\\/es\\\/#\\\/schema\\\/person\\\/e777c87fa024e57d40170af9df39882c\"},\"description\":\"UGT y CCOO instan de nuevo a movilizarse en el Primero de Mayo\",\"breadcrumb\":{\"@id\":\"https:\\\/\\\/www.copealcoy.es\\\/es\\\/ugt-y-ccoo-instan-de-nuevo-a-movilizarse-en-el-primero-de-mayo\\\/#breadcrumb\"},\"inLanguage\":\"es\",\"potentialAction\":[{\"@type\":\"ReadAction\",\"target\":[\"https:\\\/\\\/www.copealcoy.es\\\/es\\\/ugt-y-ccoo-instan-de-nuevo-a-movilizarse-en-el-primero-de-mayo\\\/\"]}]},{\"@type\":\"ImageObject\",\"inLanguage\":\"es\",\"@id\":\"https:\\\/\\\/www.copealcoy.es\\\/es\\\/ugt-y-ccoo-instan-de-nuevo-a-movilizarse-en-el-primero-de-mayo\\\/#primaryimage\",\"url\":\"https:\\\/\\\/www.copealcoy.es\\\/wp-content\\\/uploads\\\/2026\\\/04\\\/FOTO-1o-MAIG-scaled.jpg\",\"contentUrl\":\"https:\\\/\\\/www.copealcoy.es\\\/wp-content\\\/uploads\\\/2026\\\/04\\\/FOTO-1o-MAIG-scaled.jpg\",\"width\":2560,\"height\":1528},{\"@type\":\"BreadcrumbList\",\"@id\":\"https:\\\/\\\/www.copealcoy.es\\\/es\\\/ugt-y-ccoo-instan-de-nuevo-a-movilizarse-en-el-primero-de-mayo\\\/#breadcrumb\",\"itemListElement\":[{\"@type\":\"ListItem\",\"position\":1,\"name\":\"Portada\",\"item\":\"https:\\\/\\\/www.copealcoy.es\\\/es\\\/\"},{\"@type\":\"ListItem\",\"position\":2,\"name\":\"UGT y CCOO instan de nuevo a movilizarse en el Primero de Mayo\"}]},{\"@type\":\"WebSite\",\"@id\":\"https:\\\/\\\/www.copealcoy.es\\\/es\\\/#website\",\"url\":\"https:\\\/\\\/www.copealcoy.es\\\/es\\\/\",\"name\":\"COPE Alcoy\",\"description\":\"Emisora COPE de radio local con emisi\u00f3n online. Pont de Sant Jordi 8-10 03803 Alcoy\",\"potentialAction\":[{\"@type\":\"SearchAction\",\"target\":{\"@type\":\"EntryPoint\",\"urlTemplate\":\"https:\\\/\\\/www.copealcoy.es\\\/es\\\/?s={search_term_string}\"},\"query-input\":{\"@type\":\"PropertyValueSpecification\",\"valueRequired\":true,\"valueName\":\"search_term_string\"}}],\"inLanguage\":\"es\"},{\"@type\":\"Person\",\"@id\":\"https:\\\/\\\/www.copealcoy.es\\\/es\\\/#\\\/schema\\\/person\\\/e777c87fa024e57d40170af9df39882c\",\"name\":\"Cope Alcoy\",\"image\":{\"@type\":\"ImageObject\",\"inLanguage\":\"es\",\"@id\":\"https:\\\/\\\/secure.gravatar.com\\\/avatar\\\/bb65d0283347e303893ba14f0692005417c1e0e690a325a4c5d8bb2b3943ee14?s=96&d=mm&r=g\",\"url\":\"https:\\\/\\\/secure.gravatar.com\\\/avatar\\\/bb65d0283347e303893ba14f0692005417c1e0e690a325a4c5d8bb2b3943ee14?s=96&d=mm&r=g\",\"contentUrl\":\"https:\\\/\\\/secure.gravatar.com\\\/avatar\\\/bb65d0283347e303893ba14f0692005417c1e0e690a325a4c5d8bb2b3943ee14?s=96&d=mm&r=g\",\"caption\":\"Cope Alcoy\"}}]}<\/script>\n<!-- \/ Yoast SEO plugin. -->","yoast_head_json":{"title":"UGT y CCOO instan de nuevo a movilizarse en el Primero de Mayo - COPE Alcoy","description":"UGT y CCOO instan de nuevo a movilizarse en el Primero de Mayo","robots":{"index":"index","follow":"follow","max-snippet":"max-snippet:-1","max-image-preview":"max-image-preview:large","max-video-preview":"max-video-preview:-1"},"canonical":"https:\/\/www.copealcoy.es\/es\/ugt-y-ccoo-instan-de-nuevo-a-movilizarse-en-el-primero-de-mayo\/","og_locale":"es_ES","og_type":"article","og_title":"UGT y CCOO instan de nuevo a movilizarse en el Primero de Mayo - COPE Alcoy","og_description":"UGT y CCOO instan de nuevo a movilizarse en el Primero de Mayo","og_url":"https:\/\/www.copealcoy.es\/es\/ugt-y-ccoo-instan-de-nuevo-a-movilizarse-en-el-primero-de-mayo\/","og_site_name":"COPE Alcoy","article_published_time":"2026-04-30T11:17:16+00:00","article_modified_time":"2026-04-30T12:07:17+00:00","og_image":[{"width":2560,"height":1528,"url":"https:\/\/www.copealcoy.es\/wp-content\/uploads\/2026\/04\/FOTO-1o-MAIG-scaled.jpg","type":"image\/jpeg"}],"author":"Cope Alcoy","twitter_misc":{"Escrito por":"Cope Alcoy","Tiempo de lectura":"2 minutos"},"schema":{"@context":"https:\/\/schema.org","@graph":[{"@type":"Article","@id":"https:\/\/www.copealcoy.es\/es\/ugt-y-ccoo-instan-de-nuevo-a-movilizarse-en-el-primero-de-mayo\/#article","isPartOf":{"@id":"https:\/\/www.copealcoy.es\/es\/ugt-y-ccoo-instan-de-nuevo-a-movilizarse-en-el-primero-de-mayo\/"},"author":{"name":"Cope Alcoy","@id":"https:\/\/www.copealcoy.es\/es\/#\/schema\/person\/e777c87fa024e57d40170af9df39882c"},"headline":"UGT y CCOO instan de nuevo a movilizarse en el Primero de Mayo","datePublished":"2026-04-30T11:17:16+00:00","dateModified":"2026-04-30T12:07:17+00:00","mainEntityOfPage":{"@id":"https:\/\/www.copealcoy.es\/es\/ugt-y-ccoo-instan-de-nuevo-a-movilizarse-en-el-primero-de-mayo\/"},"wordCount":303,"image":{"@id":"https:\/\/www.copealcoy.es\/es\/ugt-y-ccoo-instan-de-nuevo-a-movilizarse-en-el-primero-de-mayo\/#primaryimage"},"thumbnailUrl":"https:\/\/www.copealcoy.es\/wp-content\/uploads\/2026\/04\/FOTO-1o-MAIG-scaled.jpg","keywords":["CCOO","movilizaci\u00f3n","Primero de Mayo","UGT"],"articleSection":["Actualidad","Alcoy","Noticias","Pol\u00edtica y Econom\u00eda"],"inLanguage":"es"},{"@type":"WebPage","@id":"https:\/\/www.copealcoy.es\/es\/ugt-y-ccoo-instan-de-nuevo-a-movilizarse-en-el-primero-de-mayo\/","url":"https:\/\/www.copealcoy.es\/es\/ugt-y-ccoo-instan-de-nuevo-a-movilizarse-en-el-primero-de-mayo\/","name":"UGT y CCOO instan de nuevo a movilizarse en el Primero de Mayo - COPE Alcoy","isPartOf":{"@id":"https:\/\/www.copealcoy.es\/es\/#website"},"primaryImageOfPage":{"@id":"https:\/\/www.copealcoy.es\/es\/ugt-y-ccoo-instan-de-nuevo-a-movilizarse-en-el-primero-de-mayo\/#primaryimage"},"image":{"@id":"https:\/\/www.copealcoy.es\/es\/ugt-y-ccoo-instan-de-nuevo-a-movilizarse-en-el-primero-de-mayo\/#primaryimage"},"thumbnailUrl":"https:\/\/www.copealcoy.es\/wp-content\/uploads\/2026\/04\/FOTO-1o-MAIG-scaled.jpg","datePublished":"2026-04-30T11:17:16+00:00","dateModified":"2026-04-30T12:07:17+00:00","author":{"@id":"https:\/\/www.copealcoy.es\/es\/#\/schema\/person\/e777c87fa024e57d40170af9df39882c"},"description":"UGT y CCOO instan de nuevo a movilizarse en el Primero de Mayo","breadcrumb":{"@id":"https:\/\/www.copealcoy.es\/es\/ugt-y-ccoo-instan-de-nuevo-a-movilizarse-en-el-primero-de-mayo\/#breadcrumb"},"inLanguage":"es","potentialAction":[{"@type":"ReadAction","target":["https:\/\/www.copealcoy.es\/es\/ugt-y-ccoo-instan-de-nuevo-a-movilizarse-en-el-primero-de-mayo\/"]}]},{"@type":"ImageObject","inLanguage":"es","@id":"https:\/\/www.copealcoy.es\/es\/ugt-y-ccoo-instan-de-nuevo-a-movilizarse-en-el-primero-de-mayo\/#primaryimage","url":"https:\/\/www.copealcoy.es\/wp-content\/uploads\/2026\/04\/FOTO-1o-MAIG-scaled.jpg","contentUrl":"https:\/\/www.copealcoy.es\/wp-content\/uploads\/2026\/04\/FOTO-1o-MAIG-scaled.jpg","width":2560,"height":1528},{"@type":"BreadcrumbList","@id":"https:\/\/www.copealcoy.es\/es\/ugt-y-ccoo-instan-de-nuevo-a-movilizarse-en-el-primero-de-mayo\/#breadcrumb","itemListElement":[{"@type":"ListItem","position":1,"name":"Portada","item":"https:\/\/www.copealcoy.es\/es\/"},{"@type":"ListItem","position":2,"name":"UGT y CCOO instan de nuevo a movilizarse en el Primero de Mayo"}]},{"@type":"WebSite","@id":"https:\/\/www.copealcoy.es\/es\/#website","url":"https:\/\/www.copealcoy.es\/es\/","name":"COPE Alcoy","description":"Emisora COPE de radio local con emisi\u00f3n online. Pont de Sant Jordi 8-10 03803 Alcoy","potentialAction":[{"@type":"SearchAction","target":{"@type":"EntryPoint","urlTemplate":"https:\/\/www.copealcoy.es\/es\/?s={search_term_string}"},"query-input":{"@type":"PropertyValueSpecification","valueRequired":true,"valueName":"search_term_string"}}],"inLanguage":"es"},{"@type":"Person","@id":"https:\/\/www.copealcoy.es\/es\/#\/schema\/person\/e777c87fa024e57d40170af9df39882c","name":"Cope Alcoy","image":{"@type":"ImageObject","inLanguage":"es","@id":"https:\/\/secure.gravatar.com\/avatar\/bb65d0283347e303893ba14f0692005417c1e0e690a325a4c5d8bb2b3943ee14?s=96&d=mm&r=g","url":"https:\/\/secure.gravatar.com\/avatar\/bb65d0283347e303893ba14f0692005417c1e0e690a325a4c5d8bb2b3943ee14?s=96&d=mm&r=g","contentUrl":"https:\/\/secure.gravatar.com\/avatar\/bb65d0283347e303893ba14f0692005417c1e0e690a325a4c5d8bb2b3943ee14?s=96&d=mm&r=g","caption":"Cope Alcoy"}}]}},"_links":{"self":[{"href":"https:\/\/www.copealcoy.es\/es\/wp-json\/wp\/v2\/posts\/167123","targetHints":{"allow":["GET"]}}],"collection":[{"href":"https:\/\/www.copealcoy.es\/es\/wp-json\/wp\/v2\/posts"}],"about":[{"href":"https:\/\/www.copealcoy.es\/es\/wp-json\/wp\/v2\/types\/post"}],"author":[{"embeddable":true,"href":"https:\/\/www.copealcoy.es\/es\/wp-json\/wp\/v2\/users\/1"}],"replies":[{"embeddable":true,"href":"https:\/\/www.copealcoy.es\/es\/wp-json\/wp\/v2\/comments?post=167123"}],"version-history":[{"count":3,"href":"https:\/\/www.copealcoy.es\/es\/wp-json\/wp\/v2\/posts\/167123\/revisions"}],"predecessor-version":[{"id":167139,"href":"https:\/\/www.copealcoy.es\/es\/wp-json\/wp\/v2\/posts\/167123\/revisions\/167139"}],"wp:featuredmedia":[{"embeddable":true,"href":"https:\/\/www.copealcoy.es\/es\/wp-json\/wp\/v2\/media\/167124"}],"wp:attachment":[{"href":"https:\/\/www.copealcoy.es\/es\/wp-json\/wp\/v2\/media?parent=167123"}],"wp:term":[{"taxonomy":"category","embeddable":true,"href":"https:\/\/www.copealcoy.es\/es\/wp-json\/wp\/v2\/categories?post=167123"},{"taxonomy":"post_tag","embeddable":true,"href":"https:\/\/www.copealcoy.es\/es\/wp-json\/wp\/v2\/tags?post=167123"}],"curies":[{"name":"wp","href":"https:\/\/api.w.org\/{rel}","templated":true}]}}