{"id":167114,"date":"2026-04-30T13:00:55","date_gmt":"2026-04-30T12:00:55","guid":{"rendered":"https:\/\/www.copealcoy.es\/?p=167114"},"modified":"2026-04-30T13:12:52","modified_gmt":"2026-04-30T12:12:52","slug":"balance-de-seguridad-de-las-fiestas-de-alcoy-sin-incidentes-graves","status":"publish","type":"post","link":"https:\/\/www.copealcoy.es\/es\/balance-de-seguridad-de-las-fiestas-de-alcoy-sin-incidentes-graves\/","title":{"rendered":"Balance de seguridad de las Fiestas de Alcoy: &#8220;sin incidentes graves&#8221;"},"content":{"rendered":"<p style=\"text-align: justify;\" data-start=\"109\" data-end=\"478\">Las recientes <a href=\"https:\/\/www.asjordi.org\/\" target=\"_blank\" rel=\"noopener\"><span style=\"color: #0000ff;\"><strong data-start=\"123\" data-end=\"165\">Fiestas de Moros y Cristianos de Alcoy<\/strong><\/span><\/a> han finalizado con un balance marcado por la <strong data-start=\"211\" data-end=\"225\">normalidad<\/strong>, la <strong data-start=\"230\" data-end=\"243\">seguridad<\/strong> y la ausencia de incidentes de gravedad. As\u00ed lo destaca el Ayuntamiento tras el dispositivo especial activado durante los d\u00edas centrales de la trilog\u00eda festera, que permiti\u00f3 atender con rapidez las necesidades de vecinos y visitantes.<\/p>\n<p style=\"text-align: justify;\" data-start=\"480\" data-end=\"856\">En materia de seguridad, la <strong data-start=\"508\" data-end=\"525\">Polic\u00eda Local<\/strong> realiz\u00f3 un total de <strong data-start=\"546\" data-end=\"567\">91 intervenciones<\/strong>, la mayor\u00eda relacionadas con incidencias leves derivadas de la gran afluencia de personas en la v\u00eda p\u00fablica. Entre ellas figuran asistencias sanitarias por mareos o ca\u00eddas, ayuda a una persona mayor que no pod\u00eda acceder a su vivienda o peque\u00f1os accidentes de tr\u00e1fico con da\u00f1os materiales. Tambi\u00e9n se resolvieron conflictos vecinales puntuales por ruido y problemas circulatorios, adem\u00e1s de la localizaci\u00f3n r\u00e1pida de un hombre mayor que se hab\u00eda desorientado en la zona del carrer G\u00f3ngora y que pudo reencontrarse enseguida con sus acompa\u00f1antes.<\/p>\n<p style=\"text-align: justify;\" data-start=\"1115\" data-end=\"1455\">Uno de los aspectos m\u00e1s destacados fue el operativo preventivo desarrollado durante las <strong data-start=\"1203\" data-end=\"1215\">Entradas<\/strong>, con cerca de <strong data-start=\"1230\" data-end=\"1270\">60 controles de alcoholemia y drogas<\/strong> realizados a jinetes y conductores de carrozas, todos ellos con resultado negativo.\u00a0 En cuanto a la limpieza, el consistorio intensific\u00f3 las tareas durante y despu\u00e9s de las fiestas. Los trabajos se centraron en la reposici\u00f3n r\u00e1pida de contenedores, limpiezas intensivas en las zonas con mayor presencia de p\u00fablico y actuaciones especiales tras la retirada de tribunas. Tambi\u00e9n se realizaron repasos en calles alejadas del recorrido oficial para garantizar la salubridad en todos los barrios &#8220;<em data-start=\"2034\" data-end=\"2203\">la planificaci\u00f3n de este a\u00f1o ha permitido que la ciudadan\u00eda pueda disfrutar de unas fiestas tranquilas y con las calles en condiciones \u00f3ptimas desde el primer minuto&#8221;,\u00a0<\/em>se\u00f1ala el concejal de Seguridad y Emergencia Clim\u00e1tica, <strong>Ra\u00fcl Llopis<\/strong>.<\/p>\n<p style=\"text-align: justify;\" data-start=\"1115\" data-end=\"1455\">Desde el consistorios se ha agradecido, finalmente, \u00a0<strong>el trabajo realizado por agentes y operarios de limpieza durante toda la trilog\u00eda festera en honor a San Jorge<\/strong>. Ahora, una vez concluidos los festejos,<strong> se sigue trabajando en cuestiones de adecuaci\u00f3n<\/strong> ya que tras la retirada de las tribunas y gradas emergen gran cantidad de residuos debajo que han de ser recogidos.<\/p>\n","protected":false},"excerpt":{"rendered":"<p>Las recientes Fiestas de Moros y Cristianos de Alcoy han finalizado con un balance marcado por la normalidad, la seguridad&#8230;<\/p>\n","protected":false},"author":1,"featured_media":167115,"comment_status":"closed","ping_status":"closed","sticky":false,"template":"","format":"standard","meta":{"footnotes":""},"categories":[6909,97,78,75,125],"tags":[1494,430,565,609,367],"class_list":["post-167114","post","type-post","status-publish","format-standard","has-post-thumbnail","hentry","category-actualidad","category-alcoy","category-fiestaycultura","category-noticias","category-portada","tag-alcoy","tag-balance","tag-fiestas","tag-moros-y-cristianos","tag-seguridad"],"yoast_head":"<!-- This site is optimized with the Yoast SEO plugin v27.3 - https:\/\/yoast.com\/product\/yoast-seo-wordpress\/ -->\n<title>Balance de seguridad de las Fiestas de Alcoy: &quot;sin incidentes graves&quot; - COPE Alcoy<\/title>\n<meta name=\"description\" content=\"Balance de seguridad de las Fiestas de Alcoy: &quot;sin incidentes graves&quot;\" \/>\n<meta name=\"robots\" content=\"index, follow, max-snippet:-1, max-image-preview:large, max-video-preview:-1\" \/>\n<link rel=\"canonical\" href=\"https:\/\/www.copealcoy.es\/es\/balance-de-seguridad-de-las-fiestas-de-alcoy-sin-incidentes-graves\/\" \/>\n<meta property=\"og:locale\" content=\"es_ES\" \/>\n<meta property=\"og:type\" content=\"article\" \/>\n<meta property=\"og:title\" content=\"Balance de seguridad de las Fiestas de Alcoy: &quot;sin incidentes graves&quot; - COPE Alcoy\" \/>\n<meta property=\"og:description\" content=\"Balance de seguridad de las Fiestas de Alcoy: &quot;sin incidentes graves&quot;\" \/>\n<meta property=\"og:url\" content=\"https:\/\/www.copealcoy.es\/es\/balance-de-seguridad-de-las-fiestas-de-alcoy-sin-incidentes-graves\/\" \/>\n<meta property=\"og:site_name\" content=\"COPE Alcoy\" \/>\n<meta property=\"article:published_time\" content=\"2026-04-30T12:00:55+00:00\" \/>\n<meta property=\"article:modified_time\" content=\"2026-04-30T12:12:52+00:00\" \/>\n<meta property=\"og:image\" content=\"https:\/\/www.copealcoy.es\/wp-content\/uploads\/2026\/04\/683629066_1379627777531077_5010882786066914078_n.jpg\" \/>\n\t<meta property=\"og:image:width\" content=\"1075\" \/>\n\t<meta property=\"og:image:height\" content=\"736\" \/>\n\t<meta property=\"og:image:type\" content=\"image\/jpeg\" \/>\n<meta name=\"author\" content=\"Cope Alcoy\" \/>\n<meta name=\"twitter:label1\" content=\"Escrito por\" \/>\n\t<meta name=\"twitter:data1\" content=\"Cope Alcoy\" \/>\n\t<meta name=\"twitter:label2\" content=\"Tiempo de lectura\" \/>\n\t<meta name=\"twitter:data2\" content=\"3 minutos\" \/>\n<script type=\"application\/ld+json\" class=\"yoast-schema-graph\">{\"@context\":\"https:\\\/\\\/schema.org\",\"@graph\":[{\"@type\":\"Article\",\"@id\":\"https:\\\/\\\/www.copealcoy.es\\\/es\\\/balance-de-seguridad-de-las-fiestas-de-alcoy-sin-incidentes-graves\\\/#article\",\"isPartOf\":{\"@id\":\"https:\\\/\\\/www.copealcoy.es\\\/es\\\/balance-de-seguridad-de-las-fiestas-de-alcoy-sin-incidentes-graves\\\/\"},\"author\":{\"name\":\"Cope Alcoy\",\"@id\":\"https:\\\/\\\/www.copealcoy.es\\\/es\\\/#\\\/schema\\\/person\\\/e777c87fa024e57d40170af9df39882c\"},\"headline\":\"Balance de seguridad de las Fiestas de Alcoy: &#8220;sin incidentes graves&#8221;\",\"datePublished\":\"2026-04-30T12:00:55+00:00\",\"dateModified\":\"2026-04-30T12:12:52+00:00\",\"mainEntityOfPage\":{\"@id\":\"https:\\\/\\\/www.copealcoy.es\\\/es\\\/balance-de-seguridad-de-las-fiestas-de-alcoy-sin-incidentes-graves\\\/\"},\"wordCount\":388,\"image\":{\"@id\":\"https:\\\/\\\/www.copealcoy.es\\\/es\\\/balance-de-seguridad-de-las-fiestas-de-alcoy-sin-incidentes-graves\\\/#primaryimage\"},\"thumbnailUrl\":\"https:\\\/\\\/www.copealcoy.es\\\/wp-content\\\/uploads\\\/2026\\\/04\\\/683629066_1379627777531077_5010882786066914078_n.jpg\",\"keywords\":[\"Alcoy\",\"Balance\",\"Fiestas\",\"Moros Y Cristianos\",\"Seguridad\"],\"articleSection\":[\"Actualidad\",\"Alcoy\",\"Fiesta y Cultura\",\"Noticias\",\"Portada\"],\"inLanguage\":\"es\"},{\"@type\":\"WebPage\",\"@id\":\"https:\\\/\\\/www.copealcoy.es\\\/es\\\/balance-de-seguridad-de-las-fiestas-de-alcoy-sin-incidentes-graves\\\/\",\"url\":\"https:\\\/\\\/www.copealcoy.es\\\/es\\\/balance-de-seguridad-de-las-fiestas-de-alcoy-sin-incidentes-graves\\\/\",\"name\":\"Balance de seguridad de las Fiestas de Alcoy: \\\"sin incidentes graves\\\" - COPE Alcoy\",\"isPartOf\":{\"@id\":\"https:\\\/\\\/www.copealcoy.es\\\/es\\\/#website\"},\"primaryImageOfPage\":{\"@id\":\"https:\\\/\\\/www.copealcoy.es\\\/es\\\/balance-de-seguridad-de-las-fiestas-de-alcoy-sin-incidentes-graves\\\/#primaryimage\"},\"image\":{\"@id\":\"https:\\\/\\\/www.copealcoy.es\\\/es\\\/balance-de-seguridad-de-las-fiestas-de-alcoy-sin-incidentes-graves\\\/#primaryimage\"},\"thumbnailUrl\":\"https:\\\/\\\/www.copealcoy.es\\\/wp-content\\\/uploads\\\/2026\\\/04\\\/683629066_1379627777531077_5010882786066914078_n.jpg\",\"datePublished\":\"2026-04-30T12:00:55+00:00\",\"dateModified\":\"2026-04-30T12:12:52+00:00\",\"author\":{\"@id\":\"https:\\\/\\\/www.copealcoy.es\\\/es\\\/#\\\/schema\\\/person\\\/e777c87fa024e57d40170af9df39882c\"},\"description\":\"Balance de seguridad de las Fiestas de Alcoy: \\\"sin incidentes graves\\\"\",\"breadcrumb\":{\"@id\":\"https:\\\/\\\/www.copealcoy.es\\\/es\\\/balance-de-seguridad-de-las-fiestas-de-alcoy-sin-incidentes-graves\\\/#breadcrumb\"},\"inLanguage\":\"es\",\"potentialAction\":[{\"@type\":\"ReadAction\",\"target\":[\"https:\\\/\\\/www.copealcoy.es\\\/es\\\/balance-de-seguridad-de-las-fiestas-de-alcoy-sin-incidentes-graves\\\/\"]}]},{\"@type\":\"ImageObject\",\"inLanguage\":\"es\",\"@id\":\"https:\\\/\\\/www.copealcoy.es\\\/es\\\/balance-de-seguridad-de-las-fiestas-de-alcoy-sin-incidentes-graves\\\/#primaryimage\",\"url\":\"https:\\\/\\\/www.copealcoy.es\\\/wp-content\\\/uploads\\\/2026\\\/04\\\/683629066_1379627777531077_5010882786066914078_n.jpg\",\"contentUrl\":\"https:\\\/\\\/www.copealcoy.es\\\/wp-content\\\/uploads\\\/2026\\\/04\\\/683629066_1379627777531077_5010882786066914078_n.jpg\",\"width\":1075,\"height\":736},{\"@type\":\"BreadcrumbList\",\"@id\":\"https:\\\/\\\/www.copealcoy.es\\\/es\\\/balance-de-seguridad-de-las-fiestas-de-alcoy-sin-incidentes-graves\\\/#breadcrumb\",\"itemListElement\":[{\"@type\":\"ListItem\",\"position\":1,\"name\":\"Portada\",\"item\":\"https:\\\/\\\/www.copealcoy.es\\\/es\\\/\"},{\"@type\":\"ListItem\",\"position\":2,\"name\":\"Balance de seguridad de las Fiestas de Alcoy: &#8220;sin incidentes graves&#8221;\"}]},{\"@type\":\"WebSite\",\"@id\":\"https:\\\/\\\/www.copealcoy.es\\\/es\\\/#website\",\"url\":\"https:\\\/\\\/www.copealcoy.es\\\/es\\\/\",\"name\":\"COPE Alcoy\",\"description\":\"Emisora COPE de radio local con emisi\u00f3n online. Pont de Sant Jordi 8-10 03803 Alcoy\",\"potentialAction\":[{\"@type\":\"SearchAction\",\"target\":{\"@type\":\"EntryPoint\",\"urlTemplate\":\"https:\\\/\\\/www.copealcoy.es\\\/es\\\/?s={search_term_string}\"},\"query-input\":{\"@type\":\"PropertyValueSpecification\",\"valueRequired\":true,\"valueName\":\"search_term_string\"}}],\"inLanguage\":\"es\"},{\"@type\":\"Person\",\"@id\":\"https:\\\/\\\/www.copealcoy.es\\\/es\\\/#\\\/schema\\\/person\\\/e777c87fa024e57d40170af9df39882c\",\"name\":\"Cope Alcoy\",\"image\":{\"@type\":\"ImageObject\",\"inLanguage\":\"es\",\"@id\":\"https:\\\/\\\/secure.gravatar.com\\\/avatar\\\/bb65d0283347e303893ba14f0692005417c1e0e690a325a4c5d8bb2b3943ee14?s=96&d=mm&r=g\",\"url\":\"https:\\\/\\\/secure.gravatar.com\\\/avatar\\\/bb65d0283347e303893ba14f0692005417c1e0e690a325a4c5d8bb2b3943ee14?s=96&d=mm&r=g\",\"contentUrl\":\"https:\\\/\\\/secure.gravatar.com\\\/avatar\\\/bb65d0283347e303893ba14f0692005417c1e0e690a325a4c5d8bb2b3943ee14?s=96&d=mm&r=g\",\"caption\":\"Cope Alcoy\"}}]}<\/script>\n<!-- \/ Yoast SEO plugin. -->","yoast_head_json":{"title":"Balance de seguridad de las Fiestas de Alcoy: \"sin incidentes graves\" - COPE Alcoy","description":"Balance de seguridad de las Fiestas de Alcoy: \"sin incidentes graves\"","robots":{"index":"index","follow":"follow","max-snippet":"max-snippet:-1","max-image-preview":"max-image-preview:large","max-video-preview":"max-video-preview:-1"},"canonical":"https:\/\/www.copealcoy.es\/es\/balance-de-seguridad-de-las-fiestas-de-alcoy-sin-incidentes-graves\/","og_locale":"es_ES","og_type":"article","og_title":"Balance de seguridad de las Fiestas de Alcoy: \"sin incidentes graves\" - COPE Alcoy","og_description":"Balance de seguridad de las Fiestas de Alcoy: \"sin incidentes graves\"","og_url":"https:\/\/www.copealcoy.es\/es\/balance-de-seguridad-de-las-fiestas-de-alcoy-sin-incidentes-graves\/","og_site_name":"COPE Alcoy","article_published_time":"2026-04-30T12:00:55+00:00","article_modified_time":"2026-04-30T12:12:52+00:00","og_image":[{"width":1075,"height":736,"url":"https:\/\/www.copealcoy.es\/wp-content\/uploads\/2026\/04\/683629066_1379627777531077_5010882786066914078_n.jpg","type":"image\/jpeg"}],"author":"Cope Alcoy","twitter_misc":{"Escrito por":"Cope Alcoy","Tiempo de lectura":"3 minutos"},"schema":{"@context":"https:\/\/schema.org","@graph":[{"@type":"Article","@id":"https:\/\/www.copealcoy.es\/es\/balance-de-seguridad-de-las-fiestas-de-alcoy-sin-incidentes-graves\/#article","isPartOf":{"@id":"https:\/\/www.copealcoy.es\/es\/balance-de-seguridad-de-las-fiestas-de-alcoy-sin-incidentes-graves\/"},"author":{"name":"Cope Alcoy","@id":"https:\/\/www.copealcoy.es\/es\/#\/schema\/person\/e777c87fa024e57d40170af9df39882c"},"headline":"Balance de seguridad de las Fiestas de Alcoy: &#8220;sin incidentes graves&#8221;","datePublished":"2026-04-30T12:00:55+00:00","dateModified":"2026-04-30T12:12:52+00:00","mainEntityOfPage":{"@id":"https:\/\/www.copealcoy.es\/es\/balance-de-seguridad-de-las-fiestas-de-alcoy-sin-incidentes-graves\/"},"wordCount":388,"image":{"@id":"https:\/\/www.copealcoy.es\/es\/balance-de-seguridad-de-las-fiestas-de-alcoy-sin-incidentes-graves\/#primaryimage"},"thumbnailUrl":"https:\/\/www.copealcoy.es\/wp-content\/uploads\/2026\/04\/683629066_1379627777531077_5010882786066914078_n.jpg","keywords":["Alcoy","Balance","Fiestas","Moros Y Cristianos","Seguridad"],"articleSection":["Actualidad","Alcoy","Fiesta y Cultura","Noticias","Portada"],"inLanguage":"es"},{"@type":"WebPage","@id":"https:\/\/www.copealcoy.es\/es\/balance-de-seguridad-de-las-fiestas-de-alcoy-sin-incidentes-graves\/","url":"https:\/\/www.copealcoy.es\/es\/balance-de-seguridad-de-las-fiestas-de-alcoy-sin-incidentes-graves\/","name":"Balance de seguridad de las Fiestas de Alcoy: \"sin incidentes graves\" - COPE Alcoy","isPartOf":{"@id":"https:\/\/www.copealcoy.es\/es\/#website"},"primaryImageOfPage":{"@id":"https:\/\/www.copealcoy.es\/es\/balance-de-seguridad-de-las-fiestas-de-alcoy-sin-incidentes-graves\/#primaryimage"},"image":{"@id":"https:\/\/www.copealcoy.es\/es\/balance-de-seguridad-de-las-fiestas-de-alcoy-sin-incidentes-graves\/#primaryimage"},"thumbnailUrl":"https:\/\/www.copealcoy.es\/wp-content\/uploads\/2026\/04\/683629066_1379627777531077_5010882786066914078_n.jpg","datePublished":"2026-04-30T12:00:55+00:00","dateModified":"2026-04-30T12:12:52+00:00","author":{"@id":"https:\/\/www.copealcoy.es\/es\/#\/schema\/person\/e777c87fa024e57d40170af9df39882c"},"description":"Balance de seguridad de las Fiestas de Alcoy: \"sin incidentes graves\"","breadcrumb":{"@id":"https:\/\/www.copealcoy.es\/es\/balance-de-seguridad-de-las-fiestas-de-alcoy-sin-incidentes-graves\/#breadcrumb"},"inLanguage":"es","potentialAction":[{"@type":"ReadAction","target":["https:\/\/www.copealcoy.es\/es\/balance-de-seguridad-de-las-fiestas-de-alcoy-sin-incidentes-graves\/"]}]},{"@type":"ImageObject","inLanguage":"es","@id":"https:\/\/www.copealcoy.es\/es\/balance-de-seguridad-de-las-fiestas-de-alcoy-sin-incidentes-graves\/#primaryimage","url":"https:\/\/www.copealcoy.es\/wp-content\/uploads\/2026\/04\/683629066_1379627777531077_5010882786066914078_n.jpg","contentUrl":"https:\/\/www.copealcoy.es\/wp-content\/uploads\/2026\/04\/683629066_1379627777531077_5010882786066914078_n.jpg","width":1075,"height":736},{"@type":"BreadcrumbList","@id":"https:\/\/www.copealcoy.es\/es\/balance-de-seguridad-de-las-fiestas-de-alcoy-sin-incidentes-graves\/#breadcrumb","itemListElement":[{"@type":"ListItem","position":1,"name":"Portada","item":"https:\/\/www.copealcoy.es\/es\/"},{"@type":"ListItem","position":2,"name":"Balance de seguridad de las Fiestas de Alcoy: &#8220;sin incidentes graves&#8221;"}]},{"@type":"WebSite","@id":"https:\/\/www.copealcoy.es\/es\/#website","url":"https:\/\/www.copealcoy.es\/es\/","name":"COPE Alcoy","description":"Emisora COPE de radio local con emisi\u00f3n online. Pont de Sant Jordi 8-10 03803 Alcoy","potentialAction":[{"@type":"SearchAction","target":{"@type":"EntryPoint","urlTemplate":"https:\/\/www.copealcoy.es\/es\/?s={search_term_string}"},"query-input":{"@type":"PropertyValueSpecification","valueRequired":true,"valueName":"search_term_string"}}],"inLanguage":"es"},{"@type":"Person","@id":"https:\/\/www.copealcoy.es\/es\/#\/schema\/person\/e777c87fa024e57d40170af9df39882c","name":"Cope Alcoy","image":{"@type":"ImageObject","inLanguage":"es","@id":"https:\/\/secure.gravatar.com\/avatar\/bb65d0283347e303893ba14f0692005417c1e0e690a325a4c5d8bb2b3943ee14?s=96&d=mm&r=g","url":"https:\/\/secure.gravatar.com\/avatar\/bb65d0283347e303893ba14f0692005417c1e0e690a325a4c5d8bb2b3943ee14?s=96&d=mm&r=g","contentUrl":"https:\/\/secure.gravatar.com\/avatar\/bb65d0283347e303893ba14f0692005417c1e0e690a325a4c5d8bb2b3943ee14?s=96&d=mm&r=g","caption":"Cope Alcoy"}}]}},"_links":{"self":[{"href":"https:\/\/www.copealcoy.es\/es\/wp-json\/wp\/v2\/posts\/167114","targetHints":{"allow":["GET"]}}],"collection":[{"href":"https:\/\/www.copealcoy.es\/es\/wp-json\/wp\/v2\/posts"}],"about":[{"href":"https:\/\/www.copealcoy.es\/es\/wp-json\/wp\/v2\/types\/post"}],"author":[{"embeddable":true,"href":"https:\/\/www.copealcoy.es\/es\/wp-json\/wp\/v2\/users\/1"}],"replies":[{"embeddable":true,"href":"https:\/\/www.copealcoy.es\/es\/wp-json\/wp\/v2\/comments?post=167114"}],"version-history":[{"count":2,"href":"https:\/\/www.copealcoy.es\/es\/wp-json\/wp\/v2\/posts\/167114\/revisions"}],"predecessor-version":[{"id":167118,"href":"https:\/\/www.copealcoy.es\/es\/wp-json\/wp\/v2\/posts\/167114\/revisions\/167118"}],"wp:featuredmedia":[{"embeddable":true,"href":"https:\/\/www.copealcoy.es\/es\/wp-json\/wp\/v2\/media\/167115"}],"wp:attachment":[{"href":"https:\/\/www.copealcoy.es\/es\/wp-json\/wp\/v2\/media?parent=167114"}],"wp:term":[{"taxonomy":"category","embeddable":true,"href":"https:\/\/www.copealcoy.es\/es\/wp-json\/wp\/v2\/categories?post=167114"},{"taxonomy":"post_tag","embeddable":true,"href":"https:\/\/www.copealcoy.es\/es\/wp-json\/wp\/v2\/tags?post=167114"}],"curies":[{"name":"wp","href":"https:\/\/api.w.org\/{rel}","templated":true}]}}