{"id":167108,"date":"2026-04-30T12:00:44","date_gmt":"2026-04-30T11:00:44","guid":{"rendered":"https:\/\/www.copealcoy.es\/?p=167108"},"modified":"2026-04-30T12:33:14","modified_gmt":"2026-04-30T11:33:14","slug":"aitex-participa-en-casa-decor-con-un-espacio-que-ofrece-una-experiencia-sensorial","status":"publish","type":"post","link":"https:\/\/www.copealcoy.es\/es\/aitex-participa-en-casa-decor-con-un-espacio-que-ofrece-una-experiencia-sensorial\/","title":{"rendered":"AITEX participa en Casa Decor con un espacio que ofrece una experiencia sensorial"},"content":{"rendered":"<p style=\"text-align: justify;\" data-start=\"0\" data-end=\"429\"><span style=\"color: #0000ff;\"><strong data-start=\"0\" data-end=\"9\">AITEX<\/strong><\/span> vuelve a situar la innovaci\u00f3n desarrollada en <strong data-start=\"56\" data-end=\"65\">Alcoy<\/strong> en el escaparate nacional del dise\u00f1o con su participaci\u00f3n en <strong data-start=\"127\" data-end=\"146\">Casa Decor 2026<\/strong>, donde presenta por primera vez un espacio propio bajo el nombre de <strong data-start=\"215\" data-end=\"238\">\u201cThe Listening Bar\u201d<\/strong>. Se trata de una propuesta inmersiva que une tecnolog\u00eda, interiorismo y sostenibilidad para demostrar c\u00f3mo la investigaci\u00f3n textil puede integrarse en los espacios del h\u00e1bitat contempor\u00e1neo.<\/p>\n<p style=\"text-align: justify;\" data-start=\"431\" data-end=\"776\">El proyecto ha sido dise\u00f1ado por la arquitecta <strong data-start=\"478\" data-end=\"498\">Mariana Paccieri<\/strong> y convierte el acto de escuchar m\u00fasica en una experiencia sensorial en la que el sonido dialoga con la luz, las texturas y los materiales. El visitante no solo recorre el espacio, sino que interact\u00faa con una atm\u00f3sfera pensada para detenerse, sentir y reconectar con el entorno. Adem\u00e1s, en el interior de este espacio, <strong data-start=\"810\" data-end=\"819\">AITEX<\/strong> exhibe <strong data-start=\"827\" data-end=\"863\">siete demostradores tecnol\u00f3gicos<\/strong> desarrollados en sus instalaciones de Alcoy.<\/p>\n<p style=\"text-align: justify;\" data-start=\"431\" data-end=\"776\">Entre ellos destacan revestimientos de pared creados a partir de residuos textiles reciclados, paneles decorativos ligeros, estructuras tipo panal para arquitectura, una escultura en seda natural te\u00f1ida con colorantes vegetales, una alfombra en relieve realizada con t\u00e9cnicas avanzadas de tufting, un sof\u00e1 con carga inal\u00e1mbrica integrada en el tejido y piezas de ajedrez fabricadas mediante impresi\u00f3n 3D <em data-start=\"1411\" data-end=\"1608\">\u201c estamos ante una oportunidad \u00fanica para mostrar, de una forma cercana y tangible, el trabajo de investigaci\u00f3n que se desarrolla en AITEX y c\u00f3mo este conocimiento puede transformar los espacios que habitamos\u201d, <\/em>afirma el director general de <strong data-start=\"1338\" data-end=\"1347\">AITEX<\/strong>, <strong data-start=\"1349\" data-end=\"1367\">Vicente Blanes<\/strong>, a la hora de valorar esta presencia en Casa Decor 2026.\u00a0 Por su parte, <strong data-start=\"1625\" data-end=\"1645\">Mariana Paccieri<\/strong> ha destacado que <em data-start=\"1663\" data-end=\"1790\">\u201cThe Listening Bar es un espacio donde el sonido, los materiales y la luz dialogan para invitar a parar, sentir y reconectar\u201d<\/em>, subrayando adem\u00e1s que la colaboraci\u00f3n con AITEX ha permitido integrar innovaci\u00f3n textil y sostenibilidad en el propio dise\u00f1o.<\/p>\n<p style=\"text-align: justify;\" data-start=\"1919\" data-end=\"2171\" data-is-last-node=\"\" data-is-only-node=\"\">Con esta presencia en <strong data-start=\"1941\" data-end=\"1955\">Casa Decor<\/strong>, AITEX reafirma su apuesta por la <strong data-start=\"1990\" data-end=\"2015\">innovaci\u00f3n sostenible<\/strong>, la <strong data-start=\"2020\" data-end=\"2041\">econom\u00eda circular<\/strong> y la aplicaci\u00f3n pr\u00e1ctica de la investigaci\u00f3n. Junto a ello, el centro de investigaci\u00f3n consolida su objetivo de exportar desde Alcoy nuevas soluciones que conectan ciencia, dise\u00f1o e industria.<\/p>\n","protected":false},"excerpt":{"rendered":"<p>AITEX vuelve a situar la innovaci\u00f3n desarrollada en Alcoy en el escaparate nacional del dise\u00f1o con su participaci\u00f3n en Casa&#8230;<\/p>\n","protected":false},"author":1,"featured_media":167109,"comment_status":"closed","ping_status":"closed","sticky":false,"template":"","format":"standard","meta":{"footnotes":""},"categories":[6909,97,94,79],"tags":[771,20985,21063,415],"class_list":["post-167108","post","type-post","status-publish","format-standard","has-post-thumbnail","hentry","category-actualidad","category-alcoy","category-nacional","category-politicayeconomia","tag-aitex","tag-casa-decor","tag-espacio-sensorial","tag-participacion"],"yoast_head":"<!-- This site is optimized with the Yoast SEO plugin v27.3 - https:\/\/yoast.com\/product\/yoast-seo-wordpress\/ -->\n<title>AITEX participa en Casa Decor con un espacio que ofrece una experiencia sensorial - COPE Alcoy<\/title>\n<meta name=\"description\" content=\"AITEX participa en Casa Decor con un espacio que ofrece una experiencia sensorial\" \/>\n<meta name=\"robots\" content=\"index, follow, max-snippet:-1, max-image-preview:large, max-video-preview:-1\" \/>\n<link rel=\"canonical\" href=\"https:\/\/www.copealcoy.es\/es\/aitex-participa-en-casa-decor-con-un-espacio-que-ofrece-una-experiencia-sensorial\/\" \/>\n<meta property=\"og:locale\" content=\"es_ES\" \/>\n<meta property=\"og:type\" content=\"article\" \/>\n<meta property=\"og:title\" content=\"AITEX participa en Casa Decor con un espacio que ofrece una experiencia sensorial - COPE Alcoy\" \/>\n<meta property=\"og:description\" content=\"AITEX participa en Casa Decor con un espacio que ofrece una experiencia sensorial\" \/>\n<meta property=\"og:url\" content=\"https:\/\/www.copealcoy.es\/es\/aitex-participa-en-casa-decor-con-un-espacio-que-ofrece-una-experiencia-sensorial\/\" \/>\n<meta property=\"og:site_name\" content=\"COPE Alcoy\" \/>\n<meta property=\"article:published_time\" content=\"2026-04-30T11:00:44+00:00\" \/>\n<meta property=\"article:modified_time\" content=\"2026-04-30T11:33:14+00:00\" \/>\n<meta property=\"og:image\" content=\"https:\/\/www.copealcoy.es\/wp-content\/uploads\/2026\/04\/The-Listening-Bar-espacio-de-AITEX-en-Casa-Decor.jpg\" \/>\n\t<meta property=\"og:image:width\" content=\"1600\" \/>\n\t<meta property=\"og:image:height\" content=\"1067\" \/>\n\t<meta property=\"og:image:type\" content=\"image\/jpeg\" \/>\n<meta name=\"author\" content=\"Cope Alcoy\" \/>\n<meta name=\"twitter:label1\" content=\"Escrito por\" \/>\n\t<meta name=\"twitter:data1\" content=\"Cope Alcoy\" \/>\n\t<meta name=\"twitter:label2\" content=\"Tiempo de lectura\" \/>\n\t<meta name=\"twitter:data2\" content=\"3 minutos\" \/>\n<script type=\"application\/ld+json\" class=\"yoast-schema-graph\">{\"@context\":\"https:\\\/\\\/schema.org\",\"@graph\":[{\"@type\":\"Article\",\"@id\":\"https:\\\/\\\/www.copealcoy.es\\\/es\\\/aitex-participa-en-casa-decor-con-un-espacio-que-ofrece-una-experiencia-sensorial\\\/#article\",\"isPartOf\":{\"@id\":\"https:\\\/\\\/www.copealcoy.es\\\/es\\\/aitex-participa-en-casa-decor-con-un-espacio-que-ofrece-una-experiencia-sensorial\\\/\"},\"author\":{\"name\":\"Cope Alcoy\",\"@id\":\"https:\\\/\\\/www.copealcoy.es\\\/es\\\/#\\\/schema\\\/person\\\/e777c87fa024e57d40170af9df39882c\"},\"headline\":\"AITEX participa en Casa Decor con un espacio que ofrece una experiencia sensorial\",\"datePublished\":\"2026-04-30T11:00:44+00:00\",\"dateModified\":\"2026-04-30T11:33:14+00:00\",\"mainEntityOfPage\":{\"@id\":\"https:\\\/\\\/www.copealcoy.es\\\/es\\\/aitex-participa-en-casa-decor-con-un-espacio-que-ofrece-una-experiencia-sensorial\\\/\"},\"wordCount\":382,\"image\":{\"@id\":\"https:\\\/\\\/www.copealcoy.es\\\/es\\\/aitex-participa-en-casa-decor-con-un-espacio-que-ofrece-una-experiencia-sensorial\\\/#primaryimage\"},\"thumbnailUrl\":\"https:\\\/\\\/www.copealcoy.es\\\/wp-content\\\/uploads\\\/2026\\\/04\\\/The-Listening-Bar-espacio-de-AITEX-en-Casa-Decor.jpg\",\"keywords\":[\"Aitex\",\"Casa Decor\",\"espacio sensorial\",\"Participaci\u00f3n\"],\"articleSection\":[\"Actualidad\",\"Alcoy\",\"Nacional\",\"Pol\u00edtica y Econom\u00eda\"],\"inLanguage\":\"es\"},{\"@type\":\"WebPage\",\"@id\":\"https:\\\/\\\/www.copealcoy.es\\\/es\\\/aitex-participa-en-casa-decor-con-un-espacio-que-ofrece-una-experiencia-sensorial\\\/\",\"url\":\"https:\\\/\\\/www.copealcoy.es\\\/es\\\/aitex-participa-en-casa-decor-con-un-espacio-que-ofrece-una-experiencia-sensorial\\\/\",\"name\":\"AITEX participa en Casa Decor con un espacio que ofrece una experiencia sensorial - COPE Alcoy\",\"isPartOf\":{\"@id\":\"https:\\\/\\\/www.copealcoy.es\\\/es\\\/#website\"},\"primaryImageOfPage\":{\"@id\":\"https:\\\/\\\/www.copealcoy.es\\\/es\\\/aitex-participa-en-casa-decor-con-un-espacio-que-ofrece-una-experiencia-sensorial\\\/#primaryimage\"},\"image\":{\"@id\":\"https:\\\/\\\/www.copealcoy.es\\\/es\\\/aitex-participa-en-casa-decor-con-un-espacio-que-ofrece-una-experiencia-sensorial\\\/#primaryimage\"},\"thumbnailUrl\":\"https:\\\/\\\/www.copealcoy.es\\\/wp-content\\\/uploads\\\/2026\\\/04\\\/The-Listening-Bar-espacio-de-AITEX-en-Casa-Decor.jpg\",\"datePublished\":\"2026-04-30T11:00:44+00:00\",\"dateModified\":\"2026-04-30T11:33:14+00:00\",\"author\":{\"@id\":\"https:\\\/\\\/www.copealcoy.es\\\/es\\\/#\\\/schema\\\/person\\\/e777c87fa024e57d40170af9df39882c\"},\"description\":\"AITEX participa en Casa Decor con un espacio que ofrece una experiencia sensorial\",\"breadcrumb\":{\"@id\":\"https:\\\/\\\/www.copealcoy.es\\\/es\\\/aitex-participa-en-casa-decor-con-un-espacio-que-ofrece-una-experiencia-sensorial\\\/#breadcrumb\"},\"inLanguage\":\"es\",\"potentialAction\":[{\"@type\":\"ReadAction\",\"target\":[\"https:\\\/\\\/www.copealcoy.es\\\/es\\\/aitex-participa-en-casa-decor-con-un-espacio-que-ofrece-una-experiencia-sensorial\\\/\"]}]},{\"@type\":\"ImageObject\",\"inLanguage\":\"es\",\"@id\":\"https:\\\/\\\/www.copealcoy.es\\\/es\\\/aitex-participa-en-casa-decor-con-un-espacio-que-ofrece-una-experiencia-sensorial\\\/#primaryimage\",\"url\":\"https:\\\/\\\/www.copealcoy.es\\\/wp-content\\\/uploads\\\/2026\\\/04\\\/The-Listening-Bar-espacio-de-AITEX-en-Casa-Decor.jpg\",\"contentUrl\":\"https:\\\/\\\/www.copealcoy.es\\\/wp-content\\\/uploads\\\/2026\\\/04\\\/The-Listening-Bar-espacio-de-AITEX-en-Casa-Decor.jpg\",\"width\":1600,\"height\":1067},{\"@type\":\"BreadcrumbList\",\"@id\":\"https:\\\/\\\/www.copealcoy.es\\\/es\\\/aitex-participa-en-casa-decor-con-un-espacio-que-ofrece-una-experiencia-sensorial\\\/#breadcrumb\",\"itemListElement\":[{\"@type\":\"ListItem\",\"position\":1,\"name\":\"Portada\",\"item\":\"https:\\\/\\\/www.copealcoy.es\\\/es\\\/\"},{\"@type\":\"ListItem\",\"position\":2,\"name\":\"AITEX participa en Casa Decor con un espacio que ofrece una experiencia sensorial\"}]},{\"@type\":\"WebSite\",\"@id\":\"https:\\\/\\\/www.copealcoy.es\\\/es\\\/#website\",\"url\":\"https:\\\/\\\/www.copealcoy.es\\\/es\\\/\",\"name\":\"COPE Alcoy\",\"description\":\"Emisora COPE de radio local con emisi\u00f3n online. Pont de Sant Jordi 8-10 03803 Alcoy\",\"potentialAction\":[{\"@type\":\"SearchAction\",\"target\":{\"@type\":\"EntryPoint\",\"urlTemplate\":\"https:\\\/\\\/www.copealcoy.es\\\/es\\\/?s={search_term_string}\"},\"query-input\":{\"@type\":\"PropertyValueSpecification\",\"valueRequired\":true,\"valueName\":\"search_term_string\"}}],\"inLanguage\":\"es\"},{\"@type\":\"Person\",\"@id\":\"https:\\\/\\\/www.copealcoy.es\\\/es\\\/#\\\/schema\\\/person\\\/e777c87fa024e57d40170af9df39882c\",\"name\":\"Cope Alcoy\",\"image\":{\"@type\":\"ImageObject\",\"inLanguage\":\"es\",\"@id\":\"https:\\\/\\\/secure.gravatar.com\\\/avatar\\\/bb65d0283347e303893ba14f0692005417c1e0e690a325a4c5d8bb2b3943ee14?s=96&d=mm&r=g\",\"url\":\"https:\\\/\\\/secure.gravatar.com\\\/avatar\\\/bb65d0283347e303893ba14f0692005417c1e0e690a325a4c5d8bb2b3943ee14?s=96&d=mm&r=g\",\"contentUrl\":\"https:\\\/\\\/secure.gravatar.com\\\/avatar\\\/bb65d0283347e303893ba14f0692005417c1e0e690a325a4c5d8bb2b3943ee14?s=96&d=mm&r=g\",\"caption\":\"Cope Alcoy\"}}]}<\/script>\n<!-- \/ Yoast SEO plugin. -->","yoast_head_json":{"title":"AITEX participa en Casa Decor con un espacio que ofrece una experiencia sensorial - COPE Alcoy","description":"AITEX participa en Casa Decor con un espacio que ofrece una experiencia sensorial","robots":{"index":"index","follow":"follow","max-snippet":"max-snippet:-1","max-image-preview":"max-image-preview:large","max-video-preview":"max-video-preview:-1"},"canonical":"https:\/\/www.copealcoy.es\/es\/aitex-participa-en-casa-decor-con-un-espacio-que-ofrece-una-experiencia-sensorial\/","og_locale":"es_ES","og_type":"article","og_title":"AITEX participa en Casa Decor con un espacio que ofrece una experiencia sensorial - COPE Alcoy","og_description":"AITEX participa en Casa Decor con un espacio que ofrece una experiencia sensorial","og_url":"https:\/\/www.copealcoy.es\/es\/aitex-participa-en-casa-decor-con-un-espacio-que-ofrece-una-experiencia-sensorial\/","og_site_name":"COPE Alcoy","article_published_time":"2026-04-30T11:00:44+00:00","article_modified_time":"2026-04-30T11:33:14+00:00","og_image":[{"width":1600,"height":1067,"url":"https:\/\/www.copealcoy.es\/wp-content\/uploads\/2026\/04\/The-Listening-Bar-espacio-de-AITEX-en-Casa-Decor.jpg","type":"image\/jpeg"}],"author":"Cope Alcoy","twitter_misc":{"Escrito por":"Cope Alcoy","Tiempo de lectura":"3 minutos"},"schema":{"@context":"https:\/\/schema.org","@graph":[{"@type":"Article","@id":"https:\/\/www.copealcoy.es\/es\/aitex-participa-en-casa-decor-con-un-espacio-que-ofrece-una-experiencia-sensorial\/#article","isPartOf":{"@id":"https:\/\/www.copealcoy.es\/es\/aitex-participa-en-casa-decor-con-un-espacio-que-ofrece-una-experiencia-sensorial\/"},"author":{"name":"Cope Alcoy","@id":"https:\/\/www.copealcoy.es\/es\/#\/schema\/person\/e777c87fa024e57d40170af9df39882c"},"headline":"AITEX participa en Casa Decor con un espacio que ofrece una experiencia sensorial","datePublished":"2026-04-30T11:00:44+00:00","dateModified":"2026-04-30T11:33:14+00:00","mainEntityOfPage":{"@id":"https:\/\/www.copealcoy.es\/es\/aitex-participa-en-casa-decor-con-un-espacio-que-ofrece-una-experiencia-sensorial\/"},"wordCount":382,"image":{"@id":"https:\/\/www.copealcoy.es\/es\/aitex-participa-en-casa-decor-con-un-espacio-que-ofrece-una-experiencia-sensorial\/#primaryimage"},"thumbnailUrl":"https:\/\/www.copealcoy.es\/wp-content\/uploads\/2026\/04\/The-Listening-Bar-espacio-de-AITEX-en-Casa-Decor.jpg","keywords":["Aitex","Casa Decor","espacio sensorial","Participaci\u00f3n"],"articleSection":["Actualidad","Alcoy","Nacional","Pol\u00edtica y Econom\u00eda"],"inLanguage":"es"},{"@type":"WebPage","@id":"https:\/\/www.copealcoy.es\/es\/aitex-participa-en-casa-decor-con-un-espacio-que-ofrece-una-experiencia-sensorial\/","url":"https:\/\/www.copealcoy.es\/es\/aitex-participa-en-casa-decor-con-un-espacio-que-ofrece-una-experiencia-sensorial\/","name":"AITEX participa en Casa Decor con un espacio que ofrece una experiencia sensorial - COPE Alcoy","isPartOf":{"@id":"https:\/\/www.copealcoy.es\/es\/#website"},"primaryImageOfPage":{"@id":"https:\/\/www.copealcoy.es\/es\/aitex-participa-en-casa-decor-con-un-espacio-que-ofrece-una-experiencia-sensorial\/#primaryimage"},"image":{"@id":"https:\/\/www.copealcoy.es\/es\/aitex-participa-en-casa-decor-con-un-espacio-que-ofrece-una-experiencia-sensorial\/#primaryimage"},"thumbnailUrl":"https:\/\/www.copealcoy.es\/wp-content\/uploads\/2026\/04\/The-Listening-Bar-espacio-de-AITEX-en-Casa-Decor.jpg","datePublished":"2026-04-30T11:00:44+00:00","dateModified":"2026-04-30T11:33:14+00:00","author":{"@id":"https:\/\/www.copealcoy.es\/es\/#\/schema\/person\/e777c87fa024e57d40170af9df39882c"},"description":"AITEX participa en Casa Decor con un espacio que ofrece una experiencia sensorial","breadcrumb":{"@id":"https:\/\/www.copealcoy.es\/es\/aitex-participa-en-casa-decor-con-un-espacio-que-ofrece-una-experiencia-sensorial\/#breadcrumb"},"inLanguage":"es","potentialAction":[{"@type":"ReadAction","target":["https:\/\/www.copealcoy.es\/es\/aitex-participa-en-casa-decor-con-un-espacio-que-ofrece-una-experiencia-sensorial\/"]}]},{"@type":"ImageObject","inLanguage":"es","@id":"https:\/\/www.copealcoy.es\/es\/aitex-participa-en-casa-decor-con-un-espacio-que-ofrece-una-experiencia-sensorial\/#primaryimage","url":"https:\/\/www.copealcoy.es\/wp-content\/uploads\/2026\/04\/The-Listening-Bar-espacio-de-AITEX-en-Casa-Decor.jpg","contentUrl":"https:\/\/www.copealcoy.es\/wp-content\/uploads\/2026\/04\/The-Listening-Bar-espacio-de-AITEX-en-Casa-Decor.jpg","width":1600,"height":1067},{"@type":"BreadcrumbList","@id":"https:\/\/www.copealcoy.es\/es\/aitex-participa-en-casa-decor-con-un-espacio-que-ofrece-una-experiencia-sensorial\/#breadcrumb","itemListElement":[{"@type":"ListItem","position":1,"name":"Portada","item":"https:\/\/www.copealcoy.es\/es\/"},{"@type":"ListItem","position":2,"name":"AITEX participa en Casa Decor con un espacio que ofrece una experiencia sensorial"}]},{"@type":"WebSite","@id":"https:\/\/www.copealcoy.es\/es\/#website","url":"https:\/\/www.copealcoy.es\/es\/","name":"COPE Alcoy","description":"Emisora COPE de radio local con emisi\u00f3n online. Pont de Sant Jordi 8-10 03803 Alcoy","potentialAction":[{"@type":"SearchAction","target":{"@type":"EntryPoint","urlTemplate":"https:\/\/www.copealcoy.es\/es\/?s={search_term_string}"},"query-input":{"@type":"PropertyValueSpecification","valueRequired":true,"valueName":"search_term_string"}}],"inLanguage":"es"},{"@type":"Person","@id":"https:\/\/www.copealcoy.es\/es\/#\/schema\/person\/e777c87fa024e57d40170af9df39882c","name":"Cope Alcoy","image":{"@type":"ImageObject","inLanguage":"es","@id":"https:\/\/secure.gravatar.com\/avatar\/bb65d0283347e303893ba14f0692005417c1e0e690a325a4c5d8bb2b3943ee14?s=96&d=mm&r=g","url":"https:\/\/secure.gravatar.com\/avatar\/bb65d0283347e303893ba14f0692005417c1e0e690a325a4c5d8bb2b3943ee14?s=96&d=mm&r=g","contentUrl":"https:\/\/secure.gravatar.com\/avatar\/bb65d0283347e303893ba14f0692005417c1e0e690a325a4c5d8bb2b3943ee14?s=96&d=mm&r=g","caption":"Cope Alcoy"}}]}},"_links":{"self":[{"href":"https:\/\/www.copealcoy.es\/es\/wp-json\/wp\/v2\/posts\/167108","targetHints":{"allow":["GET"]}}],"collection":[{"href":"https:\/\/www.copealcoy.es\/es\/wp-json\/wp\/v2\/posts"}],"about":[{"href":"https:\/\/www.copealcoy.es\/es\/wp-json\/wp\/v2\/types\/post"}],"author":[{"embeddable":true,"href":"https:\/\/www.copealcoy.es\/es\/wp-json\/wp\/v2\/users\/1"}],"replies":[{"embeddable":true,"href":"https:\/\/www.copealcoy.es\/es\/wp-json\/wp\/v2\/comments?post=167108"}],"version-history":[{"count":1,"href":"https:\/\/www.copealcoy.es\/es\/wp-json\/wp\/v2\/posts\/167108\/revisions"}],"predecessor-version":[{"id":167111,"href":"https:\/\/www.copealcoy.es\/es\/wp-json\/wp\/v2\/posts\/167108\/revisions\/167111"}],"wp:featuredmedia":[{"embeddable":true,"href":"https:\/\/www.copealcoy.es\/es\/wp-json\/wp\/v2\/media\/167109"}],"wp:attachment":[{"href":"https:\/\/www.copealcoy.es\/es\/wp-json\/wp\/v2\/media?parent=167108"}],"wp:term":[{"taxonomy":"category","embeddable":true,"href":"https:\/\/www.copealcoy.es\/es\/wp-json\/wp\/v2\/categories?post=167108"},{"taxonomy":"post_tag","embeddable":true,"href":"https:\/\/www.copealcoy.es\/es\/wp-json\/wp\/v2\/tags?post=167108"}],"curies":[{"name":"wp","href":"https:\/\/api.w.org\/{rel}","templated":true}]}}