{"id":167085,"date":"2026-04-29T07:30:02","date_gmt":"2026-04-29T06:30:02","guid":{"rendered":"https:\/\/www.copealcoy.es\/?p=167085"},"modified":"2026-04-29T20:31:12","modified_gmt":"2026-04-29T19:31:12","slug":"informativo-matinal-miercoles-29-de-abril-2026-0750h","status":"publish","type":"post","link":"https:\/\/www.copealcoy.es\/es\/informativo-matinal-miercoles-29-de-abril-2026-0750h\/","title":{"rendered":"Informativo matinal mi\u00e9rcoles 29 de abril 2026 (07:50h)"},"content":{"rendered":"<p><iframe loading=\"lazy\" title=\"Informativo Matinal Mi\u00e9rcoles 29 De Abril 2026 (07:50h)\" width=\"100%\" height=\"120\" src=\"https:\/\/www.mixcloud.com\/widget\/iframe\/?feed=https%3A%2F%2Fwww.mixcloud.com%2FCOPEAlcoy%2Finformativo-matinal-mi%25C3%25A9rcoles-29-de-abril-2026-0750h%2F&amp;hide_cover=1\" frameborder=\"0\" allow=\"encrypted-media; fullscreen; autoplay; idle-detection; speaker-selection; web-share;\"><\/iframe><\/p>\n<p style=\"text-align: justify;\">Hoy mi\u00e9rcoles hemos destacado que <strong>la Asociaci\u00f3n de San Jorge ha hecho un balance positivo de las Fiestas de Moros y Cristianos de Alcoy<\/strong> que acaban de terminar. Tambi\u00e9n hemos comentado novedades en torno al exalcalde de Agres, <strong>Josep Manel Franc\u00e9s<\/strong>.<\/p>\n<p style=\"text-align: justify;\" data-start=\"103\" data-end=\"449\">La Secci\u00f3n Tercera de la\u00a0<span style=\"color: #0000ff;\"><a style=\"color: #0000ff;\" href=\"https:\/\/www.poderjudicial.es\/cgpj\/es\/Servicios\/Atencion-Ciudadana\/Oficinas-de-Atencion-y-Decanatos\/AUDIENCIA-PROVINCIAL-DE-ALICANTE?provincia=03\" target=\"_blank\" rel=\"noopener\"><strong data-start=\"128\" data-end=\"164\">Audiencia Provincial de Alicante<\/strong><\/a>\u00a0<\/span>ha absuelto al exalcalde de\u00a0<strong data-start=\"193\" data-end=\"202\">Agres<\/strong>,\u00a0<strong data-start=\"204\" data-end=\"255\">Josep Manel Franc\u00e9s (Junts per Agres-Comprom\u00eds)<\/strong>, de los delitos de\u00a0<strong data-start=\"275\" data-end=\"307\">prevaricaci\u00f3n y malversaci\u00f3n<\/strong>\u00a0por los que hab\u00eda sido juzgado, al considerar que no existi\u00f3 actuaci\u00f3n con relevancia penal en la gesti\u00f3n de su retribuci\u00f3n como primer edil. La sentencia, fechada el pasado\u00a0<strong data-start=\"483\" data-end=\"498\">17 de abril<\/strong>\u00a0tras el juicio celebrado el\u00a0<strong data-start=\"527\" data-end=\"542\">30 de marzo<\/strong>, concluye que Franc\u00e9s no percibi\u00f3 de forma il\u00edcita su salario y que su actuaci\u00f3n se ajust\u00f3 a los acuerdos adoptados por el pleno municipal. El tribunal se\u00f1ala adem\u00e1s que en el caso \u201cno se vislumbra ninguna actuaci\u00f3n con relevancia penal\u201d.<\/p>\n<p style=\"text-align: justify;\" data-start=\"783\" data-end=\"937\">Esta resoluci\u00f3n no es firme y puede ser recurrida ante la Sala de lo Civil y Penal del\u00a0<strong data-start=\"868\" data-end=\"936\">Tribunal Superior de Justicia de la Comunitat Valenciana (TSJCV)<\/strong>. Durante el proceso, la\u00a0<strong data-start=\"962\" data-end=\"974\">Fiscal\u00eda<\/strong>\u00a0hab\u00eda solicitado para el exalcalde una pena de\u00a0<strong data-start=\"1022\" data-end=\"1046\">tres a\u00f1os de prisi\u00f3n<\/strong>, al considerar que los hechos constitu\u00edan delitos de prevaricaci\u00f3n y malversaci\u00f3n. La defensa, por su parte, pidi\u00f3 la libre absoluci\u00f3n al sostener que Franc\u00e9s actu\u00f3 conforme a los acuerdos municipales y sin intenci\u00f3n de apropiaci\u00f3n indebida.<\/p>\n<p style=\"text-align: justify;\" data-start=\"1290\" data-end=\"1653\">En su declaraci\u00f3n, el exalcalde explic\u00f3 que el pleno del Ayuntamiento de Agres fij\u00f3 en\u00a0<strong data-start=\"1377\" data-end=\"1385\">2019<\/strong>\u00a0su dedicaci\u00f3n parcial con retribuci\u00f3n durante un a\u00f1o, y que posteriormente la continuidad del pago fue objeto de controversia pol\u00edtica entre los grupos municipales, lo que deriv\u00f3 en sucesivos acuerdos plenarios y en la suspensi\u00f3n y posterior recuperaci\u00f3n del salario. La Audiencia considera que el caso responde a un\u00a0<strong data-start=\"1704\" data-end=\"1749\">conflicto de car\u00e1cter pol\u00edtico y no penal<\/strong>, subrayando que la limitaci\u00f3n temporal de la retribuci\u00f3n era fruto de un pacto entre formaciones pol\u00edticas y no de una obligaci\u00f3n legal.<\/p>\n<p style=\"text-align: justify;\" data-start=\"1888\" data-end=\"2080\">La sentencia a\u00f1ade que cualquier incumplimiento de esos acuerdos podr\u00eda tener consecuencias en el \u00e1mbito pol\u00edtico o electoral, pero no en el penal, por lo que descarta la existencia de delito. Con esta resoluci\u00f3n, el tribunal absuelve a Franc\u00e9s de todos los cargos, aunque la causa queda a la espera de una posible apelaci\u00f3n.<\/p>\n","protected":false},"excerpt":{"rendered":"<p>Hoy mi\u00e9rcoles hemos destacado que la Asociaci\u00f3n de San Jorge ha hecho un balance positivo de las Fiestas de Moros&#8230;<\/p>\n","protected":false},"author":1,"featured_media":147669,"comment_status":"closed","ping_status":"closed","sticky":false,"template":"","format":"standard","meta":{"footnotes":""},"categories":[6909,89,91,75],"tags":[],"class_list":["post-167085","post","type-post","status-publish","format-standard","has-post-thumbnail","hentry","category-actualidad","category-audiosdelosprogramas","category-informativos","category-noticias"],"yoast_head":"<!-- This site is optimized with the Yoast SEO plugin v27.3 - https:\/\/yoast.com\/product\/yoast-seo-wordpress\/ -->\n<title>Informativo matinal mi\u00e9rcoles 29 de abril 2026 (07:50h) - COPE Alcoy<\/title>\n<meta name=\"robots\" content=\"index, follow, max-snippet:-1, max-image-preview:large, max-video-preview:-1\" \/>\n<link rel=\"canonical\" href=\"https:\/\/www.copealcoy.es\/es\/informativo-matinal-miercoles-29-de-abril-2026-0750h\/\" \/>\n<meta property=\"og:locale\" content=\"es_ES\" \/>\n<meta property=\"og:type\" content=\"article\" \/>\n<meta property=\"og:title\" content=\"Informativo matinal mi\u00e9rcoles 29 de abril 2026 (07:50h) - COPE Alcoy\" \/>\n<meta property=\"og:description\" content=\"Hoy mi\u00e9rcoles hemos destacado que la Asociaci\u00f3n de San Jorge ha hecho un balance positivo de las Fiestas de Moros...\" \/>\n<meta property=\"og:url\" content=\"https:\/\/www.copealcoy.es\/es\/informativo-matinal-miercoles-29-de-abril-2026-0750h\/\" \/>\n<meta property=\"og:site_name\" content=\"COPE Alcoy\" \/>\n<meta property=\"article:published_time\" content=\"2026-04-29T06:30:02+00:00\" \/>\n<meta property=\"article:modified_time\" content=\"2026-04-29T19:31:12+00:00\" \/>\n<meta property=\"og:image\" content=\"https:\/\/www.copealcoy.es\/wp-content\/uploads\/2025\/02\/Informativo-Matinal-Castellano.png\" \/>\n\t<meta property=\"og:image:width\" content=\"357\" \/>\n\t<meta property=\"og:image:height\" content=\"290\" \/>\n\t<meta property=\"og:image:type\" content=\"image\/png\" \/>\n<meta name=\"author\" content=\"Cope Alcoy\" \/>\n<meta name=\"twitter:label1\" content=\"Escrito por\" \/>\n\t<meta name=\"twitter:data1\" content=\"Cope Alcoy\" \/>\n\t<meta name=\"twitter:label2\" content=\"Tiempo de lectura\" \/>\n\t<meta name=\"twitter:data2\" content=\"3 minutos\" \/>\n<script type=\"application\/ld+json\" class=\"yoast-schema-graph\">{\"@context\":\"https:\\\/\\\/schema.org\",\"@graph\":[{\"@type\":\"Article\",\"@id\":\"https:\\\/\\\/www.copealcoy.es\\\/es\\\/informativo-matinal-miercoles-29-de-abril-2026-0750h\\\/#article\",\"isPartOf\":{\"@id\":\"https:\\\/\\\/www.copealcoy.es\\\/es\\\/informativo-matinal-miercoles-29-de-abril-2026-0750h\\\/\"},\"author\":{\"name\":\"Cope Alcoy\",\"@id\":\"https:\\\/\\\/www.copealcoy.es\\\/es\\\/#\\\/schema\\\/person\\\/e777c87fa024e57d40170af9df39882c\"},\"headline\":\"Informativo matinal mi\u00e9rcoles 29 de abril 2026 (07:50h)\",\"datePublished\":\"2026-04-29T06:30:02+00:00\",\"dateModified\":\"2026-04-29T19:31:12+00:00\",\"mainEntityOfPage\":{\"@id\":\"https:\\\/\\\/www.copealcoy.es\\\/es\\\/informativo-matinal-miercoles-29-de-abril-2026-0750h\\\/\"},\"wordCount\":443,\"image\":{\"@id\":\"https:\\\/\\\/www.copealcoy.es\\\/es\\\/informativo-matinal-miercoles-29-de-abril-2026-0750h\\\/#primaryimage\"},\"thumbnailUrl\":\"https:\\\/\\\/www.copealcoy.es\\\/wp-content\\\/uploads\\\/2025\\\/02\\\/Informativo-Matinal-Castellano.png\",\"articleSection\":[\"Actualidad\",\"Audios de los programas\",\"Informativos\",\"Noticias\"],\"inLanguage\":\"es\"},{\"@type\":\"WebPage\",\"@id\":\"https:\\\/\\\/www.copealcoy.es\\\/es\\\/informativo-matinal-miercoles-29-de-abril-2026-0750h\\\/\",\"url\":\"https:\\\/\\\/www.copealcoy.es\\\/es\\\/informativo-matinal-miercoles-29-de-abril-2026-0750h\\\/\",\"name\":\"Informativo matinal mi\u00e9rcoles 29 de abril 2026 (07:50h) - COPE Alcoy\",\"isPartOf\":{\"@id\":\"https:\\\/\\\/www.copealcoy.es\\\/es\\\/#website\"},\"primaryImageOfPage\":{\"@id\":\"https:\\\/\\\/www.copealcoy.es\\\/es\\\/informativo-matinal-miercoles-29-de-abril-2026-0750h\\\/#primaryimage\"},\"image\":{\"@id\":\"https:\\\/\\\/www.copealcoy.es\\\/es\\\/informativo-matinal-miercoles-29-de-abril-2026-0750h\\\/#primaryimage\"},\"thumbnailUrl\":\"https:\\\/\\\/www.copealcoy.es\\\/wp-content\\\/uploads\\\/2025\\\/02\\\/Informativo-Matinal-Castellano.png\",\"datePublished\":\"2026-04-29T06:30:02+00:00\",\"dateModified\":\"2026-04-29T19:31:12+00:00\",\"author\":{\"@id\":\"https:\\\/\\\/www.copealcoy.es\\\/es\\\/#\\\/schema\\\/person\\\/e777c87fa024e57d40170af9df39882c\"},\"breadcrumb\":{\"@id\":\"https:\\\/\\\/www.copealcoy.es\\\/es\\\/informativo-matinal-miercoles-29-de-abril-2026-0750h\\\/#breadcrumb\"},\"inLanguage\":\"es\",\"potentialAction\":[{\"@type\":\"ReadAction\",\"target\":[\"https:\\\/\\\/www.copealcoy.es\\\/es\\\/informativo-matinal-miercoles-29-de-abril-2026-0750h\\\/\"]}]},{\"@type\":\"ImageObject\",\"inLanguage\":\"es\",\"@id\":\"https:\\\/\\\/www.copealcoy.es\\\/es\\\/informativo-matinal-miercoles-29-de-abril-2026-0750h\\\/#primaryimage\",\"url\":\"https:\\\/\\\/www.copealcoy.es\\\/wp-content\\\/uploads\\\/2025\\\/02\\\/Informativo-Matinal-Castellano.png\",\"contentUrl\":\"https:\\\/\\\/www.copealcoy.es\\\/wp-content\\\/uploads\\\/2025\\\/02\\\/Informativo-Matinal-Castellano.png\",\"width\":357,\"height\":290},{\"@type\":\"BreadcrumbList\",\"@id\":\"https:\\\/\\\/www.copealcoy.es\\\/es\\\/informativo-matinal-miercoles-29-de-abril-2026-0750h\\\/#breadcrumb\",\"itemListElement\":[{\"@type\":\"ListItem\",\"position\":1,\"name\":\"Portada\",\"item\":\"https:\\\/\\\/www.copealcoy.es\\\/es\\\/\"},{\"@type\":\"ListItem\",\"position\":2,\"name\":\"Informativo matinal mi\u00e9rcoles 29 de abril 2026 (07:50h)\"}]},{\"@type\":\"WebSite\",\"@id\":\"https:\\\/\\\/www.copealcoy.es\\\/es\\\/#website\",\"url\":\"https:\\\/\\\/www.copealcoy.es\\\/es\\\/\",\"name\":\"COPE Alcoy\",\"description\":\"Emisora COPE de radio local con emisi\u00f3n online. Pont de Sant Jordi 8-10 03803 Alcoy\",\"potentialAction\":[{\"@type\":\"SearchAction\",\"target\":{\"@type\":\"EntryPoint\",\"urlTemplate\":\"https:\\\/\\\/www.copealcoy.es\\\/es\\\/?s={search_term_string}\"},\"query-input\":{\"@type\":\"PropertyValueSpecification\",\"valueRequired\":true,\"valueName\":\"search_term_string\"}}],\"inLanguage\":\"es\"},{\"@type\":\"Person\",\"@id\":\"https:\\\/\\\/www.copealcoy.es\\\/es\\\/#\\\/schema\\\/person\\\/e777c87fa024e57d40170af9df39882c\",\"name\":\"Cope Alcoy\",\"image\":{\"@type\":\"ImageObject\",\"inLanguage\":\"es\",\"@id\":\"https:\\\/\\\/secure.gravatar.com\\\/avatar\\\/bb65d0283347e303893ba14f0692005417c1e0e690a325a4c5d8bb2b3943ee14?s=96&d=mm&r=g\",\"url\":\"https:\\\/\\\/secure.gravatar.com\\\/avatar\\\/bb65d0283347e303893ba14f0692005417c1e0e690a325a4c5d8bb2b3943ee14?s=96&d=mm&r=g\",\"contentUrl\":\"https:\\\/\\\/secure.gravatar.com\\\/avatar\\\/bb65d0283347e303893ba14f0692005417c1e0e690a325a4c5d8bb2b3943ee14?s=96&d=mm&r=g\",\"caption\":\"Cope Alcoy\"}}]}<\/script>\n<!-- \/ Yoast SEO plugin. -->","yoast_head_json":{"title":"Informativo matinal mi\u00e9rcoles 29 de abril 2026 (07:50h) - COPE Alcoy","robots":{"index":"index","follow":"follow","max-snippet":"max-snippet:-1","max-image-preview":"max-image-preview:large","max-video-preview":"max-video-preview:-1"},"canonical":"https:\/\/www.copealcoy.es\/es\/informativo-matinal-miercoles-29-de-abril-2026-0750h\/","og_locale":"es_ES","og_type":"article","og_title":"Informativo matinal mi\u00e9rcoles 29 de abril 2026 (07:50h) - COPE Alcoy","og_description":"Hoy mi\u00e9rcoles hemos destacado que la Asociaci\u00f3n de San Jorge ha hecho un balance positivo de las Fiestas de Moros...","og_url":"https:\/\/www.copealcoy.es\/es\/informativo-matinal-miercoles-29-de-abril-2026-0750h\/","og_site_name":"COPE Alcoy","article_published_time":"2026-04-29T06:30:02+00:00","article_modified_time":"2026-04-29T19:31:12+00:00","og_image":[{"width":357,"height":290,"url":"https:\/\/www.copealcoy.es\/wp-content\/uploads\/2025\/02\/Informativo-Matinal-Castellano.png","type":"image\/png"}],"author":"Cope Alcoy","twitter_misc":{"Escrito por":"Cope Alcoy","Tiempo de lectura":"3 minutos"},"schema":{"@context":"https:\/\/schema.org","@graph":[{"@type":"Article","@id":"https:\/\/www.copealcoy.es\/es\/informativo-matinal-miercoles-29-de-abril-2026-0750h\/#article","isPartOf":{"@id":"https:\/\/www.copealcoy.es\/es\/informativo-matinal-miercoles-29-de-abril-2026-0750h\/"},"author":{"name":"Cope Alcoy","@id":"https:\/\/www.copealcoy.es\/es\/#\/schema\/person\/e777c87fa024e57d40170af9df39882c"},"headline":"Informativo matinal mi\u00e9rcoles 29 de abril 2026 (07:50h)","datePublished":"2026-04-29T06:30:02+00:00","dateModified":"2026-04-29T19:31:12+00:00","mainEntityOfPage":{"@id":"https:\/\/www.copealcoy.es\/es\/informativo-matinal-miercoles-29-de-abril-2026-0750h\/"},"wordCount":443,"image":{"@id":"https:\/\/www.copealcoy.es\/es\/informativo-matinal-miercoles-29-de-abril-2026-0750h\/#primaryimage"},"thumbnailUrl":"https:\/\/www.copealcoy.es\/wp-content\/uploads\/2025\/02\/Informativo-Matinal-Castellano.png","articleSection":["Actualidad","Audios de los programas","Informativos","Noticias"],"inLanguage":"es"},{"@type":"WebPage","@id":"https:\/\/www.copealcoy.es\/es\/informativo-matinal-miercoles-29-de-abril-2026-0750h\/","url":"https:\/\/www.copealcoy.es\/es\/informativo-matinal-miercoles-29-de-abril-2026-0750h\/","name":"Informativo matinal mi\u00e9rcoles 29 de abril 2026 (07:50h) - COPE Alcoy","isPartOf":{"@id":"https:\/\/www.copealcoy.es\/es\/#website"},"primaryImageOfPage":{"@id":"https:\/\/www.copealcoy.es\/es\/informativo-matinal-miercoles-29-de-abril-2026-0750h\/#primaryimage"},"image":{"@id":"https:\/\/www.copealcoy.es\/es\/informativo-matinal-miercoles-29-de-abril-2026-0750h\/#primaryimage"},"thumbnailUrl":"https:\/\/www.copealcoy.es\/wp-content\/uploads\/2025\/02\/Informativo-Matinal-Castellano.png","datePublished":"2026-04-29T06:30:02+00:00","dateModified":"2026-04-29T19:31:12+00:00","author":{"@id":"https:\/\/www.copealcoy.es\/es\/#\/schema\/person\/e777c87fa024e57d40170af9df39882c"},"breadcrumb":{"@id":"https:\/\/www.copealcoy.es\/es\/informativo-matinal-miercoles-29-de-abril-2026-0750h\/#breadcrumb"},"inLanguage":"es","potentialAction":[{"@type":"ReadAction","target":["https:\/\/www.copealcoy.es\/es\/informativo-matinal-miercoles-29-de-abril-2026-0750h\/"]}]},{"@type":"ImageObject","inLanguage":"es","@id":"https:\/\/www.copealcoy.es\/es\/informativo-matinal-miercoles-29-de-abril-2026-0750h\/#primaryimage","url":"https:\/\/www.copealcoy.es\/wp-content\/uploads\/2025\/02\/Informativo-Matinal-Castellano.png","contentUrl":"https:\/\/www.copealcoy.es\/wp-content\/uploads\/2025\/02\/Informativo-Matinal-Castellano.png","width":357,"height":290},{"@type":"BreadcrumbList","@id":"https:\/\/www.copealcoy.es\/es\/informativo-matinal-miercoles-29-de-abril-2026-0750h\/#breadcrumb","itemListElement":[{"@type":"ListItem","position":1,"name":"Portada","item":"https:\/\/www.copealcoy.es\/es\/"},{"@type":"ListItem","position":2,"name":"Informativo matinal mi\u00e9rcoles 29 de abril 2026 (07:50h)"}]},{"@type":"WebSite","@id":"https:\/\/www.copealcoy.es\/es\/#website","url":"https:\/\/www.copealcoy.es\/es\/","name":"COPE Alcoy","description":"Emisora COPE de radio local con emisi\u00f3n online. Pont de Sant Jordi 8-10 03803 Alcoy","potentialAction":[{"@type":"SearchAction","target":{"@type":"EntryPoint","urlTemplate":"https:\/\/www.copealcoy.es\/es\/?s={search_term_string}"},"query-input":{"@type":"PropertyValueSpecification","valueRequired":true,"valueName":"search_term_string"}}],"inLanguage":"es"},{"@type":"Person","@id":"https:\/\/www.copealcoy.es\/es\/#\/schema\/person\/e777c87fa024e57d40170af9df39882c","name":"Cope Alcoy","image":{"@type":"ImageObject","inLanguage":"es","@id":"https:\/\/secure.gravatar.com\/avatar\/bb65d0283347e303893ba14f0692005417c1e0e690a325a4c5d8bb2b3943ee14?s=96&d=mm&r=g","url":"https:\/\/secure.gravatar.com\/avatar\/bb65d0283347e303893ba14f0692005417c1e0e690a325a4c5d8bb2b3943ee14?s=96&d=mm&r=g","contentUrl":"https:\/\/secure.gravatar.com\/avatar\/bb65d0283347e303893ba14f0692005417c1e0e690a325a4c5d8bb2b3943ee14?s=96&d=mm&r=g","caption":"Cope Alcoy"}}]}},"_links":{"self":[{"href":"https:\/\/www.copealcoy.es\/es\/wp-json\/wp\/v2\/posts\/167085","targetHints":{"allow":["GET"]}}],"collection":[{"href":"https:\/\/www.copealcoy.es\/es\/wp-json\/wp\/v2\/posts"}],"about":[{"href":"https:\/\/www.copealcoy.es\/es\/wp-json\/wp\/v2\/types\/post"}],"author":[{"embeddable":true,"href":"https:\/\/www.copealcoy.es\/es\/wp-json\/wp\/v2\/users\/1"}],"replies":[{"embeddable":true,"href":"https:\/\/www.copealcoy.es\/es\/wp-json\/wp\/v2\/comments?post=167085"}],"version-history":[{"count":1,"href":"https:\/\/www.copealcoy.es\/es\/wp-json\/wp\/v2\/posts\/167085\/revisions"}],"predecessor-version":[{"id":167086,"href":"https:\/\/www.copealcoy.es\/es\/wp-json\/wp\/v2\/posts\/167085\/revisions\/167086"}],"wp:featuredmedia":[{"embeddable":true,"href":"https:\/\/www.copealcoy.es\/es\/wp-json\/wp\/v2\/media\/147669"}],"wp:attachment":[{"href":"https:\/\/www.copealcoy.es\/es\/wp-json\/wp\/v2\/media?parent=167085"}],"wp:term":[{"taxonomy":"category","embeddable":true,"href":"https:\/\/www.copealcoy.es\/es\/wp-json\/wp\/v2\/categories?post=167085"},{"taxonomy":"post_tag","embeddable":true,"href":"https:\/\/www.copealcoy.es\/es\/wp-json\/wp\/v2\/tags?post=167085"}],"curies":[{"name":"wp","href":"https:\/\/api.w.org\/{rel}","templated":true}]}}