{"id":167075,"date":"2026-04-29T19:50:46","date_gmt":"2026-04-29T18:50:46","guid":{"rendered":"https:\/\/www.copealcoy.es\/?p=167075"},"modified":"2026-04-29T19:58:15","modified_gmt":"2026-04-29T18:58:15","slug":"arrancan-en-alcoy-las-peregrinaciones-extraordinarias-de-sant-jordi-el-xicotet","status":"publish","type":"post","link":"https:\/\/www.copealcoy.es\/es\/arrancan-en-alcoy-las-peregrinaciones-extraordinarias-de-sant-jordi-el-xicotet\/","title":{"rendered":"Arrancan en Alcoy las peregrinaciones extraordinarias de Sant Jordi &#8216;El Xicotet&#8217;"},"content":{"rendered":"<p style=\"text-align: justify;\">Tras las Fiestas de Moros y Cristianos del 2026, y <strong>una vez iniciado el A\u00f1o Jubilar<\/strong> concedido por la Santa Sede a nuestra ciudad para conmemorar el 750 aniversario del patronazgo de San Jorge, <strong>arranca una intensa programaci\u00f3n<\/strong> para conmemorar esta efem\u00e9ride que se alargar\u00e1 hasta abril del pr\u00f3ximo a\u00f1o 2027. Una de las iniciativas que va a comenzar a ser una realidad desde el mes de mayo son <strong>las peregrinaciones extraordinarias<\/strong> que acercar\u00e1n a la imagen de Sant Jordi &#8216;El Xicotet&#8217; a numerosos puntos de Alcoy.<\/p>\n<p style=\"text-align: justify;\">Esta iniciativa <strong>persigue repetir la actividad que con tan buena acogida se realiz\u00f3 en 1976<\/strong>, cuando San Jorge visit\u00f3 durante un mes todas las parroquias y barriadas de nuestra ciudad con motivo del VII centenario de su patronazgo, aunque en esta ocasi\u00f3n la propuesta se ampl\u00eda para acercar tambi\u00e9n al patr\u00f3n a instituciones e incluso centros educativos.<\/p>\n<p><a href=\"https:\/\/www.copealcoy.es\/wp-content\/uploads\/2026\/04\/unnamed-2-19.jpg\"><img loading=\"lazy\" decoding=\"async\" class=\"wp-image-167077 aligncenter\" src=\"https:\/\/www.copealcoy.es\/wp-content\/uploads\/2026\/04\/unnamed-2-19.jpg\" alt=\"\" width=\"569\" height=\"386\" \/><\/a><\/p>\n<p style=\"text-align: justify;\">Las peregrinaciones <strong>comenzar\u00e1n en los primeros d\u00edas de mayo y se alargar\u00e1n hasta abril del 2027<\/strong> antes de concluir el Jubileo &#8220;<em>San Jorge acudir\u00e1 a las parroquias y capillas coincidiendo con las festividades de sus patronos pero tambi\u00e9n va a visitar los centros de mayores o los colegios donde ya se le espera con mucha ilusi\u00f3n. Adem\u00e1s pasar\u00e1 por el Hospital Virgen de los Lirios, para visitar a los enfermos de Alcoy y de nuestras comarcas que est\u00e1n all\u00ed hospitalizados, y acudir\u00e1 al Cementerio Municipal para honrar a nuestros difuntos en la ma\u00f1ana del D\u00eda de Todos los Santos<\/em>&#8220;, explicaba en COPE ALCOY <strong>Don Jes\u00fas Fuentes<\/strong>, Vicario de San Jorge y titular de las parroquias del Centro. La <strong>primera de las visitas<\/strong> comenzar\u00e1 el pr\u00f3ximo lunes 4 de mayo &#8220;<em>tras la eucarist\u00eda jubilar de las once de la ma\u00f1ana, saldremos en una peque\u00f1a procesi\u00f3n hasta la residencia de Emilio Sala donde se quedar\u00e1 el patr\u00f3n durante quince d\u00edas. All\u00ed, los residentes le har\u00e1n varias actividades en su honor y el 7 de mayo tendremos una misa con unci\u00f3n de enfermos. Finalmente, el 15 de mayo ser\u00e1 la despedida<\/em>&#8220;, detalla Don Jes\u00fas.<\/p>\n<p style=\"text-align: justify;\">Tras el paso por Emilio Sala, San Jorge regresar\u00e1 a su iglesia. De all\u00ed su siguiente destino ser\u00e1 la Capilla del Gremio de Labradores, donde se venera a la imagen de Jes\u00fas Nazareno, y en<a href=\"https:\/\/750sanjorge.org\/\" target=\"_blank\" rel=\"noopener\"><span style=\"color: #0000ff;\"><strong> la web del 750 aniversario<\/strong><\/span><\/a> se puede ir consultando <strong>el calendario<\/strong> de todos los recorridos extraordinarios que efectuar\u00e1 nuestro patr\u00f3n durante los pr\u00f3ximos meses.<\/p>\n","protected":false},"excerpt":{"rendered":"<p>Tras las Fiestas de Moros y Cristianos del 2026, y una vez iniciado el A\u00f1o Jubilar concedido por la Santa&#8230;<\/p>\n","protected":false},"author":1,"featured_media":166456,"comment_status":"closed","ping_status":"closed","sticky":false,"template":"","format":"standard","meta":{"footnotes":""},"categories":[6909,97,75,125],"tags":[17120,1494,10746,19140,21061],"class_list":["post-167075","post","type-post","status-publish","format-standard","has-post-thumbnail","hentry","category-actualidad","category-alcoy","category-noticias","category-portada","tag-750-aniversario","tag-alcoy","tag-ano-jubilar","tag-patronazgo-de-san-jorge","tag-recorridos-extraordinarios"],"yoast_head":"<!-- This site is optimized with the Yoast SEO plugin v27.3 - https:\/\/yoast.com\/product\/yoast-seo-wordpress\/ -->\n<title>Arrancan en Alcoy las peregrinaciones extraordinarias de Sant Jordi &#039;El Xicotet&#039; - COPE Alcoy<\/title>\n<meta name=\"description\" content=\"Arrancan en Alcoy las peregrinaciones extraordinarias de Sant Jordi &#039;El Xicotet&#039;\" \/>\n<meta name=\"robots\" content=\"index, follow, max-snippet:-1, max-image-preview:large, max-video-preview:-1\" \/>\n<link rel=\"canonical\" href=\"https:\/\/www.copealcoy.es\/es\/arrancan-en-alcoy-las-peregrinaciones-extraordinarias-de-sant-jordi-el-xicotet\/\" \/>\n<meta property=\"og:locale\" content=\"es_ES\" \/>\n<meta property=\"og:type\" content=\"article\" \/>\n<meta property=\"og:title\" content=\"Arrancan en Alcoy las peregrinaciones extraordinarias de Sant Jordi &#039;El Xicotet&#039; - COPE Alcoy\" \/>\n<meta property=\"og:description\" content=\"Arrancan en Alcoy las peregrinaciones extraordinarias de Sant Jordi &#039;El Xicotet&#039;\" \/>\n<meta property=\"og:url\" content=\"https:\/\/www.copealcoy.es\/es\/arrancan-en-alcoy-las-peregrinaciones-extraordinarias-de-sant-jordi-el-xicotet\/\" \/>\n<meta property=\"og:site_name\" content=\"COPE Alcoy\" \/>\n<meta property=\"article:published_time\" content=\"2026-04-29T18:50:46+00:00\" \/>\n<meta property=\"article:modified_time\" content=\"2026-04-29T18:58:15+00:00\" \/>\n<meta property=\"og:image\" content=\"https:\/\/www.copealcoy.es\/wp-content\/uploads\/2026\/04\/unnamed-1-29-scaled-e1776718190492.jpg\" \/>\n\t<meta property=\"og:image:width\" content=\"600\" \/>\n\t<meta property=\"og:image:height\" content=\"329\" \/>\n\t<meta property=\"og:image:type\" content=\"image\/jpeg\" \/>\n<meta name=\"author\" content=\"Cope Alcoy\" \/>\n<meta name=\"twitter:label1\" content=\"Escrito por\" \/>\n\t<meta name=\"twitter:data1\" content=\"Cope Alcoy\" \/>\n\t<meta name=\"twitter:label2\" content=\"Tiempo de lectura\" \/>\n\t<meta name=\"twitter:data2\" content=\"3 minutos\" \/>\n<script type=\"application\/ld+json\" class=\"yoast-schema-graph\">{\"@context\":\"https:\\\/\\\/schema.org\",\"@graph\":[{\"@type\":\"Article\",\"@id\":\"https:\\\/\\\/www.copealcoy.es\\\/es\\\/arrancan-en-alcoy-las-peregrinaciones-extraordinarias-de-sant-jordi-el-xicotet\\\/#article\",\"isPartOf\":{\"@id\":\"https:\\\/\\\/www.copealcoy.es\\\/es\\\/arrancan-en-alcoy-las-peregrinaciones-extraordinarias-de-sant-jordi-el-xicotet\\\/\"},\"author\":{\"name\":\"Cope Alcoy\",\"@id\":\"https:\\\/\\\/www.copealcoy.es\\\/es\\\/#\\\/schema\\\/person\\\/e777c87fa024e57d40170af9df39882c\"},\"headline\":\"Arrancan en Alcoy las peregrinaciones extraordinarias de Sant Jordi &#8216;El Xicotet&#8217;\",\"datePublished\":\"2026-04-29T18:50:46+00:00\",\"dateModified\":\"2026-04-29T18:58:15+00:00\",\"mainEntityOfPage\":{\"@id\":\"https:\\\/\\\/www.copealcoy.es\\\/es\\\/arrancan-en-alcoy-las-peregrinaciones-extraordinarias-de-sant-jordi-el-xicotet\\\/\"},\"wordCount\":429,\"image\":{\"@id\":\"https:\\\/\\\/www.copealcoy.es\\\/es\\\/arrancan-en-alcoy-las-peregrinaciones-extraordinarias-de-sant-jordi-el-xicotet\\\/#primaryimage\"},\"thumbnailUrl\":\"https:\\\/\\\/www.copealcoy.es\\\/wp-content\\\/uploads\\\/2026\\\/04\\\/unnamed-1-29-scaled-e1776718190492.jpg\",\"keywords\":[\"750 aniversario\",\"Alcoy\",\"A\u00f1o Jubilar\",\"patronazgo de San Jorge\",\"recorridos extraordinarios\"],\"articleSection\":[\"Actualidad\",\"Alcoy\",\"Noticias\",\"Portada\"],\"inLanguage\":\"es\"},{\"@type\":\"WebPage\",\"@id\":\"https:\\\/\\\/www.copealcoy.es\\\/es\\\/arrancan-en-alcoy-las-peregrinaciones-extraordinarias-de-sant-jordi-el-xicotet\\\/\",\"url\":\"https:\\\/\\\/www.copealcoy.es\\\/es\\\/arrancan-en-alcoy-las-peregrinaciones-extraordinarias-de-sant-jordi-el-xicotet\\\/\",\"name\":\"Arrancan en Alcoy las peregrinaciones extraordinarias de Sant Jordi 'El Xicotet' - COPE Alcoy\",\"isPartOf\":{\"@id\":\"https:\\\/\\\/www.copealcoy.es\\\/es\\\/#website\"},\"primaryImageOfPage\":{\"@id\":\"https:\\\/\\\/www.copealcoy.es\\\/es\\\/arrancan-en-alcoy-las-peregrinaciones-extraordinarias-de-sant-jordi-el-xicotet\\\/#primaryimage\"},\"image\":{\"@id\":\"https:\\\/\\\/www.copealcoy.es\\\/es\\\/arrancan-en-alcoy-las-peregrinaciones-extraordinarias-de-sant-jordi-el-xicotet\\\/#primaryimage\"},\"thumbnailUrl\":\"https:\\\/\\\/www.copealcoy.es\\\/wp-content\\\/uploads\\\/2026\\\/04\\\/unnamed-1-29-scaled-e1776718190492.jpg\",\"datePublished\":\"2026-04-29T18:50:46+00:00\",\"dateModified\":\"2026-04-29T18:58:15+00:00\",\"author\":{\"@id\":\"https:\\\/\\\/www.copealcoy.es\\\/es\\\/#\\\/schema\\\/person\\\/e777c87fa024e57d40170af9df39882c\"},\"description\":\"Arrancan en Alcoy las peregrinaciones extraordinarias de Sant Jordi 'El Xicotet'\",\"breadcrumb\":{\"@id\":\"https:\\\/\\\/www.copealcoy.es\\\/es\\\/arrancan-en-alcoy-las-peregrinaciones-extraordinarias-de-sant-jordi-el-xicotet\\\/#breadcrumb\"},\"inLanguage\":\"es\",\"potentialAction\":[{\"@type\":\"ReadAction\",\"target\":[\"https:\\\/\\\/www.copealcoy.es\\\/es\\\/arrancan-en-alcoy-las-peregrinaciones-extraordinarias-de-sant-jordi-el-xicotet\\\/\"]}]},{\"@type\":\"ImageObject\",\"inLanguage\":\"es\",\"@id\":\"https:\\\/\\\/www.copealcoy.es\\\/es\\\/arrancan-en-alcoy-las-peregrinaciones-extraordinarias-de-sant-jordi-el-xicotet\\\/#primaryimage\",\"url\":\"https:\\\/\\\/www.copealcoy.es\\\/wp-content\\\/uploads\\\/2026\\\/04\\\/unnamed-1-29-scaled-e1776718190492.jpg\",\"contentUrl\":\"https:\\\/\\\/www.copealcoy.es\\\/wp-content\\\/uploads\\\/2026\\\/04\\\/unnamed-1-29-scaled-e1776718190492.jpg\",\"width\":600,\"height\":329},{\"@type\":\"BreadcrumbList\",\"@id\":\"https:\\\/\\\/www.copealcoy.es\\\/es\\\/arrancan-en-alcoy-las-peregrinaciones-extraordinarias-de-sant-jordi-el-xicotet\\\/#breadcrumb\",\"itemListElement\":[{\"@type\":\"ListItem\",\"position\":1,\"name\":\"Portada\",\"item\":\"https:\\\/\\\/www.copealcoy.es\\\/es\\\/\"},{\"@type\":\"ListItem\",\"position\":2,\"name\":\"Arrancan en Alcoy las peregrinaciones extraordinarias de Sant Jordi &#8216;El Xicotet&#8217;\"}]},{\"@type\":\"WebSite\",\"@id\":\"https:\\\/\\\/www.copealcoy.es\\\/es\\\/#website\",\"url\":\"https:\\\/\\\/www.copealcoy.es\\\/es\\\/\",\"name\":\"COPE Alcoy\",\"description\":\"Emisora COPE de radio local con emisi\u00f3n online. Pont de Sant Jordi 8-10 03803 Alcoy\",\"potentialAction\":[{\"@type\":\"SearchAction\",\"target\":{\"@type\":\"EntryPoint\",\"urlTemplate\":\"https:\\\/\\\/www.copealcoy.es\\\/es\\\/?s={search_term_string}\"},\"query-input\":{\"@type\":\"PropertyValueSpecification\",\"valueRequired\":true,\"valueName\":\"search_term_string\"}}],\"inLanguage\":\"es\"},{\"@type\":\"Person\",\"@id\":\"https:\\\/\\\/www.copealcoy.es\\\/es\\\/#\\\/schema\\\/person\\\/e777c87fa024e57d40170af9df39882c\",\"name\":\"Cope Alcoy\",\"image\":{\"@type\":\"ImageObject\",\"inLanguage\":\"es\",\"@id\":\"https:\\\/\\\/secure.gravatar.com\\\/avatar\\\/bb65d0283347e303893ba14f0692005417c1e0e690a325a4c5d8bb2b3943ee14?s=96&d=mm&r=g\",\"url\":\"https:\\\/\\\/secure.gravatar.com\\\/avatar\\\/bb65d0283347e303893ba14f0692005417c1e0e690a325a4c5d8bb2b3943ee14?s=96&d=mm&r=g\",\"contentUrl\":\"https:\\\/\\\/secure.gravatar.com\\\/avatar\\\/bb65d0283347e303893ba14f0692005417c1e0e690a325a4c5d8bb2b3943ee14?s=96&d=mm&r=g\",\"caption\":\"Cope Alcoy\"}}]}<\/script>\n<!-- \/ Yoast SEO plugin. -->","yoast_head_json":{"title":"Arrancan en Alcoy las peregrinaciones extraordinarias de Sant Jordi 'El Xicotet' - COPE Alcoy","description":"Arrancan en Alcoy las peregrinaciones extraordinarias de Sant Jordi 'El Xicotet'","robots":{"index":"index","follow":"follow","max-snippet":"max-snippet:-1","max-image-preview":"max-image-preview:large","max-video-preview":"max-video-preview:-1"},"canonical":"https:\/\/www.copealcoy.es\/es\/arrancan-en-alcoy-las-peregrinaciones-extraordinarias-de-sant-jordi-el-xicotet\/","og_locale":"es_ES","og_type":"article","og_title":"Arrancan en Alcoy las peregrinaciones extraordinarias de Sant Jordi 'El Xicotet' - COPE Alcoy","og_description":"Arrancan en Alcoy las peregrinaciones extraordinarias de Sant Jordi 'El Xicotet'","og_url":"https:\/\/www.copealcoy.es\/es\/arrancan-en-alcoy-las-peregrinaciones-extraordinarias-de-sant-jordi-el-xicotet\/","og_site_name":"COPE Alcoy","article_published_time":"2026-04-29T18:50:46+00:00","article_modified_time":"2026-04-29T18:58:15+00:00","og_image":[{"width":600,"height":329,"url":"https:\/\/www.copealcoy.es\/wp-content\/uploads\/2026\/04\/unnamed-1-29-scaled-e1776718190492.jpg","type":"image\/jpeg"}],"author":"Cope Alcoy","twitter_misc":{"Escrito por":"Cope Alcoy","Tiempo de lectura":"3 minutos"},"schema":{"@context":"https:\/\/schema.org","@graph":[{"@type":"Article","@id":"https:\/\/www.copealcoy.es\/es\/arrancan-en-alcoy-las-peregrinaciones-extraordinarias-de-sant-jordi-el-xicotet\/#article","isPartOf":{"@id":"https:\/\/www.copealcoy.es\/es\/arrancan-en-alcoy-las-peregrinaciones-extraordinarias-de-sant-jordi-el-xicotet\/"},"author":{"name":"Cope Alcoy","@id":"https:\/\/www.copealcoy.es\/es\/#\/schema\/person\/e777c87fa024e57d40170af9df39882c"},"headline":"Arrancan en Alcoy las peregrinaciones extraordinarias de Sant Jordi &#8216;El Xicotet&#8217;","datePublished":"2026-04-29T18:50:46+00:00","dateModified":"2026-04-29T18:58:15+00:00","mainEntityOfPage":{"@id":"https:\/\/www.copealcoy.es\/es\/arrancan-en-alcoy-las-peregrinaciones-extraordinarias-de-sant-jordi-el-xicotet\/"},"wordCount":429,"image":{"@id":"https:\/\/www.copealcoy.es\/es\/arrancan-en-alcoy-las-peregrinaciones-extraordinarias-de-sant-jordi-el-xicotet\/#primaryimage"},"thumbnailUrl":"https:\/\/www.copealcoy.es\/wp-content\/uploads\/2026\/04\/unnamed-1-29-scaled-e1776718190492.jpg","keywords":["750 aniversario","Alcoy","A\u00f1o Jubilar","patronazgo de San Jorge","recorridos extraordinarios"],"articleSection":["Actualidad","Alcoy","Noticias","Portada"],"inLanguage":"es"},{"@type":"WebPage","@id":"https:\/\/www.copealcoy.es\/es\/arrancan-en-alcoy-las-peregrinaciones-extraordinarias-de-sant-jordi-el-xicotet\/","url":"https:\/\/www.copealcoy.es\/es\/arrancan-en-alcoy-las-peregrinaciones-extraordinarias-de-sant-jordi-el-xicotet\/","name":"Arrancan en Alcoy las peregrinaciones extraordinarias de Sant Jordi 'El Xicotet' - COPE Alcoy","isPartOf":{"@id":"https:\/\/www.copealcoy.es\/es\/#website"},"primaryImageOfPage":{"@id":"https:\/\/www.copealcoy.es\/es\/arrancan-en-alcoy-las-peregrinaciones-extraordinarias-de-sant-jordi-el-xicotet\/#primaryimage"},"image":{"@id":"https:\/\/www.copealcoy.es\/es\/arrancan-en-alcoy-las-peregrinaciones-extraordinarias-de-sant-jordi-el-xicotet\/#primaryimage"},"thumbnailUrl":"https:\/\/www.copealcoy.es\/wp-content\/uploads\/2026\/04\/unnamed-1-29-scaled-e1776718190492.jpg","datePublished":"2026-04-29T18:50:46+00:00","dateModified":"2026-04-29T18:58:15+00:00","author":{"@id":"https:\/\/www.copealcoy.es\/es\/#\/schema\/person\/e777c87fa024e57d40170af9df39882c"},"description":"Arrancan en Alcoy las peregrinaciones extraordinarias de Sant Jordi 'El Xicotet'","breadcrumb":{"@id":"https:\/\/www.copealcoy.es\/es\/arrancan-en-alcoy-las-peregrinaciones-extraordinarias-de-sant-jordi-el-xicotet\/#breadcrumb"},"inLanguage":"es","potentialAction":[{"@type":"ReadAction","target":["https:\/\/www.copealcoy.es\/es\/arrancan-en-alcoy-las-peregrinaciones-extraordinarias-de-sant-jordi-el-xicotet\/"]}]},{"@type":"ImageObject","inLanguage":"es","@id":"https:\/\/www.copealcoy.es\/es\/arrancan-en-alcoy-las-peregrinaciones-extraordinarias-de-sant-jordi-el-xicotet\/#primaryimage","url":"https:\/\/www.copealcoy.es\/wp-content\/uploads\/2026\/04\/unnamed-1-29-scaled-e1776718190492.jpg","contentUrl":"https:\/\/www.copealcoy.es\/wp-content\/uploads\/2026\/04\/unnamed-1-29-scaled-e1776718190492.jpg","width":600,"height":329},{"@type":"BreadcrumbList","@id":"https:\/\/www.copealcoy.es\/es\/arrancan-en-alcoy-las-peregrinaciones-extraordinarias-de-sant-jordi-el-xicotet\/#breadcrumb","itemListElement":[{"@type":"ListItem","position":1,"name":"Portada","item":"https:\/\/www.copealcoy.es\/es\/"},{"@type":"ListItem","position":2,"name":"Arrancan en Alcoy las peregrinaciones extraordinarias de Sant Jordi &#8216;El Xicotet&#8217;"}]},{"@type":"WebSite","@id":"https:\/\/www.copealcoy.es\/es\/#website","url":"https:\/\/www.copealcoy.es\/es\/","name":"COPE Alcoy","description":"Emisora COPE de radio local con emisi\u00f3n online. Pont de Sant Jordi 8-10 03803 Alcoy","potentialAction":[{"@type":"SearchAction","target":{"@type":"EntryPoint","urlTemplate":"https:\/\/www.copealcoy.es\/es\/?s={search_term_string}"},"query-input":{"@type":"PropertyValueSpecification","valueRequired":true,"valueName":"search_term_string"}}],"inLanguage":"es"},{"@type":"Person","@id":"https:\/\/www.copealcoy.es\/es\/#\/schema\/person\/e777c87fa024e57d40170af9df39882c","name":"Cope Alcoy","image":{"@type":"ImageObject","inLanguage":"es","@id":"https:\/\/secure.gravatar.com\/avatar\/bb65d0283347e303893ba14f0692005417c1e0e690a325a4c5d8bb2b3943ee14?s=96&d=mm&r=g","url":"https:\/\/secure.gravatar.com\/avatar\/bb65d0283347e303893ba14f0692005417c1e0e690a325a4c5d8bb2b3943ee14?s=96&d=mm&r=g","contentUrl":"https:\/\/secure.gravatar.com\/avatar\/bb65d0283347e303893ba14f0692005417c1e0e690a325a4c5d8bb2b3943ee14?s=96&d=mm&r=g","caption":"Cope Alcoy"}}]}},"_links":{"self":[{"href":"https:\/\/www.copealcoy.es\/es\/wp-json\/wp\/v2\/posts\/167075","targetHints":{"allow":["GET"]}}],"collection":[{"href":"https:\/\/www.copealcoy.es\/es\/wp-json\/wp\/v2\/posts"}],"about":[{"href":"https:\/\/www.copealcoy.es\/es\/wp-json\/wp\/v2\/types\/post"}],"author":[{"embeddable":true,"href":"https:\/\/www.copealcoy.es\/es\/wp-json\/wp\/v2\/users\/1"}],"replies":[{"embeddable":true,"href":"https:\/\/www.copealcoy.es\/es\/wp-json\/wp\/v2\/comments?post=167075"}],"version-history":[{"count":3,"href":"https:\/\/www.copealcoy.es\/es\/wp-json\/wp\/v2\/posts\/167075\/revisions"}],"predecessor-version":[{"id":167082,"href":"https:\/\/www.copealcoy.es\/es\/wp-json\/wp\/v2\/posts\/167075\/revisions\/167082"}],"wp:featuredmedia":[{"embeddable":true,"href":"https:\/\/www.copealcoy.es\/es\/wp-json\/wp\/v2\/media\/166456"}],"wp:attachment":[{"href":"https:\/\/www.copealcoy.es\/es\/wp-json\/wp\/v2\/media?parent=167075"}],"wp:term":[{"taxonomy":"category","embeddable":true,"href":"https:\/\/www.copealcoy.es\/es\/wp-json\/wp\/v2\/categories?post=167075"},{"taxonomy":"post_tag","embeddable":true,"href":"https:\/\/www.copealcoy.es\/es\/wp-json\/wp\/v2\/tags?post=167075"}],"curies":[{"name":"wp","href":"https:\/\/api.w.org\/{rel}","templated":true}]}}