{"id":167066,"date":"2026-04-29T19:19:59","date_gmt":"2026-04-29T18:19:59","guid":{"rendered":"https:\/\/www.copealcoy.es\/?p=167066"},"modified":"2026-04-29T19:24:26","modified_gmt":"2026-04-29T18:24:26","slug":"fallece-pepa-botella-de-castaner-viuda-del-pintor-ramon-castaner","status":"publish","type":"post","link":"https:\/\/www.copealcoy.es\/es\/fallece-pepa-botella-de-castaner-viuda-del-pintor-ramon-castaner\/","title":{"rendered":"Fallece Pepa Botella de Casta\u00f1er, viuda del pintor Ram\u00f3n Casta\u00f1er"},"content":{"rendered":"<p style=\"text-align: justify;\">Hoy mi\u00e9rcoles ha trascendido la noticia del <strong>fallecimiento de la reconocida Pepa Botella de Casta\u00f1er<\/strong>, definida por muchos como <strong>la voz de la poes\u00eda<\/strong>, y <strong>viuda del tambi\u00e9n recordado artista pict\u00f3rico Ram\u00f3n Casta\u00f1er<\/strong>. Ten\u00eda en estos momentos <strong>95 a\u00f1os de edad<\/strong> y, pese a que resid\u00eda en la vecina ciudad de Elche, segu\u00eda manteniendo una estrecha relaci\u00f3n tanto con Alcoy como con la poblaci\u00f3n de <a href=\"https:\/\/www.agres.es\/es\/\" target=\"_blank\" rel=\"noopener\"><span style=\"color: #0000ff;\"><strong>Agres<\/strong><\/span><\/a> a la que toda la familia de Ram\u00f3n Casta\u00f1er estuvo estrechamente vinculada y de la incluso el pintor y su esposa eran hijo adoptivo.<\/p>\n<p style=\"text-align: justify;\">Pepa Botella de Casta\u00f1er, <strong>poetisa y rapsoda<\/strong>, particip\u00f3 en numerosos recitales a nivel nacional e internacional reivindicando la figura de la mujer en muchas de sus intervenciones. En Agres, adem\u00e1s, trabaj\u00f3 en numerosas iniciativas relacionadas con el teatro mientras que en Alcoy pregon\u00f3 las fiestas patronales en honor a la Virgen de los Lirios del a\u00f1o 2016. Por otro lado, Bolos Teatre le tribut\u00f3 un merecido homenaje en el a\u00f1o 2021. Adem\u00e1s, tras el fallecimiento de su marido, promovi\u00f3 que todo su fondo documental y legado estuviera custodiado en Alcoy.<\/p>\n<p style=\"text-align: justify;\">La <strong>despedida a Pepa Botella de Casta\u00f1er<\/strong> se efectuar\u00e1 en Elche en la m\u00e1s estricta intimidad. Posteriormente, se han previsto actos de despedida tanto en Alcoy como en Agres que ser\u00e1n anunciados en breve. Descanse en paz.<\/p>\n<div class=\"Fwa2Od\" data-animation-skip=\"\" data-sfc-cp=\"\" data-sfc-root=\"c\" data-sfc-cb=\"\" data-ved=\"2ahUKEwjSw93t05OUAxVN_bsIHX2dGRcQ3s0SegQIBBAF\" data-complete=\"true\"><\/div>\n","protected":false},"excerpt":{"rendered":"<p>Hoy mi\u00e9rcoles ha trascendido la noticia del fallecimiento de la reconocida Pepa Botella de Casta\u00f1er, definida por muchos como la&#8230;<\/p>\n","protected":false},"author":1,"featured_media":167067,"comment_status":"closed","ping_status":"closed","sticky":false,"template":"","format":"standard","meta":{"footnotes":""},"categories":[6909,97,75],"tags":[1494,253,21057,21058],"class_list":["post-167066","post","type-post","status-publish","format-standard","has-post-thumbnail","hentry","category-actualidad","category-alcoy","category-noticias","tag-alcoy","tag-fallecimiento","tag-pepa-botella-de-castaner","tag-ramon-castaner"],"yoast_head":"<!-- This site is optimized with the Yoast SEO plugin v27.3 - https:\/\/yoast.com\/product\/yoast-seo-wordpress\/ -->\n<title>Fallece Pepa Botella de Casta\u00f1er, viuda del pintor Ram\u00f3n Casta\u00f1er - COPE Alcoy<\/title>\n<meta name=\"description\" content=\"Fallece Pepa Botella de Casta\u00f1er, viuda del pintor Ram\u00f3n Casta\u00f1er\" \/>\n<meta name=\"robots\" content=\"index, follow, max-snippet:-1, max-image-preview:large, max-video-preview:-1\" \/>\n<link rel=\"canonical\" href=\"https:\/\/www.copealcoy.es\/es\/fallece-pepa-botella-de-castaner-viuda-del-pintor-ramon-castaner\/\" \/>\n<meta property=\"og:locale\" content=\"es_ES\" \/>\n<meta property=\"og:type\" content=\"article\" \/>\n<meta property=\"og:title\" content=\"Fallece Pepa Botella de Casta\u00f1er, viuda del pintor Ram\u00f3n Casta\u00f1er - COPE Alcoy\" \/>\n<meta property=\"og:description\" content=\"Fallece Pepa Botella de Casta\u00f1er, viuda del pintor Ram\u00f3n Casta\u00f1er\" \/>\n<meta property=\"og:url\" content=\"https:\/\/www.copealcoy.es\/es\/fallece-pepa-botella-de-castaner-viuda-del-pintor-ramon-castaner\/\" \/>\n<meta property=\"og:site_name\" content=\"COPE Alcoy\" \/>\n<meta property=\"article:published_time\" content=\"2026-04-29T18:19:59+00:00\" \/>\n<meta property=\"article:modified_time\" content=\"2026-04-29T18:24:26+00:00\" \/>\n<meta property=\"og:image\" content=\"https:\/\/www.copealcoy.es\/wp-content\/uploads\/2026\/04\/unnamed-1-52.jpg\" \/>\n\t<meta property=\"og:image:width\" content=\"1079\" \/>\n\t<meta property=\"og:image:height\" content=\"600\" \/>\n\t<meta property=\"og:image:type\" content=\"image\/jpeg\" \/>\n<meta name=\"author\" content=\"Cope Alcoy\" \/>\n<meta name=\"twitter:label1\" content=\"Escrito por\" \/>\n\t<meta name=\"twitter:data1\" content=\"Cope Alcoy\" \/>\n\t<meta name=\"twitter:label2\" content=\"Tiempo de lectura\" \/>\n\t<meta name=\"twitter:data2\" content=\"2 minutos\" \/>\n<script type=\"application\/ld+json\" class=\"yoast-schema-graph\">{\"@context\":\"https:\\\/\\\/schema.org\",\"@graph\":[{\"@type\":\"Article\",\"@id\":\"https:\\\/\\\/www.copealcoy.es\\\/es\\\/fallece-pepa-botella-de-castaner-viuda-del-pintor-ramon-castaner\\\/#article\",\"isPartOf\":{\"@id\":\"https:\\\/\\\/www.copealcoy.es\\\/es\\\/fallece-pepa-botella-de-castaner-viuda-del-pintor-ramon-castaner\\\/\"},\"author\":{\"name\":\"Cope Alcoy\",\"@id\":\"https:\\\/\\\/www.copealcoy.es\\\/es\\\/#\\\/schema\\\/person\\\/e777c87fa024e57d40170af9df39882c\"},\"headline\":\"Fallece Pepa Botella de Casta\u00f1er, viuda del pintor Ram\u00f3n Casta\u00f1er\",\"datePublished\":\"2026-04-29T18:19:59+00:00\",\"dateModified\":\"2026-04-29T18:24:26+00:00\",\"mainEntityOfPage\":{\"@id\":\"https:\\\/\\\/www.copealcoy.es\\\/es\\\/fallece-pepa-botella-de-castaner-viuda-del-pintor-ramon-castaner\\\/\"},\"wordCount\":250,\"image\":{\"@id\":\"https:\\\/\\\/www.copealcoy.es\\\/es\\\/fallece-pepa-botella-de-castaner-viuda-del-pintor-ramon-castaner\\\/#primaryimage\"},\"thumbnailUrl\":\"https:\\\/\\\/www.copealcoy.es\\\/wp-content\\\/uploads\\\/2026\\\/04\\\/unnamed-1-52.jpg\",\"keywords\":[\"Alcoy\",\"Fallecimiento\",\"Pepa Botella de Casta\u00f1er\",\"Ram\u00f3n Casta\u00f1er\"],\"articleSection\":[\"Actualidad\",\"Alcoy\",\"Noticias\"],\"inLanguage\":\"es\"},{\"@type\":\"WebPage\",\"@id\":\"https:\\\/\\\/www.copealcoy.es\\\/es\\\/fallece-pepa-botella-de-castaner-viuda-del-pintor-ramon-castaner\\\/\",\"url\":\"https:\\\/\\\/www.copealcoy.es\\\/es\\\/fallece-pepa-botella-de-castaner-viuda-del-pintor-ramon-castaner\\\/\",\"name\":\"Fallece Pepa Botella de Casta\u00f1er, viuda del pintor Ram\u00f3n Casta\u00f1er - COPE Alcoy\",\"isPartOf\":{\"@id\":\"https:\\\/\\\/www.copealcoy.es\\\/es\\\/#website\"},\"primaryImageOfPage\":{\"@id\":\"https:\\\/\\\/www.copealcoy.es\\\/es\\\/fallece-pepa-botella-de-castaner-viuda-del-pintor-ramon-castaner\\\/#primaryimage\"},\"image\":{\"@id\":\"https:\\\/\\\/www.copealcoy.es\\\/es\\\/fallece-pepa-botella-de-castaner-viuda-del-pintor-ramon-castaner\\\/#primaryimage\"},\"thumbnailUrl\":\"https:\\\/\\\/www.copealcoy.es\\\/wp-content\\\/uploads\\\/2026\\\/04\\\/unnamed-1-52.jpg\",\"datePublished\":\"2026-04-29T18:19:59+00:00\",\"dateModified\":\"2026-04-29T18:24:26+00:00\",\"author\":{\"@id\":\"https:\\\/\\\/www.copealcoy.es\\\/es\\\/#\\\/schema\\\/person\\\/e777c87fa024e57d40170af9df39882c\"},\"description\":\"Fallece Pepa Botella de Casta\u00f1er, viuda del pintor Ram\u00f3n Casta\u00f1er\",\"breadcrumb\":{\"@id\":\"https:\\\/\\\/www.copealcoy.es\\\/es\\\/fallece-pepa-botella-de-castaner-viuda-del-pintor-ramon-castaner\\\/#breadcrumb\"},\"inLanguage\":\"es\",\"potentialAction\":[{\"@type\":\"ReadAction\",\"target\":[\"https:\\\/\\\/www.copealcoy.es\\\/es\\\/fallece-pepa-botella-de-castaner-viuda-del-pintor-ramon-castaner\\\/\"]}]},{\"@type\":\"ImageObject\",\"inLanguage\":\"es\",\"@id\":\"https:\\\/\\\/www.copealcoy.es\\\/es\\\/fallece-pepa-botella-de-castaner-viuda-del-pintor-ramon-castaner\\\/#primaryimage\",\"url\":\"https:\\\/\\\/www.copealcoy.es\\\/wp-content\\\/uploads\\\/2026\\\/04\\\/unnamed-1-52.jpg\",\"contentUrl\":\"https:\\\/\\\/www.copealcoy.es\\\/wp-content\\\/uploads\\\/2026\\\/04\\\/unnamed-1-52.jpg\",\"width\":1079,\"height\":600},{\"@type\":\"BreadcrumbList\",\"@id\":\"https:\\\/\\\/www.copealcoy.es\\\/es\\\/fallece-pepa-botella-de-castaner-viuda-del-pintor-ramon-castaner\\\/#breadcrumb\",\"itemListElement\":[{\"@type\":\"ListItem\",\"position\":1,\"name\":\"Portada\",\"item\":\"https:\\\/\\\/www.copealcoy.es\\\/es\\\/\"},{\"@type\":\"ListItem\",\"position\":2,\"name\":\"Fallece Pepa Botella de Casta\u00f1er, viuda del pintor Ram\u00f3n Casta\u00f1er\"}]},{\"@type\":\"WebSite\",\"@id\":\"https:\\\/\\\/www.copealcoy.es\\\/es\\\/#website\",\"url\":\"https:\\\/\\\/www.copealcoy.es\\\/es\\\/\",\"name\":\"COPE Alcoy\",\"description\":\"Emisora COPE de radio local con emisi\u00f3n online. Pont de Sant Jordi 8-10 03803 Alcoy\",\"potentialAction\":[{\"@type\":\"SearchAction\",\"target\":{\"@type\":\"EntryPoint\",\"urlTemplate\":\"https:\\\/\\\/www.copealcoy.es\\\/es\\\/?s={search_term_string}\"},\"query-input\":{\"@type\":\"PropertyValueSpecification\",\"valueRequired\":true,\"valueName\":\"search_term_string\"}}],\"inLanguage\":\"es\"},{\"@type\":\"Person\",\"@id\":\"https:\\\/\\\/www.copealcoy.es\\\/es\\\/#\\\/schema\\\/person\\\/e777c87fa024e57d40170af9df39882c\",\"name\":\"Cope Alcoy\",\"image\":{\"@type\":\"ImageObject\",\"inLanguage\":\"es\",\"@id\":\"https:\\\/\\\/secure.gravatar.com\\\/avatar\\\/bb65d0283347e303893ba14f0692005417c1e0e690a325a4c5d8bb2b3943ee14?s=96&d=mm&r=g\",\"url\":\"https:\\\/\\\/secure.gravatar.com\\\/avatar\\\/bb65d0283347e303893ba14f0692005417c1e0e690a325a4c5d8bb2b3943ee14?s=96&d=mm&r=g\",\"contentUrl\":\"https:\\\/\\\/secure.gravatar.com\\\/avatar\\\/bb65d0283347e303893ba14f0692005417c1e0e690a325a4c5d8bb2b3943ee14?s=96&d=mm&r=g\",\"caption\":\"Cope Alcoy\"}}]}<\/script>\n<!-- \/ Yoast SEO plugin. -->","yoast_head_json":{"title":"Fallece Pepa Botella de Casta\u00f1er, viuda del pintor Ram\u00f3n Casta\u00f1er - COPE Alcoy","description":"Fallece Pepa Botella de Casta\u00f1er, viuda del pintor Ram\u00f3n Casta\u00f1er","robots":{"index":"index","follow":"follow","max-snippet":"max-snippet:-1","max-image-preview":"max-image-preview:large","max-video-preview":"max-video-preview:-1"},"canonical":"https:\/\/www.copealcoy.es\/es\/fallece-pepa-botella-de-castaner-viuda-del-pintor-ramon-castaner\/","og_locale":"es_ES","og_type":"article","og_title":"Fallece Pepa Botella de Casta\u00f1er, viuda del pintor Ram\u00f3n Casta\u00f1er - COPE Alcoy","og_description":"Fallece Pepa Botella de Casta\u00f1er, viuda del pintor Ram\u00f3n Casta\u00f1er","og_url":"https:\/\/www.copealcoy.es\/es\/fallece-pepa-botella-de-castaner-viuda-del-pintor-ramon-castaner\/","og_site_name":"COPE Alcoy","article_published_time":"2026-04-29T18:19:59+00:00","article_modified_time":"2026-04-29T18:24:26+00:00","og_image":[{"width":1079,"height":600,"url":"https:\/\/www.copealcoy.es\/wp-content\/uploads\/2026\/04\/unnamed-1-52.jpg","type":"image\/jpeg"}],"author":"Cope Alcoy","twitter_misc":{"Escrito por":"Cope Alcoy","Tiempo de lectura":"2 minutos"},"schema":{"@context":"https:\/\/schema.org","@graph":[{"@type":"Article","@id":"https:\/\/www.copealcoy.es\/es\/fallece-pepa-botella-de-castaner-viuda-del-pintor-ramon-castaner\/#article","isPartOf":{"@id":"https:\/\/www.copealcoy.es\/es\/fallece-pepa-botella-de-castaner-viuda-del-pintor-ramon-castaner\/"},"author":{"name":"Cope Alcoy","@id":"https:\/\/www.copealcoy.es\/es\/#\/schema\/person\/e777c87fa024e57d40170af9df39882c"},"headline":"Fallece Pepa Botella de Casta\u00f1er, viuda del pintor Ram\u00f3n Casta\u00f1er","datePublished":"2026-04-29T18:19:59+00:00","dateModified":"2026-04-29T18:24:26+00:00","mainEntityOfPage":{"@id":"https:\/\/www.copealcoy.es\/es\/fallece-pepa-botella-de-castaner-viuda-del-pintor-ramon-castaner\/"},"wordCount":250,"image":{"@id":"https:\/\/www.copealcoy.es\/es\/fallece-pepa-botella-de-castaner-viuda-del-pintor-ramon-castaner\/#primaryimage"},"thumbnailUrl":"https:\/\/www.copealcoy.es\/wp-content\/uploads\/2026\/04\/unnamed-1-52.jpg","keywords":["Alcoy","Fallecimiento","Pepa Botella de Casta\u00f1er","Ram\u00f3n Casta\u00f1er"],"articleSection":["Actualidad","Alcoy","Noticias"],"inLanguage":"es"},{"@type":"WebPage","@id":"https:\/\/www.copealcoy.es\/es\/fallece-pepa-botella-de-castaner-viuda-del-pintor-ramon-castaner\/","url":"https:\/\/www.copealcoy.es\/es\/fallece-pepa-botella-de-castaner-viuda-del-pintor-ramon-castaner\/","name":"Fallece Pepa Botella de Casta\u00f1er, viuda del pintor Ram\u00f3n Casta\u00f1er - COPE Alcoy","isPartOf":{"@id":"https:\/\/www.copealcoy.es\/es\/#website"},"primaryImageOfPage":{"@id":"https:\/\/www.copealcoy.es\/es\/fallece-pepa-botella-de-castaner-viuda-del-pintor-ramon-castaner\/#primaryimage"},"image":{"@id":"https:\/\/www.copealcoy.es\/es\/fallece-pepa-botella-de-castaner-viuda-del-pintor-ramon-castaner\/#primaryimage"},"thumbnailUrl":"https:\/\/www.copealcoy.es\/wp-content\/uploads\/2026\/04\/unnamed-1-52.jpg","datePublished":"2026-04-29T18:19:59+00:00","dateModified":"2026-04-29T18:24:26+00:00","author":{"@id":"https:\/\/www.copealcoy.es\/es\/#\/schema\/person\/e777c87fa024e57d40170af9df39882c"},"description":"Fallece Pepa Botella de Casta\u00f1er, viuda del pintor Ram\u00f3n Casta\u00f1er","breadcrumb":{"@id":"https:\/\/www.copealcoy.es\/es\/fallece-pepa-botella-de-castaner-viuda-del-pintor-ramon-castaner\/#breadcrumb"},"inLanguage":"es","potentialAction":[{"@type":"ReadAction","target":["https:\/\/www.copealcoy.es\/es\/fallece-pepa-botella-de-castaner-viuda-del-pintor-ramon-castaner\/"]}]},{"@type":"ImageObject","inLanguage":"es","@id":"https:\/\/www.copealcoy.es\/es\/fallece-pepa-botella-de-castaner-viuda-del-pintor-ramon-castaner\/#primaryimage","url":"https:\/\/www.copealcoy.es\/wp-content\/uploads\/2026\/04\/unnamed-1-52.jpg","contentUrl":"https:\/\/www.copealcoy.es\/wp-content\/uploads\/2026\/04\/unnamed-1-52.jpg","width":1079,"height":600},{"@type":"BreadcrumbList","@id":"https:\/\/www.copealcoy.es\/es\/fallece-pepa-botella-de-castaner-viuda-del-pintor-ramon-castaner\/#breadcrumb","itemListElement":[{"@type":"ListItem","position":1,"name":"Portada","item":"https:\/\/www.copealcoy.es\/es\/"},{"@type":"ListItem","position":2,"name":"Fallece Pepa Botella de Casta\u00f1er, viuda del pintor Ram\u00f3n Casta\u00f1er"}]},{"@type":"WebSite","@id":"https:\/\/www.copealcoy.es\/es\/#website","url":"https:\/\/www.copealcoy.es\/es\/","name":"COPE Alcoy","description":"Emisora COPE de radio local con emisi\u00f3n online. Pont de Sant Jordi 8-10 03803 Alcoy","potentialAction":[{"@type":"SearchAction","target":{"@type":"EntryPoint","urlTemplate":"https:\/\/www.copealcoy.es\/es\/?s={search_term_string}"},"query-input":{"@type":"PropertyValueSpecification","valueRequired":true,"valueName":"search_term_string"}}],"inLanguage":"es"},{"@type":"Person","@id":"https:\/\/www.copealcoy.es\/es\/#\/schema\/person\/e777c87fa024e57d40170af9df39882c","name":"Cope Alcoy","image":{"@type":"ImageObject","inLanguage":"es","@id":"https:\/\/secure.gravatar.com\/avatar\/bb65d0283347e303893ba14f0692005417c1e0e690a325a4c5d8bb2b3943ee14?s=96&d=mm&r=g","url":"https:\/\/secure.gravatar.com\/avatar\/bb65d0283347e303893ba14f0692005417c1e0e690a325a4c5d8bb2b3943ee14?s=96&d=mm&r=g","contentUrl":"https:\/\/secure.gravatar.com\/avatar\/bb65d0283347e303893ba14f0692005417c1e0e690a325a4c5d8bb2b3943ee14?s=96&d=mm&r=g","caption":"Cope Alcoy"}}]}},"_links":{"self":[{"href":"https:\/\/www.copealcoy.es\/es\/wp-json\/wp\/v2\/posts\/167066","targetHints":{"allow":["GET"]}}],"collection":[{"href":"https:\/\/www.copealcoy.es\/es\/wp-json\/wp\/v2\/posts"}],"about":[{"href":"https:\/\/www.copealcoy.es\/es\/wp-json\/wp\/v2\/types\/post"}],"author":[{"embeddable":true,"href":"https:\/\/www.copealcoy.es\/es\/wp-json\/wp\/v2\/users\/1"}],"replies":[{"embeddable":true,"href":"https:\/\/www.copealcoy.es\/es\/wp-json\/wp\/v2\/comments?post=167066"}],"version-history":[{"count":3,"href":"https:\/\/www.copealcoy.es\/es\/wp-json\/wp\/v2\/posts\/167066\/revisions"}],"predecessor-version":[{"id":167072,"href":"https:\/\/www.copealcoy.es\/es\/wp-json\/wp\/v2\/posts\/167066\/revisions\/167072"}],"wp:featuredmedia":[{"embeddable":true,"href":"https:\/\/www.copealcoy.es\/es\/wp-json\/wp\/v2\/media\/167067"}],"wp:attachment":[{"href":"https:\/\/www.copealcoy.es\/es\/wp-json\/wp\/v2\/media?parent=167066"}],"wp:term":[{"taxonomy":"category","embeddable":true,"href":"https:\/\/www.copealcoy.es\/es\/wp-json\/wp\/v2\/categories?post=167066"},{"taxonomy":"post_tag","embeddable":true,"href":"https:\/\/www.copealcoy.es\/es\/wp-json\/wp\/v2\/tags?post=167066"}],"curies":[{"name":"wp","href":"https:\/\/api.w.org\/{rel}","templated":true}]}}