{"id":167060,"date":"2026-04-29T09:30:32","date_gmt":"2026-04-29T08:30:32","guid":{"rendered":"https:\/\/www.copealcoy.es\/?p=167060"},"modified":"2026-04-29T19:28:29","modified_gmt":"2026-04-29T18:28:29","slug":"lalqueria-dasnar-en-situacion-de-bloqueo-la-mocion-de-censura-sigue-paralizada","status":"publish","type":"post","link":"https:\/\/www.copealcoy.es\/es\/lalqueria-dasnar-en-situacion-de-bloqueo-la-mocion-de-censura-sigue-paralizada\/","title":{"rendered":"L&#8217;Alqueria d&#8217;Asnar en situaci\u00f3n de bloqueo: la moci\u00f3n de censura sigue paralizada"},"content":{"rendered":"<p style=\"text-align: justify;\">El <strong>Partido Socialista y la edil No Adscrita Saray Gonz\u00e1lez<\/strong>, promotores de la moci\u00f3n de censura en <a href=\"https:\/\/www.lalqueriadasnar.es\/\" target=\"_blank\" rel=\"noopener\"><strong><span style=\"color: #0000ff;\">l&#8217;Alqueria d&#8217;Asnar<\/span><\/strong><\/a>, siguen denunciando<strong> la situaci\u00f3n de par\u00e1lisis que vive el municipio<\/strong> y lamentan que <strong>todav\u00eda no se haya materializado el cambio en la alcald\u00eda<\/strong> que impulsan ambas partes. Los socialistas, en un comunicado que se ha dado a conocer en las ultimas horas, han informado que <strong>la Direcci\u00f3n General de Administraci\u00f3n Local ha denegado\u00a0 la incorporaci\u00f3n del supuesto secretario municipal anunciado por la alcald\u00eda<\/strong> y aseguran que este hecho es fruto de &#8220;<em>una estrategia deliberada de bloqueo<\/em>&#8220;.<\/p>\n<p style=\"text-align: justify;\">As\u00ed lo ha expresado el portavoz del PSPV en el municipio, <strong>Andreu Ripoll<\/strong>, quien ha detallado que ante este contexto <strong>el alcalde ha optado por nombrar otra vez a un pe\u00f3n de servicios municipales<\/strong> como secretario accidental. Ripoll considera que lo que se est\u00e1 viviendo en l&#8217;Alqueria supone <em>&#8220;una enorme gravedad democr\u00e1tica<\/em>&#8221; y advierte de <strong>las consecuencias<\/strong> que todo ello tiene para el funcionamiento de la administraci\u00f3n local &#8220;<em>se est\u00e1 impidiendo el funcionamiento normal del pleno, con fines pol\u00edticos, pero tambi\u00e9n obstaculizando una moci\u00f3n de censura presentada acorde a la ley<\/em>&#8220;, asegura. Adem\u00e1s detalla que la gesti\u00f3n del Ayuntamiento est\u00e1 ahora mismo comprometida &#8220;<em>hay facturas a proveedores bloqueadas, no tenemos aprobado el presupuesto de 2026 y tampoco se ha tramitado la liquidaci\u00f3n de las cuentas anteriores<\/em>&#8220;, concluye Ripoll.<\/p>\n<p style=\"text-align: justify;\">Tanto el PSPV como Saray Gonz\u00e1lez instan a la Diputaci\u00f3n de Alicante a que definitivamente<strong> tome cartas en el asunto<\/strong> y garantice un servicio de secretaria a la poblaci\u00f3n de forma correcta. Por \u00faltimo indican que si el bloqueo administrativo contin\u00faan exigir\u00e1n que se depuren las correspondientes responsabilidades jur\u00eddicas.<\/p>\n","protected":false},"excerpt":{"rendered":"<p>El Partido Socialista y la edil No Adscrita Saray Gonz\u00e1lez, promotores de la moci\u00f3n de censura en l&#8217;Alqueria d&#8217;Asnar, siguen&#8230;<\/p>\n","protected":false},"author":1,"featured_media":18744,"comment_status":"closed","ping_status":"closed","sticky":false,"template":"","format":"standard","meta":{"footnotes":""},"categories":[6909,98,75],"tags":[4681,21055,231,10541,9197],"class_list":["post-167060","post","type-post","status-publish","format-standard","has-post-thumbnail","hentry","category-actualidad","category-comarcas","category-noticias","tag-alqueria-dasnar","tag-bloqueo-institucional","tag-gestion","tag-mocion-de-censura","tag-paralisis"],"yoast_head":"<!-- This site is optimized with the Yoast SEO plugin v27.3 - https:\/\/yoast.com\/product\/yoast-seo-wordpress\/ -->\n<title>L&#039;Alqueria d&#039;Asnar en situaci\u00f3n de bloqueo: la moci\u00f3n de censura sigue paralizada - COPE Alcoy<\/title>\n<meta name=\"description\" content=\"Sin avances en l&#039;Alqueria d&#039;Asnar: la moci\u00f3n de censura sigue paralizada\" \/>\n<meta name=\"robots\" content=\"index, follow, max-snippet:-1, max-image-preview:large, max-video-preview:-1\" \/>\n<link rel=\"canonical\" href=\"https:\/\/www.copealcoy.es\/es\/lalqueria-dasnar-en-situacion-de-bloqueo-la-mocion-de-censura-sigue-paralizada\/\" \/>\n<meta property=\"og:locale\" content=\"es_ES\" \/>\n<meta property=\"og:type\" content=\"article\" \/>\n<meta property=\"og:title\" content=\"L&#039;Alqueria d&#039;Asnar en situaci\u00f3n de bloqueo: la moci\u00f3n de censura sigue paralizada - COPE Alcoy\" \/>\n<meta property=\"og:description\" content=\"Sin avances en l&#039;Alqueria d&#039;Asnar: la moci\u00f3n de censura sigue paralizada\" \/>\n<meta property=\"og:url\" content=\"https:\/\/www.copealcoy.es\/es\/lalqueria-dasnar-en-situacion-de-bloqueo-la-mocion-de-censura-sigue-paralizada\/\" \/>\n<meta property=\"og:site_name\" content=\"COPE Alcoy\" \/>\n<meta property=\"article:published_time\" content=\"2026-04-29T08:30:32+00:00\" \/>\n<meta property=\"article:modified_time\" content=\"2026-04-29T18:28:29+00:00\" \/>\n<meta property=\"og:image\" content=\"https:\/\/www.copealcoy.es\/wp-content\/uploads\/2016\/02\/costa-blanca-sierra-mariola-alqueria-dasnar-vista-del-pueblo-500x320.jpg\" \/>\n\t<meta property=\"og:image:width\" content=\"500\" \/>\n\t<meta property=\"og:image:height\" content=\"320\" \/>\n\t<meta property=\"og:image:type\" content=\"image\/jpeg\" \/>\n<meta name=\"author\" content=\"Cope Alcoy\" \/>\n<meta name=\"twitter:label1\" content=\"Escrito por\" \/>\n\t<meta name=\"twitter:data1\" content=\"Cope Alcoy\" \/>\n\t<meta name=\"twitter:label2\" content=\"Tiempo de lectura\" \/>\n\t<meta name=\"twitter:data2\" content=\"2 minutos\" \/>\n<script type=\"application\/ld+json\" class=\"yoast-schema-graph\">{\"@context\":\"https:\\\/\\\/schema.org\",\"@graph\":[{\"@type\":\"Article\",\"@id\":\"https:\\\/\\\/www.copealcoy.es\\\/es\\\/lalqueria-dasnar-en-situacion-de-bloqueo-la-mocion-de-censura-sigue-paralizada\\\/#article\",\"isPartOf\":{\"@id\":\"https:\\\/\\\/www.copealcoy.es\\\/es\\\/lalqueria-dasnar-en-situacion-de-bloqueo-la-mocion-de-censura-sigue-paralizada\\\/\"},\"author\":{\"name\":\"Cope Alcoy\",\"@id\":\"https:\\\/\\\/www.copealcoy.es\\\/es\\\/#\\\/schema\\\/person\\\/e777c87fa024e57d40170af9df39882c\"},\"headline\":\"L&#8217;Alqueria d&#8217;Asnar en situaci\u00f3n de bloqueo: la moci\u00f3n de censura sigue paralizada\",\"datePublished\":\"2026-04-29T08:30:32+00:00\",\"dateModified\":\"2026-04-29T18:28:29+00:00\",\"mainEntityOfPage\":{\"@id\":\"https:\\\/\\\/www.copealcoy.es\\\/es\\\/lalqueria-dasnar-en-situacion-de-bloqueo-la-mocion-de-censura-sigue-paralizada\\\/\"},\"wordCount\":315,\"image\":{\"@id\":\"https:\\\/\\\/www.copealcoy.es\\\/es\\\/lalqueria-dasnar-en-situacion-de-bloqueo-la-mocion-de-censura-sigue-paralizada\\\/#primaryimage\"},\"thumbnailUrl\":\"https:\\\/\\\/www.copealcoy.es\\\/wp-content\\\/uploads\\\/2016\\\/02\\\/costa-blanca-sierra-mariola-alqueria-dasnar-vista-del-pueblo-500x320.jpg\",\"keywords\":[\"Alquer\u00eda d\u00b4Asnar\",\"bloqueo institucional\",\"Gesti\u00f3n\",\"Moci\u00f3n de Censura\",\"par\u00e1lisis\"],\"articleSection\":[\"Actualidad\",\"Comarcas\",\"Noticias\"],\"inLanguage\":\"es\"},{\"@type\":\"WebPage\",\"@id\":\"https:\\\/\\\/www.copealcoy.es\\\/es\\\/lalqueria-dasnar-en-situacion-de-bloqueo-la-mocion-de-censura-sigue-paralizada\\\/\",\"url\":\"https:\\\/\\\/www.copealcoy.es\\\/es\\\/lalqueria-dasnar-en-situacion-de-bloqueo-la-mocion-de-censura-sigue-paralizada\\\/\",\"name\":\"L'Alqueria d'Asnar en situaci\u00f3n de bloqueo: la moci\u00f3n de censura sigue paralizada - COPE Alcoy\",\"isPartOf\":{\"@id\":\"https:\\\/\\\/www.copealcoy.es\\\/es\\\/#website\"},\"primaryImageOfPage\":{\"@id\":\"https:\\\/\\\/www.copealcoy.es\\\/es\\\/lalqueria-dasnar-en-situacion-de-bloqueo-la-mocion-de-censura-sigue-paralizada\\\/#primaryimage\"},\"image\":{\"@id\":\"https:\\\/\\\/www.copealcoy.es\\\/es\\\/lalqueria-dasnar-en-situacion-de-bloqueo-la-mocion-de-censura-sigue-paralizada\\\/#primaryimage\"},\"thumbnailUrl\":\"https:\\\/\\\/www.copealcoy.es\\\/wp-content\\\/uploads\\\/2016\\\/02\\\/costa-blanca-sierra-mariola-alqueria-dasnar-vista-del-pueblo-500x320.jpg\",\"datePublished\":\"2026-04-29T08:30:32+00:00\",\"dateModified\":\"2026-04-29T18:28:29+00:00\",\"author\":{\"@id\":\"https:\\\/\\\/www.copealcoy.es\\\/es\\\/#\\\/schema\\\/person\\\/e777c87fa024e57d40170af9df39882c\"},\"description\":\"Sin avances en l'Alqueria d'Asnar: la moci\u00f3n de censura sigue paralizada\",\"breadcrumb\":{\"@id\":\"https:\\\/\\\/www.copealcoy.es\\\/es\\\/lalqueria-dasnar-en-situacion-de-bloqueo-la-mocion-de-censura-sigue-paralizada\\\/#breadcrumb\"},\"inLanguage\":\"es\",\"potentialAction\":[{\"@type\":\"ReadAction\",\"target\":[\"https:\\\/\\\/www.copealcoy.es\\\/es\\\/lalqueria-dasnar-en-situacion-de-bloqueo-la-mocion-de-censura-sigue-paralizada\\\/\"]}]},{\"@type\":\"ImageObject\",\"inLanguage\":\"es\",\"@id\":\"https:\\\/\\\/www.copealcoy.es\\\/es\\\/lalqueria-dasnar-en-situacion-de-bloqueo-la-mocion-de-censura-sigue-paralizada\\\/#primaryimage\",\"url\":\"https:\\\/\\\/www.copealcoy.es\\\/wp-content\\\/uploads\\\/2016\\\/02\\\/costa-blanca-sierra-mariola-alqueria-dasnar-vista-del-pueblo-500x320.jpg\",\"contentUrl\":\"https:\\\/\\\/www.copealcoy.es\\\/wp-content\\\/uploads\\\/2016\\\/02\\\/costa-blanca-sierra-mariola-alqueria-dasnar-vista-del-pueblo-500x320.jpg\",\"width\":500,\"height\":320},{\"@type\":\"BreadcrumbList\",\"@id\":\"https:\\\/\\\/www.copealcoy.es\\\/es\\\/lalqueria-dasnar-en-situacion-de-bloqueo-la-mocion-de-censura-sigue-paralizada\\\/#breadcrumb\",\"itemListElement\":[{\"@type\":\"ListItem\",\"position\":1,\"name\":\"Portada\",\"item\":\"https:\\\/\\\/www.copealcoy.es\\\/es\\\/\"},{\"@type\":\"ListItem\",\"position\":2,\"name\":\"L&#8217;Alqueria d&#8217;Asnar en situaci\u00f3n de bloqueo: la moci\u00f3n de censura sigue paralizada\"}]},{\"@type\":\"WebSite\",\"@id\":\"https:\\\/\\\/www.copealcoy.es\\\/es\\\/#website\",\"url\":\"https:\\\/\\\/www.copealcoy.es\\\/es\\\/\",\"name\":\"COPE Alcoy\",\"description\":\"Emisora COPE de radio local con emisi\u00f3n online. Pont de Sant Jordi 8-10 03803 Alcoy\",\"potentialAction\":[{\"@type\":\"SearchAction\",\"target\":{\"@type\":\"EntryPoint\",\"urlTemplate\":\"https:\\\/\\\/www.copealcoy.es\\\/es\\\/?s={search_term_string}\"},\"query-input\":{\"@type\":\"PropertyValueSpecification\",\"valueRequired\":true,\"valueName\":\"search_term_string\"}}],\"inLanguage\":\"es\"},{\"@type\":\"Person\",\"@id\":\"https:\\\/\\\/www.copealcoy.es\\\/es\\\/#\\\/schema\\\/person\\\/e777c87fa024e57d40170af9df39882c\",\"name\":\"Cope Alcoy\",\"image\":{\"@type\":\"ImageObject\",\"inLanguage\":\"es\",\"@id\":\"https:\\\/\\\/secure.gravatar.com\\\/avatar\\\/bb65d0283347e303893ba14f0692005417c1e0e690a325a4c5d8bb2b3943ee14?s=96&d=mm&r=g\",\"url\":\"https:\\\/\\\/secure.gravatar.com\\\/avatar\\\/bb65d0283347e303893ba14f0692005417c1e0e690a325a4c5d8bb2b3943ee14?s=96&d=mm&r=g\",\"contentUrl\":\"https:\\\/\\\/secure.gravatar.com\\\/avatar\\\/bb65d0283347e303893ba14f0692005417c1e0e690a325a4c5d8bb2b3943ee14?s=96&d=mm&r=g\",\"caption\":\"Cope Alcoy\"}}]}<\/script>\n<!-- \/ Yoast SEO plugin. -->","yoast_head_json":{"title":"L'Alqueria d'Asnar en situaci\u00f3n de bloqueo: la moci\u00f3n de censura sigue paralizada - COPE Alcoy","description":"Sin avances en l'Alqueria d'Asnar: la moci\u00f3n de censura sigue paralizada","robots":{"index":"index","follow":"follow","max-snippet":"max-snippet:-1","max-image-preview":"max-image-preview:large","max-video-preview":"max-video-preview:-1"},"canonical":"https:\/\/www.copealcoy.es\/es\/lalqueria-dasnar-en-situacion-de-bloqueo-la-mocion-de-censura-sigue-paralizada\/","og_locale":"es_ES","og_type":"article","og_title":"L'Alqueria d'Asnar en situaci\u00f3n de bloqueo: la moci\u00f3n de censura sigue paralizada - COPE Alcoy","og_description":"Sin avances en l'Alqueria d'Asnar: la moci\u00f3n de censura sigue paralizada","og_url":"https:\/\/www.copealcoy.es\/es\/lalqueria-dasnar-en-situacion-de-bloqueo-la-mocion-de-censura-sigue-paralizada\/","og_site_name":"COPE Alcoy","article_published_time":"2026-04-29T08:30:32+00:00","article_modified_time":"2026-04-29T18:28:29+00:00","og_image":[{"width":500,"height":320,"url":"https:\/\/www.copealcoy.es\/wp-content\/uploads\/2016\/02\/costa-blanca-sierra-mariola-alqueria-dasnar-vista-del-pueblo-500x320.jpg","type":"image\/jpeg"}],"author":"Cope Alcoy","twitter_misc":{"Escrito por":"Cope Alcoy","Tiempo de lectura":"2 minutos"},"schema":{"@context":"https:\/\/schema.org","@graph":[{"@type":"Article","@id":"https:\/\/www.copealcoy.es\/es\/lalqueria-dasnar-en-situacion-de-bloqueo-la-mocion-de-censura-sigue-paralizada\/#article","isPartOf":{"@id":"https:\/\/www.copealcoy.es\/es\/lalqueria-dasnar-en-situacion-de-bloqueo-la-mocion-de-censura-sigue-paralizada\/"},"author":{"name":"Cope Alcoy","@id":"https:\/\/www.copealcoy.es\/es\/#\/schema\/person\/e777c87fa024e57d40170af9df39882c"},"headline":"L&#8217;Alqueria d&#8217;Asnar en situaci\u00f3n de bloqueo: la moci\u00f3n de censura sigue paralizada","datePublished":"2026-04-29T08:30:32+00:00","dateModified":"2026-04-29T18:28:29+00:00","mainEntityOfPage":{"@id":"https:\/\/www.copealcoy.es\/es\/lalqueria-dasnar-en-situacion-de-bloqueo-la-mocion-de-censura-sigue-paralizada\/"},"wordCount":315,"image":{"@id":"https:\/\/www.copealcoy.es\/es\/lalqueria-dasnar-en-situacion-de-bloqueo-la-mocion-de-censura-sigue-paralizada\/#primaryimage"},"thumbnailUrl":"https:\/\/www.copealcoy.es\/wp-content\/uploads\/2016\/02\/costa-blanca-sierra-mariola-alqueria-dasnar-vista-del-pueblo-500x320.jpg","keywords":["Alquer\u00eda d\u00b4Asnar","bloqueo institucional","Gesti\u00f3n","Moci\u00f3n de Censura","par\u00e1lisis"],"articleSection":["Actualidad","Comarcas","Noticias"],"inLanguage":"es"},{"@type":"WebPage","@id":"https:\/\/www.copealcoy.es\/es\/lalqueria-dasnar-en-situacion-de-bloqueo-la-mocion-de-censura-sigue-paralizada\/","url":"https:\/\/www.copealcoy.es\/es\/lalqueria-dasnar-en-situacion-de-bloqueo-la-mocion-de-censura-sigue-paralizada\/","name":"L'Alqueria d'Asnar en situaci\u00f3n de bloqueo: la moci\u00f3n de censura sigue paralizada - COPE Alcoy","isPartOf":{"@id":"https:\/\/www.copealcoy.es\/es\/#website"},"primaryImageOfPage":{"@id":"https:\/\/www.copealcoy.es\/es\/lalqueria-dasnar-en-situacion-de-bloqueo-la-mocion-de-censura-sigue-paralizada\/#primaryimage"},"image":{"@id":"https:\/\/www.copealcoy.es\/es\/lalqueria-dasnar-en-situacion-de-bloqueo-la-mocion-de-censura-sigue-paralizada\/#primaryimage"},"thumbnailUrl":"https:\/\/www.copealcoy.es\/wp-content\/uploads\/2016\/02\/costa-blanca-sierra-mariola-alqueria-dasnar-vista-del-pueblo-500x320.jpg","datePublished":"2026-04-29T08:30:32+00:00","dateModified":"2026-04-29T18:28:29+00:00","author":{"@id":"https:\/\/www.copealcoy.es\/es\/#\/schema\/person\/e777c87fa024e57d40170af9df39882c"},"description":"Sin avances en l'Alqueria d'Asnar: la moci\u00f3n de censura sigue paralizada","breadcrumb":{"@id":"https:\/\/www.copealcoy.es\/es\/lalqueria-dasnar-en-situacion-de-bloqueo-la-mocion-de-censura-sigue-paralizada\/#breadcrumb"},"inLanguage":"es","potentialAction":[{"@type":"ReadAction","target":["https:\/\/www.copealcoy.es\/es\/lalqueria-dasnar-en-situacion-de-bloqueo-la-mocion-de-censura-sigue-paralizada\/"]}]},{"@type":"ImageObject","inLanguage":"es","@id":"https:\/\/www.copealcoy.es\/es\/lalqueria-dasnar-en-situacion-de-bloqueo-la-mocion-de-censura-sigue-paralizada\/#primaryimage","url":"https:\/\/www.copealcoy.es\/wp-content\/uploads\/2016\/02\/costa-blanca-sierra-mariola-alqueria-dasnar-vista-del-pueblo-500x320.jpg","contentUrl":"https:\/\/www.copealcoy.es\/wp-content\/uploads\/2016\/02\/costa-blanca-sierra-mariola-alqueria-dasnar-vista-del-pueblo-500x320.jpg","width":500,"height":320},{"@type":"BreadcrumbList","@id":"https:\/\/www.copealcoy.es\/es\/lalqueria-dasnar-en-situacion-de-bloqueo-la-mocion-de-censura-sigue-paralizada\/#breadcrumb","itemListElement":[{"@type":"ListItem","position":1,"name":"Portada","item":"https:\/\/www.copealcoy.es\/es\/"},{"@type":"ListItem","position":2,"name":"L&#8217;Alqueria d&#8217;Asnar en situaci\u00f3n de bloqueo: la moci\u00f3n de censura sigue paralizada"}]},{"@type":"WebSite","@id":"https:\/\/www.copealcoy.es\/es\/#website","url":"https:\/\/www.copealcoy.es\/es\/","name":"COPE Alcoy","description":"Emisora COPE de radio local con emisi\u00f3n online. Pont de Sant Jordi 8-10 03803 Alcoy","potentialAction":[{"@type":"SearchAction","target":{"@type":"EntryPoint","urlTemplate":"https:\/\/www.copealcoy.es\/es\/?s={search_term_string}"},"query-input":{"@type":"PropertyValueSpecification","valueRequired":true,"valueName":"search_term_string"}}],"inLanguage":"es"},{"@type":"Person","@id":"https:\/\/www.copealcoy.es\/es\/#\/schema\/person\/e777c87fa024e57d40170af9df39882c","name":"Cope Alcoy","image":{"@type":"ImageObject","inLanguage":"es","@id":"https:\/\/secure.gravatar.com\/avatar\/bb65d0283347e303893ba14f0692005417c1e0e690a325a4c5d8bb2b3943ee14?s=96&d=mm&r=g","url":"https:\/\/secure.gravatar.com\/avatar\/bb65d0283347e303893ba14f0692005417c1e0e690a325a4c5d8bb2b3943ee14?s=96&d=mm&r=g","contentUrl":"https:\/\/secure.gravatar.com\/avatar\/bb65d0283347e303893ba14f0692005417c1e0e690a325a4c5d8bb2b3943ee14?s=96&d=mm&r=g","caption":"Cope Alcoy"}}]}},"_links":{"self":[{"href":"https:\/\/www.copealcoy.es\/es\/wp-json\/wp\/v2\/posts\/167060","targetHints":{"allow":["GET"]}}],"collection":[{"href":"https:\/\/www.copealcoy.es\/es\/wp-json\/wp\/v2\/posts"}],"about":[{"href":"https:\/\/www.copealcoy.es\/es\/wp-json\/wp\/v2\/types\/post"}],"author":[{"embeddable":true,"href":"https:\/\/www.copealcoy.es\/es\/wp-json\/wp\/v2\/users\/1"}],"replies":[{"embeddable":true,"href":"https:\/\/www.copealcoy.es\/es\/wp-json\/wp\/v2\/comments?post=167060"}],"version-history":[{"count":3,"href":"https:\/\/www.copealcoy.es\/es\/wp-json\/wp\/v2\/posts\/167060\/revisions"}],"predecessor-version":[{"id":167063,"href":"https:\/\/www.copealcoy.es\/es\/wp-json\/wp\/v2\/posts\/167060\/revisions\/167063"}],"wp:featuredmedia":[{"embeddable":true,"href":"https:\/\/www.copealcoy.es\/es\/wp-json\/wp\/v2\/media\/18744"}],"wp:attachment":[{"href":"https:\/\/www.copealcoy.es\/es\/wp-json\/wp\/v2\/media?parent=167060"}],"wp:term":[{"taxonomy":"category","embeddable":true,"href":"https:\/\/www.copealcoy.es\/es\/wp-json\/wp\/v2\/categories?post=167060"},{"taxonomy":"post_tag","embeddable":true,"href":"https:\/\/www.copealcoy.es\/es\/wp-json\/wp\/v2\/tags?post=167060"}],"curies":[{"name":"wp","href":"https:\/\/api.w.org\/{rel}","templated":true}]}}