{"id":167051,"date":"2026-04-28T07:35:09","date_gmt":"2026-04-28T06:35:09","guid":{"rendered":"https:\/\/www.copealcoy.es\/?p=167051"},"modified":"2026-04-28T18:50:14","modified_gmt":"2026-04-28T17:50:14","slug":"mediodia-cope-alcoy-martes-28-de-abril-2026-1420h","status":"publish","type":"post","link":"https:\/\/www.copealcoy.es\/es\/mediodia-cope-alcoy-martes-28-de-abril-2026-1420h\/","title":{"rendered":"\u2018Mediod\u00eda Cope\u2019 Alcoy martes 28 de abril 2026 (14:20h)"},"content":{"rendered":"<p><iframe loading=\"lazy\" title=\"&#039;Mediod\u00eda Cope&#039; Alcoy Martes 28 De Abril 2026 (14:20h)\" width=\"100%\" height=\"120\" src=\"https:\/\/www.mixcloud.com\/widget\/iframe\/?feed=https%3A%2F%2Fwww.mixcloud.com%2FCOPEAlcoy%2Fmediod%25C3%25ADa-cope-alcoy-martes-28-de-abril-2026-1420h%2F&amp;hide_cover=1\" frameborder=\"0\" allow=\"encrypted-media; fullscreen; autoplay; idle-detection; speaker-selection; web-share;\"><\/iframe><\/p>\n<p style=\"text-align: justify;\">Hoy martes\u00a0<strong>hemos recuperado la normalidad tras las\u00a0<span style=\"color: #0000ff;\"><a style=\"color: #0000ff;\" href=\"https:\/\/www.asjordi.org\/\" target=\"_blank\" rel=\"noopener\">Fiestas de Moros y Cristianos de Alcoy<\/a><\/span><\/strong>\u00a0al mismo tiempo que\u00a0<strong>hemos hecho balance de las mismas<\/strong>. Adem\u00e1s hemos detallado todo lo que se ha vivido en la ciudad durante los \u00faltimos d\u00edas.<\/p>\n<p style=\"text-align: justify;\" data-start=\"197\" data-end=\"464\">Las\u00a0<strong data-start=\"201\" data-end=\"248\">Fiestas de Moros y Cristianos de Alcoi 2026<\/strong>\u00a0terminaron ayer lunes con el tradicional acto de la\u00a0<strong data-start=\"301\" data-end=\"331\">Aparici\u00f3n del Sant Jordiet<\/strong>, un momento que volvi\u00f3 a reunir a miles de personas en la Pla\u00e7a d\u2019Espanya y que puso el broche final a una intensa trilog\u00eda festera.<\/p>\n<p style=\"text-align: justify;\" data-start=\"466\" data-end=\"990\">Con un contundente\u00a0<em data-start=\"485\" data-end=\"505\">\u201cVisca Sant Jordi\u201d<\/em>, el p\u00fablico despidi\u00f3 unas celebraciones que han estado marcadas por la lluvia en algunos momentos, la participaci\u00f3n multitudinaria y la gran presencia institucional. El protagonista de la noche fue el\u00a0<strong data-start=\"707\" data-end=\"751\">Sant Jordiet 2026, Mateo Vilaplana Blaak<\/strong>, quien lanz\u00f3 m\u00e1s de\u00a0<strong data-start=\"772\" data-end=\"792\">diez mil flechas<\/strong>\u00a0desde lo alto del castillo, recreando la intercesi\u00f3n de\u00a0<strong data-start=\"849\" data-end=\"863\">Sant Jordi<\/strong>\u00a0en la batalla de 1276. El acto finaliz\u00f3 con un espectacular castillo de fuegos artificiales que ilumin\u00f3 el cielo de la ciudad.<\/p>\n<p style=\"text-align: justify;\" data-start=\"992\" data-end=\"1276\"><span style=\"color: #0000ff;\"><strong>Fiesta del pasodoble\u00a0<\/strong><\/span><\/p>\n<p style=\"text-align: justify;\" data-start=\"1309\" data-end=\"1670\">El arranque festero tuvo lugar el pasado viernes con la\u00a0<strong data-start=\"1365\" data-end=\"1389\">Fiesta del Pasodoble<\/strong>, en la que participaron\u00a0<strong data-start=\"1414\" data-end=\"1437\">22 bandas de m\u00fasica<\/strong>\u00a0que interpretaron el\u00a0<strong data-start=\"1459\" data-end=\"1479\">Himno de Fiestas<\/strong>\u00a0dirigido por\u00a0<strong data-start=\"1493\" data-end=\"1522\">Jos\u00e9 Mar\u00eda Valls Satorres<\/strong>. La lluvia amenaz\u00f3 durante la tarde, aunque finalmente solo apareci\u00f3 en el momento del acto. El propio director destac\u00f3 la emoci\u00f3n de esta edici\u00f3n.<\/p>\n<p style=\"text-align: justify;\" data-start=\"1309\" data-end=\"1670\"><span style=\"color: #0000ff;\"><strong>Entradas<\/strong><\/span><\/p>\n<p style=\"text-align: justify;\" data-start=\"1691\" data-end=\"1943\">El\u00a0<strong data-start=\"1694\" data-end=\"1715\">D\u00eda de la Entrada<\/strong>\u00a0comenz\u00f3 con una\u00a0<strong data-start=\"1732\" data-end=\"1749\">Primera Diana<\/strong>\u00a0marcada por la lluvia, aunque la situaci\u00f3n mejor\u00f3 a partir de las 10:30 horas, cuando arranc\u00f3 la Entrada Cristiana. En ese momento el cielo se abri\u00f3 y permiti\u00f3 el desarrollo normal del desfile. M\u00e1s de\u00a0<strong data-start=\"1952\" data-end=\"1984\">15.000 festeros y visitantes<\/strong>\u00a0participaron en una jornada multitudinaria en la que destacaron los cargos festeros:\u00a0<strong data-start=\"2070\" data-end=\"2107\">Javier Ferr\u00e1ndiz y Fernando Jord\u00e0<\/strong>\u00a0por el bando cristiano, y\u00a0<strong data-start=\"2134\" data-end=\"2163\">Nacho L\u00f3pez y Miguel Esp\u00ed<\/strong>\u00a0por el bando moro. Tambi\u00e9n fueron especialmente aplaudidas las\u00a0<strong data-start=\"2227\" data-end=\"2248\">Escuadras del Mig<\/strong>, que llenaron de espect\u00e1culo el recorrido. El alcalde de Alcoi,\u00a0<strong data-start=\"2314\" data-end=\"2330\">Toni Franc\u00e9s<\/strong>, realiz\u00f3 un balance positivo del d\u00eda, subrayando la normalidad y el \u00e9xito organizativo del acto.<\/p>\n<p style=\"text-align: justify;\" data-start=\"1691\" data-end=\"1943\"><span style=\"color: #0000ff;\"><strong>Representaci\u00f3n institucional<\/strong><\/span><\/p>\n<p style=\"text-align: justify;\" data-start=\"1691\" data-end=\"1943\">Las fiestas contaron con una importante presencia institucional. La ministra\u00a0<strong data-start=\"2545\" data-end=\"2561\">Diana Morant<\/strong>\u00a0asisti\u00f3 a varios actos, al igual que el presidente de la Generalitat,\u00a0<strong data-start=\"2632\" data-end=\"2657\">Juanfran P\u00e9rez Llorca<\/strong>, y el presidente de la Diputaci\u00f3n de Alicante,\u00a0<strong data-start=\"2705\" data-end=\"2719\">Toni P\u00e9rez<\/strong>. Tambi\u00e9n acudieron diversos consellers, diputados, alcaldes de la comarca y representantes pol\u00edticos de diferentes formaciones.<\/p>\n<p style=\"text-align: justify;\" data-start=\"2468\" data-end=\"2847\"><span style=\"color: #0000ff;\"><strong>D\u00eda de San Jorge<\/strong><\/span><\/p>\n<p style=\"text-align: justify;\" data-start=\"2468\" data-end=\"2847\">El domingo estuvo dedicado al patr\u00f3n de la ciudad. La\u00a0<strong data-start=\"2930\" data-end=\"2958\">Procesi\u00f3n de la Reliquia<\/strong>\u00a0y la\u00a0<strong data-start=\"2964\" data-end=\"2985\">Procesi\u00f3n General<\/strong>\u00a0marcaron la jornada, con especial protagonismo del\u00a0<strong data-start=\"3037\" data-end=\"3053\">Sant Jordiet<\/strong>, Mateo Vilaplana Blaak, cuya indumentaria blanca fue dise\u00f1ada por su abuela, Aitana Mart\u00edn. La\u00a0<strong data-start=\"3150\" data-end=\"3164\">Misa Mayor<\/strong>, presidida por el arzobispo de Valencia,\u00a0<strong data-start=\"3206\" data-end=\"3235\">Monse\u00f1or Enrique Benavent<\/strong>, incluy\u00f3 la bendici\u00f3n apost\u00f3lica dentro del\u00a0<strong data-start=\"3280\" data-end=\"3295\">A\u00f1o Jubilar<\/strong>\u00a0concedido por el Vaticano con motivo del 750 aniversario del patronazgo de Sant Jordi.<\/p>\n<p style=\"text-align: justify;\" data-start=\"2468\" data-end=\"2847\"><span style=\"color: #0000ff;\"><strong>Embajadas y Alardo<\/strong><\/span><\/p>\n<p style=\"text-align: justify;\" data-start=\"3413\" data-end=\"3763\">El lunes se vivi\u00f3 el tradicional\u00a0<strong data-start=\"3446\" data-end=\"3464\">D\u00eda del Alardo<\/strong>, con intensas batallas de arcabucer\u00eda en las que se emplearon cerca de\u00a0<strong data-start=\"3536\" data-end=\"3565\">tres mil kilos de p\u00f3lvora<\/strong>. Las tropas de la cruz recuperaron el castillo tras las Embajadas, interpretadas por\u00a0<strong data-start=\"3651\" data-end=\"3684\">\u00d3scar Mart\u00ednez y Tono Delgado<\/strong>, en una jornada que volvi\u00f3 a llenar el centro de estruendo, p\u00f3lvora y p\u00fablico. Tras el retorno de Sant Jordi \u2018El Xicotet\u2019 a su templo, tuvo lugar el\u00a0<strong data-start=\"3835\" data-end=\"3864\">Acto de Acci\u00f3n de Gracias<\/strong>, previo a la esperada Aparici\u00f3n que puso el punto final a las fiestas.<\/p>\n<p style=\"text-align: justify;\" data-start=\"3413\" data-end=\"3763\">Las fiestas dejan paso ahora a un a\u00f1o especialmente significativo, ya que Alcoi inicia el camino hacia la conmemoraci\u00f3n del\u00a0<strong data-start=\"1116\" data-end=\"1164\">750 aniversario del patronazgo de Sant Jordi<\/strong>, una efem\u00e9ride que se prolongar\u00e1 hasta abril de 2027 con una amplia programaci\u00f3n cultural, festiva y religiosa.<\/p>\n","protected":false},"excerpt":{"rendered":"<p>Hoy martes\u00a0hemos recuperado la normalidad tras las\u00a0Fiestas de Moros y Cristianos de Alcoy\u00a0al mismo tiempo que\u00a0hemos hecho balance de las&#8230;<\/p>\n","protected":false},"author":1,"featured_media":147663,"comment_status":"closed","ping_status":"closed","sticky":false,"template":"","format":"standard","meta":{"footnotes":""},"categories":[6909,89,91,75],"tags":[],"class_list":["post-167051","post","type-post","status-publish","format-standard","has-post-thumbnail","hentry","category-actualidad","category-audiosdelosprogramas","category-informativos","category-noticias"],"yoast_head":"<!-- This site is optimized with the Yoast SEO plugin v27.3 - https:\/\/yoast.com\/product\/yoast-seo-wordpress\/ -->\n<title>\u2018Mediod\u00eda Cope\u2019 Alcoy martes 28 de abril 2026 (14:20h) - COPE Alcoy<\/title>\n<meta name=\"robots\" content=\"index, follow, max-snippet:-1, max-image-preview:large, max-video-preview:-1\" \/>\n<link rel=\"canonical\" href=\"https:\/\/www.copealcoy.es\/es\/mediodia-cope-alcoy-martes-28-de-abril-2026-1420h\/\" \/>\n<meta property=\"og:locale\" content=\"es_ES\" \/>\n<meta property=\"og:type\" content=\"article\" \/>\n<meta property=\"og:title\" content=\"\u2018Mediod\u00eda Cope\u2019 Alcoy martes 28 de abril 2026 (14:20h) - COPE Alcoy\" \/>\n<meta property=\"og:description\" content=\"Hoy martes\u00a0hemos recuperado la normalidad tras las\u00a0Fiestas de Moros y Cristianos de Alcoy\u00a0al mismo tiempo que\u00a0hemos hecho balance de las...\" \/>\n<meta property=\"og:url\" content=\"https:\/\/www.copealcoy.es\/es\/mediodia-cope-alcoy-martes-28-de-abril-2026-1420h\/\" \/>\n<meta property=\"og:site_name\" content=\"COPE Alcoy\" \/>\n<meta property=\"article:published_time\" content=\"2026-04-28T06:35:09+00:00\" \/>\n<meta property=\"article:modified_time\" content=\"2026-04-28T17:50:14+00:00\" \/>\n<meta property=\"og:image\" content=\"https:\/\/www.copealcoy.es\/wp-content\/uploads\/2025\/02\/Mediodia-Cope-Castellano.png\" \/>\n\t<meta property=\"og:image:width\" content=\"357\" \/>\n\t<meta property=\"og:image:height\" content=\"290\" \/>\n\t<meta property=\"og:image:type\" content=\"image\/png\" \/>\n<meta name=\"author\" content=\"Cope Alcoy\" \/>\n<meta name=\"twitter:label1\" content=\"Escrito por\" \/>\n\t<meta name=\"twitter:data1\" content=\"Cope Alcoy\" \/>\n\t<meta name=\"twitter:label2\" content=\"Tiempo de lectura\" \/>\n\t<meta name=\"twitter:data2\" content=\"4 minutos\" \/>\n<script type=\"application\/ld+json\" class=\"yoast-schema-graph\">{\"@context\":\"https:\\\/\\\/schema.org\",\"@graph\":[{\"@type\":\"Article\",\"@id\":\"https:\\\/\\\/www.copealcoy.es\\\/es\\\/mediodia-cope-alcoy-martes-28-de-abril-2026-1420h\\\/#article\",\"isPartOf\":{\"@id\":\"https:\\\/\\\/www.copealcoy.es\\\/es\\\/mediodia-cope-alcoy-martes-28-de-abril-2026-1420h\\\/\"},\"author\":{\"name\":\"Cope Alcoy\",\"@id\":\"https:\\\/\\\/www.copealcoy.es\\\/es\\\/#\\\/schema\\\/person\\\/e777c87fa024e57d40170af9df39882c\"},\"headline\":\"\u2018Mediod\u00eda Cope\u2019 Alcoy martes 28 de abril 2026 (14:20h)\",\"datePublished\":\"2026-04-28T06:35:09+00:00\",\"dateModified\":\"2026-04-28T17:50:14+00:00\",\"mainEntityOfPage\":{\"@id\":\"https:\\\/\\\/www.copealcoy.es\\\/es\\\/mediodia-cope-alcoy-martes-28-de-abril-2026-1420h\\\/\"},\"wordCount\":676,\"image\":{\"@id\":\"https:\\\/\\\/www.copealcoy.es\\\/es\\\/mediodia-cope-alcoy-martes-28-de-abril-2026-1420h\\\/#primaryimage\"},\"thumbnailUrl\":\"https:\\\/\\\/www.copealcoy.es\\\/wp-content\\\/uploads\\\/2025\\\/02\\\/Mediodia-Cope-Castellano.png\",\"articleSection\":[\"Actualidad\",\"Audios de los programas\",\"Informativos\",\"Noticias\"],\"inLanguage\":\"es\"},{\"@type\":\"WebPage\",\"@id\":\"https:\\\/\\\/www.copealcoy.es\\\/es\\\/mediodia-cope-alcoy-martes-28-de-abril-2026-1420h\\\/\",\"url\":\"https:\\\/\\\/www.copealcoy.es\\\/es\\\/mediodia-cope-alcoy-martes-28-de-abril-2026-1420h\\\/\",\"name\":\"\u2018Mediod\u00eda Cope\u2019 Alcoy martes 28 de abril 2026 (14:20h) - COPE Alcoy\",\"isPartOf\":{\"@id\":\"https:\\\/\\\/www.copealcoy.es\\\/es\\\/#website\"},\"primaryImageOfPage\":{\"@id\":\"https:\\\/\\\/www.copealcoy.es\\\/es\\\/mediodia-cope-alcoy-martes-28-de-abril-2026-1420h\\\/#primaryimage\"},\"image\":{\"@id\":\"https:\\\/\\\/www.copealcoy.es\\\/es\\\/mediodia-cope-alcoy-martes-28-de-abril-2026-1420h\\\/#primaryimage\"},\"thumbnailUrl\":\"https:\\\/\\\/www.copealcoy.es\\\/wp-content\\\/uploads\\\/2025\\\/02\\\/Mediodia-Cope-Castellano.png\",\"datePublished\":\"2026-04-28T06:35:09+00:00\",\"dateModified\":\"2026-04-28T17:50:14+00:00\",\"author\":{\"@id\":\"https:\\\/\\\/www.copealcoy.es\\\/es\\\/#\\\/schema\\\/person\\\/e777c87fa024e57d40170af9df39882c\"},\"breadcrumb\":{\"@id\":\"https:\\\/\\\/www.copealcoy.es\\\/es\\\/mediodia-cope-alcoy-martes-28-de-abril-2026-1420h\\\/#breadcrumb\"},\"inLanguage\":\"es\",\"potentialAction\":[{\"@type\":\"ReadAction\",\"target\":[\"https:\\\/\\\/www.copealcoy.es\\\/es\\\/mediodia-cope-alcoy-martes-28-de-abril-2026-1420h\\\/\"]}]},{\"@type\":\"ImageObject\",\"inLanguage\":\"es\",\"@id\":\"https:\\\/\\\/www.copealcoy.es\\\/es\\\/mediodia-cope-alcoy-martes-28-de-abril-2026-1420h\\\/#primaryimage\",\"url\":\"https:\\\/\\\/www.copealcoy.es\\\/wp-content\\\/uploads\\\/2025\\\/02\\\/Mediodia-Cope-Castellano.png\",\"contentUrl\":\"https:\\\/\\\/www.copealcoy.es\\\/wp-content\\\/uploads\\\/2025\\\/02\\\/Mediodia-Cope-Castellano.png\",\"width\":357,\"height\":290},{\"@type\":\"BreadcrumbList\",\"@id\":\"https:\\\/\\\/www.copealcoy.es\\\/es\\\/mediodia-cope-alcoy-martes-28-de-abril-2026-1420h\\\/#breadcrumb\",\"itemListElement\":[{\"@type\":\"ListItem\",\"position\":1,\"name\":\"Portada\",\"item\":\"https:\\\/\\\/www.copealcoy.es\\\/es\\\/\"},{\"@type\":\"ListItem\",\"position\":2,\"name\":\"\u2018Mediod\u00eda Cope\u2019 Alcoy martes 28 de abril 2026 (14:20h)\"}]},{\"@type\":\"WebSite\",\"@id\":\"https:\\\/\\\/www.copealcoy.es\\\/es\\\/#website\",\"url\":\"https:\\\/\\\/www.copealcoy.es\\\/es\\\/\",\"name\":\"COPE Alcoy\",\"description\":\"Emisora COPE de radio local con emisi\u00f3n online. Pont de Sant Jordi 8-10 03803 Alcoy\",\"potentialAction\":[{\"@type\":\"SearchAction\",\"target\":{\"@type\":\"EntryPoint\",\"urlTemplate\":\"https:\\\/\\\/www.copealcoy.es\\\/es\\\/?s={search_term_string}\"},\"query-input\":{\"@type\":\"PropertyValueSpecification\",\"valueRequired\":true,\"valueName\":\"search_term_string\"}}],\"inLanguage\":\"es\"},{\"@type\":\"Person\",\"@id\":\"https:\\\/\\\/www.copealcoy.es\\\/es\\\/#\\\/schema\\\/person\\\/e777c87fa024e57d40170af9df39882c\",\"name\":\"Cope Alcoy\",\"image\":{\"@type\":\"ImageObject\",\"inLanguage\":\"es\",\"@id\":\"https:\\\/\\\/secure.gravatar.com\\\/avatar\\\/bb65d0283347e303893ba14f0692005417c1e0e690a325a4c5d8bb2b3943ee14?s=96&d=mm&r=g\",\"url\":\"https:\\\/\\\/secure.gravatar.com\\\/avatar\\\/bb65d0283347e303893ba14f0692005417c1e0e690a325a4c5d8bb2b3943ee14?s=96&d=mm&r=g\",\"contentUrl\":\"https:\\\/\\\/secure.gravatar.com\\\/avatar\\\/bb65d0283347e303893ba14f0692005417c1e0e690a325a4c5d8bb2b3943ee14?s=96&d=mm&r=g\",\"caption\":\"Cope Alcoy\"}}]}<\/script>\n<!-- \/ Yoast SEO plugin. -->","yoast_head_json":{"title":"\u2018Mediod\u00eda Cope\u2019 Alcoy martes 28 de abril 2026 (14:20h) - COPE Alcoy","robots":{"index":"index","follow":"follow","max-snippet":"max-snippet:-1","max-image-preview":"max-image-preview:large","max-video-preview":"max-video-preview:-1"},"canonical":"https:\/\/www.copealcoy.es\/es\/mediodia-cope-alcoy-martes-28-de-abril-2026-1420h\/","og_locale":"es_ES","og_type":"article","og_title":"\u2018Mediod\u00eda Cope\u2019 Alcoy martes 28 de abril 2026 (14:20h) - COPE Alcoy","og_description":"Hoy martes\u00a0hemos recuperado la normalidad tras las\u00a0Fiestas de Moros y Cristianos de Alcoy\u00a0al mismo tiempo que\u00a0hemos hecho balance de las...","og_url":"https:\/\/www.copealcoy.es\/es\/mediodia-cope-alcoy-martes-28-de-abril-2026-1420h\/","og_site_name":"COPE Alcoy","article_published_time":"2026-04-28T06:35:09+00:00","article_modified_time":"2026-04-28T17:50:14+00:00","og_image":[{"width":357,"height":290,"url":"https:\/\/www.copealcoy.es\/wp-content\/uploads\/2025\/02\/Mediodia-Cope-Castellano.png","type":"image\/png"}],"author":"Cope Alcoy","twitter_misc":{"Escrito por":"Cope Alcoy","Tiempo de lectura":"4 minutos"},"schema":{"@context":"https:\/\/schema.org","@graph":[{"@type":"Article","@id":"https:\/\/www.copealcoy.es\/es\/mediodia-cope-alcoy-martes-28-de-abril-2026-1420h\/#article","isPartOf":{"@id":"https:\/\/www.copealcoy.es\/es\/mediodia-cope-alcoy-martes-28-de-abril-2026-1420h\/"},"author":{"name":"Cope Alcoy","@id":"https:\/\/www.copealcoy.es\/es\/#\/schema\/person\/e777c87fa024e57d40170af9df39882c"},"headline":"\u2018Mediod\u00eda Cope\u2019 Alcoy martes 28 de abril 2026 (14:20h)","datePublished":"2026-04-28T06:35:09+00:00","dateModified":"2026-04-28T17:50:14+00:00","mainEntityOfPage":{"@id":"https:\/\/www.copealcoy.es\/es\/mediodia-cope-alcoy-martes-28-de-abril-2026-1420h\/"},"wordCount":676,"image":{"@id":"https:\/\/www.copealcoy.es\/es\/mediodia-cope-alcoy-martes-28-de-abril-2026-1420h\/#primaryimage"},"thumbnailUrl":"https:\/\/www.copealcoy.es\/wp-content\/uploads\/2025\/02\/Mediodia-Cope-Castellano.png","articleSection":["Actualidad","Audios de los programas","Informativos","Noticias"],"inLanguage":"es"},{"@type":"WebPage","@id":"https:\/\/www.copealcoy.es\/es\/mediodia-cope-alcoy-martes-28-de-abril-2026-1420h\/","url":"https:\/\/www.copealcoy.es\/es\/mediodia-cope-alcoy-martes-28-de-abril-2026-1420h\/","name":"\u2018Mediod\u00eda Cope\u2019 Alcoy martes 28 de abril 2026 (14:20h) - COPE Alcoy","isPartOf":{"@id":"https:\/\/www.copealcoy.es\/es\/#website"},"primaryImageOfPage":{"@id":"https:\/\/www.copealcoy.es\/es\/mediodia-cope-alcoy-martes-28-de-abril-2026-1420h\/#primaryimage"},"image":{"@id":"https:\/\/www.copealcoy.es\/es\/mediodia-cope-alcoy-martes-28-de-abril-2026-1420h\/#primaryimage"},"thumbnailUrl":"https:\/\/www.copealcoy.es\/wp-content\/uploads\/2025\/02\/Mediodia-Cope-Castellano.png","datePublished":"2026-04-28T06:35:09+00:00","dateModified":"2026-04-28T17:50:14+00:00","author":{"@id":"https:\/\/www.copealcoy.es\/es\/#\/schema\/person\/e777c87fa024e57d40170af9df39882c"},"breadcrumb":{"@id":"https:\/\/www.copealcoy.es\/es\/mediodia-cope-alcoy-martes-28-de-abril-2026-1420h\/#breadcrumb"},"inLanguage":"es","potentialAction":[{"@type":"ReadAction","target":["https:\/\/www.copealcoy.es\/es\/mediodia-cope-alcoy-martes-28-de-abril-2026-1420h\/"]}]},{"@type":"ImageObject","inLanguage":"es","@id":"https:\/\/www.copealcoy.es\/es\/mediodia-cope-alcoy-martes-28-de-abril-2026-1420h\/#primaryimage","url":"https:\/\/www.copealcoy.es\/wp-content\/uploads\/2025\/02\/Mediodia-Cope-Castellano.png","contentUrl":"https:\/\/www.copealcoy.es\/wp-content\/uploads\/2025\/02\/Mediodia-Cope-Castellano.png","width":357,"height":290},{"@type":"BreadcrumbList","@id":"https:\/\/www.copealcoy.es\/es\/mediodia-cope-alcoy-martes-28-de-abril-2026-1420h\/#breadcrumb","itemListElement":[{"@type":"ListItem","position":1,"name":"Portada","item":"https:\/\/www.copealcoy.es\/es\/"},{"@type":"ListItem","position":2,"name":"\u2018Mediod\u00eda Cope\u2019 Alcoy martes 28 de abril 2026 (14:20h)"}]},{"@type":"WebSite","@id":"https:\/\/www.copealcoy.es\/es\/#website","url":"https:\/\/www.copealcoy.es\/es\/","name":"COPE Alcoy","description":"Emisora COPE de radio local con emisi\u00f3n online. Pont de Sant Jordi 8-10 03803 Alcoy","potentialAction":[{"@type":"SearchAction","target":{"@type":"EntryPoint","urlTemplate":"https:\/\/www.copealcoy.es\/es\/?s={search_term_string}"},"query-input":{"@type":"PropertyValueSpecification","valueRequired":true,"valueName":"search_term_string"}}],"inLanguage":"es"},{"@type":"Person","@id":"https:\/\/www.copealcoy.es\/es\/#\/schema\/person\/e777c87fa024e57d40170af9df39882c","name":"Cope Alcoy","image":{"@type":"ImageObject","inLanguage":"es","@id":"https:\/\/secure.gravatar.com\/avatar\/bb65d0283347e303893ba14f0692005417c1e0e690a325a4c5d8bb2b3943ee14?s=96&d=mm&r=g","url":"https:\/\/secure.gravatar.com\/avatar\/bb65d0283347e303893ba14f0692005417c1e0e690a325a4c5d8bb2b3943ee14?s=96&d=mm&r=g","contentUrl":"https:\/\/secure.gravatar.com\/avatar\/bb65d0283347e303893ba14f0692005417c1e0e690a325a4c5d8bb2b3943ee14?s=96&d=mm&r=g","caption":"Cope Alcoy"}}]}},"_links":{"self":[{"href":"https:\/\/www.copealcoy.es\/es\/wp-json\/wp\/v2\/posts\/167051","targetHints":{"allow":["GET"]}}],"collection":[{"href":"https:\/\/www.copealcoy.es\/es\/wp-json\/wp\/v2\/posts"}],"about":[{"href":"https:\/\/www.copealcoy.es\/es\/wp-json\/wp\/v2\/types\/post"}],"author":[{"embeddable":true,"href":"https:\/\/www.copealcoy.es\/es\/wp-json\/wp\/v2\/users\/1"}],"replies":[{"embeddable":true,"href":"https:\/\/www.copealcoy.es\/es\/wp-json\/wp\/v2\/comments?post=167051"}],"version-history":[{"count":2,"href":"https:\/\/www.copealcoy.es\/es\/wp-json\/wp\/v2\/posts\/167051\/revisions"}],"predecessor-version":[{"id":167054,"href":"https:\/\/www.copealcoy.es\/es\/wp-json\/wp\/v2\/posts\/167051\/revisions\/167054"}],"wp:featuredmedia":[{"embeddable":true,"href":"https:\/\/www.copealcoy.es\/es\/wp-json\/wp\/v2\/media\/147663"}],"wp:attachment":[{"href":"https:\/\/www.copealcoy.es\/es\/wp-json\/wp\/v2\/media?parent=167051"}],"wp:term":[{"taxonomy":"category","embeddable":true,"href":"https:\/\/www.copealcoy.es\/es\/wp-json\/wp\/v2\/categories?post=167051"},{"taxonomy":"post_tag","embeddable":true,"href":"https:\/\/www.copealcoy.es\/es\/wp-json\/wp\/v2\/tags?post=167051"}],"curies":[{"name":"wp","href":"https:\/\/api.w.org\/{rel}","templated":true}]}}