{"id":167039,"date":"2026-04-28T09:00:26","date_gmt":"2026-04-28T08:00:26","guid":{"rendered":"https:\/\/www.copealcoy.es\/?p=167039"},"modified":"2026-04-28T18:34:53","modified_gmt":"2026-04-28T17:34:53","slug":"cocentaina-impulsa-un-servicio-municipal-de-arqueologia","status":"publish","type":"post","link":"https:\/\/www.copealcoy.es\/es\/cocentaina-impulsa-un-servicio-municipal-de-arqueologia\/","title":{"rendered":"Cocentaina impulsa un Servicio Municipal de Arqueolog\u00eda"},"content":{"rendered":"<div class=\"flex flex-col text-sm pb-25\">\n<section class=\"text-token-text-primary w-full focus:outline-none [--shadow-height:45px] has-data-writing-block:pointer-events-none has-data-writing-block:-mt-(--shadow-height) has-data-writing-block:pt-(--shadow-height) [&amp;:has([data-writing-block])&gt;*]:pointer-events-auto scroll-mt-[calc(var(--header-height)+min(200px,max(70px,20svh)))]\" dir=\"auto\" data-turn-id=\"request-WEB:db3bad38-c320-456a-a793-2852f883a6ef-271\" data-testid=\"conversation-turn-118\" data-scroll-anchor=\"true\" data-turn=\"assistant\">\n<div class=\"text-base my-auto mx-auto pb-10 [--thread-content-margin:var(--thread-content-margin-xs,calc(var(--spacing)*4))] @w-sm\/main:[--thread-content-margin:var(--thread-content-margin-sm,calc(var(--spacing)*6))] @w-lg\/main:[--thread-content-margin:var(--thread-content-margin-lg,calc(var(--spacing)*16))] px-(--thread-content-margin)\">\n<div class=\"[--thread-content-max-width:40rem] @w-lg\/main:[--thread-content-max-width:48rem] mx-auto max-w-(--thread-content-max-width) flex-1 group\/turn-messages focus-visible:outline-hidden relative flex w-full min-w-0 flex-col agent-turn\">\n<div class=\"flex max-w-full flex-col gap-4 grow\">\n<div class=\"min-h-8 text-message relative flex w-full flex-col items-end gap-2 text-start break-words whitespace-normal outline-none keyboard-focused:focus-ring [.text-message+&amp;]:mt-1\" dir=\"auto\" tabindex=\"0\" data-message-author-role=\"assistant\" data-message-id=\"896ae168-bbf5-419a-b89d-123ab44c6b80\" data-message-model-slug=\"gpt-5-3-mini\" data-turn-start-message=\"true\">\n<div class=\"flex w-full flex-col gap-1 empty:hidden\">\n<div class=\"markdown prose dark:prose-invert w-full wrap-break-word light markdown-new-styling\">\n<p style=\"text-align: justify;\" data-start=\"134\" data-end=\"564\">El <a href=\"https:\/\/www.cocentaina.es\/\" target=\"_blank\" rel=\"noopener\"><strong><span style=\"color: #0000ff;\">Ayuntamiento de <span class=\"hover:entity-accent entity-underline inline cursor-pointer align-baseline\"><span class=\"whitespace-normal\">Cocentaina<\/span><\/span><\/span><\/strong><\/a>, a trav\u00e9s de la <strong data-start=\"211\" data-end=\"238\">Concejal\u00eda de Urbanismo<\/strong>, ha puesto en marcha el <strong data-start=\"263\" data-end=\"300\">Servicio Municipal de Arqueolog\u00eda<\/strong>, una iniciativa que no parte de cero, sino que ordena y refuerza el trabajo t\u00e9cnico que ya se ven\u00eda realizando en el consistorio. El objetivo es mejorar la <strong data-start=\"457\" data-end=\"496\">gesti\u00f3n del patrimonio arqueol\u00f3gico<\/strong>, agilizar tr\u00e1mites y dotar al \u00e1rea de mayor capacidad de actuaci\u00f3n.<\/p>\n<p style=\"text-align: justify;\" data-start=\"566\" data-end=\"816\">Con esta medida, el municipio consolida una estructura estable que permitir\u00e1 optimizar la tramitaci\u00f3n administrativa, tanto para la ciudadan\u00eda como para profesionales del sector, adem\u00e1s de mejorar la coordinaci\u00f3n en materia de protecci\u00f3n patrimonial. El concejal de Urbanismo, <strong data-start=\"844\" data-end=\"857\">Jordi Pla<\/strong>, ha se\u00f1alado que <em data-start=\"875\" data-end=\"1188\">\u201cesta decisi\u00f3n responde a una voluntad pol\u00edtica clara de situar el patrimonio en el centro de las pol\u00edticas municipales. No se trata solo de conservar lo que tenemos, sino de gestionarlo adecuadamente, con criterios t\u00e9cnicos, m\u00e1s capacidad de decisi\u00f3n a nivel local y una administraci\u00f3n m\u00e1s cercana y eficiente\u201d, <\/em>afirma.\u00a0 En esta l\u00ednea, Pla ha destacado que la creaci\u00f3n del servicio supone un avance en la <strong data-start=\"1275\" data-end=\"1298\">autonom\u00eda municipal<\/strong>: <em data-start=\"1300\" data-end=\"1506\">\u201chasta ahora depend\u00edamos en exceso de otras administraciones para cuestiones clave, lo que generaba retrasos e incertidumbre. Ahora podremos ofrecer respuestas m\u00e1s r\u00e1pidas, con rigor y seguridad jur\u00eddica\u201d, <\/em>asevera.<\/p>\n<p style=\"text-align: justify;\" data-start=\"1509\" data-end=\"1782\">El nuevo Servicio Municipal de Arqueolog\u00eda asumir\u00e1 funciones como la <strong data-start=\"1578\" data-end=\"1627\">supervisi\u00f3n del cat\u00e1logo de bienes protegidos<\/strong>, la coordinaci\u00f3n de planes especiales de protecci\u00f3n patrimonial y la emisi\u00f3n de informes sobre licencias urban\u00edsticas con afecci\u00f3n al patrimonio cultural. Tambi\u00e9n gestionar\u00e1 actuaciones arqueol\u00f3gicas en el t\u00e9rmino municipal y elaborar\u00e1 estudios e informes t\u00e9cnicos en proyectos impulsados por el propio Ayuntamiento. Asimismo, prestar\u00e1 asesoramiento a particulares, empresas y profesionales, especialmente en zonas sensibles como el entorno del <strong data-start=\"2074\" data-end=\"2090\">Palau Comtal<\/strong>.<\/p>\n<p style=\"text-align: justify;\" data-start=\"2093\" data-end=\"2310\">Una de las principales ventajas ser\u00e1 la <strong data-start=\"2133\" data-end=\"2163\">agilizaci\u00f3n administrativa<\/strong>, con la reducci\u00f3n de plazos y la emisi\u00f3n de informes directamente desde el \u00e1mbito municipal, lo que permitir\u00e1 mayor eficacia y seguridad jur\u00eddica. Desde el consistorio se destaca adem\u00e1s que esta medida permitir\u00e1 una <strong data-start=\"2381\" data-end=\"2416\">mejor protecci\u00f3n del patrimonio<\/strong>, reforzando el control sobre intervenciones urban\u00edsticas y evitando depender de otras administraciones para determinados procedimientos.<\/p>\n<p style=\"text-align: justify;\" data-start=\"2555\" data-end=\"2731\">El Ayuntamiento subraya que no ser\u00e1 necesario crear una nueva estructura, ya que se aprovechar\u00e1n los recursos t\u00e9cnicos y humanos existentes, optimizando as\u00ed la gesti\u00f3n p\u00fablica. Con este paso, Cocentaina se suma a otros municipios como <strong data-start=\"2791\" data-end=\"2852\">Valencia, Gandia, Alcoy, Villena, Petrer o la Vila Joiosa<\/strong>, que ya cuentan con servicios similares, reforzando su compromiso con la conservaci\u00f3n y puesta en valor del patrimonio hist\u00f3rico.<\/p>\n<\/div>\n<\/div>\n<\/div>\n<\/div>\n<\/div>\n<\/div>\n<\/section>\n<\/div>\n<div class=\"pointer-events-none h-px w-px absolute bottom-0\" aria-hidden=\"true\" data-edge=\"true\"><\/div>\n","protected":false},"excerpt":{"rendered":"<p>El Ayuntamiento de Cocentaina, a trav\u00e9s de la Concejal\u00eda de Urbanismo, ha puesto en marcha el Servicio Municipal de Arqueolog\u00eda,&#8230;<\/p>\n","protected":false},"author":1,"featured_media":167040,"comment_status":"closed","ping_status":"closed","sticky":false,"template":"","format":"standard","meta":{"footnotes":""},"categories":[6909,98,75],"tags":[],"class_list":["post-167039","post","type-post","status-publish","format-standard","has-post-thumbnail","hentry","category-actualidad","category-comarcas","category-noticias"],"yoast_head":"<!-- This site is optimized with the Yoast SEO plugin v27.3 - https:\/\/yoast.com\/product\/yoast-seo-wordpress\/ -->\n<title>Cocentaina impulsa un Servicio Municipal de Arqueolog\u00eda - COPE Alcoy<\/title>\n<meta name=\"robots\" content=\"index, follow, max-snippet:-1, max-image-preview:large, max-video-preview:-1\" \/>\n<link rel=\"canonical\" href=\"https:\/\/www.copealcoy.es\/es\/cocentaina-impulsa-un-servicio-municipal-de-arqueologia\/\" \/>\n<meta property=\"og:locale\" content=\"es_ES\" \/>\n<meta property=\"og:type\" content=\"article\" \/>\n<meta property=\"og:title\" content=\"Cocentaina impulsa un Servicio Municipal de Arqueolog\u00eda - COPE Alcoy\" \/>\n<meta property=\"og:description\" content=\"El Ayuntamiento de Cocentaina, a trav\u00e9s de la Concejal\u00eda de Urbanismo, ha puesto en marcha el Servicio Municipal de Arqueolog\u00eda,...\" \/>\n<meta property=\"og:url\" content=\"https:\/\/www.copealcoy.es\/es\/cocentaina-impulsa-un-servicio-municipal-de-arqueologia\/\" \/>\n<meta property=\"og:site_name\" content=\"COPE Alcoy\" \/>\n<meta property=\"article:published_time\" content=\"2026-04-28T08:00:26+00:00\" \/>\n<meta property=\"article:modified_time\" content=\"2026-04-28T17:34:53+00:00\" \/>\n<meta property=\"og:image\" content=\"https:\/\/www.copealcoy.es\/wp-content\/uploads\/2026\/04\/Servei-Municipal-dArqueologia.jpeg\" \/>\n\t<meta property=\"og:image:width\" content=\"1600\" \/>\n\t<meta property=\"og:image:height\" content=\"1204\" \/>\n\t<meta property=\"og:image:type\" content=\"image\/jpeg\" \/>\n<meta name=\"author\" content=\"Cope Alcoy\" \/>\n<meta name=\"twitter:label1\" content=\"Escrito por\" \/>\n\t<meta name=\"twitter:data1\" content=\"Cope Alcoy\" \/>\n\t<meta name=\"twitter:label2\" content=\"Tiempo de lectura\" \/>\n\t<meta name=\"twitter:data2\" content=\"3 minutos\" \/>\n<script type=\"application\/ld+json\" class=\"yoast-schema-graph\">{\"@context\":\"https:\\\/\\\/schema.org\",\"@graph\":[{\"@type\":\"Article\",\"@id\":\"https:\\\/\\\/www.copealcoy.es\\\/es\\\/cocentaina-impulsa-un-servicio-municipal-de-arqueologia\\\/#article\",\"isPartOf\":{\"@id\":\"https:\\\/\\\/www.copealcoy.es\\\/es\\\/cocentaina-impulsa-un-servicio-municipal-de-arqueologia\\\/\"},\"author\":{\"name\":\"Cope Alcoy\",\"@id\":\"https:\\\/\\\/www.copealcoy.es\\\/es\\\/#\\\/schema\\\/person\\\/e777c87fa024e57d40170af9df39882c\"},\"headline\":\"Cocentaina impulsa un Servicio Municipal de Arqueolog\u00eda\",\"datePublished\":\"2026-04-28T08:00:26+00:00\",\"dateModified\":\"2026-04-28T17:34:53+00:00\",\"mainEntityOfPage\":{\"@id\":\"https:\\\/\\\/www.copealcoy.es\\\/es\\\/cocentaina-impulsa-un-servicio-municipal-de-arqueologia\\\/\"},\"wordCount\":468,\"image\":{\"@id\":\"https:\\\/\\\/www.copealcoy.es\\\/es\\\/cocentaina-impulsa-un-servicio-municipal-de-arqueologia\\\/#primaryimage\"},\"thumbnailUrl\":\"https:\\\/\\\/www.copealcoy.es\\\/wp-content\\\/uploads\\\/2026\\\/04\\\/Servei-Municipal-dArqueologia.jpeg\",\"articleSection\":[\"Actualidad\",\"Comarcas\",\"Noticias\"],\"inLanguage\":\"es\"},{\"@type\":\"WebPage\",\"@id\":\"https:\\\/\\\/www.copealcoy.es\\\/es\\\/cocentaina-impulsa-un-servicio-municipal-de-arqueologia\\\/\",\"url\":\"https:\\\/\\\/www.copealcoy.es\\\/es\\\/cocentaina-impulsa-un-servicio-municipal-de-arqueologia\\\/\",\"name\":\"Cocentaina impulsa un Servicio Municipal de Arqueolog\u00eda - COPE Alcoy\",\"isPartOf\":{\"@id\":\"https:\\\/\\\/www.copealcoy.es\\\/es\\\/#website\"},\"primaryImageOfPage\":{\"@id\":\"https:\\\/\\\/www.copealcoy.es\\\/es\\\/cocentaina-impulsa-un-servicio-municipal-de-arqueologia\\\/#primaryimage\"},\"image\":{\"@id\":\"https:\\\/\\\/www.copealcoy.es\\\/es\\\/cocentaina-impulsa-un-servicio-municipal-de-arqueologia\\\/#primaryimage\"},\"thumbnailUrl\":\"https:\\\/\\\/www.copealcoy.es\\\/wp-content\\\/uploads\\\/2026\\\/04\\\/Servei-Municipal-dArqueologia.jpeg\",\"datePublished\":\"2026-04-28T08:00:26+00:00\",\"dateModified\":\"2026-04-28T17:34:53+00:00\",\"author\":{\"@id\":\"https:\\\/\\\/www.copealcoy.es\\\/es\\\/#\\\/schema\\\/person\\\/e777c87fa024e57d40170af9df39882c\"},\"breadcrumb\":{\"@id\":\"https:\\\/\\\/www.copealcoy.es\\\/es\\\/cocentaina-impulsa-un-servicio-municipal-de-arqueologia\\\/#breadcrumb\"},\"inLanguage\":\"es\",\"potentialAction\":[{\"@type\":\"ReadAction\",\"target\":[\"https:\\\/\\\/www.copealcoy.es\\\/es\\\/cocentaina-impulsa-un-servicio-municipal-de-arqueologia\\\/\"]}]},{\"@type\":\"ImageObject\",\"inLanguage\":\"es\",\"@id\":\"https:\\\/\\\/www.copealcoy.es\\\/es\\\/cocentaina-impulsa-un-servicio-municipal-de-arqueologia\\\/#primaryimage\",\"url\":\"https:\\\/\\\/www.copealcoy.es\\\/wp-content\\\/uploads\\\/2026\\\/04\\\/Servei-Municipal-dArqueologia.jpeg\",\"contentUrl\":\"https:\\\/\\\/www.copealcoy.es\\\/wp-content\\\/uploads\\\/2026\\\/04\\\/Servei-Municipal-dArqueologia.jpeg\",\"width\":1600,\"height\":1204},{\"@type\":\"BreadcrumbList\",\"@id\":\"https:\\\/\\\/www.copealcoy.es\\\/es\\\/cocentaina-impulsa-un-servicio-municipal-de-arqueologia\\\/#breadcrumb\",\"itemListElement\":[{\"@type\":\"ListItem\",\"position\":1,\"name\":\"Portada\",\"item\":\"https:\\\/\\\/www.copealcoy.es\\\/es\\\/\"},{\"@type\":\"ListItem\",\"position\":2,\"name\":\"Cocentaina impulsa un Servicio Municipal de Arqueolog\u00eda\"}]},{\"@type\":\"WebSite\",\"@id\":\"https:\\\/\\\/www.copealcoy.es\\\/es\\\/#website\",\"url\":\"https:\\\/\\\/www.copealcoy.es\\\/es\\\/\",\"name\":\"COPE Alcoy\",\"description\":\"Emisora COPE de radio local con emisi\u00f3n online. Pont de Sant Jordi 8-10 03803 Alcoy\",\"potentialAction\":[{\"@type\":\"SearchAction\",\"target\":{\"@type\":\"EntryPoint\",\"urlTemplate\":\"https:\\\/\\\/www.copealcoy.es\\\/es\\\/?s={search_term_string}\"},\"query-input\":{\"@type\":\"PropertyValueSpecification\",\"valueRequired\":true,\"valueName\":\"search_term_string\"}}],\"inLanguage\":\"es\"},{\"@type\":\"Person\",\"@id\":\"https:\\\/\\\/www.copealcoy.es\\\/es\\\/#\\\/schema\\\/person\\\/e777c87fa024e57d40170af9df39882c\",\"name\":\"Cope Alcoy\",\"image\":{\"@type\":\"ImageObject\",\"inLanguage\":\"es\",\"@id\":\"https:\\\/\\\/secure.gravatar.com\\\/avatar\\\/bb65d0283347e303893ba14f0692005417c1e0e690a325a4c5d8bb2b3943ee14?s=96&d=mm&r=g\",\"url\":\"https:\\\/\\\/secure.gravatar.com\\\/avatar\\\/bb65d0283347e303893ba14f0692005417c1e0e690a325a4c5d8bb2b3943ee14?s=96&d=mm&r=g\",\"contentUrl\":\"https:\\\/\\\/secure.gravatar.com\\\/avatar\\\/bb65d0283347e303893ba14f0692005417c1e0e690a325a4c5d8bb2b3943ee14?s=96&d=mm&r=g\",\"caption\":\"Cope Alcoy\"}}]}<\/script>\n<!-- \/ Yoast SEO plugin. -->","yoast_head_json":{"title":"Cocentaina impulsa un Servicio Municipal de Arqueolog\u00eda - COPE Alcoy","robots":{"index":"index","follow":"follow","max-snippet":"max-snippet:-1","max-image-preview":"max-image-preview:large","max-video-preview":"max-video-preview:-1"},"canonical":"https:\/\/www.copealcoy.es\/es\/cocentaina-impulsa-un-servicio-municipal-de-arqueologia\/","og_locale":"es_ES","og_type":"article","og_title":"Cocentaina impulsa un Servicio Municipal de Arqueolog\u00eda - COPE Alcoy","og_description":"El Ayuntamiento de Cocentaina, a trav\u00e9s de la Concejal\u00eda de Urbanismo, ha puesto en marcha el Servicio Municipal de Arqueolog\u00eda,...","og_url":"https:\/\/www.copealcoy.es\/es\/cocentaina-impulsa-un-servicio-municipal-de-arqueologia\/","og_site_name":"COPE Alcoy","article_published_time":"2026-04-28T08:00:26+00:00","article_modified_time":"2026-04-28T17:34:53+00:00","og_image":[{"width":1600,"height":1204,"url":"https:\/\/www.copealcoy.es\/wp-content\/uploads\/2026\/04\/Servei-Municipal-dArqueologia.jpeg","type":"image\/jpeg"}],"author":"Cope Alcoy","twitter_misc":{"Escrito por":"Cope Alcoy","Tiempo de lectura":"3 minutos"},"schema":{"@context":"https:\/\/schema.org","@graph":[{"@type":"Article","@id":"https:\/\/www.copealcoy.es\/es\/cocentaina-impulsa-un-servicio-municipal-de-arqueologia\/#article","isPartOf":{"@id":"https:\/\/www.copealcoy.es\/es\/cocentaina-impulsa-un-servicio-municipal-de-arqueologia\/"},"author":{"name":"Cope Alcoy","@id":"https:\/\/www.copealcoy.es\/es\/#\/schema\/person\/e777c87fa024e57d40170af9df39882c"},"headline":"Cocentaina impulsa un Servicio Municipal de Arqueolog\u00eda","datePublished":"2026-04-28T08:00:26+00:00","dateModified":"2026-04-28T17:34:53+00:00","mainEntityOfPage":{"@id":"https:\/\/www.copealcoy.es\/es\/cocentaina-impulsa-un-servicio-municipal-de-arqueologia\/"},"wordCount":468,"image":{"@id":"https:\/\/www.copealcoy.es\/es\/cocentaina-impulsa-un-servicio-municipal-de-arqueologia\/#primaryimage"},"thumbnailUrl":"https:\/\/www.copealcoy.es\/wp-content\/uploads\/2026\/04\/Servei-Municipal-dArqueologia.jpeg","articleSection":["Actualidad","Comarcas","Noticias"],"inLanguage":"es"},{"@type":"WebPage","@id":"https:\/\/www.copealcoy.es\/es\/cocentaina-impulsa-un-servicio-municipal-de-arqueologia\/","url":"https:\/\/www.copealcoy.es\/es\/cocentaina-impulsa-un-servicio-municipal-de-arqueologia\/","name":"Cocentaina impulsa un Servicio Municipal de Arqueolog\u00eda - COPE Alcoy","isPartOf":{"@id":"https:\/\/www.copealcoy.es\/es\/#website"},"primaryImageOfPage":{"@id":"https:\/\/www.copealcoy.es\/es\/cocentaina-impulsa-un-servicio-municipal-de-arqueologia\/#primaryimage"},"image":{"@id":"https:\/\/www.copealcoy.es\/es\/cocentaina-impulsa-un-servicio-municipal-de-arqueologia\/#primaryimage"},"thumbnailUrl":"https:\/\/www.copealcoy.es\/wp-content\/uploads\/2026\/04\/Servei-Municipal-dArqueologia.jpeg","datePublished":"2026-04-28T08:00:26+00:00","dateModified":"2026-04-28T17:34:53+00:00","author":{"@id":"https:\/\/www.copealcoy.es\/es\/#\/schema\/person\/e777c87fa024e57d40170af9df39882c"},"breadcrumb":{"@id":"https:\/\/www.copealcoy.es\/es\/cocentaina-impulsa-un-servicio-municipal-de-arqueologia\/#breadcrumb"},"inLanguage":"es","potentialAction":[{"@type":"ReadAction","target":["https:\/\/www.copealcoy.es\/es\/cocentaina-impulsa-un-servicio-municipal-de-arqueologia\/"]}]},{"@type":"ImageObject","inLanguage":"es","@id":"https:\/\/www.copealcoy.es\/es\/cocentaina-impulsa-un-servicio-municipal-de-arqueologia\/#primaryimage","url":"https:\/\/www.copealcoy.es\/wp-content\/uploads\/2026\/04\/Servei-Municipal-dArqueologia.jpeg","contentUrl":"https:\/\/www.copealcoy.es\/wp-content\/uploads\/2026\/04\/Servei-Municipal-dArqueologia.jpeg","width":1600,"height":1204},{"@type":"BreadcrumbList","@id":"https:\/\/www.copealcoy.es\/es\/cocentaina-impulsa-un-servicio-municipal-de-arqueologia\/#breadcrumb","itemListElement":[{"@type":"ListItem","position":1,"name":"Portada","item":"https:\/\/www.copealcoy.es\/es\/"},{"@type":"ListItem","position":2,"name":"Cocentaina impulsa un Servicio Municipal de Arqueolog\u00eda"}]},{"@type":"WebSite","@id":"https:\/\/www.copealcoy.es\/es\/#website","url":"https:\/\/www.copealcoy.es\/es\/","name":"COPE Alcoy","description":"Emisora COPE de radio local con emisi\u00f3n online. Pont de Sant Jordi 8-10 03803 Alcoy","potentialAction":[{"@type":"SearchAction","target":{"@type":"EntryPoint","urlTemplate":"https:\/\/www.copealcoy.es\/es\/?s={search_term_string}"},"query-input":{"@type":"PropertyValueSpecification","valueRequired":true,"valueName":"search_term_string"}}],"inLanguage":"es"},{"@type":"Person","@id":"https:\/\/www.copealcoy.es\/es\/#\/schema\/person\/e777c87fa024e57d40170af9df39882c","name":"Cope Alcoy","image":{"@type":"ImageObject","inLanguage":"es","@id":"https:\/\/secure.gravatar.com\/avatar\/bb65d0283347e303893ba14f0692005417c1e0e690a325a4c5d8bb2b3943ee14?s=96&d=mm&r=g","url":"https:\/\/secure.gravatar.com\/avatar\/bb65d0283347e303893ba14f0692005417c1e0e690a325a4c5d8bb2b3943ee14?s=96&d=mm&r=g","contentUrl":"https:\/\/secure.gravatar.com\/avatar\/bb65d0283347e303893ba14f0692005417c1e0e690a325a4c5d8bb2b3943ee14?s=96&d=mm&r=g","caption":"Cope Alcoy"}}]}},"_links":{"self":[{"href":"https:\/\/www.copealcoy.es\/es\/wp-json\/wp\/v2\/posts\/167039","targetHints":{"allow":["GET"]}}],"collection":[{"href":"https:\/\/www.copealcoy.es\/es\/wp-json\/wp\/v2\/posts"}],"about":[{"href":"https:\/\/www.copealcoy.es\/es\/wp-json\/wp\/v2\/types\/post"}],"author":[{"embeddable":true,"href":"https:\/\/www.copealcoy.es\/es\/wp-json\/wp\/v2\/users\/1"}],"replies":[{"embeddable":true,"href":"https:\/\/www.copealcoy.es\/es\/wp-json\/wp\/v2\/comments?post=167039"}],"version-history":[{"count":2,"href":"https:\/\/www.copealcoy.es\/es\/wp-json\/wp\/v2\/posts\/167039\/revisions"}],"predecessor-version":[{"id":167044,"href":"https:\/\/www.copealcoy.es\/es\/wp-json\/wp\/v2\/posts\/167039\/revisions\/167044"}],"wp:featuredmedia":[{"embeddable":true,"href":"https:\/\/www.copealcoy.es\/es\/wp-json\/wp\/v2\/media\/167040"}],"wp:attachment":[{"href":"https:\/\/www.copealcoy.es\/es\/wp-json\/wp\/v2\/media?parent=167039"}],"wp:term":[{"taxonomy":"category","embeddable":true,"href":"https:\/\/www.copealcoy.es\/es\/wp-json\/wp\/v2\/categories?post=167039"},{"taxonomy":"post_tag","embeddable":true,"href":"https:\/\/www.copealcoy.es\/es\/wp-json\/wp\/v2\/tags?post=167039"}],"curies":[{"name":"wp","href":"https:\/\/api.w.org\/{rel}","templated":true}]}}