{"id":16703,"date":"2015-10-27T15:08:11","date_gmt":"2015-10-27T15:08:11","guid":{"rendered":"http:\/\/copealcoi.es\/new\/?p=16703"},"modified":"2015-10-27T15:08:11","modified_gmt":"2015-10-27T15:08:11","slug":"cocentaina-recuerda-a-joan-rois-de-corella","status":"publish","type":"post","link":"https:\/\/www.copealcoy.es\/es\/cocentaina-recuerda-a-joan-rois-de-corella\/","title":{"rendered":"Cocentaina recuerda a Joan Ro\u00eds de Corella"},"content":{"rendered":"<p style=\"text-align: justify;\">El Centro Cultural El Teular de Cocentaina acogi\u00f3 el pasado s\u00e1bado por la tarde la representaci\u00f3n teatral y art\u00edstica\u00a0<em>Corella: cavaller d\u2019amor i de paraules\u00a0<\/em>que corri\u00f3 a cargo de la colla de dol\u00e7aines i tabals Mal Passet junto al Grupo de Teatro Local Tel\u00f3 Teatre. El espect\u00e1culo se centr\u00f3 en la vida del poeta de Gandia Joan Ro\u00eds de Corella y se enmarc\u00f3 dentro del siglo XV, \u00e9poca en la que por privilegio real naci\u00f3 la Fira de Tots Sants en el a\u00f1o 1.346. La m\u00fasica y la historia se fusionaron en este espect\u00e1culo multidisciplinar en el que tampoco faltaron los elementos audiovisuales con proyecciones en una gran pantalla de varios elementos relacionados con la Villa Condal como el Palau y su patio de armas, entre otros.<\/p>\n<p style=\"text-align: justify;\">El montaje cont\u00f3 con el gui\u00f3n original del historiador Pablo Le\u00f3n Vidal junto a la m\u00fasica de Francisco Valor Llorens y la direcci\u00f3n art\u00edstica de Jos\u00e9 Miguel L\u00f3pez P\u00e9rez.<\/p>\n","protected":false},"excerpt":{"rendered":"<p>El Centro Cultural El Teular de Cocentaina acogi\u00f3 el pasado s\u00e1bado por la tarde la representaci\u00f3n teatral y art\u00edstica\u00a0Corella: cavaller&#8230;<\/p>\n","protected":false},"author":1,"featured_media":16704,"comment_status":"open","ping_status":"open","sticky":false,"template":"","format":"standard","meta":{"footnotes":""},"categories":[98,75],"tags":[132,1546,794,630],"class_list":["post-16703","post","type-post","status-publish","format-standard","has-post-thumbnail","hentry","category-comarcas","category-noticias","tag-cocentaina","tag-corella","tag-mal-passet","tag-telo-teatre"],"yoast_head":"<!-- This site is optimized with the Yoast SEO plugin v27.3 - https:\/\/yoast.com\/product\/yoast-seo-wordpress\/ -->\n<title>Cocentaina recuerda a Joan Ro\u00eds de Corella - COPE Alcoy<\/title>\n<meta name=\"robots\" content=\"index, follow, max-snippet:-1, max-image-preview:large, max-video-preview:-1\" \/>\n<link rel=\"canonical\" href=\"https:\/\/www.copealcoy.es\/es\/cocentaina-recuerda-a-joan-rois-de-corella\/\" \/>\n<meta property=\"og:locale\" content=\"es_ES\" \/>\n<meta property=\"og:type\" content=\"article\" \/>\n<meta property=\"og:title\" content=\"Cocentaina recuerda a Joan Ro\u00eds de Corella - COPE Alcoy\" \/>\n<meta property=\"og:description\" content=\"El Centro Cultural El Teular de Cocentaina acogi\u00f3 el pasado s\u00e1bado por la tarde la representaci\u00f3n teatral y art\u00edstica\u00a0Corella: cavaller...\" \/>\n<meta property=\"og:url\" content=\"https:\/\/www.copealcoy.es\/es\/cocentaina-recuerda-a-joan-rois-de-corella\/\" \/>\n<meta property=\"og:site_name\" content=\"COPE Alcoy\" \/>\n<meta property=\"article:published_time\" content=\"2015-10-27T15:08:11+00:00\" \/>\n<meta property=\"og:image\" content=\"https:\/\/www.copealcoy.es\/wp-content\/uploads\/2015\/10\/PA240021.jpg\" \/>\n\t<meta property=\"og:image:width\" content=\"1001\" \/>\n\t<meta property=\"og:image:height\" content=\"751\" \/>\n\t<meta property=\"og:image:type\" content=\"image\/jpeg\" \/>\n<meta name=\"author\" content=\"Cope Alcoy\" \/>\n<meta name=\"twitter:label1\" content=\"Escrito por\" \/>\n\t<meta name=\"twitter:data1\" content=\"Cope Alcoy\" \/>\n\t<meta name=\"twitter:label2\" content=\"Tiempo de lectura\" \/>\n\t<meta name=\"twitter:data2\" content=\"1 minuto\" \/>\n<script type=\"application\/ld+json\" class=\"yoast-schema-graph\">{\"@context\":\"https:\\\/\\\/schema.org\",\"@graph\":[{\"@type\":\"Article\",\"@id\":\"https:\\\/\\\/www.copealcoy.es\\\/es\\\/cocentaina-recuerda-a-joan-rois-de-corella\\\/#article\",\"isPartOf\":{\"@id\":\"https:\\\/\\\/www.copealcoy.es\\\/es\\\/cocentaina-recuerda-a-joan-rois-de-corella\\\/\"},\"author\":{\"name\":\"Cope Alcoy\",\"@id\":\"https:\\\/\\\/www.copealcoy.es\\\/es\\\/#\\\/schema\\\/person\\\/e777c87fa024e57d40170af9df39882c\"},\"headline\":\"Cocentaina recuerda a Joan Ro\u00eds de Corella\",\"datePublished\":\"2015-10-27T15:08:11+00:00\",\"mainEntityOfPage\":{\"@id\":\"https:\\\/\\\/www.copealcoy.es\\\/es\\\/cocentaina-recuerda-a-joan-rois-de-corella\\\/\"},\"wordCount\":181,\"commentCount\":0,\"image\":{\"@id\":\"https:\\\/\\\/www.copealcoy.es\\\/es\\\/cocentaina-recuerda-a-joan-rois-de-corella\\\/#primaryimage\"},\"thumbnailUrl\":\"https:\\\/\\\/www.copealcoy.es\\\/wp-content\\\/uploads\\\/2015\\\/10\\\/PA240021.jpg\",\"keywords\":[\"Cocentaina\",\"Corella\",\"Mal Passet\",\"Tel\u00f3 Teatre\"],\"articleSection\":[\"Comarcas\",\"Noticias\"],\"inLanguage\":\"es\"},{\"@type\":\"WebPage\",\"@id\":\"https:\\\/\\\/www.copealcoy.es\\\/es\\\/cocentaina-recuerda-a-joan-rois-de-corella\\\/\",\"url\":\"https:\\\/\\\/www.copealcoy.es\\\/es\\\/cocentaina-recuerda-a-joan-rois-de-corella\\\/\",\"name\":\"Cocentaina recuerda a Joan Ro\u00eds de Corella - COPE Alcoy\",\"isPartOf\":{\"@id\":\"https:\\\/\\\/www.copealcoy.es\\\/es\\\/#website\"},\"primaryImageOfPage\":{\"@id\":\"https:\\\/\\\/www.copealcoy.es\\\/es\\\/cocentaina-recuerda-a-joan-rois-de-corella\\\/#primaryimage\"},\"image\":{\"@id\":\"https:\\\/\\\/www.copealcoy.es\\\/es\\\/cocentaina-recuerda-a-joan-rois-de-corella\\\/#primaryimage\"},\"thumbnailUrl\":\"https:\\\/\\\/www.copealcoy.es\\\/wp-content\\\/uploads\\\/2015\\\/10\\\/PA240021.jpg\",\"datePublished\":\"2015-10-27T15:08:11+00:00\",\"author\":{\"@id\":\"https:\\\/\\\/www.copealcoy.es\\\/es\\\/#\\\/schema\\\/person\\\/e777c87fa024e57d40170af9df39882c\"},\"breadcrumb\":{\"@id\":\"https:\\\/\\\/www.copealcoy.es\\\/es\\\/cocentaina-recuerda-a-joan-rois-de-corella\\\/#breadcrumb\"},\"inLanguage\":\"es\",\"potentialAction\":[{\"@type\":\"ReadAction\",\"target\":[\"https:\\\/\\\/www.copealcoy.es\\\/es\\\/cocentaina-recuerda-a-joan-rois-de-corella\\\/\"]}]},{\"@type\":\"ImageObject\",\"inLanguage\":\"es\",\"@id\":\"https:\\\/\\\/www.copealcoy.es\\\/es\\\/cocentaina-recuerda-a-joan-rois-de-corella\\\/#primaryimage\",\"url\":\"https:\\\/\\\/www.copealcoy.es\\\/wp-content\\\/uploads\\\/2015\\\/10\\\/PA240021.jpg\",\"contentUrl\":\"https:\\\/\\\/www.copealcoy.es\\\/wp-content\\\/uploads\\\/2015\\\/10\\\/PA240021.jpg\",\"width\":1001,\"height\":751,\"caption\":\"Un instante de la representaci\u00f3n \\\/ Foto: Antonio Barcel\u00f3\"},{\"@type\":\"BreadcrumbList\",\"@id\":\"https:\\\/\\\/www.copealcoy.es\\\/es\\\/cocentaina-recuerda-a-joan-rois-de-corella\\\/#breadcrumb\",\"itemListElement\":[{\"@type\":\"ListItem\",\"position\":1,\"name\":\"Portada\",\"item\":\"https:\\\/\\\/www.copealcoy.es\\\/es\\\/\"},{\"@type\":\"ListItem\",\"position\":2,\"name\":\"Cocentaina recuerda a Joan Ro\u00eds de Corella\"}]},{\"@type\":\"WebSite\",\"@id\":\"https:\\\/\\\/www.copealcoy.es\\\/es\\\/#website\",\"url\":\"https:\\\/\\\/www.copealcoy.es\\\/es\\\/\",\"name\":\"COPE Alcoy\",\"description\":\"Emisora COPE de radio local con emisi\u00f3n online. Pont de Sant Jordi 8-10 03803 Alcoy\",\"potentialAction\":[{\"@type\":\"SearchAction\",\"target\":{\"@type\":\"EntryPoint\",\"urlTemplate\":\"https:\\\/\\\/www.copealcoy.es\\\/es\\\/?s={search_term_string}\"},\"query-input\":{\"@type\":\"PropertyValueSpecification\",\"valueRequired\":true,\"valueName\":\"search_term_string\"}}],\"inLanguage\":\"es\"},{\"@type\":\"Person\",\"@id\":\"https:\\\/\\\/www.copealcoy.es\\\/es\\\/#\\\/schema\\\/person\\\/e777c87fa024e57d40170af9df39882c\",\"name\":\"Cope Alcoy\",\"image\":{\"@type\":\"ImageObject\",\"inLanguage\":\"es\",\"@id\":\"https:\\\/\\\/secure.gravatar.com\\\/avatar\\\/bb65d0283347e303893ba14f0692005417c1e0e690a325a4c5d8bb2b3943ee14?s=96&d=mm&r=g\",\"url\":\"https:\\\/\\\/secure.gravatar.com\\\/avatar\\\/bb65d0283347e303893ba14f0692005417c1e0e690a325a4c5d8bb2b3943ee14?s=96&d=mm&r=g\",\"contentUrl\":\"https:\\\/\\\/secure.gravatar.com\\\/avatar\\\/bb65d0283347e303893ba14f0692005417c1e0e690a325a4c5d8bb2b3943ee14?s=96&d=mm&r=g\",\"caption\":\"Cope Alcoy\"}}]}<\/script>\n<!-- \/ Yoast SEO plugin. -->","yoast_head_json":{"title":"Cocentaina recuerda a Joan Ro\u00eds de Corella - COPE Alcoy","robots":{"index":"index","follow":"follow","max-snippet":"max-snippet:-1","max-image-preview":"max-image-preview:large","max-video-preview":"max-video-preview:-1"},"canonical":"https:\/\/www.copealcoy.es\/es\/cocentaina-recuerda-a-joan-rois-de-corella\/","og_locale":"es_ES","og_type":"article","og_title":"Cocentaina recuerda a Joan Ro\u00eds de Corella - COPE Alcoy","og_description":"El Centro Cultural El Teular de Cocentaina acogi\u00f3 el pasado s\u00e1bado por la tarde la representaci\u00f3n teatral y art\u00edstica\u00a0Corella: cavaller...","og_url":"https:\/\/www.copealcoy.es\/es\/cocentaina-recuerda-a-joan-rois-de-corella\/","og_site_name":"COPE Alcoy","article_published_time":"2015-10-27T15:08:11+00:00","og_image":[{"width":1001,"height":751,"url":"https:\/\/www.copealcoy.es\/wp-content\/uploads\/2015\/10\/PA240021.jpg","type":"image\/jpeg"}],"author":"Cope Alcoy","twitter_misc":{"Escrito por":"Cope Alcoy","Tiempo de lectura":"1 minuto"},"schema":{"@context":"https:\/\/schema.org","@graph":[{"@type":"Article","@id":"https:\/\/www.copealcoy.es\/es\/cocentaina-recuerda-a-joan-rois-de-corella\/#article","isPartOf":{"@id":"https:\/\/www.copealcoy.es\/es\/cocentaina-recuerda-a-joan-rois-de-corella\/"},"author":{"name":"Cope Alcoy","@id":"https:\/\/www.copealcoy.es\/es\/#\/schema\/person\/e777c87fa024e57d40170af9df39882c"},"headline":"Cocentaina recuerda a Joan Ro\u00eds de Corella","datePublished":"2015-10-27T15:08:11+00:00","mainEntityOfPage":{"@id":"https:\/\/www.copealcoy.es\/es\/cocentaina-recuerda-a-joan-rois-de-corella\/"},"wordCount":181,"commentCount":0,"image":{"@id":"https:\/\/www.copealcoy.es\/es\/cocentaina-recuerda-a-joan-rois-de-corella\/#primaryimage"},"thumbnailUrl":"https:\/\/www.copealcoy.es\/wp-content\/uploads\/2015\/10\/PA240021.jpg","keywords":["Cocentaina","Corella","Mal Passet","Tel\u00f3 Teatre"],"articleSection":["Comarcas","Noticias"],"inLanguage":"es"},{"@type":"WebPage","@id":"https:\/\/www.copealcoy.es\/es\/cocentaina-recuerda-a-joan-rois-de-corella\/","url":"https:\/\/www.copealcoy.es\/es\/cocentaina-recuerda-a-joan-rois-de-corella\/","name":"Cocentaina recuerda a Joan Ro\u00eds de Corella - COPE Alcoy","isPartOf":{"@id":"https:\/\/www.copealcoy.es\/es\/#website"},"primaryImageOfPage":{"@id":"https:\/\/www.copealcoy.es\/es\/cocentaina-recuerda-a-joan-rois-de-corella\/#primaryimage"},"image":{"@id":"https:\/\/www.copealcoy.es\/es\/cocentaina-recuerda-a-joan-rois-de-corella\/#primaryimage"},"thumbnailUrl":"https:\/\/www.copealcoy.es\/wp-content\/uploads\/2015\/10\/PA240021.jpg","datePublished":"2015-10-27T15:08:11+00:00","author":{"@id":"https:\/\/www.copealcoy.es\/es\/#\/schema\/person\/e777c87fa024e57d40170af9df39882c"},"breadcrumb":{"@id":"https:\/\/www.copealcoy.es\/es\/cocentaina-recuerda-a-joan-rois-de-corella\/#breadcrumb"},"inLanguage":"es","potentialAction":[{"@type":"ReadAction","target":["https:\/\/www.copealcoy.es\/es\/cocentaina-recuerda-a-joan-rois-de-corella\/"]}]},{"@type":"ImageObject","inLanguage":"es","@id":"https:\/\/www.copealcoy.es\/es\/cocentaina-recuerda-a-joan-rois-de-corella\/#primaryimage","url":"https:\/\/www.copealcoy.es\/wp-content\/uploads\/2015\/10\/PA240021.jpg","contentUrl":"https:\/\/www.copealcoy.es\/wp-content\/uploads\/2015\/10\/PA240021.jpg","width":1001,"height":751,"caption":"Un instante de la representaci\u00f3n \/ Foto: Antonio Barcel\u00f3"},{"@type":"BreadcrumbList","@id":"https:\/\/www.copealcoy.es\/es\/cocentaina-recuerda-a-joan-rois-de-corella\/#breadcrumb","itemListElement":[{"@type":"ListItem","position":1,"name":"Portada","item":"https:\/\/www.copealcoy.es\/es\/"},{"@type":"ListItem","position":2,"name":"Cocentaina recuerda a Joan Ro\u00eds de Corella"}]},{"@type":"WebSite","@id":"https:\/\/www.copealcoy.es\/es\/#website","url":"https:\/\/www.copealcoy.es\/es\/","name":"COPE Alcoy","description":"Emisora COPE de radio local con emisi\u00f3n online. Pont de Sant Jordi 8-10 03803 Alcoy","potentialAction":[{"@type":"SearchAction","target":{"@type":"EntryPoint","urlTemplate":"https:\/\/www.copealcoy.es\/es\/?s={search_term_string}"},"query-input":{"@type":"PropertyValueSpecification","valueRequired":true,"valueName":"search_term_string"}}],"inLanguage":"es"},{"@type":"Person","@id":"https:\/\/www.copealcoy.es\/es\/#\/schema\/person\/e777c87fa024e57d40170af9df39882c","name":"Cope Alcoy","image":{"@type":"ImageObject","inLanguage":"es","@id":"https:\/\/secure.gravatar.com\/avatar\/bb65d0283347e303893ba14f0692005417c1e0e690a325a4c5d8bb2b3943ee14?s=96&d=mm&r=g","url":"https:\/\/secure.gravatar.com\/avatar\/bb65d0283347e303893ba14f0692005417c1e0e690a325a4c5d8bb2b3943ee14?s=96&d=mm&r=g","contentUrl":"https:\/\/secure.gravatar.com\/avatar\/bb65d0283347e303893ba14f0692005417c1e0e690a325a4c5d8bb2b3943ee14?s=96&d=mm&r=g","caption":"Cope Alcoy"}}]}},"_links":{"self":[{"href":"https:\/\/www.copealcoy.es\/es\/wp-json\/wp\/v2\/posts\/16703","targetHints":{"allow":["GET"]}}],"collection":[{"href":"https:\/\/www.copealcoy.es\/es\/wp-json\/wp\/v2\/posts"}],"about":[{"href":"https:\/\/www.copealcoy.es\/es\/wp-json\/wp\/v2\/types\/post"}],"author":[{"embeddable":true,"href":"https:\/\/www.copealcoy.es\/es\/wp-json\/wp\/v2\/users\/1"}],"replies":[{"embeddable":true,"href":"https:\/\/www.copealcoy.es\/es\/wp-json\/wp\/v2\/comments?post=16703"}],"version-history":[{"count":0,"href":"https:\/\/www.copealcoy.es\/es\/wp-json\/wp\/v2\/posts\/16703\/revisions"}],"wp:featuredmedia":[{"embeddable":true,"href":"https:\/\/www.copealcoy.es\/es\/wp-json\/wp\/v2\/media\/16704"}],"wp:attachment":[{"href":"https:\/\/www.copealcoy.es\/es\/wp-json\/wp\/v2\/media?parent=16703"}],"wp:term":[{"taxonomy":"category","embeddable":true,"href":"https:\/\/www.copealcoy.es\/es\/wp-json\/wp\/v2\/categories?post=16703"},{"taxonomy":"post_tag","embeddable":true,"href":"https:\/\/www.copealcoy.es\/es\/wp-json\/wp\/v2\/tags?post=16703"}],"curies":[{"name":"wp","href":"https:\/\/api.w.org\/{rel}","templated":true}]}}