{"id":167024,"date":"2026-04-28T17:31:08","date_gmt":"2026-04-28T16:31:08","guid":{"rendered":"https:\/\/www.copealcoy.es\/?p=167024"},"modified":"2026-04-28T17:32:58","modified_gmt":"2026-04-28T16:32:58","slug":"el-president-de-la-generalitat-presencio-las-entradas-de-alcoy-hoy-es-un-dia-grande","status":"publish","type":"post","link":"https:\/\/www.copealcoy.es\/es\/el-president-de-la-generalitat-presencio-las-entradas-de-alcoy-hoy-es-un-dia-grande\/","title":{"rendered":"El President de la Generalitat presenci\u00f3 las Entradas de Alcoy: &#8220;hoy es un d\u00eda grande&#8221;"},"content":{"rendered":"<p style=\"text-align: justify;\" data-start=\"137\" data-end=\"518\">El president de la <a href=\"https:\/\/www.gva.es\/es\/inici\" target=\"_blank\" rel=\"noopener\"><span style=\"color: #0000ff;\"><strong>Generalitat Valenciana<\/strong><\/span><\/a>, <strong data-start=\"169\" data-end=\"194\">Juanfran P\u00e9rez Llorca<\/strong>, asisti\u00f3 el pasado s\u00e1bado a la <strong data-start=\"226\" data-end=\"268\">Entrada de Moros y Cristianos de Alcoy<\/strong>, acto central de nuestras fiestas dedicadas a <strong data-start=\"310\" data-end=\"323\">San Jorge<\/strong>, patr\u00f3n de la ciudad. Durante su visita, destac\u00f3 la relevancia de unas celebraciones declaradas de <strong data-start=\"423\" data-end=\"458\">Inter\u00e9s Tur\u00edstico Internacional<\/strong> y reconocidas como <strong data-start=\"478\" data-end=\"517\">Bien de Inter\u00e9s Cultural Inmaterial<\/strong>. A su llegada, el Jefe del Consell\u00a0 fue recibido por alcaldes y concejales del Partido Popular de nuestras comarcas, e incluso por por el portavoz de los populares alcoyanos; Carlos Pastor <em data-start=\"565\" data-end=\"589\">\u201choy es un d\u00eda grande. Alcoy sabe<\/em> mantener viva <em data-start=\"647\" data-end=\"703\">una de las fiestas m\u00e1s importantes que hay en Espa\u00f1a&#8221;,\u00a0<\/em>indic\u00f3.<\/p>\n<p style=\"text-align: justify;\" data-start=\"706\" data-end=\"989\">Acompa\u00f1ado tambi\u00e9n por el alcalde, <strong data-start=\"733\" data-end=\"752\">Antonio Franc\u00e9s<\/strong>, el president incidi\u00f3 en el valor de las <strong data-start=\"794\" data-end=\"819\">tradiciones populares<\/strong> y asegur\u00f3 que el pueblo valenciano sabe <em data-start=\"860\" data-end=\"988\">\u201creivindicar nuestras costumbres, nuestras tradiciones y, sobre todo, una de nuestras se\u00f1as de identidad, que son las fiestas\u201d<\/em>. En este sentido, remarc\u00f3 que <strong data-start=\"1020\" data-end=\"1029\">Alcoy<\/strong> contin\u00faa siendo el principal referente de los <strong data-start=\"1076\" data-end=\"1098\">Moros y Cristianos<\/strong>, tanto por su historia como por la dimensi\u00f3n que alcanzan cada a\u00f1o sus celebraciones.<\/p>\n<p style=\"text-align: justify;\" data-start=\"1186\" data-end=\"1505\">Asimismo, <strong data-start=\"1196\" data-end=\"1212\">P\u00e9rez Llorca<\/strong> elogi\u00f3 la <strong data-start=\"1223\" data-end=\"1249\">capacidad organizativa<\/strong> de la ciudad y el ambiente vivido durante la jornada festera. Tambi\u00e9n hizo referencia al <strong data-start=\"1339\" data-end=\"1386\">750 aniversario del patronazgo de San Jorge<\/strong>, efem\u00e9ride que se conmemora este a\u00f1o, para reiterar el respaldo institucional del <strong data-start=\"1469\" data-end=\"1480\">Consell<\/strong> a los actos programados. Finalmente, destac\u00f3 que <em data-start=\"1531\" data-end=\"1599\">\u201cAlcoi representa muy bien la idiosincrasia del pueblo valenciano\u201d<\/em>, al tiempo que puso en valor <em data-start=\"1629\" data-end=\"1683\">\u201cla hospitalidad y ese car\u00e1cter festivo que tenemos\u201d,\u00a0<\/em>concluy\u00f3.<\/p>\n<p data-start=\"1186\" data-end=\"1505\">Aqu\u00ed puedes escuchar las declaraciones recogidas por <strong>los micr\u00f3fonos de COPE ALCOY<\/strong>:<\/p>\n<audio class=\"wp-audio-shortcode\" id=\"audio-167024-1\" preload=\"none\" style=\"width: 100%;\" controls=\"controls\"><source type=\"audio\/mpeg\" src=\"https:\/\/www.copealcoy.es\/wp-content\/uploads\/2026\/04\/Tall-President-Generalitat.mp3?_=1\" \/><a href=\"https:\/\/www.copealcoy.es\/wp-content\/uploads\/2026\/04\/Tall-President-Generalitat.mp3\">https:\/\/www.copealcoy.es\/wp-content\/uploads\/2026\/04\/Tall-President-Generalitat.mp3<\/a><\/audio>\n","protected":false},"excerpt":{"rendered":"<p>El president de la Generalitat Valenciana, Juanfran P\u00e9rez Llorca, asisti\u00f3 el pasado s\u00e1bado a la Entrada de Moros y Cristianos&#8230;<\/p>\n","protected":false},"author":1,"featured_media":167025,"comment_status":"closed","ping_status":"closed","sticky":false,"template":"","format":"standard","meta":{"footnotes":""},"categories":[6909,97,78,75,79],"tags":[1494,565,20391,609,21048,1154],"class_list":["post-167024","post","type-post","status-publish","format-standard","has-post-thumbnail","hentry","category-actualidad","category-alcoy","category-fiestaycultura","category-noticias","category-politicayeconomia","tag-alcoy","tag-fiestas","tag-juanfran-perez-llorca","tag-moros-y-cristianos","tag-presidente-de-la-generalitat-valenciana","tag-visita"],"yoast_head":"<!-- This site is optimized with the Yoast SEO plugin v27.3 - https:\/\/yoast.com\/product\/yoast-seo-wordpress\/ -->\n<title>El President de la Generalitat presenci\u00f3 las Entradas de Alcoy: &quot;hoy es un d\u00eda grande&quot; - COPE Alcoy<\/title>\n<meta name=\"description\" content=\"El President de la Generalitat presenci\u00f3 las Entradas de Alcoy: &quot;hoy es un d\u00eda grande&quot;\" \/>\n<meta name=\"robots\" content=\"index, follow, max-snippet:-1, max-image-preview:large, max-video-preview:-1\" \/>\n<link rel=\"canonical\" href=\"https:\/\/www.copealcoy.es\/es\/el-president-de-la-generalitat-presencio-las-entradas-de-alcoy-hoy-es-un-dia-grande\/\" \/>\n<meta property=\"og:locale\" content=\"es_ES\" \/>\n<meta property=\"og:type\" content=\"article\" \/>\n<meta property=\"og:title\" content=\"El President de la Generalitat presenci\u00f3 las Entradas de Alcoy: &quot;hoy es un d\u00eda grande&quot; - COPE Alcoy\" \/>\n<meta property=\"og:description\" content=\"El President de la Generalitat presenci\u00f3 las Entradas de Alcoy: &quot;hoy es un d\u00eda grande&quot;\" \/>\n<meta property=\"og:url\" content=\"https:\/\/www.copealcoy.es\/es\/el-president-de-la-generalitat-presencio-las-entradas-de-alcoy-hoy-es-un-dia-grande\/\" \/>\n<meta property=\"og:site_name\" content=\"COPE Alcoy\" \/>\n<meta property=\"article:published_time\" content=\"2026-04-28T16:31:08+00:00\" \/>\n<meta property=\"article:modified_time\" content=\"2026-04-28T16:32:58+00:00\" \/>\n<meta property=\"og:image\" content=\"https:\/\/www.copealcoy.es\/wp-content\/uploads\/2026\/04\/R8A3919.jpg\" \/>\n\t<meta property=\"og:image:width\" content=\"980\" \/>\n\t<meta property=\"og:image:height\" content=\"654\" \/>\n\t<meta property=\"og:image:type\" content=\"image\/jpeg\" \/>\n<meta name=\"author\" content=\"Cope Alcoy\" \/>\n<meta name=\"twitter:label1\" content=\"Escrito por\" \/>\n\t<meta name=\"twitter:data1\" content=\"Cope Alcoy\" \/>\n\t<meta name=\"twitter:label2\" content=\"Tiempo de lectura\" \/>\n\t<meta name=\"twitter:data2\" content=\"2 minutos\" \/>\n<script type=\"application\/ld+json\" class=\"yoast-schema-graph\">{\"@context\":\"https:\\\/\\\/schema.org\",\"@graph\":[{\"@type\":\"Article\",\"@id\":\"https:\\\/\\\/www.copealcoy.es\\\/es\\\/el-president-de-la-generalitat-presencio-las-entradas-de-alcoy-hoy-es-un-dia-grande\\\/#article\",\"isPartOf\":{\"@id\":\"https:\\\/\\\/www.copealcoy.es\\\/es\\\/el-president-de-la-generalitat-presencio-las-entradas-de-alcoy-hoy-es-un-dia-grande\\\/\"},\"author\":{\"name\":\"Cope Alcoy\",\"@id\":\"https:\\\/\\\/www.copealcoy.es\\\/es\\\/#\\\/schema\\\/person\\\/e777c87fa024e57d40170af9df39882c\"},\"headline\":\"El President de la Generalitat presenci\u00f3 las Entradas de Alcoy: &#8220;hoy es un d\u00eda grande&#8221;\",\"datePublished\":\"2026-04-28T16:31:08+00:00\",\"dateModified\":\"2026-04-28T16:32:58+00:00\",\"mainEntityOfPage\":{\"@id\":\"https:\\\/\\\/www.copealcoy.es\\\/es\\\/el-president-de-la-generalitat-presencio-las-entradas-de-alcoy-hoy-es-un-dia-grande\\\/\"},\"wordCount\":313,\"image\":{\"@id\":\"https:\\\/\\\/www.copealcoy.es\\\/es\\\/el-president-de-la-generalitat-presencio-las-entradas-de-alcoy-hoy-es-un-dia-grande\\\/#primaryimage\"},\"thumbnailUrl\":\"https:\\\/\\\/www.copealcoy.es\\\/wp-content\\\/uploads\\\/2026\\\/04\\\/R8A3919.jpg\",\"keywords\":[\"Alcoy\",\"Fiestas\",\"Juanfran P\u00e9rez Llorca\",\"Moros Y Cristianos\",\"Presidente de la Generalitat Valenciana\",\"Visita\"],\"articleSection\":[\"Actualidad\",\"Alcoy\",\"Fiesta y Cultura\",\"Noticias\",\"Pol\u00edtica y Econom\u00eda\"],\"inLanguage\":\"es\"},{\"@type\":\"WebPage\",\"@id\":\"https:\\\/\\\/www.copealcoy.es\\\/es\\\/el-president-de-la-generalitat-presencio-las-entradas-de-alcoy-hoy-es-un-dia-grande\\\/\",\"url\":\"https:\\\/\\\/www.copealcoy.es\\\/es\\\/el-president-de-la-generalitat-presencio-las-entradas-de-alcoy-hoy-es-un-dia-grande\\\/\",\"name\":\"El President de la Generalitat presenci\u00f3 las Entradas de Alcoy: \\\"hoy es un d\u00eda grande\\\" - COPE Alcoy\",\"isPartOf\":{\"@id\":\"https:\\\/\\\/www.copealcoy.es\\\/es\\\/#website\"},\"primaryImageOfPage\":{\"@id\":\"https:\\\/\\\/www.copealcoy.es\\\/es\\\/el-president-de-la-generalitat-presencio-las-entradas-de-alcoy-hoy-es-un-dia-grande\\\/#primaryimage\"},\"image\":{\"@id\":\"https:\\\/\\\/www.copealcoy.es\\\/es\\\/el-president-de-la-generalitat-presencio-las-entradas-de-alcoy-hoy-es-un-dia-grande\\\/#primaryimage\"},\"thumbnailUrl\":\"https:\\\/\\\/www.copealcoy.es\\\/wp-content\\\/uploads\\\/2026\\\/04\\\/R8A3919.jpg\",\"datePublished\":\"2026-04-28T16:31:08+00:00\",\"dateModified\":\"2026-04-28T16:32:58+00:00\",\"author\":{\"@id\":\"https:\\\/\\\/www.copealcoy.es\\\/es\\\/#\\\/schema\\\/person\\\/e777c87fa024e57d40170af9df39882c\"},\"description\":\"El President de la Generalitat presenci\u00f3 las Entradas de Alcoy: \\\"hoy es un d\u00eda grande\\\"\",\"breadcrumb\":{\"@id\":\"https:\\\/\\\/www.copealcoy.es\\\/es\\\/el-president-de-la-generalitat-presencio-las-entradas-de-alcoy-hoy-es-un-dia-grande\\\/#breadcrumb\"},\"inLanguage\":\"es\",\"potentialAction\":[{\"@type\":\"ReadAction\",\"target\":[\"https:\\\/\\\/www.copealcoy.es\\\/es\\\/el-president-de-la-generalitat-presencio-las-entradas-de-alcoy-hoy-es-un-dia-grande\\\/\"]}]},{\"@type\":\"ImageObject\",\"inLanguage\":\"es\",\"@id\":\"https:\\\/\\\/www.copealcoy.es\\\/es\\\/el-president-de-la-generalitat-presencio-las-entradas-de-alcoy-hoy-es-un-dia-grande\\\/#primaryimage\",\"url\":\"https:\\\/\\\/www.copealcoy.es\\\/wp-content\\\/uploads\\\/2026\\\/04\\\/R8A3919.jpg\",\"contentUrl\":\"https:\\\/\\\/www.copealcoy.es\\\/wp-content\\\/uploads\\\/2026\\\/04\\\/R8A3919.jpg\",\"width\":980,\"height\":654},{\"@type\":\"BreadcrumbList\",\"@id\":\"https:\\\/\\\/www.copealcoy.es\\\/es\\\/el-president-de-la-generalitat-presencio-las-entradas-de-alcoy-hoy-es-un-dia-grande\\\/#breadcrumb\",\"itemListElement\":[{\"@type\":\"ListItem\",\"position\":1,\"name\":\"Portada\",\"item\":\"https:\\\/\\\/www.copealcoy.es\\\/es\\\/\"},{\"@type\":\"ListItem\",\"position\":2,\"name\":\"El President de la Generalitat presenci\u00f3 las Entradas de Alcoy: &#8220;hoy es un d\u00eda grande&#8221;\"}]},{\"@type\":\"WebSite\",\"@id\":\"https:\\\/\\\/www.copealcoy.es\\\/es\\\/#website\",\"url\":\"https:\\\/\\\/www.copealcoy.es\\\/es\\\/\",\"name\":\"COPE Alcoy\",\"description\":\"Emisora COPE de radio local con emisi\u00f3n online. Pont de Sant Jordi 8-10 03803 Alcoy\",\"potentialAction\":[{\"@type\":\"SearchAction\",\"target\":{\"@type\":\"EntryPoint\",\"urlTemplate\":\"https:\\\/\\\/www.copealcoy.es\\\/es\\\/?s={search_term_string}\"},\"query-input\":{\"@type\":\"PropertyValueSpecification\",\"valueRequired\":true,\"valueName\":\"search_term_string\"}}],\"inLanguage\":\"es\"},{\"@type\":\"Person\",\"@id\":\"https:\\\/\\\/www.copealcoy.es\\\/es\\\/#\\\/schema\\\/person\\\/e777c87fa024e57d40170af9df39882c\",\"name\":\"Cope Alcoy\",\"image\":{\"@type\":\"ImageObject\",\"inLanguage\":\"es\",\"@id\":\"https:\\\/\\\/secure.gravatar.com\\\/avatar\\\/bb65d0283347e303893ba14f0692005417c1e0e690a325a4c5d8bb2b3943ee14?s=96&d=mm&r=g\",\"url\":\"https:\\\/\\\/secure.gravatar.com\\\/avatar\\\/bb65d0283347e303893ba14f0692005417c1e0e690a325a4c5d8bb2b3943ee14?s=96&d=mm&r=g\",\"contentUrl\":\"https:\\\/\\\/secure.gravatar.com\\\/avatar\\\/bb65d0283347e303893ba14f0692005417c1e0e690a325a4c5d8bb2b3943ee14?s=96&d=mm&r=g\",\"caption\":\"Cope Alcoy\"}}]}<\/script>\n<!-- \/ Yoast SEO plugin. -->","yoast_head_json":{"title":"El President de la Generalitat presenci\u00f3 las Entradas de Alcoy: \"hoy es un d\u00eda grande\" - COPE Alcoy","description":"El President de la Generalitat presenci\u00f3 las Entradas de Alcoy: \"hoy es un d\u00eda grande\"","robots":{"index":"index","follow":"follow","max-snippet":"max-snippet:-1","max-image-preview":"max-image-preview:large","max-video-preview":"max-video-preview:-1"},"canonical":"https:\/\/www.copealcoy.es\/es\/el-president-de-la-generalitat-presencio-las-entradas-de-alcoy-hoy-es-un-dia-grande\/","og_locale":"es_ES","og_type":"article","og_title":"El President de la Generalitat presenci\u00f3 las Entradas de Alcoy: \"hoy es un d\u00eda grande\" - COPE Alcoy","og_description":"El President de la Generalitat presenci\u00f3 las Entradas de Alcoy: \"hoy es un d\u00eda grande\"","og_url":"https:\/\/www.copealcoy.es\/es\/el-president-de-la-generalitat-presencio-las-entradas-de-alcoy-hoy-es-un-dia-grande\/","og_site_name":"COPE Alcoy","article_published_time":"2026-04-28T16:31:08+00:00","article_modified_time":"2026-04-28T16:32:58+00:00","og_image":[{"width":980,"height":654,"url":"https:\/\/www.copealcoy.es\/wp-content\/uploads\/2026\/04\/R8A3919.jpg","type":"image\/jpeg"}],"author":"Cope Alcoy","twitter_misc":{"Escrito por":"Cope Alcoy","Tiempo de lectura":"2 minutos"},"schema":{"@context":"https:\/\/schema.org","@graph":[{"@type":"Article","@id":"https:\/\/www.copealcoy.es\/es\/el-president-de-la-generalitat-presencio-las-entradas-de-alcoy-hoy-es-un-dia-grande\/#article","isPartOf":{"@id":"https:\/\/www.copealcoy.es\/es\/el-president-de-la-generalitat-presencio-las-entradas-de-alcoy-hoy-es-un-dia-grande\/"},"author":{"name":"Cope Alcoy","@id":"https:\/\/www.copealcoy.es\/es\/#\/schema\/person\/e777c87fa024e57d40170af9df39882c"},"headline":"El President de la Generalitat presenci\u00f3 las Entradas de Alcoy: &#8220;hoy es un d\u00eda grande&#8221;","datePublished":"2026-04-28T16:31:08+00:00","dateModified":"2026-04-28T16:32:58+00:00","mainEntityOfPage":{"@id":"https:\/\/www.copealcoy.es\/es\/el-president-de-la-generalitat-presencio-las-entradas-de-alcoy-hoy-es-un-dia-grande\/"},"wordCount":313,"image":{"@id":"https:\/\/www.copealcoy.es\/es\/el-president-de-la-generalitat-presencio-las-entradas-de-alcoy-hoy-es-un-dia-grande\/#primaryimage"},"thumbnailUrl":"https:\/\/www.copealcoy.es\/wp-content\/uploads\/2026\/04\/R8A3919.jpg","keywords":["Alcoy","Fiestas","Juanfran P\u00e9rez Llorca","Moros Y Cristianos","Presidente de la Generalitat Valenciana","Visita"],"articleSection":["Actualidad","Alcoy","Fiesta y Cultura","Noticias","Pol\u00edtica y Econom\u00eda"],"inLanguage":"es"},{"@type":"WebPage","@id":"https:\/\/www.copealcoy.es\/es\/el-president-de-la-generalitat-presencio-las-entradas-de-alcoy-hoy-es-un-dia-grande\/","url":"https:\/\/www.copealcoy.es\/es\/el-president-de-la-generalitat-presencio-las-entradas-de-alcoy-hoy-es-un-dia-grande\/","name":"El President de la Generalitat presenci\u00f3 las Entradas de Alcoy: \"hoy es un d\u00eda grande\" - COPE Alcoy","isPartOf":{"@id":"https:\/\/www.copealcoy.es\/es\/#website"},"primaryImageOfPage":{"@id":"https:\/\/www.copealcoy.es\/es\/el-president-de-la-generalitat-presencio-las-entradas-de-alcoy-hoy-es-un-dia-grande\/#primaryimage"},"image":{"@id":"https:\/\/www.copealcoy.es\/es\/el-president-de-la-generalitat-presencio-las-entradas-de-alcoy-hoy-es-un-dia-grande\/#primaryimage"},"thumbnailUrl":"https:\/\/www.copealcoy.es\/wp-content\/uploads\/2026\/04\/R8A3919.jpg","datePublished":"2026-04-28T16:31:08+00:00","dateModified":"2026-04-28T16:32:58+00:00","author":{"@id":"https:\/\/www.copealcoy.es\/es\/#\/schema\/person\/e777c87fa024e57d40170af9df39882c"},"description":"El President de la Generalitat presenci\u00f3 las Entradas de Alcoy: \"hoy es un d\u00eda grande\"","breadcrumb":{"@id":"https:\/\/www.copealcoy.es\/es\/el-president-de-la-generalitat-presencio-las-entradas-de-alcoy-hoy-es-un-dia-grande\/#breadcrumb"},"inLanguage":"es","potentialAction":[{"@type":"ReadAction","target":["https:\/\/www.copealcoy.es\/es\/el-president-de-la-generalitat-presencio-las-entradas-de-alcoy-hoy-es-un-dia-grande\/"]}]},{"@type":"ImageObject","inLanguage":"es","@id":"https:\/\/www.copealcoy.es\/es\/el-president-de-la-generalitat-presencio-las-entradas-de-alcoy-hoy-es-un-dia-grande\/#primaryimage","url":"https:\/\/www.copealcoy.es\/wp-content\/uploads\/2026\/04\/R8A3919.jpg","contentUrl":"https:\/\/www.copealcoy.es\/wp-content\/uploads\/2026\/04\/R8A3919.jpg","width":980,"height":654},{"@type":"BreadcrumbList","@id":"https:\/\/www.copealcoy.es\/es\/el-president-de-la-generalitat-presencio-las-entradas-de-alcoy-hoy-es-un-dia-grande\/#breadcrumb","itemListElement":[{"@type":"ListItem","position":1,"name":"Portada","item":"https:\/\/www.copealcoy.es\/es\/"},{"@type":"ListItem","position":2,"name":"El President de la Generalitat presenci\u00f3 las Entradas de Alcoy: &#8220;hoy es un d\u00eda grande&#8221;"}]},{"@type":"WebSite","@id":"https:\/\/www.copealcoy.es\/es\/#website","url":"https:\/\/www.copealcoy.es\/es\/","name":"COPE Alcoy","description":"Emisora COPE de radio local con emisi\u00f3n online. Pont de Sant Jordi 8-10 03803 Alcoy","potentialAction":[{"@type":"SearchAction","target":{"@type":"EntryPoint","urlTemplate":"https:\/\/www.copealcoy.es\/es\/?s={search_term_string}"},"query-input":{"@type":"PropertyValueSpecification","valueRequired":true,"valueName":"search_term_string"}}],"inLanguage":"es"},{"@type":"Person","@id":"https:\/\/www.copealcoy.es\/es\/#\/schema\/person\/e777c87fa024e57d40170af9df39882c","name":"Cope Alcoy","image":{"@type":"ImageObject","inLanguage":"es","@id":"https:\/\/secure.gravatar.com\/avatar\/bb65d0283347e303893ba14f0692005417c1e0e690a325a4c5d8bb2b3943ee14?s=96&d=mm&r=g","url":"https:\/\/secure.gravatar.com\/avatar\/bb65d0283347e303893ba14f0692005417c1e0e690a325a4c5d8bb2b3943ee14?s=96&d=mm&r=g","contentUrl":"https:\/\/secure.gravatar.com\/avatar\/bb65d0283347e303893ba14f0692005417c1e0e690a325a4c5d8bb2b3943ee14?s=96&d=mm&r=g","caption":"Cope Alcoy"}}]}},"_links":{"self":[{"href":"https:\/\/www.copealcoy.es\/es\/wp-json\/wp\/v2\/posts\/167024","targetHints":{"allow":["GET"]}}],"collection":[{"href":"https:\/\/www.copealcoy.es\/es\/wp-json\/wp\/v2\/posts"}],"about":[{"href":"https:\/\/www.copealcoy.es\/es\/wp-json\/wp\/v2\/types\/post"}],"author":[{"embeddable":true,"href":"https:\/\/www.copealcoy.es\/es\/wp-json\/wp\/v2\/users\/1"}],"replies":[{"embeddable":true,"href":"https:\/\/www.copealcoy.es\/es\/wp-json\/wp\/v2\/comments?post=167024"}],"version-history":[{"count":2,"href":"https:\/\/www.copealcoy.es\/es\/wp-json\/wp\/v2\/posts\/167024\/revisions"}],"predecessor-version":[{"id":167030,"href":"https:\/\/www.copealcoy.es\/es\/wp-json\/wp\/v2\/posts\/167024\/revisions\/167030"}],"wp:featuredmedia":[{"embeddable":true,"href":"https:\/\/www.copealcoy.es\/es\/wp-json\/wp\/v2\/media\/167025"}],"wp:attachment":[{"href":"https:\/\/www.copealcoy.es\/es\/wp-json\/wp\/v2\/media?parent=167024"}],"wp:term":[{"taxonomy":"category","embeddable":true,"href":"https:\/\/www.copealcoy.es\/es\/wp-json\/wp\/v2\/categories?post=167024"},{"taxonomy":"post_tag","embeddable":true,"href":"https:\/\/www.copealcoy.es\/es\/wp-json\/wp\/v2\/tags?post=167024"}],"curies":[{"name":"wp","href":"https:\/\/api.w.org\/{rel}","templated":true}]}}