{"id":167018,"date":"2026-04-28T17:11:25","date_gmt":"2026-04-28T16:11:25","guid":{"rendered":"https:\/\/www.copealcoy.es\/?p=167018"},"modified":"2026-04-28T17:17:47","modified_gmt":"2026-04-28T16:17:47","slug":"alcoy-empieza-a-recuperar-la-normalidad-tras-unas-intensas-fiestas-de-moros-y-cristianos","status":"publish","type":"post","link":"https:\/\/www.copealcoy.es\/es\/alcoy-empieza-a-recuperar-la-normalidad-tras-unas-intensas-fiestas-de-moros-y-cristianos\/","title":{"rendered":"Alcoy empieza a recuperar la normalidad tras unas intensas Fiestas de Moros y Cristianos"},"content":{"rendered":"<p style=\"text-align: justify;\" data-start=\"127\" data-end=\"591\"><a href=\"https:\/\/www.asjordi.org\/\" target=\"_blank\" rel=\"noopener\"><strong><span class=\"hover:entity-accent entity-underline inline cursor-pointer align-baseline\" style=\"color: #0000ff;\"><span class=\"whitespace-normal\">Alcoy<\/span><\/span><\/strong><\/a> ha iniciado en esta martes 28 de abril el regreso paulatino a la normalidad despu\u00e9s de vivir unas intensas <strong data-start=\"249\" data-end=\"282\">Fiestas de Moros y Cristianos<\/strong>, que durante los \u00faltimos d\u00edas han llenado la ciudad de m\u00fasica, p\u00f3lvora, desfiles y miles de visitantes. Finalizada anoche la trilog\u00eda festera con la <strong data-start=\"432\" data-end=\"461\">Aparici\u00f3n de Sant Jordiet<\/strong>, desde la madrugada se activ\u00f3 el dispositivo especial de limpieza para devolver poco a poco la imagen habitual a calles y plazas de la ciudad.<\/p>\n<p style=\"text-align: justify;\" data-start=\"593\" data-end=\"943\">Tras la finalizaci\u00f3n de los cl\u00e1sicos &#8216;<strong data-start=\"630\" data-end=\"642\">Soparets&#8217;<\/strong>, y desde primeras horas de la madrugada hasta bien entrada la ma\u00f1ana, los operarios han trabajado en la limpieza de las principales v\u00edas por las que han discurrido los actos festivos. Barrido mec\u00e1nico, recogida de residuos y baldeo han sido algunas de las tareas realizadas en el centro de la ciudad.El operativo tambi\u00e9n se ha desarrollado en espacios que durante las fiestas han concentrado una elevada afluencia de p\u00fablico. Es el caso de <strong data-start=\"1085\" data-end=\"1100\">La Glorieta<\/strong>, donde ha estado instalada la <strong data-start=\"1131\" data-end=\"1153\">Feria Tapa i Festa<\/strong>; la <strong data-start=\"1158\" data-end=\"1175\">Pla\u00e7a de Dins<\/strong>, punto destacado de la oferta de ocio y hosteler\u00eda; o las zonas de <strong data-start=\"1243\" data-end=\"1256\">Cervantes<\/strong> y <strong data-start=\"1259\" data-end=\"1275\">Els Al\u00e7amora<\/strong>, donde se ha ubicado el tradicional mercadillo ambulante.<\/p>\n<p style=\"text-align: justify;\" data-start=\"1335\" data-end=\"1622\">Del mismo modo, los trabajos se han extendido al extrarradio. Durante la ma\u00f1ana, varios equipos actuaban en accesos muy transitados como la entrada al <strong data-start=\"1486\" data-end=\"1508\">Pont de Sant Jordi<\/strong> desde <strong data-start=\"1515\" data-end=\"1529\">La Alameda<\/strong>, uno de los enclaves con mayor movimiento de personas durante la celebraci\u00f3n de las fiestas.Este proceso de puesta a punto continuar\u00e1 durante los pr\u00f3ximos d\u00edas, especialmente cuando empiece el desmontaje de <strong data-start=\"1739\" data-end=\"1760\">gradas y tribunas<\/strong>, ya que bajo estas infraestructuras suele acumularse una importante cantidad de residuos tras los desfiles y actos centrales. Adem\u00e1s, en las pr\u00f3ximas jornadas comenzar\u00e1 tambi\u00e9n la retirada de buena parte de la <strong data-start=\"1972\" data-end=\"1997\">ornamentaci\u00f3n festera<\/strong>, entre ella el <strong data-start=\"2013\" data-end=\"2025\">Castillo<\/strong>, las <strong data-start=\"2031\" data-end=\"2043\">banderas<\/strong> y la tradicional <strong data-start=\"2061\" data-end=\"2073\">Enramada<\/strong>, elementos que han transformado la imagen del centro urbano durante las celebraciones.<\/p>\n","protected":false},"excerpt":{"rendered":"<p>Alcoy ha iniciado en esta martes 28 de abril el regreso paulatino a la normalidad despu\u00e9s de vivir unas intensas&#8230;<\/p>\n","protected":false},"author":1,"featured_media":167019,"comment_status":"closed","ping_status":"closed","sticky":false,"template":"","format":"standard","meta":{"footnotes":""},"categories":[6909,97,75,125],"tags":[1494,6839,565,136,609],"class_list":["post-167018","post","type-post","status-publish","format-standard","has-post-thumbnail","hentry","category-actualidad","category-alcoy","category-noticias","category-portada","tag-alcoy","tag-dispositivo-especial","tag-fiestas","tag-limpieza","tag-moros-y-cristianos"],"yoast_head":"<!-- This site is optimized with the Yoast SEO plugin v27.3 - https:\/\/yoast.com\/product\/yoast-seo-wordpress\/ -->\n<title>Alcoy empieza a recuperar la normalidad tras unas intensas Fiestas de Moros y Cristianos - COPE Alcoy<\/title>\n<meta name=\"description\" content=\"Alcoy empieza a recuperar la normalidad tras unas intensas Fiestas de Moros y Cristianos\" \/>\n<meta name=\"robots\" content=\"index, follow, max-snippet:-1, max-image-preview:large, max-video-preview:-1\" \/>\n<link rel=\"canonical\" href=\"https:\/\/www.copealcoy.es\/es\/alcoy-empieza-a-recuperar-la-normalidad-tras-unas-intensas-fiestas-de-moros-y-cristianos\/\" \/>\n<meta property=\"og:locale\" content=\"es_ES\" \/>\n<meta property=\"og:type\" content=\"article\" \/>\n<meta property=\"og:title\" content=\"Alcoy empieza a recuperar la normalidad tras unas intensas Fiestas de Moros y Cristianos - COPE Alcoy\" \/>\n<meta property=\"og:description\" content=\"Alcoy empieza a recuperar la normalidad tras unas intensas Fiestas de Moros y Cristianos\" \/>\n<meta property=\"og:url\" content=\"https:\/\/www.copealcoy.es\/es\/alcoy-empieza-a-recuperar-la-normalidad-tras-unas-intensas-fiestas-de-moros-y-cristianos\/\" \/>\n<meta property=\"og:site_name\" content=\"COPE Alcoy\" \/>\n<meta property=\"article:published_time\" content=\"2026-04-28T16:11:25+00:00\" \/>\n<meta property=\"article:modified_time\" content=\"2026-04-28T16:17:47+00:00\" \/>\n<meta property=\"og:image\" content=\"https:\/\/www.copealcoy.es\/wp-content\/uploads\/2026\/04\/unnamed-1-51.jpg\" \/>\n\t<meta property=\"og:image:width\" content=\"1600\" \/>\n\t<meta property=\"og:image:height\" content=\"985\" \/>\n\t<meta property=\"og:image:type\" content=\"image\/jpeg\" \/>\n<meta name=\"author\" content=\"Cope Alcoy\" \/>\n<meta name=\"twitter:label1\" content=\"Escrito por\" \/>\n\t<meta name=\"twitter:data1\" content=\"Cope Alcoy\" \/>\n\t<meta name=\"twitter:label2\" content=\"Tiempo de lectura\" \/>\n\t<meta name=\"twitter:data2\" content=\"2 minutos\" \/>\n<script type=\"application\/ld+json\" class=\"yoast-schema-graph\">{\"@context\":\"https:\\\/\\\/schema.org\",\"@graph\":[{\"@type\":\"Article\",\"@id\":\"https:\\\/\\\/www.copealcoy.es\\\/es\\\/alcoy-empieza-a-recuperar-la-normalidad-tras-unas-intensas-fiestas-de-moros-y-cristianos\\\/#article\",\"isPartOf\":{\"@id\":\"https:\\\/\\\/www.copealcoy.es\\\/es\\\/alcoy-empieza-a-recuperar-la-normalidad-tras-unas-intensas-fiestas-de-moros-y-cristianos\\\/\"},\"author\":{\"name\":\"Cope Alcoy\",\"@id\":\"https:\\\/\\\/www.copealcoy.es\\\/es\\\/#\\\/schema\\\/person\\\/e777c87fa024e57d40170af9df39882c\"},\"headline\":\"Alcoy empieza a recuperar la normalidad tras unas intensas Fiestas de Moros y Cristianos\",\"datePublished\":\"2026-04-28T16:11:25+00:00\",\"dateModified\":\"2026-04-28T16:17:47+00:00\",\"mainEntityOfPage\":{\"@id\":\"https:\\\/\\\/www.copealcoy.es\\\/es\\\/alcoy-empieza-a-recuperar-la-normalidad-tras-unas-intensas-fiestas-de-moros-y-cristianos\\\/\"},\"wordCount\":358,\"image\":{\"@id\":\"https:\\\/\\\/www.copealcoy.es\\\/es\\\/alcoy-empieza-a-recuperar-la-normalidad-tras-unas-intensas-fiestas-de-moros-y-cristianos\\\/#primaryimage\"},\"thumbnailUrl\":\"https:\\\/\\\/www.copealcoy.es\\\/wp-content\\\/uploads\\\/2026\\\/04\\\/unnamed-1-51.jpg\",\"keywords\":[\"Alcoy\",\"dispositivo especial\",\"Fiestas\",\"Limpieza\",\"Moros Y Cristianos\"],\"articleSection\":[\"Actualidad\",\"Alcoy\",\"Noticias\",\"Portada\"],\"inLanguage\":\"es\"},{\"@type\":\"WebPage\",\"@id\":\"https:\\\/\\\/www.copealcoy.es\\\/es\\\/alcoy-empieza-a-recuperar-la-normalidad-tras-unas-intensas-fiestas-de-moros-y-cristianos\\\/\",\"url\":\"https:\\\/\\\/www.copealcoy.es\\\/es\\\/alcoy-empieza-a-recuperar-la-normalidad-tras-unas-intensas-fiestas-de-moros-y-cristianos\\\/\",\"name\":\"Alcoy empieza a recuperar la normalidad tras unas intensas Fiestas de Moros y Cristianos - COPE Alcoy\",\"isPartOf\":{\"@id\":\"https:\\\/\\\/www.copealcoy.es\\\/es\\\/#website\"},\"primaryImageOfPage\":{\"@id\":\"https:\\\/\\\/www.copealcoy.es\\\/es\\\/alcoy-empieza-a-recuperar-la-normalidad-tras-unas-intensas-fiestas-de-moros-y-cristianos\\\/#primaryimage\"},\"image\":{\"@id\":\"https:\\\/\\\/www.copealcoy.es\\\/es\\\/alcoy-empieza-a-recuperar-la-normalidad-tras-unas-intensas-fiestas-de-moros-y-cristianos\\\/#primaryimage\"},\"thumbnailUrl\":\"https:\\\/\\\/www.copealcoy.es\\\/wp-content\\\/uploads\\\/2026\\\/04\\\/unnamed-1-51.jpg\",\"datePublished\":\"2026-04-28T16:11:25+00:00\",\"dateModified\":\"2026-04-28T16:17:47+00:00\",\"author\":{\"@id\":\"https:\\\/\\\/www.copealcoy.es\\\/es\\\/#\\\/schema\\\/person\\\/e777c87fa024e57d40170af9df39882c\"},\"description\":\"Alcoy empieza a recuperar la normalidad tras unas intensas Fiestas de Moros y Cristianos\",\"breadcrumb\":{\"@id\":\"https:\\\/\\\/www.copealcoy.es\\\/es\\\/alcoy-empieza-a-recuperar-la-normalidad-tras-unas-intensas-fiestas-de-moros-y-cristianos\\\/#breadcrumb\"},\"inLanguage\":\"es\",\"potentialAction\":[{\"@type\":\"ReadAction\",\"target\":[\"https:\\\/\\\/www.copealcoy.es\\\/es\\\/alcoy-empieza-a-recuperar-la-normalidad-tras-unas-intensas-fiestas-de-moros-y-cristianos\\\/\"]}]},{\"@type\":\"ImageObject\",\"inLanguage\":\"es\",\"@id\":\"https:\\\/\\\/www.copealcoy.es\\\/es\\\/alcoy-empieza-a-recuperar-la-normalidad-tras-unas-intensas-fiestas-de-moros-y-cristianos\\\/#primaryimage\",\"url\":\"https:\\\/\\\/www.copealcoy.es\\\/wp-content\\\/uploads\\\/2026\\\/04\\\/unnamed-1-51.jpg\",\"contentUrl\":\"https:\\\/\\\/www.copealcoy.es\\\/wp-content\\\/uploads\\\/2026\\\/04\\\/unnamed-1-51.jpg\",\"width\":1600,\"height\":985},{\"@type\":\"BreadcrumbList\",\"@id\":\"https:\\\/\\\/www.copealcoy.es\\\/es\\\/alcoy-empieza-a-recuperar-la-normalidad-tras-unas-intensas-fiestas-de-moros-y-cristianos\\\/#breadcrumb\",\"itemListElement\":[{\"@type\":\"ListItem\",\"position\":1,\"name\":\"Portada\",\"item\":\"https:\\\/\\\/www.copealcoy.es\\\/es\\\/\"},{\"@type\":\"ListItem\",\"position\":2,\"name\":\"Alcoy empieza a recuperar la normalidad tras unas intensas Fiestas de Moros y Cristianos\"}]},{\"@type\":\"WebSite\",\"@id\":\"https:\\\/\\\/www.copealcoy.es\\\/es\\\/#website\",\"url\":\"https:\\\/\\\/www.copealcoy.es\\\/es\\\/\",\"name\":\"COPE Alcoy\",\"description\":\"Emisora COPE de radio local con emisi\u00f3n online. Pont de Sant Jordi 8-10 03803 Alcoy\",\"potentialAction\":[{\"@type\":\"SearchAction\",\"target\":{\"@type\":\"EntryPoint\",\"urlTemplate\":\"https:\\\/\\\/www.copealcoy.es\\\/es\\\/?s={search_term_string}\"},\"query-input\":{\"@type\":\"PropertyValueSpecification\",\"valueRequired\":true,\"valueName\":\"search_term_string\"}}],\"inLanguage\":\"es\"},{\"@type\":\"Person\",\"@id\":\"https:\\\/\\\/www.copealcoy.es\\\/es\\\/#\\\/schema\\\/person\\\/e777c87fa024e57d40170af9df39882c\",\"name\":\"Cope Alcoy\",\"image\":{\"@type\":\"ImageObject\",\"inLanguage\":\"es\",\"@id\":\"https:\\\/\\\/secure.gravatar.com\\\/avatar\\\/bb65d0283347e303893ba14f0692005417c1e0e690a325a4c5d8bb2b3943ee14?s=96&d=mm&r=g\",\"url\":\"https:\\\/\\\/secure.gravatar.com\\\/avatar\\\/bb65d0283347e303893ba14f0692005417c1e0e690a325a4c5d8bb2b3943ee14?s=96&d=mm&r=g\",\"contentUrl\":\"https:\\\/\\\/secure.gravatar.com\\\/avatar\\\/bb65d0283347e303893ba14f0692005417c1e0e690a325a4c5d8bb2b3943ee14?s=96&d=mm&r=g\",\"caption\":\"Cope Alcoy\"}}]}<\/script>\n<!-- \/ Yoast SEO plugin. -->","yoast_head_json":{"title":"Alcoy empieza a recuperar la normalidad tras unas intensas Fiestas de Moros y Cristianos - COPE Alcoy","description":"Alcoy empieza a recuperar la normalidad tras unas intensas Fiestas de Moros y Cristianos","robots":{"index":"index","follow":"follow","max-snippet":"max-snippet:-1","max-image-preview":"max-image-preview:large","max-video-preview":"max-video-preview:-1"},"canonical":"https:\/\/www.copealcoy.es\/es\/alcoy-empieza-a-recuperar-la-normalidad-tras-unas-intensas-fiestas-de-moros-y-cristianos\/","og_locale":"es_ES","og_type":"article","og_title":"Alcoy empieza a recuperar la normalidad tras unas intensas Fiestas de Moros y Cristianos - COPE Alcoy","og_description":"Alcoy empieza a recuperar la normalidad tras unas intensas Fiestas de Moros y Cristianos","og_url":"https:\/\/www.copealcoy.es\/es\/alcoy-empieza-a-recuperar-la-normalidad-tras-unas-intensas-fiestas-de-moros-y-cristianos\/","og_site_name":"COPE Alcoy","article_published_time":"2026-04-28T16:11:25+00:00","article_modified_time":"2026-04-28T16:17:47+00:00","og_image":[{"width":1600,"height":985,"url":"https:\/\/www.copealcoy.es\/wp-content\/uploads\/2026\/04\/unnamed-1-51.jpg","type":"image\/jpeg"}],"author":"Cope Alcoy","twitter_misc":{"Escrito por":"Cope Alcoy","Tiempo de lectura":"2 minutos"},"schema":{"@context":"https:\/\/schema.org","@graph":[{"@type":"Article","@id":"https:\/\/www.copealcoy.es\/es\/alcoy-empieza-a-recuperar-la-normalidad-tras-unas-intensas-fiestas-de-moros-y-cristianos\/#article","isPartOf":{"@id":"https:\/\/www.copealcoy.es\/es\/alcoy-empieza-a-recuperar-la-normalidad-tras-unas-intensas-fiestas-de-moros-y-cristianos\/"},"author":{"name":"Cope Alcoy","@id":"https:\/\/www.copealcoy.es\/es\/#\/schema\/person\/e777c87fa024e57d40170af9df39882c"},"headline":"Alcoy empieza a recuperar la normalidad tras unas intensas Fiestas de Moros y Cristianos","datePublished":"2026-04-28T16:11:25+00:00","dateModified":"2026-04-28T16:17:47+00:00","mainEntityOfPage":{"@id":"https:\/\/www.copealcoy.es\/es\/alcoy-empieza-a-recuperar-la-normalidad-tras-unas-intensas-fiestas-de-moros-y-cristianos\/"},"wordCount":358,"image":{"@id":"https:\/\/www.copealcoy.es\/es\/alcoy-empieza-a-recuperar-la-normalidad-tras-unas-intensas-fiestas-de-moros-y-cristianos\/#primaryimage"},"thumbnailUrl":"https:\/\/www.copealcoy.es\/wp-content\/uploads\/2026\/04\/unnamed-1-51.jpg","keywords":["Alcoy","dispositivo especial","Fiestas","Limpieza","Moros Y Cristianos"],"articleSection":["Actualidad","Alcoy","Noticias","Portada"],"inLanguage":"es"},{"@type":"WebPage","@id":"https:\/\/www.copealcoy.es\/es\/alcoy-empieza-a-recuperar-la-normalidad-tras-unas-intensas-fiestas-de-moros-y-cristianos\/","url":"https:\/\/www.copealcoy.es\/es\/alcoy-empieza-a-recuperar-la-normalidad-tras-unas-intensas-fiestas-de-moros-y-cristianos\/","name":"Alcoy empieza a recuperar la normalidad tras unas intensas Fiestas de Moros y Cristianos - COPE Alcoy","isPartOf":{"@id":"https:\/\/www.copealcoy.es\/es\/#website"},"primaryImageOfPage":{"@id":"https:\/\/www.copealcoy.es\/es\/alcoy-empieza-a-recuperar-la-normalidad-tras-unas-intensas-fiestas-de-moros-y-cristianos\/#primaryimage"},"image":{"@id":"https:\/\/www.copealcoy.es\/es\/alcoy-empieza-a-recuperar-la-normalidad-tras-unas-intensas-fiestas-de-moros-y-cristianos\/#primaryimage"},"thumbnailUrl":"https:\/\/www.copealcoy.es\/wp-content\/uploads\/2026\/04\/unnamed-1-51.jpg","datePublished":"2026-04-28T16:11:25+00:00","dateModified":"2026-04-28T16:17:47+00:00","author":{"@id":"https:\/\/www.copealcoy.es\/es\/#\/schema\/person\/e777c87fa024e57d40170af9df39882c"},"description":"Alcoy empieza a recuperar la normalidad tras unas intensas Fiestas de Moros y Cristianos","breadcrumb":{"@id":"https:\/\/www.copealcoy.es\/es\/alcoy-empieza-a-recuperar-la-normalidad-tras-unas-intensas-fiestas-de-moros-y-cristianos\/#breadcrumb"},"inLanguage":"es","potentialAction":[{"@type":"ReadAction","target":["https:\/\/www.copealcoy.es\/es\/alcoy-empieza-a-recuperar-la-normalidad-tras-unas-intensas-fiestas-de-moros-y-cristianos\/"]}]},{"@type":"ImageObject","inLanguage":"es","@id":"https:\/\/www.copealcoy.es\/es\/alcoy-empieza-a-recuperar-la-normalidad-tras-unas-intensas-fiestas-de-moros-y-cristianos\/#primaryimage","url":"https:\/\/www.copealcoy.es\/wp-content\/uploads\/2026\/04\/unnamed-1-51.jpg","contentUrl":"https:\/\/www.copealcoy.es\/wp-content\/uploads\/2026\/04\/unnamed-1-51.jpg","width":1600,"height":985},{"@type":"BreadcrumbList","@id":"https:\/\/www.copealcoy.es\/es\/alcoy-empieza-a-recuperar-la-normalidad-tras-unas-intensas-fiestas-de-moros-y-cristianos\/#breadcrumb","itemListElement":[{"@type":"ListItem","position":1,"name":"Portada","item":"https:\/\/www.copealcoy.es\/es\/"},{"@type":"ListItem","position":2,"name":"Alcoy empieza a recuperar la normalidad tras unas intensas Fiestas de Moros y Cristianos"}]},{"@type":"WebSite","@id":"https:\/\/www.copealcoy.es\/es\/#website","url":"https:\/\/www.copealcoy.es\/es\/","name":"COPE Alcoy","description":"Emisora COPE de radio local con emisi\u00f3n online. Pont de Sant Jordi 8-10 03803 Alcoy","potentialAction":[{"@type":"SearchAction","target":{"@type":"EntryPoint","urlTemplate":"https:\/\/www.copealcoy.es\/es\/?s={search_term_string}"},"query-input":{"@type":"PropertyValueSpecification","valueRequired":true,"valueName":"search_term_string"}}],"inLanguage":"es"},{"@type":"Person","@id":"https:\/\/www.copealcoy.es\/es\/#\/schema\/person\/e777c87fa024e57d40170af9df39882c","name":"Cope Alcoy","image":{"@type":"ImageObject","inLanguage":"es","@id":"https:\/\/secure.gravatar.com\/avatar\/bb65d0283347e303893ba14f0692005417c1e0e690a325a4c5d8bb2b3943ee14?s=96&d=mm&r=g","url":"https:\/\/secure.gravatar.com\/avatar\/bb65d0283347e303893ba14f0692005417c1e0e690a325a4c5d8bb2b3943ee14?s=96&d=mm&r=g","contentUrl":"https:\/\/secure.gravatar.com\/avatar\/bb65d0283347e303893ba14f0692005417c1e0e690a325a4c5d8bb2b3943ee14?s=96&d=mm&r=g","caption":"Cope Alcoy"}}]}},"_links":{"self":[{"href":"https:\/\/www.copealcoy.es\/es\/wp-json\/wp\/v2\/posts\/167018","targetHints":{"allow":["GET"]}}],"collection":[{"href":"https:\/\/www.copealcoy.es\/es\/wp-json\/wp\/v2\/posts"}],"about":[{"href":"https:\/\/www.copealcoy.es\/es\/wp-json\/wp\/v2\/types\/post"}],"author":[{"embeddable":true,"href":"https:\/\/www.copealcoy.es\/es\/wp-json\/wp\/v2\/users\/1"}],"replies":[{"embeddable":true,"href":"https:\/\/www.copealcoy.es\/es\/wp-json\/wp\/v2\/comments?post=167018"}],"version-history":[{"count":1,"href":"https:\/\/www.copealcoy.es\/es\/wp-json\/wp\/v2\/posts\/167018\/revisions"}],"predecessor-version":[{"id":167021,"href":"https:\/\/www.copealcoy.es\/es\/wp-json\/wp\/v2\/posts\/167018\/revisions\/167021"}],"wp:featuredmedia":[{"embeddable":true,"href":"https:\/\/www.copealcoy.es\/es\/wp-json\/wp\/v2\/media\/167019"}],"wp:attachment":[{"href":"https:\/\/www.copealcoy.es\/es\/wp-json\/wp\/v2\/media?parent=167018"}],"wp:term":[{"taxonomy":"category","embeddable":true,"href":"https:\/\/www.copealcoy.es\/es\/wp-json\/wp\/v2\/categories?post=167018"},{"taxonomy":"post_tag","embeddable":true,"href":"https:\/\/www.copealcoy.es\/es\/wp-json\/wp\/v2\/tags?post=167018"}],"curies":[{"name":"wp","href":"https:\/\/api.w.org\/{rel}","templated":true}]}}