{"id":167006,"date":"2026-04-27T22:05:13","date_gmt":"2026-04-27T21:05:13","guid":{"rendered":"https:\/\/www.copealcoy.es\/?p=167006"},"modified":"2026-04-27T22:05:13","modified_gmt":"2026-04-27T21:05:13","slug":"la-aparicion-culmina-unas-fiestas-que-dan-paso-al-ano-jubilar-de-san-jorge","status":"publish","type":"post","link":"https:\/\/www.copealcoy.es\/es\/la-aparicion-culmina-unas-fiestas-que-dan-paso-al-ano-jubilar-de-san-jorge\/","title":{"rendered":"La Aparici\u00f3n culmina unas Fiestas que dan paso al A\u00f1o Jubilar de San Jorge"},"content":{"rendered":"<div class=\"flex flex-col text-sm pb-25\">\n<section class=\"text-token-text-primary w-full focus:outline-none [--shadow-height:45px] has-data-writing-block:pointer-events-none has-data-writing-block:-mt-(--shadow-height) has-data-writing-block:pt-(--shadow-height) [&amp;:has([data-writing-block])&gt;*]:pointer-events-auto scroll-mt-[calc(var(--header-height)+min(200px,max(70px,20svh)))]\" dir=\"auto\" data-turn-id=\"request-WEB:db3bad38-c320-456a-a793-2852f883a6ef-253\" data-testid=\"conversation-turn-82\" data-scroll-anchor=\"true\" data-turn=\"assistant\">\n<div class=\"text-base my-auto mx-auto pb-10 [--thread-content-margin:var(--thread-content-margin-xs,calc(var(--spacing)*4))] @w-sm\/main:[--thread-content-margin:var(--thread-content-margin-sm,calc(var(--spacing)*6))] @w-lg\/main:[--thread-content-margin:var(--thread-content-margin-lg,calc(var(--spacing)*16))] px-(--thread-content-margin)\">\n<div class=\"[--thread-content-max-width:40rem] @w-lg\/main:[--thread-content-max-width:48rem] mx-auto max-w-(--thread-content-max-width) flex-1 group\/turn-messages focus-visible:outline-hidden relative flex w-full min-w-0 flex-col agent-turn\">\n<div class=\"flex max-w-full flex-col gap-4 grow\">\n<div class=\"min-h-8 text-message relative flex w-full flex-col items-end gap-2 text-start break-words whitespace-normal outline-none keyboard-focused:focus-ring [.text-message+&amp;]:mt-1\" dir=\"auto\" tabindex=\"0\" data-message-author-role=\"assistant\" data-message-id=\"0993526c-d1f2-471e-9ec4-ef230e51e223\" data-message-model-slug=\"gpt-5-3\" data-turn-start-message=\"true\">\n<div class=\"flex w-full flex-col gap-1 empty:hidden\">\n<div class=\"markdown prose dark:prose-invert w-full wrap-break-word light markdown-new-styling\">\n<p style=\"text-align: justify;\" data-start=\"178\" data-end=\"533\">Las <strong data-start=\"182\" data-end=\"229\"><a href=\"https:\/\/www.asjordi.org\/\" target=\"_blank\" rel=\"noopener\"><span style=\"color: #0000ff;\">Fiestas de Moros y Cristianos de Alcoy<\/span><\/a> 2026<\/strong> ya forman parte de la historia. La ciudad ha puesto esta noche el punto final a una brillante <strong data-start=\"324\" data-end=\"344\">trilog\u00eda festera<\/strong> con la siempre esperada <strong data-start=\"369\" data-end=\"398\">Aparici\u00f3n de Sant Jordiet<\/strong>, acto que ha vuelto a congregar a miles de personas tanto en la <strong data-start=\"463\" data-end=\"482\">Pla\u00e7a d\u2019Espanya<\/strong> como en balcones y terrazas de las viviendas situadasen\u00a0 este punto del centro hist\u00f3rico.<\/p>\n<p style=\"text-align: justify;\" data-start=\"535\" data-end=\"1022\">A las <strong data-start=\"541\" data-end=\"556\">21:30 horas<\/strong>, momento exacto que marcaba el reloj de la parroquia de <strong data-start=\"619\" data-end=\"634\">Santa Mar\u00eda<\/strong>, se han apagado las luces de la <strong data-start=\"667\" data-end=\"679\">Enramada<\/strong> y La Bandeja ha quedado a oscuras para crear la atm\u00f3sfera que envuelve cada a\u00f1o uno de los momentos m\u00e1s emotivos de las Fiestas. Seguidamente, las campanas del templo han comenzado a repicar mientras el p\u00fablico entonaba con fuerza el tradicional <strong data-start=\"926\" data-end=\"946\">Himno de Fiestas<\/strong>, poniendo voz al cierre de unas celebraciones especialmente significativas. La\u00a0 imagen m\u00e1s esperada de la noche ha llegado con la aparici\u00f3n de <strong data-start=\"1082\" data-end=\"1107\">Mateo Vilaplana Blaak<\/strong>, <strong data-start=\"1109\" data-end=\"1130\">Sant Jordiet 2026<\/strong> y festero de la <strong data-start=\"1147\" data-end=\"1161\">Fil\u00e0 Llana<\/strong>, quien ha emergido entre el humo desde lo alto del castillo montado sobre su caballo blanco. Desde all\u00ed ha lanzado miles de flechas de colores para recordar la intercesi\u00f3n de <strong data-start=\"1337\" data-end=\"1350\">San Jorge<\/strong> en la batalla de <strong data-start=\"1368\" data-end=\"1376\">1276<\/strong>, episodio que da origen a la tradici\u00f3n festera alcoyana. Todo ello ha estado acompa\u00f1ado de la doble interpretaci\u00f3n\u00a0del <strong data-start=\"1476\" data-end=\"1496\">Himno de Fiestas<\/strong> d\u00e1ndose despu\u00e9s paso a un espectacular <strong data-start=\"1540\" data-end=\"1575\">castillo de fuegos artificiales<\/strong> que ha iluminado el cielo de la ciudad y ha servido como broche final a la trilog\u00eda.<\/p>\n<p style=\"text-align: justify;\" data-start=\"1662\" data-end=\"2008\">Sin embargo, aunque las fiestas concluyen, <strong data-start=\"1705\" data-end=\"1714\">Alcoy<\/strong> inicia ahora un nuevo ciclo con motivo del <strong data-start=\"1759\" data-end=\"1774\">A\u00f1o Jubilar<\/strong> concedido desde la Santa Sede a la ciudad por el <strong data-start=\"1792\" data-end=\"1839\">750 aniversario del patronazgo de San Jorge<\/strong>. Durante los pr\u00f3ximos meses est\u00e1 prevista una amplia programaci\u00f3n de <strong data-start=\"1909\" data-end=\"1952\">actos festivos, culturales y religiosos<\/strong> para conmemorar una efem\u00e9ride hist\u00f3rica para la ciudad. Adem\u00e1s, dentro de unos d\u00edas arrancar\u00e1n las <strong data-start=\"2054\" data-end=\"2099\">peregrinaciones de la imagen de San Jorge &#8216;El Xicotet&#8217;<\/strong>\u00a0por <strong data-start=\"2104\" data-end=\"2147\">iglesias, capillas y centros de mayores<\/strong> de Alcoy, acercando la figura del patr\u00f3n a todos los barrios e incluso a puntos como el Hospital Virgen de los Lirios, el Cementerio Municipal, las ermitas del t\u00e9rmino municipal o el Santuario de la Font Roja donde se venera a la Virgen de los Lirios.<\/p>\n<\/div>\n<\/div>\n<\/div>\n<\/div>\n<\/div>\n<\/div>\n<\/section>\n<\/div>\n<div class=\"pointer-events-none h-px w-px absolute bottom-0\" aria-hidden=\"true\" data-edge=\"true\"><\/div>\n","protected":false},"excerpt":{"rendered":"<p>Las Fiestas de Moros y Cristianos de Alcoy 2026 ya forman parte de la historia. La ciudad ha puesto esta&#8230;<\/p>\n","protected":false},"author":1,"featured_media":167012,"comment_status":"closed","ping_status":"closed","sticky":false,"template":"","format":"standard","meta":{"footnotes":""},"categories":[6909,97,75,125],"tags":[1494,1371,565,19701,609,876,461],"class_list":["post-167006","post","type-post","status-publish","format-standard","has-post-thumbnail","hentry","category-actualidad","category-alcoy","category-noticias","category-portada","tag-alcoy","tag-aparicion","tag-fiestas","tag-mateo-vilaplana-blaak","tag-moros-y-cristianos","tag-san-jorge","tag-sant-jordiet"],"yoast_head":"<!-- This site is optimized with the Yoast SEO plugin v27.3 - https:\/\/yoast.com\/product\/yoast-seo-wordpress\/ -->\n<title>La Aparici\u00f3n culmina unas Fiestas que dan paso al A\u00f1o Jubilar de San Jorge - COPE Alcoy<\/title>\n<meta name=\"description\" content=\"La Aparici\u00f3n culmina unas Fiestas que dan paso al A\u00f1o Jubilar de San Jorge\" \/>\n<meta name=\"robots\" content=\"index, follow, max-snippet:-1, max-image-preview:large, max-video-preview:-1\" \/>\n<link rel=\"canonical\" href=\"https:\/\/www.copealcoy.es\/es\/la-aparicion-culmina-unas-fiestas-que-dan-paso-al-ano-jubilar-de-san-jorge\/\" \/>\n<meta property=\"og:locale\" content=\"es_ES\" \/>\n<meta property=\"og:type\" content=\"article\" \/>\n<meta property=\"og:title\" content=\"La Aparici\u00f3n culmina unas Fiestas que dan paso al A\u00f1o Jubilar de San Jorge - COPE Alcoy\" \/>\n<meta property=\"og:description\" content=\"La Aparici\u00f3n culmina unas Fiestas que dan paso al A\u00f1o Jubilar de San Jorge\" \/>\n<meta property=\"og:url\" content=\"https:\/\/www.copealcoy.es\/es\/la-aparicion-culmina-unas-fiestas-que-dan-paso-al-ano-jubilar-de-san-jorge\/\" \/>\n<meta property=\"og:site_name\" content=\"COPE Alcoy\" \/>\n<meta property=\"article:published_time\" content=\"2026-04-27T21:05:13+00:00\" \/>\n<meta property=\"og:image\" content=\"https:\/\/www.copealcoy.es\/wp-content\/uploads\/2026\/04\/IMG_2147.jpeg\" \/>\n\t<meta property=\"og:image:width\" content=\"1050\" \/>\n\t<meta property=\"og:image:height\" content=\"621\" \/>\n\t<meta property=\"og:image:type\" content=\"image\/jpeg\" \/>\n<meta name=\"author\" content=\"Cope Alcoy\" \/>\n<meta name=\"twitter:label1\" content=\"Escrito por\" \/>\n\t<meta name=\"twitter:data1\" content=\"Cope Alcoy\" \/>\n\t<meta name=\"twitter:label2\" content=\"Tiempo de lectura\" \/>\n\t<meta name=\"twitter:data2\" content=\"3 minutos\" \/>\n<script type=\"application\/ld+json\" class=\"yoast-schema-graph\">{\"@context\":\"https:\\\/\\\/schema.org\",\"@graph\":[{\"@type\":\"Article\",\"@id\":\"https:\\\/\\\/www.copealcoy.es\\\/es\\\/la-aparicion-culmina-unas-fiestas-que-dan-paso-al-ano-jubilar-de-san-jorge\\\/#article\",\"isPartOf\":{\"@id\":\"https:\\\/\\\/www.copealcoy.es\\\/es\\\/la-aparicion-culmina-unas-fiestas-que-dan-paso-al-ano-jubilar-de-san-jorge\\\/\"},\"author\":{\"name\":\"Cope Alcoy\",\"@id\":\"https:\\\/\\\/www.copealcoy.es\\\/es\\\/#\\\/schema\\\/person\\\/e777c87fa024e57d40170af9df39882c\"},\"headline\":\"La Aparici\u00f3n culmina unas Fiestas que dan paso al A\u00f1o Jubilar de San Jorge\",\"datePublished\":\"2026-04-27T21:05:13+00:00\",\"mainEntityOfPage\":{\"@id\":\"https:\\\/\\\/www.copealcoy.es\\\/es\\\/la-aparicion-culmina-unas-fiestas-que-dan-paso-al-ano-jubilar-de-san-jorge\\\/\"},\"wordCount\":420,\"image\":{\"@id\":\"https:\\\/\\\/www.copealcoy.es\\\/es\\\/la-aparicion-culmina-unas-fiestas-que-dan-paso-al-ano-jubilar-de-san-jorge\\\/#primaryimage\"},\"thumbnailUrl\":\"https:\\\/\\\/www.copealcoy.es\\\/wp-content\\\/uploads\\\/2026\\\/04\\\/IMG_2147.jpeg\",\"keywords\":[\"Alcoy\",\"aparici\u00f3n\",\"Fiestas\",\"Mateo Vilaplana Blaak\",\"Moros Y Cristianos\",\"San Jorge\",\"Sant Jordiet\"],\"articleSection\":[\"Actualidad\",\"Alcoy\",\"Noticias\",\"Portada\"],\"inLanguage\":\"es\"},{\"@type\":\"WebPage\",\"@id\":\"https:\\\/\\\/www.copealcoy.es\\\/es\\\/la-aparicion-culmina-unas-fiestas-que-dan-paso-al-ano-jubilar-de-san-jorge\\\/\",\"url\":\"https:\\\/\\\/www.copealcoy.es\\\/es\\\/la-aparicion-culmina-unas-fiestas-que-dan-paso-al-ano-jubilar-de-san-jorge\\\/\",\"name\":\"La Aparici\u00f3n culmina unas Fiestas que dan paso al A\u00f1o Jubilar de San Jorge - COPE Alcoy\",\"isPartOf\":{\"@id\":\"https:\\\/\\\/www.copealcoy.es\\\/es\\\/#website\"},\"primaryImageOfPage\":{\"@id\":\"https:\\\/\\\/www.copealcoy.es\\\/es\\\/la-aparicion-culmina-unas-fiestas-que-dan-paso-al-ano-jubilar-de-san-jorge\\\/#primaryimage\"},\"image\":{\"@id\":\"https:\\\/\\\/www.copealcoy.es\\\/es\\\/la-aparicion-culmina-unas-fiestas-que-dan-paso-al-ano-jubilar-de-san-jorge\\\/#primaryimage\"},\"thumbnailUrl\":\"https:\\\/\\\/www.copealcoy.es\\\/wp-content\\\/uploads\\\/2026\\\/04\\\/IMG_2147.jpeg\",\"datePublished\":\"2026-04-27T21:05:13+00:00\",\"author\":{\"@id\":\"https:\\\/\\\/www.copealcoy.es\\\/es\\\/#\\\/schema\\\/person\\\/e777c87fa024e57d40170af9df39882c\"},\"description\":\"La Aparici\u00f3n culmina unas Fiestas que dan paso al A\u00f1o Jubilar de San Jorge\",\"breadcrumb\":{\"@id\":\"https:\\\/\\\/www.copealcoy.es\\\/es\\\/la-aparicion-culmina-unas-fiestas-que-dan-paso-al-ano-jubilar-de-san-jorge\\\/#breadcrumb\"},\"inLanguage\":\"es\",\"potentialAction\":[{\"@type\":\"ReadAction\",\"target\":[\"https:\\\/\\\/www.copealcoy.es\\\/es\\\/la-aparicion-culmina-unas-fiestas-que-dan-paso-al-ano-jubilar-de-san-jorge\\\/\"]}]},{\"@type\":\"ImageObject\",\"inLanguage\":\"es\",\"@id\":\"https:\\\/\\\/www.copealcoy.es\\\/es\\\/la-aparicion-culmina-unas-fiestas-que-dan-paso-al-ano-jubilar-de-san-jorge\\\/#primaryimage\",\"url\":\"https:\\\/\\\/www.copealcoy.es\\\/wp-content\\\/uploads\\\/2026\\\/04\\\/IMG_2147.jpeg\",\"contentUrl\":\"https:\\\/\\\/www.copealcoy.es\\\/wp-content\\\/uploads\\\/2026\\\/04\\\/IMG_2147.jpeg\",\"width\":1050,\"height\":621},{\"@type\":\"BreadcrumbList\",\"@id\":\"https:\\\/\\\/www.copealcoy.es\\\/es\\\/la-aparicion-culmina-unas-fiestas-que-dan-paso-al-ano-jubilar-de-san-jorge\\\/#breadcrumb\",\"itemListElement\":[{\"@type\":\"ListItem\",\"position\":1,\"name\":\"Portada\",\"item\":\"https:\\\/\\\/www.copealcoy.es\\\/es\\\/\"},{\"@type\":\"ListItem\",\"position\":2,\"name\":\"La Aparici\u00f3n culmina unas Fiestas que dan paso al A\u00f1o Jubilar de San Jorge\"}]},{\"@type\":\"WebSite\",\"@id\":\"https:\\\/\\\/www.copealcoy.es\\\/es\\\/#website\",\"url\":\"https:\\\/\\\/www.copealcoy.es\\\/es\\\/\",\"name\":\"COPE Alcoy\",\"description\":\"Emisora COPE de radio local con emisi\u00f3n online. Pont de Sant Jordi 8-10 03803 Alcoy\",\"potentialAction\":[{\"@type\":\"SearchAction\",\"target\":{\"@type\":\"EntryPoint\",\"urlTemplate\":\"https:\\\/\\\/www.copealcoy.es\\\/es\\\/?s={search_term_string}\"},\"query-input\":{\"@type\":\"PropertyValueSpecification\",\"valueRequired\":true,\"valueName\":\"search_term_string\"}}],\"inLanguage\":\"es\"},{\"@type\":\"Person\",\"@id\":\"https:\\\/\\\/www.copealcoy.es\\\/es\\\/#\\\/schema\\\/person\\\/e777c87fa024e57d40170af9df39882c\",\"name\":\"Cope Alcoy\",\"image\":{\"@type\":\"ImageObject\",\"inLanguage\":\"es\",\"@id\":\"https:\\\/\\\/secure.gravatar.com\\\/avatar\\\/bb65d0283347e303893ba14f0692005417c1e0e690a325a4c5d8bb2b3943ee14?s=96&d=mm&r=g\",\"url\":\"https:\\\/\\\/secure.gravatar.com\\\/avatar\\\/bb65d0283347e303893ba14f0692005417c1e0e690a325a4c5d8bb2b3943ee14?s=96&d=mm&r=g\",\"contentUrl\":\"https:\\\/\\\/secure.gravatar.com\\\/avatar\\\/bb65d0283347e303893ba14f0692005417c1e0e690a325a4c5d8bb2b3943ee14?s=96&d=mm&r=g\",\"caption\":\"Cope Alcoy\"}}]}<\/script>\n<!-- \/ Yoast SEO plugin. -->","yoast_head_json":{"title":"La Aparici\u00f3n culmina unas Fiestas que dan paso al A\u00f1o Jubilar de San Jorge - COPE Alcoy","description":"La Aparici\u00f3n culmina unas Fiestas que dan paso al A\u00f1o Jubilar de San Jorge","robots":{"index":"index","follow":"follow","max-snippet":"max-snippet:-1","max-image-preview":"max-image-preview:large","max-video-preview":"max-video-preview:-1"},"canonical":"https:\/\/www.copealcoy.es\/es\/la-aparicion-culmina-unas-fiestas-que-dan-paso-al-ano-jubilar-de-san-jorge\/","og_locale":"es_ES","og_type":"article","og_title":"La Aparici\u00f3n culmina unas Fiestas que dan paso al A\u00f1o Jubilar de San Jorge - COPE Alcoy","og_description":"La Aparici\u00f3n culmina unas Fiestas que dan paso al A\u00f1o Jubilar de San Jorge","og_url":"https:\/\/www.copealcoy.es\/es\/la-aparicion-culmina-unas-fiestas-que-dan-paso-al-ano-jubilar-de-san-jorge\/","og_site_name":"COPE Alcoy","article_published_time":"2026-04-27T21:05:13+00:00","og_image":[{"width":1050,"height":621,"url":"https:\/\/www.copealcoy.es\/wp-content\/uploads\/2026\/04\/IMG_2147.jpeg","type":"image\/jpeg"}],"author":"Cope Alcoy","twitter_misc":{"Escrito por":"Cope Alcoy","Tiempo de lectura":"3 minutos"},"schema":{"@context":"https:\/\/schema.org","@graph":[{"@type":"Article","@id":"https:\/\/www.copealcoy.es\/es\/la-aparicion-culmina-unas-fiestas-que-dan-paso-al-ano-jubilar-de-san-jorge\/#article","isPartOf":{"@id":"https:\/\/www.copealcoy.es\/es\/la-aparicion-culmina-unas-fiestas-que-dan-paso-al-ano-jubilar-de-san-jorge\/"},"author":{"name":"Cope Alcoy","@id":"https:\/\/www.copealcoy.es\/es\/#\/schema\/person\/e777c87fa024e57d40170af9df39882c"},"headline":"La Aparici\u00f3n culmina unas Fiestas que dan paso al A\u00f1o Jubilar de San Jorge","datePublished":"2026-04-27T21:05:13+00:00","mainEntityOfPage":{"@id":"https:\/\/www.copealcoy.es\/es\/la-aparicion-culmina-unas-fiestas-que-dan-paso-al-ano-jubilar-de-san-jorge\/"},"wordCount":420,"image":{"@id":"https:\/\/www.copealcoy.es\/es\/la-aparicion-culmina-unas-fiestas-que-dan-paso-al-ano-jubilar-de-san-jorge\/#primaryimage"},"thumbnailUrl":"https:\/\/www.copealcoy.es\/wp-content\/uploads\/2026\/04\/IMG_2147.jpeg","keywords":["Alcoy","aparici\u00f3n","Fiestas","Mateo Vilaplana Blaak","Moros Y Cristianos","San Jorge","Sant Jordiet"],"articleSection":["Actualidad","Alcoy","Noticias","Portada"],"inLanguage":"es"},{"@type":"WebPage","@id":"https:\/\/www.copealcoy.es\/es\/la-aparicion-culmina-unas-fiestas-que-dan-paso-al-ano-jubilar-de-san-jorge\/","url":"https:\/\/www.copealcoy.es\/es\/la-aparicion-culmina-unas-fiestas-que-dan-paso-al-ano-jubilar-de-san-jorge\/","name":"La Aparici\u00f3n culmina unas Fiestas que dan paso al A\u00f1o Jubilar de San Jorge - COPE Alcoy","isPartOf":{"@id":"https:\/\/www.copealcoy.es\/es\/#website"},"primaryImageOfPage":{"@id":"https:\/\/www.copealcoy.es\/es\/la-aparicion-culmina-unas-fiestas-que-dan-paso-al-ano-jubilar-de-san-jorge\/#primaryimage"},"image":{"@id":"https:\/\/www.copealcoy.es\/es\/la-aparicion-culmina-unas-fiestas-que-dan-paso-al-ano-jubilar-de-san-jorge\/#primaryimage"},"thumbnailUrl":"https:\/\/www.copealcoy.es\/wp-content\/uploads\/2026\/04\/IMG_2147.jpeg","datePublished":"2026-04-27T21:05:13+00:00","author":{"@id":"https:\/\/www.copealcoy.es\/es\/#\/schema\/person\/e777c87fa024e57d40170af9df39882c"},"description":"La Aparici\u00f3n culmina unas Fiestas que dan paso al A\u00f1o Jubilar de San Jorge","breadcrumb":{"@id":"https:\/\/www.copealcoy.es\/es\/la-aparicion-culmina-unas-fiestas-que-dan-paso-al-ano-jubilar-de-san-jorge\/#breadcrumb"},"inLanguage":"es","potentialAction":[{"@type":"ReadAction","target":["https:\/\/www.copealcoy.es\/es\/la-aparicion-culmina-unas-fiestas-que-dan-paso-al-ano-jubilar-de-san-jorge\/"]}]},{"@type":"ImageObject","inLanguage":"es","@id":"https:\/\/www.copealcoy.es\/es\/la-aparicion-culmina-unas-fiestas-que-dan-paso-al-ano-jubilar-de-san-jorge\/#primaryimage","url":"https:\/\/www.copealcoy.es\/wp-content\/uploads\/2026\/04\/IMG_2147.jpeg","contentUrl":"https:\/\/www.copealcoy.es\/wp-content\/uploads\/2026\/04\/IMG_2147.jpeg","width":1050,"height":621},{"@type":"BreadcrumbList","@id":"https:\/\/www.copealcoy.es\/es\/la-aparicion-culmina-unas-fiestas-que-dan-paso-al-ano-jubilar-de-san-jorge\/#breadcrumb","itemListElement":[{"@type":"ListItem","position":1,"name":"Portada","item":"https:\/\/www.copealcoy.es\/es\/"},{"@type":"ListItem","position":2,"name":"La Aparici\u00f3n culmina unas Fiestas que dan paso al A\u00f1o Jubilar de San Jorge"}]},{"@type":"WebSite","@id":"https:\/\/www.copealcoy.es\/es\/#website","url":"https:\/\/www.copealcoy.es\/es\/","name":"COPE Alcoy","description":"Emisora COPE de radio local con emisi\u00f3n online. Pont de Sant Jordi 8-10 03803 Alcoy","potentialAction":[{"@type":"SearchAction","target":{"@type":"EntryPoint","urlTemplate":"https:\/\/www.copealcoy.es\/es\/?s={search_term_string}"},"query-input":{"@type":"PropertyValueSpecification","valueRequired":true,"valueName":"search_term_string"}}],"inLanguage":"es"},{"@type":"Person","@id":"https:\/\/www.copealcoy.es\/es\/#\/schema\/person\/e777c87fa024e57d40170af9df39882c","name":"Cope Alcoy","image":{"@type":"ImageObject","inLanguage":"es","@id":"https:\/\/secure.gravatar.com\/avatar\/bb65d0283347e303893ba14f0692005417c1e0e690a325a4c5d8bb2b3943ee14?s=96&d=mm&r=g","url":"https:\/\/secure.gravatar.com\/avatar\/bb65d0283347e303893ba14f0692005417c1e0e690a325a4c5d8bb2b3943ee14?s=96&d=mm&r=g","contentUrl":"https:\/\/secure.gravatar.com\/avatar\/bb65d0283347e303893ba14f0692005417c1e0e690a325a4c5d8bb2b3943ee14?s=96&d=mm&r=g","caption":"Cope Alcoy"}}]}},"_links":{"self":[{"href":"https:\/\/www.copealcoy.es\/es\/wp-json\/wp\/v2\/posts\/167006","targetHints":{"allow":["GET"]}}],"collection":[{"href":"https:\/\/www.copealcoy.es\/es\/wp-json\/wp\/v2\/posts"}],"about":[{"href":"https:\/\/www.copealcoy.es\/es\/wp-json\/wp\/v2\/types\/post"}],"author":[{"embeddable":true,"href":"https:\/\/www.copealcoy.es\/es\/wp-json\/wp\/v2\/users\/1"}],"replies":[{"embeddable":true,"href":"https:\/\/www.copealcoy.es\/es\/wp-json\/wp\/v2\/comments?post=167006"}],"version-history":[{"count":1,"href":"https:\/\/www.copealcoy.es\/es\/wp-json\/wp\/v2\/posts\/167006\/revisions"}],"predecessor-version":[{"id":167007,"href":"https:\/\/www.copealcoy.es\/es\/wp-json\/wp\/v2\/posts\/167006\/revisions\/167007"}],"wp:featuredmedia":[{"embeddable":true,"href":"https:\/\/www.copealcoy.es\/es\/wp-json\/wp\/v2\/media\/167012"}],"wp:attachment":[{"href":"https:\/\/www.copealcoy.es\/es\/wp-json\/wp\/v2\/media?parent=167006"}],"wp:term":[{"taxonomy":"category","embeddable":true,"href":"https:\/\/www.copealcoy.es\/es\/wp-json\/wp\/v2\/categories?post=167006"},{"taxonomy":"post_tag","embeddable":true,"href":"https:\/\/www.copealcoy.es\/es\/wp-json\/wp\/v2\/tags?post=167006"}],"curies":[{"name":"wp","href":"https:\/\/api.w.org\/{rel}","templated":true}]}}