{"id":166989,"date":"2026-04-27T18:11:41","date_gmt":"2026-04-27T17:11:41","guid":{"rendered":"https:\/\/www.copealcoy.es\/?p=166989"},"modified":"2026-04-27T18:30:11","modified_gmt":"2026-04-27T17:30:11","slug":"las-tropas-cristianas-recuperan-alcoy-tras-una-atronadora-batalla-de-arcabuces","status":"publish","type":"post","link":"https:\/\/www.copealcoy.es\/es\/las-tropas-cristianas-recuperan-alcoy-tras-una-atronadora-batalla-de-arcabuces\/","title":{"rendered":"Las tropas cristianas recuperan Alcoy tras una atronadora batalla de arcabuces"},"content":{"rendered":"<div class=\"flex flex-col text-sm pb-25\">\n<section class=\"text-token-text-primary w-full focus:outline-none [--shadow-height:45px] has-data-writing-block:pointer-events-none has-data-writing-block:-mt-(--shadow-height) has-data-writing-block:pt-(--shadow-height) [&amp;:has([data-writing-block])&gt;*]:pointer-events-auto scroll-mt-[calc(var(--header-height)+min(200px,max(70px,20svh)))]\" dir=\"auto\" data-turn-id=\"request-WEB:db3bad38-c320-456a-a793-2852f883a6ef-247\" data-testid=\"conversation-turn-70\" data-scroll-anchor=\"true\" data-turn=\"assistant\">\n<div class=\"text-base my-auto mx-auto pb-10 [--thread-content-margin:var(--thread-content-margin-xs,calc(var(--spacing)*4))] @w-sm\/main:[--thread-content-margin:var(--thread-content-margin-sm,calc(var(--spacing)*6))] @w-lg\/main:[--thread-content-margin:var(--thread-content-margin-lg,calc(var(--spacing)*16))] px-(--thread-content-margin)\">\n<div class=\"[--thread-content-max-width:40rem] @w-lg\/main:[--thread-content-max-width:48rem] mx-auto max-w-(--thread-content-max-width) flex-1 group\/turn-messages focus-visible:outline-hidden relative flex w-full min-w-0 flex-col agent-turn\">\n<div class=\"flex max-w-full flex-col gap-4 grow\">\n<div class=\"min-h-8 text-message relative flex w-full flex-col items-end gap-2 text-start break-words whitespace-normal outline-none keyboard-focused:focus-ring [.text-message+&amp;]:mt-1\" dir=\"auto\" tabindex=\"0\" data-message-author-role=\"assistant\" data-message-id=\"5672452c-f489-432e-8a47-df5b336b2aeb\" data-message-model-slug=\"gpt-5-3\" data-turn-start-message=\"true\">\n<div class=\"flex w-full flex-col gap-1 empty:hidden\">\n<div class=\"markdown prose dark:prose-invert w-full wrap-break-word light markdown-new-styling\">\n<p style=\"text-align: justify;\" data-start=\"146\" data-end=\"450\"><span class=\"hover:entity-accent entity-underline inline cursor-pointer align-baseline\"><span class=\"whitespace-normal\">Alcoy<\/span><\/span> afronta la recta final de sus <a href=\"https:\/\/www.asjordi.org\/\" target=\"_blank\" rel=\"noopener\"><span style=\"color: #0000ff;\"><strong data-start=\"213\" data-end=\"246\">Fiestas de Moros y Cristianos<\/strong><\/span><\/a> tras una tarde marcada por la <strong data-start=\"276\" data-end=\"298\">Embajada Cristiana<\/strong> y el posterior <strong data-start=\"314\" data-end=\"324\">Alardo<\/strong>, actos que han escenificado la reconquista de la Villa por parte de las tropas cristianas tras la victoria mora de la ma\u00f1ana. A las <strong data-start=\"458\" data-end=\"473\">16:30 horas<\/strong> ha comenzado la tradicional <strong data-start=\"502\" data-end=\"514\">Estafeta<\/strong> en la <strong data-start=\"521\" data-end=\"540\">Pla\u00e7a d\u2019Espanya\u00a0<\/strong>en la que la jinete de la Fil\u00e0 Contrabandistas ha emprendido una veloz carrera en el momento en el que las huestes de la media luna han rechazado la petici\u00f3n que tra\u00eda para entregar la Villa a las herederos de Jaume I.<\/p>\n<p style=\"text-align: justify;\" data-start=\"800\" data-end=\"1116\">A continuaci\u00f3n, se ha celebrado la <strong data-start=\"834\" data-end=\"856\">Embajada Cristiana<\/strong>, anunciada por el sonido de <strong data-start=\"885\" data-end=\"908\">clarines y tambores<\/strong>. El parlamento ha corrido a cargo de <strong data-start=\"946\" data-end=\"962\">Tono Delgado<\/strong>, actual <strong data-start=\"971\" data-end=\"994\">Embajador Cristiano<\/strong>, quien ha defendido la devoluci\u00f3n de la Villa al bando de la cruz ante la atenta mirada del p\u00fablico que llenaba la plaza. Sin acuerdo entre las dos partes, el acto ha dado paso al <strong data-start=\"1176\" data-end=\"1186\">Alardo<\/strong>, con nuevas descargas de <strong data-start=\"1212\" data-end=\"1227\">arcabucer\u00eda<\/strong> en el entorno del castillo y gran parte de las calles del Centro de la ciudad, instante que ha servido para agotar los casi tres mil kilos de p\u00f3lvora que se han empleado este a\u00f1o en los disparos.<\/p>\n<p style=\"text-align: justify;\" data-start=\"1376\" data-end=\"1669\">Despu\u00e9s se ha representado la habitual <strong data-start=\"1415\" data-end=\"1440\">lucha cuerpo a cuerpo<\/strong> entre los principales personajes de la Fiesta y los cargos de este a\u00f1o. El desenlace ha concluido con la recuperaci\u00f3n del castillo por parte del bando cristiano y el izado de la <strong data-start=\"1619\" data-end=\"1641\">bandera de la cruz<\/strong> en lo alto de la fortaleza. La programaci\u00f3n festera continuar\u00e1 al anochecer con el <strong data-start=\"1726\" data-end=\"1772\">traslado de la imagen peque\u00f1a de San Jorge<\/strong> hasta la iglesia del patr\u00f3n y m\u00e1s tarde llegar\u00e1 la esperada <strong data-start=\"1832\" data-end=\"1861\">Aparici\u00f3n de Sant Jordiet<\/strong>, Mateo Vilaplana Blaak,\u00a0 desde lo alto del castillo y\u00a0 acto que pondr\u00e1 el cierre a la trilog\u00eda festera de este a\u00f1o marcado por el inicio de la conmemoraci\u00f3n del 750 aniversario del patronazgo de San Jorge.<\/p>\n<div id='gallery-1' class='gallery galleryid-166989 gallery-columns-2 gallery-size-large'><figure class='gallery-item'>\n\t\t\t<div class='gallery-icon landscape'>\n\t\t\t\t<a href='https:\/\/www.copealcoy.es\/es\/las-tropas-cristianas-recuperan-alcoy-tras-una-atronadora-batalla-de-arcabuces\/unnamed-1-63-2\/'><img loading=\"lazy\" decoding=\"async\" width=\"980\" height=\"588\" src=\"https:\/\/www.copealcoy.es\/wp-content\/uploads\/2026\/04\/unnamed-1-50-980x588.jpg\" class=\"attachment-large size-large\" alt=\"\" \/><\/a>\n\t\t\t<\/div><\/figure><figure class='gallery-item'>\n\t\t\t<div class='gallery-icon landscape'>\n\t\t\t\t<a href='https:\/\/www.copealcoy.es\/es\/las-tropas-cristianas-recuperan-alcoy-tras-una-atronadora-batalla-de-arcabuces\/img_3692\/'><img loading=\"lazy\" decoding=\"async\" width=\"980\" height=\"588\" src=\"https:\/\/www.copealcoy.es\/wp-content\/uploads\/2026\/04\/IMG_3692-scaled-e1777309885561-980x588.jpg\" class=\"attachment-large size-large\" alt=\"\" \/><\/a>\n\t\t\t<\/div><\/figure><figure class='gallery-item'>\n\t\t\t<div class='gallery-icon landscape'>\n\t\t\t\t<a href='https:\/\/www.copealcoy.es\/es\/las-tropas-cristianas-recuperan-alcoy-tras-una-atronadora-batalla-de-arcabuces\/img_3705\/'><img loading=\"lazy\" decoding=\"async\" width=\"980\" height=\"588\" src=\"https:\/\/www.copealcoy.es\/wp-content\/uploads\/2026\/04\/IMG_3705-980x588.jpg\" class=\"attachment-large size-large\" alt=\"\" \/><\/a>\n\t\t\t<\/div><\/figure><figure class='gallery-item'>\n\t\t\t<div class='gallery-icon landscape'>\n\t\t\t\t<a href='https:\/\/www.copealcoy.es\/es\/las-tropas-cristianas-recuperan-alcoy-tras-una-atronadora-batalla-de-arcabuces\/img_3709\/'><img loading=\"lazy\" decoding=\"async\" width=\"980\" height=\"588\" src=\"https:\/\/www.copealcoy.es\/wp-content\/uploads\/2026\/04\/IMG_3709-980x588.jpg\" class=\"attachment-large size-large\" alt=\"\" \/><\/a>\n\t\t\t<\/div><\/figure>\n\t\t<\/div>\n\n<\/div>\n<\/div>\n<\/div>\n<\/div>\n<\/div>\n<\/div>\n<\/section>\n<\/div>\n<div class=\"pointer-events-none h-px w-px absolute bottom-0\" aria-hidden=\"true\" data-edge=\"true\"><\/div>\n","protected":false},"excerpt":{"rendered":"<p>Alcoy afronta la recta final de sus Fiestas de Moros y Cristianos tras una tarde marcada por la Embajada Cristiana&#8230;<\/p>\n","protected":false},"author":1,"featured_media":166990,"comment_status":"closed","ping_status":"closed","sticky":false,"template":"","format":"standard","meta":{"footnotes":""},"categories":[6909,97,75,125],"tags":[1494,4035,565,609,876,16614],"class_list":["post-166989","post","type-post","status-publish","format-standard","has-post-thumbnail","hentry","category-actualidad","category-alcoy","category-noticias","category-portada","tag-alcoy","tag-embajada-cristiana","tag-fiestas","tag-moros-y-cristianos","tag-san-jorge","tag-tono-delgado"],"yoast_head":"<!-- This site is optimized with the Yoast SEO plugin v27.3 - https:\/\/yoast.com\/product\/yoast-seo-wordpress\/ -->\n<title>Las tropas cristianas recuperan Alcoy tras una atronadora batalla de arcabuces - COPE Alcoy<\/title>\n<meta name=\"description\" content=\"Las tropas cristianas recuperan Alcoy tras una atronadora batalla de arcabuces\" \/>\n<meta name=\"robots\" content=\"index, follow, max-snippet:-1, max-image-preview:large, max-video-preview:-1\" \/>\n<link rel=\"canonical\" href=\"https:\/\/www.copealcoy.es\/es\/las-tropas-cristianas-recuperan-alcoy-tras-una-atronadora-batalla-de-arcabuces\/\" \/>\n<meta property=\"og:locale\" content=\"es_ES\" \/>\n<meta property=\"og:type\" content=\"article\" \/>\n<meta property=\"og:title\" content=\"Las tropas cristianas recuperan Alcoy tras una atronadora batalla de arcabuces - COPE Alcoy\" \/>\n<meta property=\"og:description\" content=\"Las tropas cristianas recuperan Alcoy tras una atronadora batalla de arcabuces\" \/>\n<meta property=\"og:url\" content=\"https:\/\/www.copealcoy.es\/es\/las-tropas-cristianas-recuperan-alcoy-tras-una-atronadora-batalla-de-arcabuces\/\" \/>\n<meta property=\"og:site_name\" content=\"COPE Alcoy\" \/>\n<meta property=\"article:published_time\" content=\"2026-04-27T17:11:41+00:00\" \/>\n<meta property=\"article:modified_time\" content=\"2026-04-27T17:30:11+00:00\" \/>\n<meta property=\"og:image\" content=\"https:\/\/www.copealcoy.es\/wp-content\/uploads\/2026\/04\/IMG_3692-scaled-e1777309885561.jpg\" \/>\n\t<meta property=\"og:image:width\" content=\"2483\" \/>\n\t<meta property=\"og:image:height\" content=\"1480\" \/>\n\t<meta property=\"og:image:type\" content=\"image\/jpeg\" \/>\n<meta name=\"author\" content=\"Cope Alcoy\" \/>\n<meta name=\"twitter:label1\" content=\"Escrito por\" \/>\n\t<meta name=\"twitter:data1\" content=\"Cope Alcoy\" \/>\n\t<meta name=\"twitter:label2\" content=\"Tiempo de lectura\" \/>\n\t<meta name=\"twitter:data2\" content=\"3 minutos\" \/>\n<script type=\"application\/ld+json\" class=\"yoast-schema-graph\">{\"@context\":\"https:\\\/\\\/schema.org\",\"@graph\":[{\"@type\":\"Article\",\"@id\":\"https:\\\/\\\/www.copealcoy.es\\\/es\\\/las-tropas-cristianas-recuperan-alcoy-tras-una-atronadora-batalla-de-arcabuces\\\/#article\",\"isPartOf\":{\"@id\":\"https:\\\/\\\/www.copealcoy.es\\\/es\\\/las-tropas-cristianas-recuperan-alcoy-tras-una-atronadora-batalla-de-arcabuces\\\/\"},\"author\":{\"name\":\"Cope Alcoy\",\"@id\":\"https:\\\/\\\/www.copealcoy.es\\\/es\\\/#\\\/schema\\\/person\\\/e777c87fa024e57d40170af9df39882c\"},\"headline\":\"Las tropas cristianas recuperan Alcoy tras una atronadora batalla de arcabuces\",\"datePublished\":\"2026-04-27T17:11:41+00:00\",\"dateModified\":\"2026-04-27T17:30:11+00:00\",\"mainEntityOfPage\":{\"@id\":\"https:\\\/\\\/www.copealcoy.es\\\/es\\\/las-tropas-cristianas-recuperan-alcoy-tras-una-atronadora-batalla-de-arcabuces\\\/\"},\"wordCount\":363,\"image\":{\"@id\":\"https:\\\/\\\/www.copealcoy.es\\\/es\\\/las-tropas-cristianas-recuperan-alcoy-tras-una-atronadora-batalla-de-arcabuces\\\/#primaryimage\"},\"thumbnailUrl\":\"https:\\\/\\\/www.copealcoy.es\\\/wp-content\\\/uploads\\\/2026\\\/04\\\/IMG_3692-scaled-e1777309885561.jpg\",\"keywords\":[\"Alcoy\",\"embajada cristiana\",\"Fiestas\",\"Moros Y Cristianos\",\"San Jorge\",\"Tono Delgado\"],\"articleSection\":[\"Actualidad\",\"Alcoy\",\"Noticias\",\"Portada\"],\"inLanguage\":\"es\"},{\"@type\":\"WebPage\",\"@id\":\"https:\\\/\\\/www.copealcoy.es\\\/es\\\/las-tropas-cristianas-recuperan-alcoy-tras-una-atronadora-batalla-de-arcabuces\\\/\",\"url\":\"https:\\\/\\\/www.copealcoy.es\\\/es\\\/las-tropas-cristianas-recuperan-alcoy-tras-una-atronadora-batalla-de-arcabuces\\\/\",\"name\":\"Las tropas cristianas recuperan Alcoy tras una atronadora batalla de arcabuces - COPE Alcoy\",\"isPartOf\":{\"@id\":\"https:\\\/\\\/www.copealcoy.es\\\/es\\\/#website\"},\"primaryImageOfPage\":{\"@id\":\"https:\\\/\\\/www.copealcoy.es\\\/es\\\/las-tropas-cristianas-recuperan-alcoy-tras-una-atronadora-batalla-de-arcabuces\\\/#primaryimage\"},\"image\":{\"@id\":\"https:\\\/\\\/www.copealcoy.es\\\/es\\\/las-tropas-cristianas-recuperan-alcoy-tras-una-atronadora-batalla-de-arcabuces\\\/#primaryimage\"},\"thumbnailUrl\":\"https:\\\/\\\/www.copealcoy.es\\\/wp-content\\\/uploads\\\/2026\\\/04\\\/IMG_3692-scaled-e1777309885561.jpg\",\"datePublished\":\"2026-04-27T17:11:41+00:00\",\"dateModified\":\"2026-04-27T17:30:11+00:00\",\"author\":{\"@id\":\"https:\\\/\\\/www.copealcoy.es\\\/es\\\/#\\\/schema\\\/person\\\/e777c87fa024e57d40170af9df39882c\"},\"description\":\"Las tropas cristianas recuperan Alcoy tras una atronadora batalla de arcabuces\",\"breadcrumb\":{\"@id\":\"https:\\\/\\\/www.copealcoy.es\\\/es\\\/las-tropas-cristianas-recuperan-alcoy-tras-una-atronadora-batalla-de-arcabuces\\\/#breadcrumb\"},\"inLanguage\":\"es\",\"potentialAction\":[{\"@type\":\"ReadAction\",\"target\":[\"https:\\\/\\\/www.copealcoy.es\\\/es\\\/las-tropas-cristianas-recuperan-alcoy-tras-una-atronadora-batalla-de-arcabuces\\\/\"]}]},{\"@type\":\"ImageObject\",\"inLanguage\":\"es\",\"@id\":\"https:\\\/\\\/www.copealcoy.es\\\/es\\\/las-tropas-cristianas-recuperan-alcoy-tras-una-atronadora-batalla-de-arcabuces\\\/#primaryimage\",\"url\":\"https:\\\/\\\/www.copealcoy.es\\\/wp-content\\\/uploads\\\/2026\\\/04\\\/IMG_3692-scaled-e1777309885561.jpg\",\"contentUrl\":\"https:\\\/\\\/www.copealcoy.es\\\/wp-content\\\/uploads\\\/2026\\\/04\\\/IMG_3692-scaled-e1777309885561.jpg\",\"width\":2483,\"height\":1480},{\"@type\":\"BreadcrumbList\",\"@id\":\"https:\\\/\\\/www.copealcoy.es\\\/es\\\/las-tropas-cristianas-recuperan-alcoy-tras-una-atronadora-batalla-de-arcabuces\\\/#breadcrumb\",\"itemListElement\":[{\"@type\":\"ListItem\",\"position\":1,\"name\":\"Portada\",\"item\":\"https:\\\/\\\/www.copealcoy.es\\\/es\\\/\"},{\"@type\":\"ListItem\",\"position\":2,\"name\":\"Las tropas cristianas recuperan Alcoy tras una atronadora batalla de arcabuces\"}]},{\"@type\":\"WebSite\",\"@id\":\"https:\\\/\\\/www.copealcoy.es\\\/es\\\/#website\",\"url\":\"https:\\\/\\\/www.copealcoy.es\\\/es\\\/\",\"name\":\"COPE Alcoy\",\"description\":\"Emisora COPE de radio local con emisi\u00f3n online. Pont de Sant Jordi 8-10 03803 Alcoy\",\"potentialAction\":[{\"@type\":\"SearchAction\",\"target\":{\"@type\":\"EntryPoint\",\"urlTemplate\":\"https:\\\/\\\/www.copealcoy.es\\\/es\\\/?s={search_term_string}\"},\"query-input\":{\"@type\":\"PropertyValueSpecification\",\"valueRequired\":true,\"valueName\":\"search_term_string\"}}],\"inLanguage\":\"es\"},{\"@type\":\"Person\",\"@id\":\"https:\\\/\\\/www.copealcoy.es\\\/es\\\/#\\\/schema\\\/person\\\/e777c87fa024e57d40170af9df39882c\",\"name\":\"Cope Alcoy\",\"image\":{\"@type\":\"ImageObject\",\"inLanguage\":\"es\",\"@id\":\"https:\\\/\\\/secure.gravatar.com\\\/avatar\\\/bb65d0283347e303893ba14f0692005417c1e0e690a325a4c5d8bb2b3943ee14?s=96&d=mm&r=g\",\"url\":\"https:\\\/\\\/secure.gravatar.com\\\/avatar\\\/bb65d0283347e303893ba14f0692005417c1e0e690a325a4c5d8bb2b3943ee14?s=96&d=mm&r=g\",\"contentUrl\":\"https:\\\/\\\/secure.gravatar.com\\\/avatar\\\/bb65d0283347e303893ba14f0692005417c1e0e690a325a4c5d8bb2b3943ee14?s=96&d=mm&r=g\",\"caption\":\"Cope Alcoy\"}}]}<\/script>\n<!-- \/ Yoast SEO plugin. -->","yoast_head_json":{"title":"Las tropas cristianas recuperan Alcoy tras una atronadora batalla de arcabuces - COPE Alcoy","description":"Las tropas cristianas recuperan Alcoy tras una atronadora batalla de arcabuces","robots":{"index":"index","follow":"follow","max-snippet":"max-snippet:-1","max-image-preview":"max-image-preview:large","max-video-preview":"max-video-preview:-1"},"canonical":"https:\/\/www.copealcoy.es\/es\/las-tropas-cristianas-recuperan-alcoy-tras-una-atronadora-batalla-de-arcabuces\/","og_locale":"es_ES","og_type":"article","og_title":"Las tropas cristianas recuperan Alcoy tras una atronadora batalla de arcabuces - COPE Alcoy","og_description":"Las tropas cristianas recuperan Alcoy tras una atronadora batalla de arcabuces","og_url":"https:\/\/www.copealcoy.es\/es\/las-tropas-cristianas-recuperan-alcoy-tras-una-atronadora-batalla-de-arcabuces\/","og_site_name":"COPE Alcoy","article_published_time":"2026-04-27T17:11:41+00:00","article_modified_time":"2026-04-27T17:30:11+00:00","og_image":[{"width":2483,"height":1480,"url":"https:\/\/www.copealcoy.es\/wp-content\/uploads\/2026\/04\/IMG_3692-scaled-e1777309885561.jpg","type":"image\/jpeg"}],"author":"Cope Alcoy","twitter_misc":{"Escrito por":"Cope Alcoy","Tiempo de lectura":"3 minutos"},"schema":{"@context":"https:\/\/schema.org","@graph":[{"@type":"Article","@id":"https:\/\/www.copealcoy.es\/es\/las-tropas-cristianas-recuperan-alcoy-tras-una-atronadora-batalla-de-arcabuces\/#article","isPartOf":{"@id":"https:\/\/www.copealcoy.es\/es\/las-tropas-cristianas-recuperan-alcoy-tras-una-atronadora-batalla-de-arcabuces\/"},"author":{"name":"Cope Alcoy","@id":"https:\/\/www.copealcoy.es\/es\/#\/schema\/person\/e777c87fa024e57d40170af9df39882c"},"headline":"Las tropas cristianas recuperan Alcoy tras una atronadora batalla de arcabuces","datePublished":"2026-04-27T17:11:41+00:00","dateModified":"2026-04-27T17:30:11+00:00","mainEntityOfPage":{"@id":"https:\/\/www.copealcoy.es\/es\/las-tropas-cristianas-recuperan-alcoy-tras-una-atronadora-batalla-de-arcabuces\/"},"wordCount":363,"image":{"@id":"https:\/\/www.copealcoy.es\/es\/las-tropas-cristianas-recuperan-alcoy-tras-una-atronadora-batalla-de-arcabuces\/#primaryimage"},"thumbnailUrl":"https:\/\/www.copealcoy.es\/wp-content\/uploads\/2026\/04\/IMG_3692-scaled-e1777309885561.jpg","keywords":["Alcoy","embajada cristiana","Fiestas","Moros Y Cristianos","San Jorge","Tono Delgado"],"articleSection":["Actualidad","Alcoy","Noticias","Portada"],"inLanguage":"es"},{"@type":"WebPage","@id":"https:\/\/www.copealcoy.es\/es\/las-tropas-cristianas-recuperan-alcoy-tras-una-atronadora-batalla-de-arcabuces\/","url":"https:\/\/www.copealcoy.es\/es\/las-tropas-cristianas-recuperan-alcoy-tras-una-atronadora-batalla-de-arcabuces\/","name":"Las tropas cristianas recuperan Alcoy tras una atronadora batalla de arcabuces - COPE Alcoy","isPartOf":{"@id":"https:\/\/www.copealcoy.es\/es\/#website"},"primaryImageOfPage":{"@id":"https:\/\/www.copealcoy.es\/es\/las-tropas-cristianas-recuperan-alcoy-tras-una-atronadora-batalla-de-arcabuces\/#primaryimage"},"image":{"@id":"https:\/\/www.copealcoy.es\/es\/las-tropas-cristianas-recuperan-alcoy-tras-una-atronadora-batalla-de-arcabuces\/#primaryimage"},"thumbnailUrl":"https:\/\/www.copealcoy.es\/wp-content\/uploads\/2026\/04\/IMG_3692-scaled-e1777309885561.jpg","datePublished":"2026-04-27T17:11:41+00:00","dateModified":"2026-04-27T17:30:11+00:00","author":{"@id":"https:\/\/www.copealcoy.es\/es\/#\/schema\/person\/e777c87fa024e57d40170af9df39882c"},"description":"Las tropas cristianas recuperan Alcoy tras una atronadora batalla de arcabuces","breadcrumb":{"@id":"https:\/\/www.copealcoy.es\/es\/las-tropas-cristianas-recuperan-alcoy-tras-una-atronadora-batalla-de-arcabuces\/#breadcrumb"},"inLanguage":"es","potentialAction":[{"@type":"ReadAction","target":["https:\/\/www.copealcoy.es\/es\/las-tropas-cristianas-recuperan-alcoy-tras-una-atronadora-batalla-de-arcabuces\/"]}]},{"@type":"ImageObject","inLanguage":"es","@id":"https:\/\/www.copealcoy.es\/es\/las-tropas-cristianas-recuperan-alcoy-tras-una-atronadora-batalla-de-arcabuces\/#primaryimage","url":"https:\/\/www.copealcoy.es\/wp-content\/uploads\/2026\/04\/IMG_3692-scaled-e1777309885561.jpg","contentUrl":"https:\/\/www.copealcoy.es\/wp-content\/uploads\/2026\/04\/IMG_3692-scaled-e1777309885561.jpg","width":2483,"height":1480},{"@type":"BreadcrumbList","@id":"https:\/\/www.copealcoy.es\/es\/las-tropas-cristianas-recuperan-alcoy-tras-una-atronadora-batalla-de-arcabuces\/#breadcrumb","itemListElement":[{"@type":"ListItem","position":1,"name":"Portada","item":"https:\/\/www.copealcoy.es\/es\/"},{"@type":"ListItem","position":2,"name":"Las tropas cristianas recuperan Alcoy tras una atronadora batalla de arcabuces"}]},{"@type":"WebSite","@id":"https:\/\/www.copealcoy.es\/es\/#website","url":"https:\/\/www.copealcoy.es\/es\/","name":"COPE Alcoy","description":"Emisora COPE de radio local con emisi\u00f3n online. Pont de Sant Jordi 8-10 03803 Alcoy","potentialAction":[{"@type":"SearchAction","target":{"@type":"EntryPoint","urlTemplate":"https:\/\/www.copealcoy.es\/es\/?s={search_term_string}"},"query-input":{"@type":"PropertyValueSpecification","valueRequired":true,"valueName":"search_term_string"}}],"inLanguage":"es"},{"@type":"Person","@id":"https:\/\/www.copealcoy.es\/es\/#\/schema\/person\/e777c87fa024e57d40170af9df39882c","name":"Cope Alcoy","image":{"@type":"ImageObject","inLanguage":"es","@id":"https:\/\/secure.gravatar.com\/avatar\/bb65d0283347e303893ba14f0692005417c1e0e690a325a4c5d8bb2b3943ee14?s=96&d=mm&r=g","url":"https:\/\/secure.gravatar.com\/avatar\/bb65d0283347e303893ba14f0692005417c1e0e690a325a4c5d8bb2b3943ee14?s=96&d=mm&r=g","contentUrl":"https:\/\/secure.gravatar.com\/avatar\/bb65d0283347e303893ba14f0692005417c1e0e690a325a4c5d8bb2b3943ee14?s=96&d=mm&r=g","caption":"Cope Alcoy"}}]}},"_links":{"self":[{"href":"https:\/\/www.copealcoy.es\/es\/wp-json\/wp\/v2\/posts\/166989","targetHints":{"allow":["GET"]}}],"collection":[{"href":"https:\/\/www.copealcoy.es\/es\/wp-json\/wp\/v2\/posts"}],"about":[{"href":"https:\/\/www.copealcoy.es\/es\/wp-json\/wp\/v2\/types\/post"}],"author":[{"embeddable":true,"href":"https:\/\/www.copealcoy.es\/es\/wp-json\/wp\/v2\/users\/1"}],"replies":[{"embeddable":true,"href":"https:\/\/www.copealcoy.es\/es\/wp-json\/wp\/v2\/comments?post=166989"}],"version-history":[{"count":3,"href":"https:\/\/www.copealcoy.es\/es\/wp-json\/wp\/v2\/posts\/166989\/revisions"}],"predecessor-version":[{"id":167003,"href":"https:\/\/www.copealcoy.es\/es\/wp-json\/wp\/v2\/posts\/166989\/revisions\/167003"}],"wp:featuredmedia":[{"embeddable":true,"href":"https:\/\/www.copealcoy.es\/es\/wp-json\/wp\/v2\/media\/166990"}],"wp:attachment":[{"href":"https:\/\/www.copealcoy.es\/es\/wp-json\/wp\/v2\/media?parent=166989"}],"wp:term":[{"taxonomy":"category","embeddable":true,"href":"https:\/\/www.copealcoy.es\/es\/wp-json\/wp\/v2\/categories?post=166989"},{"taxonomy":"post_tag","embeddable":true,"href":"https:\/\/www.copealcoy.es\/es\/wp-json\/wp\/v2\/tags?post=166989"}],"curies":[{"name":"wp","href":"https:\/\/api.w.org\/{rel}","templated":true}]}}