{"id":166969,"date":"2026-04-27T12:40:14","date_gmt":"2026-04-27T11:40:14","guid":{"rendered":"https:\/\/www.copealcoy.es\/?p=166969"},"modified":"2026-04-27T12:48:11","modified_gmt":"2026-04-27T11:48:11","slug":"alcoy-queda-en-manos-de-las-huestes-de-la-media-luna","status":"publish","type":"post","link":"https:\/\/www.copealcoy.es\/es\/alcoy-queda-en-manos-de-las-huestes-de-la-media-luna\/","title":{"rendered":"Alcoy queda en manos de las huestes de la media luna"},"content":{"rendered":"<div class=\"flex flex-col text-sm pb-25\">\n<section class=\"text-token-text-primary w-full focus:outline-none [--shadow-height:45px] has-data-writing-block:pointer-events-none has-data-writing-block:-mt-(--shadow-height) has-data-writing-block:pt-(--shadow-height) [&amp;:has([data-writing-block])&gt;*]:pointer-events-auto scroll-mt-[calc(var(--header-height)+min(200px,max(70px,20svh)))]\" dir=\"auto\" data-turn-id=\"request-WEB:db3bad38-c320-456a-a793-2852f883a6ef-242\" data-testid=\"conversation-turn-60\" data-scroll-anchor=\"true\" data-turn=\"assistant\">\n<div class=\"text-base my-auto mx-auto pb-10 [--thread-content-margin:var(--thread-content-margin-xs,calc(var(--spacing)*4))] @w-sm\/main:[--thread-content-margin:var(--thread-content-margin-sm,calc(var(--spacing)*6))] @w-lg\/main:[--thread-content-margin:var(--thread-content-margin-lg,calc(var(--spacing)*16))] px-(--thread-content-margin)\">\n<div class=\"[--thread-content-max-width:40rem] @w-lg\/main:[--thread-content-max-width:48rem] mx-auto max-w-(--thread-content-max-width) flex-1 group\/turn-messages focus-visible:outline-hidden relative flex w-full min-w-0 flex-col agent-turn\">\n<div class=\"flex max-w-full flex-col gap-4 grow\">\n<div class=\"min-h-8 text-message relative flex w-full flex-col items-end gap-2 text-start break-words whitespace-normal outline-none keyboard-focused:focus-ring [.text-message+&amp;]:mt-1\" dir=\"auto\" tabindex=\"0\" data-message-author-role=\"assistant\" data-message-id=\"fefbc8a6-3708-4c92-b645-aa001a11ffbd\" data-message-model-slug=\"gpt-5-3\" data-turn-start-message=\"true\">\n<div class=\"flex w-full flex-col gap-1 empty:hidden\">\n<div class=\"markdown prose dark:prose-invert w-full wrap-break-word light markdown-new-styling\">\n<p style=\"text-align: justify;\" data-start=\"144\" data-end=\"567\"><span class=\"hover:entity-accent entity-underline inline cursor-pointer align-baseline\"><span class=\"whitespace-normal\">Alcoy<\/span><\/span> afronta en este lunes 27 de abril la \u00faltima jornada de sus <a href=\"https:\/\/www.asjordi.org\/\" target=\"_blank\" rel=\"noopener\"><span style=\"color: #0000ff;\"><strong data-start=\"236\" data-end=\"269\">Fiestas de Moros y Cristianos<\/strong><\/span><\/a> y la ma\u00f1ana del <strong>D\u00eda del Alardo<\/strong> ha estado marcada por <strong>actos siempre esperados<\/strong> por el p\u00fablico como la Estafeta, la Embajada Mora y el posterior disparo de arcabucer\u00eda. A las diez en punto, y con un sol radiante, ha llegado a la Pla\u00e7a d&#8217;Espanya<strong> la jinete con el documento en mano<\/strong> mediante el cual <strong>los moros instaban a los cristianos a entregar la fortaleza<\/strong>. La petici\u00f3n <strong>no ha sido aceptada por las tropas de la cruz<\/strong> y la representante de las fuerzas mahometanas, <strong>Almudena Pastor<\/strong>, ha emprendido una veloz carrera para dar cuenta a su ej\u00e9rcito de lo que acaba de suceder. Los aplausos han sonado con fuerza en este instante de <strong>la Estafeta<\/strong>, que siempre genera expectaci\u00f3n, y que este a\u00f1o ha estado protagonizado por primera vez por una mujer.<\/p>\n<p style=\"text-align: justify;\" data-start=\"1291\" data-end=\"1644\">Posteriormente, los m\u00e1ximos representantes del bando moro han descendido por la calle Sant Nicolau y se han situado frente al <strong data-start=\"1374\" data-end=\"1390\">Ayuntamiento<\/strong>, donde el <strong data-start=\"1401\" data-end=\"1419\">Embajador Moro,\u00a0<\/strong>encarnado por \u00d3scar Mart\u00ednez, \u00a0ha pronunciado el parlamento en el que ha defendido las razones para tomar la ciudad. Desde el castillo, el bando cristiano ha replicado con firmeza, rechazando la entrega de la plaza y apelando a la defensa de las murallas. Tras el intercambio de palabras, y ante la falta de acuerdo entre ambas partes, ha comenzado el <strong data-start=\"1695\" data-end=\"1705\">Alardo<\/strong>, con el estruendo de los arcabuces resonando con fuerza por gran del Centro. Y no ha quedado ah\u00ed la batalla ya que los disparos han dado paso a la lucha cuerpo a cuerpo entre los cargos festeros resolvi\u00e9ndose la misma en la parte de la fortaleza y con la victoria de los sarracenos. Este triunfo, como es habitual, se ha materializado con\u00a0el izado de la <strong data-start=\"2035\" data-end=\"2063\">bandera de la media luna<\/strong> en el torre\u00f3n m\u00e1s alto.<\/p>\n<p style=\"text-align: justify;\" data-start=\"1291\" data-end=\"1644\">Ahora Alcoy queda en manos \u00e1rabes pero solo por unas horas.\u00a0La programaci\u00f3n festera continuar\u00e1 esta tarde con la <strong data-start=\"2217\" data-end=\"2239\">Embajada Cristiana<\/strong>, a las 16:30h, y el nuevo <strong data-start=\"2251\" data-end=\"2261\">Alardo<\/strong>, en el que las tropas de la cruz tratar\u00e1n de reconquistar la ciudad antes del cierre definitivo de las Fiestas de Moros y Cristianos 2026.<\/p>\n<\/div>\n<\/div>\n<\/div>\n<\/div>\n<\/div>\n<\/div>\n<\/section>\n<\/div>\n<div class=\"pointer-events-none h-px w-px absolute bottom-0\" aria-hidden=\"true\" data-edge=\"true\">\n<div id='gallery-1' class='gallery galleryid-166969 gallery-columns-2 gallery-size-large'><figure class='gallery-item'>\n\t\t\t<div class='gallery-icon landscape'>\n\t\t\t\t<a href='https:\/\/www.copealcoy.es\/es\/alcoy-queda-en-manos-de-las-huestes-de-la-media-luna\/unnamed-1-1047\/'><img loading=\"lazy\" decoding=\"async\" width=\"980\" height=\"588\" src=\"https:\/\/www.copealcoy.es\/wp-content\/uploads\/2026\/04\/unnamed-1-49-980x588.jpg\" class=\"attachment-large size-large\" alt=\"\" \/><\/a>\n\t\t\t<\/div><\/figure><figure class='gallery-item'>\n\t\t\t<div class='gallery-icon landscape'>\n\t\t\t\t<a href='https:\/\/www.copealcoy.es\/es\/alcoy-queda-en-manos-de-las-huestes-de-la-media-luna\/img_3668\/'><img loading=\"lazy\" decoding=\"async\" width=\"980\" height=\"588\" src=\"https:\/\/www.copealcoy.es\/wp-content\/uploads\/2026\/04\/IMG_3668-980x588.jpg\" class=\"attachment-large size-large\" alt=\"\" \/><\/a>\n\t\t\t<\/div><\/figure><figure class='gallery-item'>\n\t\t\t<div class='gallery-icon landscape'>\n\t\t\t\t<a href='https:\/\/www.copealcoy.es\/es\/alcoy-queda-en-manos-de-las-huestes-de-la-media-luna\/img_3670-2\/'><img loading=\"lazy\" decoding=\"async\" width=\"980\" height=\"588\" src=\"https:\/\/www.copealcoy.es\/wp-content\/uploads\/2026\/04\/IMG_3670-980x588.jpg\" class=\"attachment-large size-large\" alt=\"\" \/><\/a>\n\t\t\t<\/div><\/figure><figure class='gallery-item'>\n\t\t\t<div class='gallery-icon landscape'>\n\t\t\t\t<a href='https:\/\/www.copealcoy.es\/es\/alcoy-queda-en-manos-de-las-huestes-de-la-media-luna\/img_3675\/'><img loading=\"lazy\" decoding=\"async\" width=\"980\" height=\"588\" src=\"https:\/\/www.copealcoy.es\/wp-content\/uploads\/2026\/04\/IMG_3675-980x588.jpg\" class=\"attachment-large size-large\" alt=\"\" \/><\/a>\n\t\t\t<\/div><\/figure>\n\t\t<\/div>\n\n<\/div>\n","protected":false},"excerpt":{"rendered":"<p>Alcoy afronta en este lunes 27 de abril la \u00faltima jornada de sus Fiestas de Moros y Cristianos y la&#8230;<\/p>\n","protected":false},"author":1,"featured_media":166972,"comment_status":"closed","ping_status":"closed","sticky":false,"template":"","format":"standard","meta":{"footnotes":""},"categories":[6909,97,78,75,125],"tags":[608,1494,2162,565,609,876],"class_list":["post-166969","post","type-post","status-publish","format-standard","has-post-thumbnail","hentry","category-actualidad","category-alcoy","category-fiestaycultura","category-noticias","category-portada","tag-alardo","tag-alcoy","tag-embajada-mora","tag-fiestas","tag-moros-y-cristianos","tag-san-jorge"],"yoast_head":"<!-- This site is optimized with the Yoast SEO plugin v27.3 - https:\/\/yoast.com\/product\/yoast-seo-wordpress\/ -->\n<title>Alcoy queda en manos de las huestes de la media luna - COPE Alcoy<\/title>\n<meta name=\"description\" content=\"Alcoy queda en manos de las huestes de la media luna\" \/>\n<meta name=\"robots\" content=\"index, follow, max-snippet:-1, max-image-preview:large, max-video-preview:-1\" \/>\n<link rel=\"canonical\" href=\"https:\/\/www.copealcoy.es\/es\/alcoy-queda-en-manos-de-las-huestes-de-la-media-luna\/\" \/>\n<meta property=\"og:locale\" content=\"es_ES\" \/>\n<meta property=\"og:type\" content=\"article\" \/>\n<meta property=\"og:title\" content=\"Alcoy queda en manos de las huestes de la media luna - COPE Alcoy\" \/>\n<meta property=\"og:description\" content=\"Alcoy queda en manos de las huestes de la media luna\" \/>\n<meta property=\"og:url\" content=\"https:\/\/www.copealcoy.es\/es\/alcoy-queda-en-manos-de-las-huestes-de-la-media-luna\/\" \/>\n<meta property=\"og:site_name\" content=\"COPE Alcoy\" \/>\n<meta property=\"article:published_time\" content=\"2026-04-27T11:40:14+00:00\" \/>\n<meta property=\"article:modified_time\" content=\"2026-04-27T11:48:11+00:00\" \/>\n<meta property=\"og:image\" content=\"https:\/\/www.copealcoy.es\/wp-content\/uploads\/2026\/04\/IMG_3666-scaled-e1777290064757.jpg\" \/>\n\t<meta property=\"og:image:width\" content=\"1783\" \/>\n\t<meta property=\"og:image:height\" content=\"1143\" \/>\n\t<meta property=\"og:image:type\" content=\"image\/jpeg\" \/>\n<meta name=\"author\" content=\"Cope Alcoy\" \/>\n<meta name=\"twitter:label1\" content=\"Escrito por\" \/>\n\t<meta name=\"twitter:data1\" content=\"Cope Alcoy\" \/>\n\t<meta name=\"twitter:label2\" content=\"Tiempo de lectura\" \/>\n\t<meta name=\"twitter:data2\" content=\"3 minutos\" \/>\n<script type=\"application\/ld+json\" class=\"yoast-schema-graph\">{\"@context\":\"https:\\\/\\\/schema.org\",\"@graph\":[{\"@type\":\"Article\",\"@id\":\"https:\\\/\\\/www.copealcoy.es\\\/es\\\/alcoy-queda-en-manos-de-las-huestes-de-la-media-luna\\\/#article\",\"isPartOf\":{\"@id\":\"https:\\\/\\\/www.copealcoy.es\\\/es\\\/alcoy-queda-en-manos-de-las-huestes-de-la-media-luna\\\/\"},\"author\":{\"name\":\"Cope Alcoy\",\"@id\":\"https:\\\/\\\/www.copealcoy.es\\\/es\\\/#\\\/schema\\\/person\\\/e777c87fa024e57d40170af9df39882c\"},\"headline\":\"Alcoy queda en manos de las huestes de la media luna\",\"datePublished\":\"2026-04-27T11:40:14+00:00\",\"dateModified\":\"2026-04-27T11:48:11+00:00\",\"mainEntityOfPage\":{\"@id\":\"https:\\\/\\\/www.copealcoy.es\\\/es\\\/alcoy-queda-en-manos-de-las-huestes-de-la-media-luna\\\/\"},\"wordCount\":396,\"image\":{\"@id\":\"https:\\\/\\\/www.copealcoy.es\\\/es\\\/alcoy-queda-en-manos-de-las-huestes-de-la-media-luna\\\/#primaryimage\"},\"thumbnailUrl\":\"https:\\\/\\\/www.copealcoy.es\\\/wp-content\\\/uploads\\\/2026\\\/04\\\/IMG_3666-scaled-e1777290064757.jpg\",\"keywords\":[\"Alardo\",\"Alcoy\",\"embajada mora\",\"Fiestas\",\"Moros Y Cristianos\",\"San Jorge\"],\"articleSection\":[\"Actualidad\",\"Alcoy\",\"Fiesta y Cultura\",\"Noticias\",\"Portada\"],\"inLanguage\":\"es\"},{\"@type\":\"WebPage\",\"@id\":\"https:\\\/\\\/www.copealcoy.es\\\/es\\\/alcoy-queda-en-manos-de-las-huestes-de-la-media-luna\\\/\",\"url\":\"https:\\\/\\\/www.copealcoy.es\\\/es\\\/alcoy-queda-en-manos-de-las-huestes-de-la-media-luna\\\/\",\"name\":\"Alcoy queda en manos de las huestes de la media luna - COPE Alcoy\",\"isPartOf\":{\"@id\":\"https:\\\/\\\/www.copealcoy.es\\\/es\\\/#website\"},\"primaryImageOfPage\":{\"@id\":\"https:\\\/\\\/www.copealcoy.es\\\/es\\\/alcoy-queda-en-manos-de-las-huestes-de-la-media-luna\\\/#primaryimage\"},\"image\":{\"@id\":\"https:\\\/\\\/www.copealcoy.es\\\/es\\\/alcoy-queda-en-manos-de-las-huestes-de-la-media-luna\\\/#primaryimage\"},\"thumbnailUrl\":\"https:\\\/\\\/www.copealcoy.es\\\/wp-content\\\/uploads\\\/2026\\\/04\\\/IMG_3666-scaled-e1777290064757.jpg\",\"datePublished\":\"2026-04-27T11:40:14+00:00\",\"dateModified\":\"2026-04-27T11:48:11+00:00\",\"author\":{\"@id\":\"https:\\\/\\\/www.copealcoy.es\\\/es\\\/#\\\/schema\\\/person\\\/e777c87fa024e57d40170af9df39882c\"},\"description\":\"Alcoy queda en manos de las huestes de la media luna\",\"breadcrumb\":{\"@id\":\"https:\\\/\\\/www.copealcoy.es\\\/es\\\/alcoy-queda-en-manos-de-las-huestes-de-la-media-luna\\\/#breadcrumb\"},\"inLanguage\":\"es\",\"potentialAction\":[{\"@type\":\"ReadAction\",\"target\":[\"https:\\\/\\\/www.copealcoy.es\\\/es\\\/alcoy-queda-en-manos-de-las-huestes-de-la-media-luna\\\/\"]}]},{\"@type\":\"ImageObject\",\"inLanguage\":\"es\",\"@id\":\"https:\\\/\\\/www.copealcoy.es\\\/es\\\/alcoy-queda-en-manos-de-las-huestes-de-la-media-luna\\\/#primaryimage\",\"url\":\"https:\\\/\\\/www.copealcoy.es\\\/wp-content\\\/uploads\\\/2026\\\/04\\\/IMG_3666-scaled-e1777290064757.jpg\",\"contentUrl\":\"https:\\\/\\\/www.copealcoy.es\\\/wp-content\\\/uploads\\\/2026\\\/04\\\/IMG_3666-scaled-e1777290064757.jpg\",\"width\":1783,\"height\":1143},{\"@type\":\"BreadcrumbList\",\"@id\":\"https:\\\/\\\/www.copealcoy.es\\\/es\\\/alcoy-queda-en-manos-de-las-huestes-de-la-media-luna\\\/#breadcrumb\",\"itemListElement\":[{\"@type\":\"ListItem\",\"position\":1,\"name\":\"Portada\",\"item\":\"https:\\\/\\\/www.copealcoy.es\\\/es\\\/\"},{\"@type\":\"ListItem\",\"position\":2,\"name\":\"Alcoy queda en manos de las huestes de la media luna\"}]},{\"@type\":\"WebSite\",\"@id\":\"https:\\\/\\\/www.copealcoy.es\\\/es\\\/#website\",\"url\":\"https:\\\/\\\/www.copealcoy.es\\\/es\\\/\",\"name\":\"COPE Alcoy\",\"description\":\"Emisora COPE de radio local con emisi\u00f3n online. Pont de Sant Jordi 8-10 03803 Alcoy\",\"potentialAction\":[{\"@type\":\"SearchAction\",\"target\":{\"@type\":\"EntryPoint\",\"urlTemplate\":\"https:\\\/\\\/www.copealcoy.es\\\/es\\\/?s={search_term_string}\"},\"query-input\":{\"@type\":\"PropertyValueSpecification\",\"valueRequired\":true,\"valueName\":\"search_term_string\"}}],\"inLanguage\":\"es\"},{\"@type\":\"Person\",\"@id\":\"https:\\\/\\\/www.copealcoy.es\\\/es\\\/#\\\/schema\\\/person\\\/e777c87fa024e57d40170af9df39882c\",\"name\":\"Cope Alcoy\",\"image\":{\"@type\":\"ImageObject\",\"inLanguage\":\"es\",\"@id\":\"https:\\\/\\\/secure.gravatar.com\\\/avatar\\\/bb65d0283347e303893ba14f0692005417c1e0e690a325a4c5d8bb2b3943ee14?s=96&d=mm&r=g\",\"url\":\"https:\\\/\\\/secure.gravatar.com\\\/avatar\\\/bb65d0283347e303893ba14f0692005417c1e0e690a325a4c5d8bb2b3943ee14?s=96&d=mm&r=g\",\"contentUrl\":\"https:\\\/\\\/secure.gravatar.com\\\/avatar\\\/bb65d0283347e303893ba14f0692005417c1e0e690a325a4c5d8bb2b3943ee14?s=96&d=mm&r=g\",\"caption\":\"Cope Alcoy\"}}]}<\/script>\n<!-- \/ Yoast SEO plugin. -->","yoast_head_json":{"title":"Alcoy queda en manos de las huestes de la media luna - COPE Alcoy","description":"Alcoy queda en manos de las huestes de la media luna","robots":{"index":"index","follow":"follow","max-snippet":"max-snippet:-1","max-image-preview":"max-image-preview:large","max-video-preview":"max-video-preview:-1"},"canonical":"https:\/\/www.copealcoy.es\/es\/alcoy-queda-en-manos-de-las-huestes-de-la-media-luna\/","og_locale":"es_ES","og_type":"article","og_title":"Alcoy queda en manos de las huestes de la media luna - COPE Alcoy","og_description":"Alcoy queda en manos de las huestes de la media luna","og_url":"https:\/\/www.copealcoy.es\/es\/alcoy-queda-en-manos-de-las-huestes-de-la-media-luna\/","og_site_name":"COPE Alcoy","article_published_time":"2026-04-27T11:40:14+00:00","article_modified_time":"2026-04-27T11:48:11+00:00","og_image":[{"width":1783,"height":1143,"url":"https:\/\/www.copealcoy.es\/wp-content\/uploads\/2026\/04\/IMG_3666-scaled-e1777290064757.jpg","type":"image\/jpeg"}],"author":"Cope Alcoy","twitter_misc":{"Escrito por":"Cope Alcoy","Tiempo de lectura":"3 minutos"},"schema":{"@context":"https:\/\/schema.org","@graph":[{"@type":"Article","@id":"https:\/\/www.copealcoy.es\/es\/alcoy-queda-en-manos-de-las-huestes-de-la-media-luna\/#article","isPartOf":{"@id":"https:\/\/www.copealcoy.es\/es\/alcoy-queda-en-manos-de-las-huestes-de-la-media-luna\/"},"author":{"name":"Cope Alcoy","@id":"https:\/\/www.copealcoy.es\/es\/#\/schema\/person\/e777c87fa024e57d40170af9df39882c"},"headline":"Alcoy queda en manos de las huestes de la media luna","datePublished":"2026-04-27T11:40:14+00:00","dateModified":"2026-04-27T11:48:11+00:00","mainEntityOfPage":{"@id":"https:\/\/www.copealcoy.es\/es\/alcoy-queda-en-manos-de-las-huestes-de-la-media-luna\/"},"wordCount":396,"image":{"@id":"https:\/\/www.copealcoy.es\/es\/alcoy-queda-en-manos-de-las-huestes-de-la-media-luna\/#primaryimage"},"thumbnailUrl":"https:\/\/www.copealcoy.es\/wp-content\/uploads\/2026\/04\/IMG_3666-scaled-e1777290064757.jpg","keywords":["Alardo","Alcoy","embajada mora","Fiestas","Moros Y Cristianos","San Jorge"],"articleSection":["Actualidad","Alcoy","Fiesta y Cultura","Noticias","Portada"],"inLanguage":"es"},{"@type":"WebPage","@id":"https:\/\/www.copealcoy.es\/es\/alcoy-queda-en-manos-de-las-huestes-de-la-media-luna\/","url":"https:\/\/www.copealcoy.es\/es\/alcoy-queda-en-manos-de-las-huestes-de-la-media-luna\/","name":"Alcoy queda en manos de las huestes de la media luna - COPE Alcoy","isPartOf":{"@id":"https:\/\/www.copealcoy.es\/es\/#website"},"primaryImageOfPage":{"@id":"https:\/\/www.copealcoy.es\/es\/alcoy-queda-en-manos-de-las-huestes-de-la-media-luna\/#primaryimage"},"image":{"@id":"https:\/\/www.copealcoy.es\/es\/alcoy-queda-en-manos-de-las-huestes-de-la-media-luna\/#primaryimage"},"thumbnailUrl":"https:\/\/www.copealcoy.es\/wp-content\/uploads\/2026\/04\/IMG_3666-scaled-e1777290064757.jpg","datePublished":"2026-04-27T11:40:14+00:00","dateModified":"2026-04-27T11:48:11+00:00","author":{"@id":"https:\/\/www.copealcoy.es\/es\/#\/schema\/person\/e777c87fa024e57d40170af9df39882c"},"description":"Alcoy queda en manos de las huestes de la media luna","breadcrumb":{"@id":"https:\/\/www.copealcoy.es\/es\/alcoy-queda-en-manos-de-las-huestes-de-la-media-luna\/#breadcrumb"},"inLanguage":"es","potentialAction":[{"@type":"ReadAction","target":["https:\/\/www.copealcoy.es\/es\/alcoy-queda-en-manos-de-las-huestes-de-la-media-luna\/"]}]},{"@type":"ImageObject","inLanguage":"es","@id":"https:\/\/www.copealcoy.es\/es\/alcoy-queda-en-manos-de-las-huestes-de-la-media-luna\/#primaryimage","url":"https:\/\/www.copealcoy.es\/wp-content\/uploads\/2026\/04\/IMG_3666-scaled-e1777290064757.jpg","contentUrl":"https:\/\/www.copealcoy.es\/wp-content\/uploads\/2026\/04\/IMG_3666-scaled-e1777290064757.jpg","width":1783,"height":1143},{"@type":"BreadcrumbList","@id":"https:\/\/www.copealcoy.es\/es\/alcoy-queda-en-manos-de-las-huestes-de-la-media-luna\/#breadcrumb","itemListElement":[{"@type":"ListItem","position":1,"name":"Portada","item":"https:\/\/www.copealcoy.es\/es\/"},{"@type":"ListItem","position":2,"name":"Alcoy queda en manos de las huestes de la media luna"}]},{"@type":"WebSite","@id":"https:\/\/www.copealcoy.es\/es\/#website","url":"https:\/\/www.copealcoy.es\/es\/","name":"COPE Alcoy","description":"Emisora COPE de radio local con emisi\u00f3n online. Pont de Sant Jordi 8-10 03803 Alcoy","potentialAction":[{"@type":"SearchAction","target":{"@type":"EntryPoint","urlTemplate":"https:\/\/www.copealcoy.es\/es\/?s={search_term_string}"},"query-input":{"@type":"PropertyValueSpecification","valueRequired":true,"valueName":"search_term_string"}}],"inLanguage":"es"},{"@type":"Person","@id":"https:\/\/www.copealcoy.es\/es\/#\/schema\/person\/e777c87fa024e57d40170af9df39882c","name":"Cope Alcoy","image":{"@type":"ImageObject","inLanguage":"es","@id":"https:\/\/secure.gravatar.com\/avatar\/bb65d0283347e303893ba14f0692005417c1e0e690a325a4c5d8bb2b3943ee14?s=96&d=mm&r=g","url":"https:\/\/secure.gravatar.com\/avatar\/bb65d0283347e303893ba14f0692005417c1e0e690a325a4c5d8bb2b3943ee14?s=96&d=mm&r=g","contentUrl":"https:\/\/secure.gravatar.com\/avatar\/bb65d0283347e303893ba14f0692005417c1e0e690a325a4c5d8bb2b3943ee14?s=96&d=mm&r=g","caption":"Cope Alcoy"}}]}},"_links":{"self":[{"href":"https:\/\/www.copealcoy.es\/es\/wp-json\/wp\/v2\/posts\/166969","targetHints":{"allow":["GET"]}}],"collection":[{"href":"https:\/\/www.copealcoy.es\/es\/wp-json\/wp\/v2\/posts"}],"about":[{"href":"https:\/\/www.copealcoy.es\/es\/wp-json\/wp\/v2\/types\/post"}],"author":[{"embeddable":true,"href":"https:\/\/www.copealcoy.es\/es\/wp-json\/wp\/v2\/users\/1"}],"replies":[{"embeddable":true,"href":"https:\/\/www.copealcoy.es\/es\/wp-json\/wp\/v2\/comments?post=166969"}],"version-history":[{"count":3,"href":"https:\/\/www.copealcoy.es\/es\/wp-json\/wp\/v2\/posts\/166969\/revisions"}],"predecessor-version":[{"id":166986,"href":"https:\/\/www.copealcoy.es\/es\/wp-json\/wp\/v2\/posts\/166969\/revisions\/166986"}],"wp:featuredmedia":[{"embeddable":true,"href":"https:\/\/www.copealcoy.es\/es\/wp-json\/wp\/v2\/media\/166972"}],"wp:attachment":[{"href":"https:\/\/www.copealcoy.es\/es\/wp-json\/wp\/v2\/media?parent=166969"}],"wp:term":[{"taxonomy":"category","embeddable":true,"href":"https:\/\/www.copealcoy.es\/es\/wp-json\/wp\/v2\/categories?post=166969"},{"taxonomy":"post_tag","embeddable":true,"href":"https:\/\/www.copealcoy.es\/es\/wp-json\/wp\/v2\/tags?post=166969"}],"curies":[{"name":"wp","href":"https:\/\/api.w.org\/{rel}","templated":true}]}}