{"id":166962,"date":"2026-04-26T19:00:02","date_gmt":"2026-04-26T18:00:02","guid":{"rendered":"https:\/\/www.copealcoy.es\/?p=166962"},"modified":"2026-04-27T12:04:45","modified_gmt":"2026-04-27T11:04:45","slug":"la-diana-del-cavallet-el-acto-genuino-de-la-tarde-del-dia-de-san-jorge","status":"publish","type":"post","link":"https:\/\/www.copealcoy.es\/es\/la-diana-del-cavallet-el-acto-genuino-de-la-tarde-del-dia-de-san-jorge\/","title":{"rendered":"La Diana del Cavallet, el acto genuino de la tarde del D\u00eda de San Jorge"},"content":{"rendered":"<p style=\"text-align: justify;\" data-start=\"160\" data-end=\"516\">Alcoy celebra este domingo la segunda jornada de su <strong data-start=\"212\" data-end=\"232\">trilog\u00eda festera<\/strong>, una de las m\u00e1s intensas y emotivas de las<a href=\"https:\/\/www.asjordi.org\/\" target=\"_blank\" rel=\"noopener\"><span style=\"color: #0000ff;\"> <strong data-start=\"276\" data-end=\"309\">Fiestas de Moros y Cristianos<\/strong><\/span><\/a>. El protagonismo recae hoy en los actos dedicados a <span class=\"hover:entity-accent entity-underline inline cursor-pointer align-baseline\"><span class=\"whitespace-normal\">San Jorge<\/span><\/span>, patr\u00f3n de la ciudad, en un a\u00f1o especialmente significativo al conmemorarse el <strong data-start=\"479\" data-end=\"515\">750 aniversario de su patronazgo<\/strong>.<\/p>\n<p style=\"text-align: justify;\" data-start=\"518\" data-end=\"916\">La ma\u00f1ana ha comenzado con la tradicional <strong data-start=\"560\" data-end=\"577\">Segunda Diana<\/strong>, una cita en la que los m\u00e1s peque\u00f1os han vuelto a ser protagonistas demostrando que el futuro de la Fiesta est\u00e1 m\u00e1s que garantizado. Posteriormente se ha celebrado la <strong data-start=\"745\" data-end=\"773\">Procesi\u00f3n de la Reliquia<\/strong>, que ha trasladado la sagrada pieza hasta la <strong data-start=\"819\" data-end=\"845\">iglesia de Santa Mar\u00eda<\/strong>, templo en el que se ha oficiado la <strong data-start=\"882\" data-end=\"896\">Misa Mayor<\/strong> en honor al patr\u00f3n. Mientras tanto, el ambiente festero ha llenado cada rinc\u00f3n de la ciudad y al mediod\u00eda todas las miradas se han dirigido a la <strong data-start=\"1043\" data-end=\"1062\">Plaza de Espa\u00f1a<\/strong>, escenario del disparo de una gran <strong data-start=\"1098\" data-end=\"1110\">Masclet\u00e0<\/strong> que ha vuelto a congregar a cientos de personas.<\/p>\n<p style=\"text-align: justify;\" data-start=\"1161\" data-end=\"1701\">Ya por la tarde no ha faltado uno de los actos m\u00e1s genuinos y singulares de la trilog\u00eda alcoyana: la <strong data-start=\"1262\" data-end=\"1295\">Diana Vespertina del Cavallet<\/strong>. Este desfile ha vuelto a conquistar al p\u00fablico en las calles del centro con la participaci\u00f3n de las filaes <strong data-start=\"1404\" data-end=\"1419\">Berberiscos<\/strong> y <strong data-start=\"1422\" data-end=\"1435\">Realistes<\/strong>, que han recorrido el breve trayecto entre la <strong data-start=\"1482\" data-end=\"1497\">Font Redona<\/strong> y la <strong data-start=\"1503\" data-end=\"1522\">Plaza de Espa\u00f1a<\/strong>. Al ritmo de alegres pasodobles, los festeros han portado los tradicionales caballitos de cart\u00f3n realizando las habituales evoluciones entre los aplausos de vecinos y visitantes.<\/p>\n<p style=\"text-align: justify;\" data-start=\"1703\" data-end=\"2032\" data-is-last-node=\"\" data-is-only-node=\"\">Tras este acto, la programaci\u00f3n continuar\u00e1 con la solemne <strong data-start=\"1761\" data-end=\"1795\">Procesi\u00f3n General de San Jorge<\/strong>, prevista para las <strong data-start=\"1815\" data-end=\"1830\">19:30 horas<\/strong> desde las inmediaciones del <strong data-start=\"1859\" data-end=\"1882\">Casal de Sant Jordi<\/strong>. La jornada concluir\u00e1 con la siempre esperada y humor\u00edstica <strong data-start=\"1943\" data-end=\"1954\">Retreta<\/strong>, poniendo as\u00ed el broche final al d\u00eda central de la trilog\u00eda festera alcoyana.<\/p>\n","protected":false},"excerpt":{"rendered":"<p>Alcoy celebra este domingo la segunda jornada de su trilog\u00eda festera, una de las m\u00e1s intensas y emotivas de las&#8230;<\/p>\n","protected":false},"author":1,"featured_media":166963,"comment_status":"closed","ping_status":"closed","sticky":false,"template":"","format":"standard","meta":{"footnotes":""},"categories":[6909,97,78,75],"tags":[1494,21045,14594,16632,565,609,4138,876],"class_list":["post-166962","post","type-post","status-publish","format-standard","has-post-thumbnail","hentry","category-actualidad","category-alcoy","category-fiestaycultura","category-noticias","tag-alcoy","tag-berbericos","tag-dia-de-san-jorge","tag-diana-vespertina-del-cavallet","tag-fiestas","tag-moros-y-cristianos","tag-realistes","tag-san-jorge"],"yoast_head":"<!-- This site is optimized with the Yoast SEO plugin v27.3 - https:\/\/yoast.com\/product\/yoast-seo-wordpress\/ -->\n<title>La Diana del Cavallet, el acto genuino de la tarde del D\u00eda de San Jorge - COPE Alcoy<\/title>\n<meta name=\"description\" content=\"La Diana del Cavallet, el acto genuino de la tarde del D\u00eda de San Jorge\" \/>\n<meta name=\"robots\" content=\"index, follow, max-snippet:-1, max-image-preview:large, max-video-preview:-1\" \/>\n<link rel=\"canonical\" href=\"https:\/\/www.copealcoy.es\/es\/la-diana-del-cavallet-el-acto-genuino-de-la-tarde-del-dia-de-san-jorge\/\" \/>\n<meta property=\"og:locale\" content=\"es_ES\" \/>\n<meta property=\"og:type\" content=\"article\" \/>\n<meta property=\"og:title\" content=\"La Diana del Cavallet, el acto genuino de la tarde del D\u00eda de San Jorge - COPE Alcoy\" \/>\n<meta property=\"og:description\" content=\"La Diana del Cavallet, el acto genuino de la tarde del D\u00eda de San Jorge\" \/>\n<meta property=\"og:url\" content=\"https:\/\/www.copealcoy.es\/es\/la-diana-del-cavallet-el-acto-genuino-de-la-tarde-del-dia-de-san-jorge\/\" \/>\n<meta property=\"og:site_name\" content=\"COPE Alcoy\" \/>\n<meta property=\"article:published_time\" content=\"2026-04-26T18:00:02+00:00\" \/>\n<meta property=\"article:modified_time\" content=\"2026-04-27T11:04:45+00:00\" \/>\n<meta property=\"og:image\" content=\"https:\/\/www.copealcoy.es\/wp-content\/uploads\/2026\/04\/676290691_25923727350633884_956231323464765354_n.jpg\" \/>\n\t<meta property=\"og:image:width\" content=\"482\" \/>\n\t<meta property=\"og:image:height\" content=\"316\" \/>\n\t<meta property=\"og:image:type\" content=\"image\/jpeg\" \/>\n<meta name=\"author\" content=\"Cope Alcoy\" \/>\n<meta name=\"twitter:label1\" content=\"Escrito por\" \/>\n\t<meta name=\"twitter:data1\" content=\"Cope Alcoy\" \/>\n\t<meta name=\"twitter:label2\" content=\"Tiempo de lectura\" \/>\n\t<meta name=\"twitter:data2\" content=\"2 minutos\" \/>\n<script type=\"application\/ld+json\" class=\"yoast-schema-graph\">{\"@context\":\"https:\\\/\\\/schema.org\",\"@graph\":[{\"@type\":\"Article\",\"@id\":\"https:\\\/\\\/www.copealcoy.es\\\/es\\\/la-diana-del-cavallet-el-acto-genuino-de-la-tarde-del-dia-de-san-jorge\\\/#article\",\"isPartOf\":{\"@id\":\"https:\\\/\\\/www.copealcoy.es\\\/es\\\/la-diana-del-cavallet-el-acto-genuino-de-la-tarde-del-dia-de-san-jorge\\\/\"},\"author\":{\"name\":\"Cope Alcoy\",\"@id\":\"https:\\\/\\\/www.copealcoy.es\\\/es\\\/#\\\/schema\\\/person\\\/e777c87fa024e57d40170af9df39882c\"},\"headline\":\"La Diana del Cavallet, el acto genuino de la tarde del D\u00eda de San Jorge\",\"datePublished\":\"2026-04-26T18:00:02+00:00\",\"dateModified\":\"2026-04-27T11:04:45+00:00\",\"mainEntityOfPage\":{\"@id\":\"https:\\\/\\\/www.copealcoy.es\\\/es\\\/la-diana-del-cavallet-el-acto-genuino-de-la-tarde-del-dia-de-san-jorge\\\/\"},\"wordCount\":338,\"image\":{\"@id\":\"https:\\\/\\\/www.copealcoy.es\\\/es\\\/la-diana-del-cavallet-el-acto-genuino-de-la-tarde-del-dia-de-san-jorge\\\/#primaryimage\"},\"thumbnailUrl\":\"https:\\\/\\\/www.copealcoy.es\\\/wp-content\\\/uploads\\\/2026\\\/04\\\/676290691_25923727350633884_956231323464765354_n.jpg\",\"keywords\":[\"Alcoy\",\"Berbericos\",\"D\u00eda de San Jorge\",\"Diana Vespertina del Cavallet\",\"Fiestas\",\"Moros Y Cristianos\",\"Realistes\",\"San Jorge\"],\"articleSection\":[\"Actualidad\",\"Alcoy\",\"Fiesta y Cultura\",\"Noticias\"],\"inLanguage\":\"es\"},{\"@type\":\"WebPage\",\"@id\":\"https:\\\/\\\/www.copealcoy.es\\\/es\\\/la-diana-del-cavallet-el-acto-genuino-de-la-tarde-del-dia-de-san-jorge\\\/\",\"url\":\"https:\\\/\\\/www.copealcoy.es\\\/es\\\/la-diana-del-cavallet-el-acto-genuino-de-la-tarde-del-dia-de-san-jorge\\\/\",\"name\":\"La Diana del Cavallet, el acto genuino de la tarde del D\u00eda de San Jorge - COPE Alcoy\",\"isPartOf\":{\"@id\":\"https:\\\/\\\/www.copealcoy.es\\\/es\\\/#website\"},\"primaryImageOfPage\":{\"@id\":\"https:\\\/\\\/www.copealcoy.es\\\/es\\\/la-diana-del-cavallet-el-acto-genuino-de-la-tarde-del-dia-de-san-jorge\\\/#primaryimage\"},\"image\":{\"@id\":\"https:\\\/\\\/www.copealcoy.es\\\/es\\\/la-diana-del-cavallet-el-acto-genuino-de-la-tarde-del-dia-de-san-jorge\\\/#primaryimage\"},\"thumbnailUrl\":\"https:\\\/\\\/www.copealcoy.es\\\/wp-content\\\/uploads\\\/2026\\\/04\\\/676290691_25923727350633884_956231323464765354_n.jpg\",\"datePublished\":\"2026-04-26T18:00:02+00:00\",\"dateModified\":\"2026-04-27T11:04:45+00:00\",\"author\":{\"@id\":\"https:\\\/\\\/www.copealcoy.es\\\/es\\\/#\\\/schema\\\/person\\\/e777c87fa024e57d40170af9df39882c\"},\"description\":\"La Diana del Cavallet, el acto genuino de la tarde del D\u00eda de San Jorge\",\"breadcrumb\":{\"@id\":\"https:\\\/\\\/www.copealcoy.es\\\/es\\\/la-diana-del-cavallet-el-acto-genuino-de-la-tarde-del-dia-de-san-jorge\\\/#breadcrumb\"},\"inLanguage\":\"es\",\"potentialAction\":[{\"@type\":\"ReadAction\",\"target\":[\"https:\\\/\\\/www.copealcoy.es\\\/es\\\/la-diana-del-cavallet-el-acto-genuino-de-la-tarde-del-dia-de-san-jorge\\\/\"]}]},{\"@type\":\"ImageObject\",\"inLanguage\":\"es\",\"@id\":\"https:\\\/\\\/www.copealcoy.es\\\/es\\\/la-diana-del-cavallet-el-acto-genuino-de-la-tarde-del-dia-de-san-jorge\\\/#primaryimage\",\"url\":\"https:\\\/\\\/www.copealcoy.es\\\/wp-content\\\/uploads\\\/2026\\\/04\\\/676290691_25923727350633884_956231323464765354_n.jpg\",\"contentUrl\":\"https:\\\/\\\/www.copealcoy.es\\\/wp-content\\\/uploads\\\/2026\\\/04\\\/676290691_25923727350633884_956231323464765354_n.jpg\",\"width\":482,\"height\":316},{\"@type\":\"BreadcrumbList\",\"@id\":\"https:\\\/\\\/www.copealcoy.es\\\/es\\\/la-diana-del-cavallet-el-acto-genuino-de-la-tarde-del-dia-de-san-jorge\\\/#breadcrumb\",\"itemListElement\":[{\"@type\":\"ListItem\",\"position\":1,\"name\":\"Portada\",\"item\":\"https:\\\/\\\/www.copealcoy.es\\\/es\\\/\"},{\"@type\":\"ListItem\",\"position\":2,\"name\":\"La Diana del Cavallet, el acto genuino de la tarde del D\u00eda de San Jorge\"}]},{\"@type\":\"WebSite\",\"@id\":\"https:\\\/\\\/www.copealcoy.es\\\/es\\\/#website\",\"url\":\"https:\\\/\\\/www.copealcoy.es\\\/es\\\/\",\"name\":\"COPE Alcoy\",\"description\":\"Emisora COPE de radio local con emisi\u00f3n online. Pont de Sant Jordi 8-10 03803 Alcoy\",\"potentialAction\":[{\"@type\":\"SearchAction\",\"target\":{\"@type\":\"EntryPoint\",\"urlTemplate\":\"https:\\\/\\\/www.copealcoy.es\\\/es\\\/?s={search_term_string}\"},\"query-input\":{\"@type\":\"PropertyValueSpecification\",\"valueRequired\":true,\"valueName\":\"search_term_string\"}}],\"inLanguage\":\"es\"},{\"@type\":\"Person\",\"@id\":\"https:\\\/\\\/www.copealcoy.es\\\/es\\\/#\\\/schema\\\/person\\\/e777c87fa024e57d40170af9df39882c\",\"name\":\"Cope Alcoy\",\"image\":{\"@type\":\"ImageObject\",\"inLanguage\":\"es\",\"@id\":\"https:\\\/\\\/secure.gravatar.com\\\/avatar\\\/bb65d0283347e303893ba14f0692005417c1e0e690a325a4c5d8bb2b3943ee14?s=96&d=mm&r=g\",\"url\":\"https:\\\/\\\/secure.gravatar.com\\\/avatar\\\/bb65d0283347e303893ba14f0692005417c1e0e690a325a4c5d8bb2b3943ee14?s=96&d=mm&r=g\",\"contentUrl\":\"https:\\\/\\\/secure.gravatar.com\\\/avatar\\\/bb65d0283347e303893ba14f0692005417c1e0e690a325a4c5d8bb2b3943ee14?s=96&d=mm&r=g\",\"caption\":\"Cope Alcoy\"}}]}<\/script>\n<!-- \/ Yoast SEO plugin. -->","yoast_head_json":{"title":"La Diana del Cavallet, el acto genuino de la tarde del D\u00eda de San Jorge - COPE Alcoy","description":"La Diana del Cavallet, el acto genuino de la tarde del D\u00eda de San Jorge","robots":{"index":"index","follow":"follow","max-snippet":"max-snippet:-1","max-image-preview":"max-image-preview:large","max-video-preview":"max-video-preview:-1"},"canonical":"https:\/\/www.copealcoy.es\/es\/la-diana-del-cavallet-el-acto-genuino-de-la-tarde-del-dia-de-san-jorge\/","og_locale":"es_ES","og_type":"article","og_title":"La Diana del Cavallet, el acto genuino de la tarde del D\u00eda de San Jorge - COPE Alcoy","og_description":"La Diana del Cavallet, el acto genuino de la tarde del D\u00eda de San Jorge","og_url":"https:\/\/www.copealcoy.es\/es\/la-diana-del-cavallet-el-acto-genuino-de-la-tarde-del-dia-de-san-jorge\/","og_site_name":"COPE Alcoy","article_published_time":"2026-04-26T18:00:02+00:00","article_modified_time":"2026-04-27T11:04:45+00:00","og_image":[{"width":482,"height":316,"url":"https:\/\/www.copealcoy.es\/wp-content\/uploads\/2026\/04\/676290691_25923727350633884_956231323464765354_n.jpg","type":"image\/jpeg"}],"author":"Cope Alcoy","twitter_misc":{"Escrito por":"Cope Alcoy","Tiempo de lectura":"2 minutos"},"schema":{"@context":"https:\/\/schema.org","@graph":[{"@type":"Article","@id":"https:\/\/www.copealcoy.es\/es\/la-diana-del-cavallet-el-acto-genuino-de-la-tarde-del-dia-de-san-jorge\/#article","isPartOf":{"@id":"https:\/\/www.copealcoy.es\/es\/la-diana-del-cavallet-el-acto-genuino-de-la-tarde-del-dia-de-san-jorge\/"},"author":{"name":"Cope Alcoy","@id":"https:\/\/www.copealcoy.es\/es\/#\/schema\/person\/e777c87fa024e57d40170af9df39882c"},"headline":"La Diana del Cavallet, el acto genuino de la tarde del D\u00eda de San Jorge","datePublished":"2026-04-26T18:00:02+00:00","dateModified":"2026-04-27T11:04:45+00:00","mainEntityOfPage":{"@id":"https:\/\/www.copealcoy.es\/es\/la-diana-del-cavallet-el-acto-genuino-de-la-tarde-del-dia-de-san-jorge\/"},"wordCount":338,"image":{"@id":"https:\/\/www.copealcoy.es\/es\/la-diana-del-cavallet-el-acto-genuino-de-la-tarde-del-dia-de-san-jorge\/#primaryimage"},"thumbnailUrl":"https:\/\/www.copealcoy.es\/wp-content\/uploads\/2026\/04\/676290691_25923727350633884_956231323464765354_n.jpg","keywords":["Alcoy","Berbericos","D\u00eda de San Jorge","Diana Vespertina del Cavallet","Fiestas","Moros Y Cristianos","Realistes","San Jorge"],"articleSection":["Actualidad","Alcoy","Fiesta y Cultura","Noticias"],"inLanguage":"es"},{"@type":"WebPage","@id":"https:\/\/www.copealcoy.es\/es\/la-diana-del-cavallet-el-acto-genuino-de-la-tarde-del-dia-de-san-jorge\/","url":"https:\/\/www.copealcoy.es\/es\/la-diana-del-cavallet-el-acto-genuino-de-la-tarde-del-dia-de-san-jorge\/","name":"La Diana del Cavallet, el acto genuino de la tarde del D\u00eda de San Jorge - COPE Alcoy","isPartOf":{"@id":"https:\/\/www.copealcoy.es\/es\/#website"},"primaryImageOfPage":{"@id":"https:\/\/www.copealcoy.es\/es\/la-diana-del-cavallet-el-acto-genuino-de-la-tarde-del-dia-de-san-jorge\/#primaryimage"},"image":{"@id":"https:\/\/www.copealcoy.es\/es\/la-diana-del-cavallet-el-acto-genuino-de-la-tarde-del-dia-de-san-jorge\/#primaryimage"},"thumbnailUrl":"https:\/\/www.copealcoy.es\/wp-content\/uploads\/2026\/04\/676290691_25923727350633884_956231323464765354_n.jpg","datePublished":"2026-04-26T18:00:02+00:00","dateModified":"2026-04-27T11:04:45+00:00","author":{"@id":"https:\/\/www.copealcoy.es\/es\/#\/schema\/person\/e777c87fa024e57d40170af9df39882c"},"description":"La Diana del Cavallet, el acto genuino de la tarde del D\u00eda de San Jorge","breadcrumb":{"@id":"https:\/\/www.copealcoy.es\/es\/la-diana-del-cavallet-el-acto-genuino-de-la-tarde-del-dia-de-san-jorge\/#breadcrumb"},"inLanguage":"es","potentialAction":[{"@type":"ReadAction","target":["https:\/\/www.copealcoy.es\/es\/la-diana-del-cavallet-el-acto-genuino-de-la-tarde-del-dia-de-san-jorge\/"]}]},{"@type":"ImageObject","inLanguage":"es","@id":"https:\/\/www.copealcoy.es\/es\/la-diana-del-cavallet-el-acto-genuino-de-la-tarde-del-dia-de-san-jorge\/#primaryimage","url":"https:\/\/www.copealcoy.es\/wp-content\/uploads\/2026\/04\/676290691_25923727350633884_956231323464765354_n.jpg","contentUrl":"https:\/\/www.copealcoy.es\/wp-content\/uploads\/2026\/04\/676290691_25923727350633884_956231323464765354_n.jpg","width":482,"height":316},{"@type":"BreadcrumbList","@id":"https:\/\/www.copealcoy.es\/es\/la-diana-del-cavallet-el-acto-genuino-de-la-tarde-del-dia-de-san-jorge\/#breadcrumb","itemListElement":[{"@type":"ListItem","position":1,"name":"Portada","item":"https:\/\/www.copealcoy.es\/es\/"},{"@type":"ListItem","position":2,"name":"La Diana del Cavallet, el acto genuino de la tarde del D\u00eda de San Jorge"}]},{"@type":"WebSite","@id":"https:\/\/www.copealcoy.es\/es\/#website","url":"https:\/\/www.copealcoy.es\/es\/","name":"COPE Alcoy","description":"Emisora COPE de radio local con emisi\u00f3n online. Pont de Sant Jordi 8-10 03803 Alcoy","potentialAction":[{"@type":"SearchAction","target":{"@type":"EntryPoint","urlTemplate":"https:\/\/www.copealcoy.es\/es\/?s={search_term_string}"},"query-input":{"@type":"PropertyValueSpecification","valueRequired":true,"valueName":"search_term_string"}}],"inLanguage":"es"},{"@type":"Person","@id":"https:\/\/www.copealcoy.es\/es\/#\/schema\/person\/e777c87fa024e57d40170af9df39882c","name":"Cope Alcoy","image":{"@type":"ImageObject","inLanguage":"es","@id":"https:\/\/secure.gravatar.com\/avatar\/bb65d0283347e303893ba14f0692005417c1e0e690a325a4c5d8bb2b3943ee14?s=96&d=mm&r=g","url":"https:\/\/secure.gravatar.com\/avatar\/bb65d0283347e303893ba14f0692005417c1e0e690a325a4c5d8bb2b3943ee14?s=96&d=mm&r=g","contentUrl":"https:\/\/secure.gravatar.com\/avatar\/bb65d0283347e303893ba14f0692005417c1e0e690a325a4c5d8bb2b3943ee14?s=96&d=mm&r=g","caption":"Cope Alcoy"}}]}},"_links":{"self":[{"href":"https:\/\/www.copealcoy.es\/es\/wp-json\/wp\/v2\/posts\/166962","targetHints":{"allow":["GET"]}}],"collection":[{"href":"https:\/\/www.copealcoy.es\/es\/wp-json\/wp\/v2\/posts"}],"about":[{"href":"https:\/\/www.copealcoy.es\/es\/wp-json\/wp\/v2\/types\/post"}],"author":[{"embeddable":true,"href":"https:\/\/www.copealcoy.es\/es\/wp-json\/wp\/v2\/users\/1"}],"replies":[{"embeddable":true,"href":"https:\/\/www.copealcoy.es\/es\/wp-json\/wp\/v2\/comments?post=166962"}],"version-history":[{"count":2,"href":"https:\/\/www.copealcoy.es\/es\/wp-json\/wp\/v2\/posts\/166962\/revisions"}],"predecessor-version":[{"id":166967,"href":"https:\/\/www.copealcoy.es\/es\/wp-json\/wp\/v2\/posts\/166962\/revisions\/166967"}],"wp:featuredmedia":[{"embeddable":true,"href":"https:\/\/www.copealcoy.es\/es\/wp-json\/wp\/v2\/media\/166963"}],"wp:attachment":[{"href":"https:\/\/www.copealcoy.es\/es\/wp-json\/wp\/v2\/media?parent=166962"}],"wp:term":[{"taxonomy":"category","embeddable":true,"href":"https:\/\/www.copealcoy.es\/es\/wp-json\/wp\/v2\/categories?post=166962"},{"taxonomy":"post_tag","embeddable":true,"href":"https:\/\/www.copealcoy.es\/es\/wp-json\/wp\/v2\/tags?post=166962"}],"curies":[{"name":"wp","href":"https:\/\/api.w.org\/{rel}","templated":true}]}}