{"id":166954,"date":"2026-04-26T23:11:45","date_gmt":"2026-04-26T22:11:45","guid":{"rendered":"https:\/\/www.copealcoy.es\/?p=166954"},"modified":"2026-04-26T23:11:45","modified_gmt":"2026-04-26T22:11:45","slug":"750-anos-bajo-la-proteccion-de-san-jorge","status":"publish","type":"post","link":"https:\/\/www.copealcoy.es\/es\/750-anos-bajo-la-proteccion-de-san-jorge\/","title":{"rendered":"750 a\u00f1os bajo la protecci\u00f3n de San Jorge"},"content":{"rendered":"<p style=\"text-align: justify;\">Uno de los momentos m\u00e1s destacados de este domingo 26 de abril ha sido <strong>la celebraci\u00f3n de la procesi\u00f3n general de San Jorge<\/strong>, un acto que ha dado comienzo a las 19:30h desde las inmediaciones del Casal de San Jordi. El acto ha destacado este a\u00f1o por una gran participaci\u00f3n mientras que los aplausos han sido una constante durante todo el trayecto en el momento en el que el patr\u00f3n recorr\u00eda las principales calles del Centro en la jornada central de nuestras <a href=\"https:\/\/www.asjordi.org\/\" target=\"_blank\" rel=\"noopener\"><span style=\"color: #0000ff;\"><strong>Fiestas de Moros y Cristianos<\/strong><\/span><\/a>.<\/p>\n<p style=\"text-align: justify;\">La comitiva la han vuelto a encabezar <strong>los heraldos de la ciudad<\/strong> dando paso a un buen n\u00famero de festeros y de festeras con cirios. A continuaci\u00f3n han llegado <strong>las diferentes Filaes<\/strong>, desfilando en primer lugar las del bando moro y despu\u00e9s las cristianas, y seguidamente <strong>los cargos festeros<\/strong> de este a\u00f1o han vuelto a centrar todas las miradas del p\u00fablico: Javier Ferr\u00e1ndiz (Capit\u00e1n Cristiano de la Fil\u00e0 Andaluces), Fernando Jord\u00e0 (Alf\u00e9rez Cristiano de la Fil\u00e0 Asturianos), Nacho L\u00f3pez (Capit\u00e1n Moro de la Fil\u00e0 Marrakesch) y Miguel Esp\u00ed (Alf\u00e9rez Moro de la Fil\u00e0 Realistes). A continuaci\u00f3n han estado presentes en la procesi\u00f3n general <strong>una representaci\u00f3n de las entidades religiosas alcoyanas y los antiguos gremios<\/strong> anticipando la llegada de <strong>Mateo Vilaplana Blaak<\/strong> que en estas Fiestas ejerce como Sant Jordiet. Al igual que esta ma\u00f1ana, bandera en mano, el peque\u00f1o no ha dejado de saludar siendo correspondido con enormes ovaciones en todo el recorrido del acto.<\/p>\n<p style=\"text-align: justify;\">Las campanas de Santa Mar\u00eda, San Mauro y el templo del Jesuset del Miracle han sonado con fuerza <strong>cuando la imponente imagen ecuestre de San Jorge<\/strong> discurr\u00eda en torno a ellos en un a\u00f1o tan significativo para la ciudad puesto que estamos celebrando el 750 aniversario de su patronazgo. Se han vuelto a escuchar numerosos v\u00edtores al patr\u00f3n, destacando\u00a0 detr\u00e1s del conjunto escult\u00f3rico ha destacado la presencia de la Reliquia, y en la citada comitiva no ha faltado <strong>la Asamblea General de la Asociaci\u00f3n de San Jorge<\/strong> con su presidente Francisco Garc\u00eda al frente y <strong>parte de la Corporaci\u00f3n Municipal<\/strong> encabezada por el alcalde; Toni Franc\u00e9s.<\/p>\n<p>Minutos antes de las 21:30h <strong>ha llegado San Jorge a su templo<\/strong> siendo recibido con bengalas y el disparo de un atronador castillo de fuegos artificiales. Finalmente, dentro de su templo, se ha dado a besar la Reliquia a fieles y devotos.<\/p>\n","protected":false},"excerpt":{"rendered":"<p>Uno de los momentos m\u00e1s destacados de este domingo 26 de abril ha sido la celebraci\u00f3n de la procesi\u00f3n general&#8230;<\/p>\n","protected":false},"author":1,"featured_media":166956,"comment_status":"closed","ping_status":"closed","sticky":false,"template":"","format":"standard","meta":{"footnotes":""},"categories":[6909,97,75,125],"tags":[13931,14534,14535,21043,21044],"class_list":["post-166954","post","type-post","status-publish","format-standard","has-post-thumbnail","hentry","category-actualidad","category-alcoy","category-noticias","category-portada","tag-alcoy-ca","tag-fiestas-ca","tag-moros-y-cristianos-ca","tag-procesion-general","tag-san-jorge"],"yoast_head":"<!-- This site is optimized with the Yoast SEO plugin v27.3 - https:\/\/yoast.com\/product\/yoast-seo-wordpress\/ -->\n<title>750 a\u00f1os bajo la protecci\u00f3n de San Jorge - COPE Alcoy<\/title>\n<meta name=\"description\" content=\"750 a\u00f1os bajo la protecci\u00f3n de San Jorge\" \/>\n<meta name=\"robots\" content=\"index, follow, max-snippet:-1, max-image-preview:large, max-video-preview:-1\" \/>\n<link rel=\"canonical\" href=\"https:\/\/www.copealcoy.es\/es\/750-anos-bajo-la-proteccion-de-san-jorge\/\" \/>\n<meta property=\"og:locale\" content=\"es_ES\" \/>\n<meta property=\"og:type\" content=\"article\" \/>\n<meta property=\"og:title\" content=\"750 a\u00f1os bajo la protecci\u00f3n de San Jorge - COPE Alcoy\" \/>\n<meta property=\"og:description\" content=\"750 a\u00f1os bajo la protecci\u00f3n de San Jorge\" \/>\n<meta property=\"og:url\" content=\"https:\/\/www.copealcoy.es\/es\/750-anos-bajo-la-proteccion-de-san-jorge\/\" \/>\n<meta property=\"og:site_name\" content=\"COPE Alcoy\" \/>\n<meta property=\"article:published_time\" content=\"2026-04-26T22:11:45+00:00\" \/>\n<meta property=\"og:image\" content=\"https:\/\/www.copealcoy.es\/wp-content\/uploads\/2026\/04\/unnamed-1-48-scaled.jpg\" \/>\n\t<meta property=\"og:image:width\" content=\"2560\" \/>\n\t<meta property=\"og:image:height\" content=\"1509\" \/>\n\t<meta property=\"og:image:type\" content=\"image\/jpeg\" \/>\n<meta name=\"author\" content=\"Cope Alcoy\" \/>\n<meta name=\"twitter:label1\" content=\"Escrito por\" \/>\n\t<meta name=\"twitter:data1\" content=\"Cope Alcoy\" \/>\n\t<meta name=\"twitter:label2\" content=\"Tiempo de lectura\" \/>\n\t<meta name=\"twitter:data2\" content=\"3 minutos\" \/>\n<script type=\"application\/ld+json\" class=\"yoast-schema-graph\">{\"@context\":\"https:\\\/\\\/schema.org\",\"@graph\":[{\"@type\":\"Article\",\"@id\":\"https:\\\/\\\/www.copealcoy.es\\\/es\\\/750-anos-bajo-la-proteccion-de-san-jorge\\\/#article\",\"isPartOf\":{\"@id\":\"https:\\\/\\\/www.copealcoy.es\\\/es\\\/750-anos-bajo-la-proteccion-de-san-jorge\\\/\"},\"author\":{\"name\":\"Cope Alcoy\",\"@id\":\"https:\\\/\\\/www.copealcoy.es\\\/es\\\/#\\\/schema\\\/person\\\/e777c87fa024e57d40170af9df39882c\"},\"headline\":\"750 a\u00f1os bajo la protecci\u00f3n de San Jorge\",\"datePublished\":\"2026-04-26T22:11:45+00:00\",\"mainEntityOfPage\":{\"@id\":\"https:\\\/\\\/www.copealcoy.es\\\/es\\\/750-anos-bajo-la-proteccion-de-san-jorge\\\/\"},\"wordCount\":431,\"image\":{\"@id\":\"https:\\\/\\\/www.copealcoy.es\\\/es\\\/750-anos-bajo-la-proteccion-de-san-jorge\\\/#primaryimage\"},\"thumbnailUrl\":\"https:\\\/\\\/www.copealcoy.es\\\/wp-content\\\/uploads\\\/2026\\\/04\\\/unnamed-1-48-scaled.jpg\",\"keywords\":[\"Alcoy\",\"Fiestas\",\"Moros Y Cristianos\",\"procesi\u00f3n general\",\"San Jorge\"],\"articleSection\":[\"Actualidad\",\"Alcoy\",\"Noticias\",\"Portada\"],\"inLanguage\":\"es\"},{\"@type\":\"WebPage\",\"@id\":\"https:\\\/\\\/www.copealcoy.es\\\/es\\\/750-anos-bajo-la-proteccion-de-san-jorge\\\/\",\"url\":\"https:\\\/\\\/www.copealcoy.es\\\/es\\\/750-anos-bajo-la-proteccion-de-san-jorge\\\/\",\"name\":\"750 a\u00f1os bajo la protecci\u00f3n de San Jorge - COPE Alcoy\",\"isPartOf\":{\"@id\":\"https:\\\/\\\/www.copealcoy.es\\\/es\\\/#website\"},\"primaryImageOfPage\":{\"@id\":\"https:\\\/\\\/www.copealcoy.es\\\/es\\\/750-anos-bajo-la-proteccion-de-san-jorge\\\/#primaryimage\"},\"image\":{\"@id\":\"https:\\\/\\\/www.copealcoy.es\\\/es\\\/750-anos-bajo-la-proteccion-de-san-jorge\\\/#primaryimage\"},\"thumbnailUrl\":\"https:\\\/\\\/www.copealcoy.es\\\/wp-content\\\/uploads\\\/2026\\\/04\\\/unnamed-1-48-scaled.jpg\",\"datePublished\":\"2026-04-26T22:11:45+00:00\",\"author\":{\"@id\":\"https:\\\/\\\/www.copealcoy.es\\\/es\\\/#\\\/schema\\\/person\\\/e777c87fa024e57d40170af9df39882c\"},\"description\":\"750 a\u00f1os bajo la protecci\u00f3n de San Jorge\",\"breadcrumb\":{\"@id\":\"https:\\\/\\\/www.copealcoy.es\\\/es\\\/750-anos-bajo-la-proteccion-de-san-jorge\\\/#breadcrumb\"},\"inLanguage\":\"es\",\"potentialAction\":[{\"@type\":\"ReadAction\",\"target\":[\"https:\\\/\\\/www.copealcoy.es\\\/es\\\/750-anos-bajo-la-proteccion-de-san-jorge\\\/\"]}]},{\"@type\":\"ImageObject\",\"inLanguage\":\"es\",\"@id\":\"https:\\\/\\\/www.copealcoy.es\\\/es\\\/750-anos-bajo-la-proteccion-de-san-jorge\\\/#primaryimage\",\"url\":\"https:\\\/\\\/www.copealcoy.es\\\/wp-content\\\/uploads\\\/2026\\\/04\\\/unnamed-1-48-scaled.jpg\",\"contentUrl\":\"https:\\\/\\\/www.copealcoy.es\\\/wp-content\\\/uploads\\\/2026\\\/04\\\/unnamed-1-48-scaled.jpg\",\"width\":2560,\"height\":1509},{\"@type\":\"BreadcrumbList\",\"@id\":\"https:\\\/\\\/www.copealcoy.es\\\/es\\\/750-anos-bajo-la-proteccion-de-san-jorge\\\/#breadcrumb\",\"itemListElement\":[{\"@type\":\"ListItem\",\"position\":1,\"name\":\"Portada\",\"item\":\"https:\\\/\\\/www.copealcoy.es\\\/es\\\/\"},{\"@type\":\"ListItem\",\"position\":2,\"name\":\"750 a\u00f1os bajo la protecci\u00f3n de San Jorge\"}]},{\"@type\":\"WebSite\",\"@id\":\"https:\\\/\\\/www.copealcoy.es\\\/es\\\/#website\",\"url\":\"https:\\\/\\\/www.copealcoy.es\\\/es\\\/\",\"name\":\"COPE Alcoy\",\"description\":\"Emisora COPE de radio local con emisi\u00f3n online. Pont de Sant Jordi 8-10 03803 Alcoy\",\"potentialAction\":[{\"@type\":\"SearchAction\",\"target\":{\"@type\":\"EntryPoint\",\"urlTemplate\":\"https:\\\/\\\/www.copealcoy.es\\\/es\\\/?s={search_term_string}\"},\"query-input\":{\"@type\":\"PropertyValueSpecification\",\"valueRequired\":true,\"valueName\":\"search_term_string\"}}],\"inLanguage\":\"es\"},{\"@type\":\"Person\",\"@id\":\"https:\\\/\\\/www.copealcoy.es\\\/es\\\/#\\\/schema\\\/person\\\/e777c87fa024e57d40170af9df39882c\",\"name\":\"Cope Alcoy\",\"image\":{\"@type\":\"ImageObject\",\"inLanguage\":\"es\",\"@id\":\"https:\\\/\\\/secure.gravatar.com\\\/avatar\\\/bb65d0283347e303893ba14f0692005417c1e0e690a325a4c5d8bb2b3943ee14?s=96&d=mm&r=g\",\"url\":\"https:\\\/\\\/secure.gravatar.com\\\/avatar\\\/bb65d0283347e303893ba14f0692005417c1e0e690a325a4c5d8bb2b3943ee14?s=96&d=mm&r=g\",\"contentUrl\":\"https:\\\/\\\/secure.gravatar.com\\\/avatar\\\/bb65d0283347e303893ba14f0692005417c1e0e690a325a4c5d8bb2b3943ee14?s=96&d=mm&r=g\",\"caption\":\"Cope Alcoy\"}}]}<\/script>\n<!-- \/ Yoast SEO plugin. -->","yoast_head_json":{"title":"750 a\u00f1os bajo la protecci\u00f3n de San Jorge - COPE Alcoy","description":"750 a\u00f1os bajo la protecci\u00f3n de San Jorge","robots":{"index":"index","follow":"follow","max-snippet":"max-snippet:-1","max-image-preview":"max-image-preview:large","max-video-preview":"max-video-preview:-1"},"canonical":"https:\/\/www.copealcoy.es\/es\/750-anos-bajo-la-proteccion-de-san-jorge\/","og_locale":"es_ES","og_type":"article","og_title":"750 a\u00f1os bajo la protecci\u00f3n de San Jorge - COPE Alcoy","og_description":"750 a\u00f1os bajo la protecci\u00f3n de San Jorge","og_url":"https:\/\/www.copealcoy.es\/es\/750-anos-bajo-la-proteccion-de-san-jorge\/","og_site_name":"COPE Alcoy","article_published_time":"2026-04-26T22:11:45+00:00","og_image":[{"width":2560,"height":1509,"url":"https:\/\/www.copealcoy.es\/wp-content\/uploads\/2026\/04\/unnamed-1-48-scaled.jpg","type":"image\/jpeg"}],"author":"Cope Alcoy","twitter_misc":{"Escrito por":"Cope Alcoy","Tiempo de lectura":"3 minutos"},"schema":{"@context":"https:\/\/schema.org","@graph":[{"@type":"Article","@id":"https:\/\/www.copealcoy.es\/es\/750-anos-bajo-la-proteccion-de-san-jorge\/#article","isPartOf":{"@id":"https:\/\/www.copealcoy.es\/es\/750-anos-bajo-la-proteccion-de-san-jorge\/"},"author":{"name":"Cope Alcoy","@id":"https:\/\/www.copealcoy.es\/es\/#\/schema\/person\/e777c87fa024e57d40170af9df39882c"},"headline":"750 a\u00f1os bajo la protecci\u00f3n de San Jorge","datePublished":"2026-04-26T22:11:45+00:00","mainEntityOfPage":{"@id":"https:\/\/www.copealcoy.es\/es\/750-anos-bajo-la-proteccion-de-san-jorge\/"},"wordCount":431,"image":{"@id":"https:\/\/www.copealcoy.es\/es\/750-anos-bajo-la-proteccion-de-san-jorge\/#primaryimage"},"thumbnailUrl":"https:\/\/www.copealcoy.es\/wp-content\/uploads\/2026\/04\/unnamed-1-48-scaled.jpg","keywords":["Alcoy","Fiestas","Moros Y Cristianos","procesi\u00f3n general","San Jorge"],"articleSection":["Actualidad","Alcoy","Noticias","Portada"],"inLanguage":"es"},{"@type":"WebPage","@id":"https:\/\/www.copealcoy.es\/es\/750-anos-bajo-la-proteccion-de-san-jorge\/","url":"https:\/\/www.copealcoy.es\/es\/750-anos-bajo-la-proteccion-de-san-jorge\/","name":"750 a\u00f1os bajo la protecci\u00f3n de San Jorge - COPE Alcoy","isPartOf":{"@id":"https:\/\/www.copealcoy.es\/es\/#website"},"primaryImageOfPage":{"@id":"https:\/\/www.copealcoy.es\/es\/750-anos-bajo-la-proteccion-de-san-jorge\/#primaryimage"},"image":{"@id":"https:\/\/www.copealcoy.es\/es\/750-anos-bajo-la-proteccion-de-san-jorge\/#primaryimage"},"thumbnailUrl":"https:\/\/www.copealcoy.es\/wp-content\/uploads\/2026\/04\/unnamed-1-48-scaled.jpg","datePublished":"2026-04-26T22:11:45+00:00","author":{"@id":"https:\/\/www.copealcoy.es\/es\/#\/schema\/person\/e777c87fa024e57d40170af9df39882c"},"description":"750 a\u00f1os bajo la protecci\u00f3n de San Jorge","breadcrumb":{"@id":"https:\/\/www.copealcoy.es\/es\/750-anos-bajo-la-proteccion-de-san-jorge\/#breadcrumb"},"inLanguage":"es","potentialAction":[{"@type":"ReadAction","target":["https:\/\/www.copealcoy.es\/es\/750-anos-bajo-la-proteccion-de-san-jorge\/"]}]},{"@type":"ImageObject","inLanguage":"es","@id":"https:\/\/www.copealcoy.es\/es\/750-anos-bajo-la-proteccion-de-san-jorge\/#primaryimage","url":"https:\/\/www.copealcoy.es\/wp-content\/uploads\/2026\/04\/unnamed-1-48-scaled.jpg","contentUrl":"https:\/\/www.copealcoy.es\/wp-content\/uploads\/2026\/04\/unnamed-1-48-scaled.jpg","width":2560,"height":1509},{"@type":"BreadcrumbList","@id":"https:\/\/www.copealcoy.es\/es\/750-anos-bajo-la-proteccion-de-san-jorge\/#breadcrumb","itemListElement":[{"@type":"ListItem","position":1,"name":"Portada","item":"https:\/\/www.copealcoy.es\/es\/"},{"@type":"ListItem","position":2,"name":"750 a\u00f1os bajo la protecci\u00f3n de San Jorge"}]},{"@type":"WebSite","@id":"https:\/\/www.copealcoy.es\/es\/#website","url":"https:\/\/www.copealcoy.es\/es\/","name":"COPE Alcoy","description":"Emisora COPE de radio local con emisi\u00f3n online. Pont de Sant Jordi 8-10 03803 Alcoy","potentialAction":[{"@type":"SearchAction","target":{"@type":"EntryPoint","urlTemplate":"https:\/\/www.copealcoy.es\/es\/?s={search_term_string}"},"query-input":{"@type":"PropertyValueSpecification","valueRequired":true,"valueName":"search_term_string"}}],"inLanguage":"es"},{"@type":"Person","@id":"https:\/\/www.copealcoy.es\/es\/#\/schema\/person\/e777c87fa024e57d40170af9df39882c","name":"Cope Alcoy","image":{"@type":"ImageObject","inLanguage":"es","@id":"https:\/\/secure.gravatar.com\/avatar\/bb65d0283347e303893ba14f0692005417c1e0e690a325a4c5d8bb2b3943ee14?s=96&d=mm&r=g","url":"https:\/\/secure.gravatar.com\/avatar\/bb65d0283347e303893ba14f0692005417c1e0e690a325a4c5d8bb2b3943ee14?s=96&d=mm&r=g","contentUrl":"https:\/\/secure.gravatar.com\/avatar\/bb65d0283347e303893ba14f0692005417c1e0e690a325a4c5d8bb2b3943ee14?s=96&d=mm&r=g","caption":"Cope Alcoy"}}]}},"_links":{"self":[{"href":"https:\/\/www.copealcoy.es\/es\/wp-json\/wp\/v2\/posts\/166954","targetHints":{"allow":["GET"]}}],"collection":[{"href":"https:\/\/www.copealcoy.es\/es\/wp-json\/wp\/v2\/posts"}],"about":[{"href":"https:\/\/www.copealcoy.es\/es\/wp-json\/wp\/v2\/types\/post"}],"author":[{"embeddable":true,"href":"https:\/\/www.copealcoy.es\/es\/wp-json\/wp\/v2\/users\/1"}],"replies":[{"embeddable":true,"href":"https:\/\/www.copealcoy.es\/es\/wp-json\/wp\/v2\/comments?post=166954"}],"version-history":[{"count":1,"href":"https:\/\/www.copealcoy.es\/es\/wp-json\/wp\/v2\/posts\/166954\/revisions"}],"predecessor-version":[{"id":166958,"href":"https:\/\/www.copealcoy.es\/es\/wp-json\/wp\/v2\/posts\/166954\/revisions\/166958"}],"wp:featuredmedia":[{"embeddable":true,"href":"https:\/\/www.copealcoy.es\/es\/wp-json\/wp\/v2\/media\/166956"}],"wp:attachment":[{"href":"https:\/\/www.copealcoy.es\/es\/wp-json\/wp\/v2\/media?parent=166954"}],"wp:term":[{"taxonomy":"category","embeddable":true,"href":"https:\/\/www.copealcoy.es\/es\/wp-json\/wp\/v2\/categories?post=166954"},{"taxonomy":"post_tag","embeddable":true,"href":"https:\/\/www.copealcoy.es\/es\/wp-json\/wp\/v2\/tags?post=166954"}],"curies":[{"name":"wp","href":"https:\/\/api.w.org\/{rel}","templated":true}]}}