{"id":166919,"date":"2026-04-26T14:44:37","date_gmt":"2026-04-26T13:44:37","guid":{"rendered":"https:\/\/www.copealcoy.es\/?p=166919"},"modified":"2026-04-26T15:11:07","modified_gmt":"2026-04-26T14:11:07","slug":"alcoy-abraza-a-mateo-vilaplana-blaak-sant-jordiet-2026","status":"publish","type":"post","link":"https:\/\/www.copealcoy.es\/es\/alcoy-abraza-a-mateo-vilaplana-blaak-sant-jordiet-2026\/","title":{"rendered":"Alcoy abraza a Mateo Vilaplana Blaak, Sant Jordiet 2026"},"content":{"rendered":"<div class=\"flex flex-col text-sm pb-25\">\n<section class=\"text-token-text-primary w-full focus:outline-none [--shadow-height:45px] has-data-writing-block:pointer-events-none has-data-writing-block:-mt-(--shadow-height) has-data-writing-block:pt-(--shadow-height) [&amp;:has([data-writing-block])&gt;*]:pointer-events-auto scroll-mt-[calc(var(--header-height)+min(200px,max(70px,20svh)))]\" dir=\"auto\" data-turn-id=\"request-WEB:db3bad38-c320-456a-a793-2852f883a6ef-230\" data-testid=\"conversation-turn-36\" data-scroll-anchor=\"true\" data-turn=\"assistant\">\n<div class=\"text-base my-auto mx-auto pb-10 [--thread-content-margin:var(--thread-content-margin-xs,calc(var(--spacing)*4))] @w-sm\/main:[--thread-content-margin:var(--thread-content-margin-sm,calc(var(--spacing)*6))] @w-lg\/main:[--thread-content-margin:var(--thread-content-margin-lg,calc(var(--spacing)*16))] px-(--thread-content-margin)\">\n<div class=\"[--thread-content-max-width:40rem] @w-lg\/main:[--thread-content-max-width:48rem] mx-auto max-w-(--thread-content-max-width) flex-1 group\/turn-messages focus-visible:outline-hidden relative flex w-full min-w-0 flex-col agent-turn\">\n<div class=\"flex max-w-full flex-col gap-4 grow\">\n<div class=\"min-h-8 text-message relative flex w-full flex-col items-end gap-2 text-start break-words whitespace-normal outline-none keyboard-focused:focus-ring [.text-message+&amp;]:mt-1\" dir=\"auto\" tabindex=\"0\" data-message-author-role=\"assistant\" data-message-id=\"6a0d974d-636d-4235-9d65-626c4f9c8ab7\" data-message-model-slug=\"gpt-5-3\" data-turn-start-message=\"true\">\n<div class=\"flex w-full flex-col gap-1 empty:hidden\">\n<div class=\"markdown prose dark:prose-invert w-full wrap-break-word light markdown-new-styling\">\n<p style=\"text-align: justify;\" data-start=\"0\" data-end=\"425\"><strong data-start=\"0\" data-end=\"9\">Alcoy<\/strong>\u00a0disfruta del <strong data-start=\"23\" data-end=\"38\">segundo d\u00eda<\/strong> de <strong><span style=\"color: #0000ff;\"><a href=\"https:\/\/www.asjordi.org\/\" target=\"_blank\" rel=\"noopener\"><span style=\"color: #0000ff;\">la trilog\u00eda festera <\/span><\/a><\/span><\/strong>en este <strong data-start=\"74\" data-end=\"97\">domingo 26 de abril<\/strong> y la jornada est\u00e1 reservada para rendir honor a <strong data-start=\"146\" data-end=\"159\">San Jorge<\/strong>, de quien conmemoramos el <strong data-start=\"186\" data-end=\"222\">750 aniversario de su patronazgo<\/strong>. Los <strong data-start=\"228\" data-end=\"248\" data-is-only-node=\"\">actos religiosos<\/strong> en su honor marcan la actualidad, aunque tambi\u00e9n acaparan todas las miradas los <strong data-start=\"329\" data-end=\"348\">cargos festeros<\/strong> tras las brillantes <strong data-start=\"369\" data-end=\"381\">Entradas<\/strong> que protagonizaron en la jornada de ayer.<\/p>\n<p style=\"text-align: justify;\" data-start=\"427\" data-end=\"1133\">La ma\u00f1ana ha comenzado con la <strong data-start=\"457\" data-end=\"474\">Segunda Diana<\/strong>, que ha tenido marcado <strong data-start=\"498\" data-end=\"523\">protagonismo infantil<\/strong>, y a las <strong data-start=\"533\" data-end=\"541\">once<\/strong> ha comenzado la <strong data-start=\"558\" data-end=\"586\">Procesi\u00f3n de la Reliquia<\/strong> desde la <strong data-start=\"596\" data-end=\"618\">iglesia del patr\u00f3n<\/strong>. Los <strong data-start=\"624\" data-end=\"649\">heraldos de la ciudad<\/strong> han encabezado la misma y tras ellos el <strong data-start=\"690\" data-end=\"704\">bando moro<\/strong> ha centrado la atenci\u00f3n del p\u00fablico con el paso de la <strong data-start=\"848\" data-end=\"867\">Fil\u00e0 Marrakesch<\/strong> junto a <strong data-start=\"876\" data-end=\"896\">Nacho L\u00f3pez Rom\u00e1<\/strong>, que desempe\u00f1a en este a\u00f1o el cargo de <strong data-start=\"936\" data-end=\"947\">Capit\u00e1n<\/strong>,<strong data-start=\"936\" data-end=\"947\"> y <\/strong>de la <strong data-start=\"759\" data-end=\"777\">Fil\u00e0 Realistes<\/strong>, acompa\u00f1ando a su <strong data-start=\"796\" data-end=\"825\">Alf\u00e9rez Miguel Esp\u00ed Mayor<\/strong>.\u00a0 En el peque\u00f1o acompa\u00f1amiento no han faltado los <strong data-start=\"997\" data-end=\"1018\">guiones oficiales<\/strong> de cada <strong data-start=\"1027\" data-end=\"1035\">Fil\u00e0<\/strong> junto a los <strong data-start=\"1048\" data-end=\"1078\">estandartes conmemorativos<\/strong> del <strong data-start=\"1083\" data-end=\"1130\">750 aniversario del patronazgo de San Jorge<\/strong>.<\/p>\n<p style=\"text-align: justify;\" data-start=\"1135\" data-end=\"1608\">Seguidamente han llegado los <strong data-start=\"1164\" data-end=\"1178\">cristianos<\/strong>, con el mismo orden de formaci\u00f3n, destacando en primer lugar el <strong data-start=\"1297\" data-end=\"1308\">Capit\u00e1n<\/strong> de la <strong data-start=\"1315\" data-end=\"1333\">Fil\u00e0 Andaluces<\/strong>, <strong data-start=\"1335\" data-end=\"1361\">Javier Ferr\u00e1ndiz Giner,<\/strong> y en segund <strong data-start=\"1335\" data-end=\"1361\">Fernando Jord\u00e0 Abad como Alf\u00e9rez.<\/strong>\u00a0Inmediatamente despu\u00e9s ha llegado la <strong data-start=\"1400\" data-end=\"1420\">cruz procesional<\/strong>, portada por <strong data-start=\"1434\" data-end=\"1451\">Manuel Tierno<\/strong> en calidad de <strong data-start=\"1457\" data-end=\"1470\">sacrist\u00e1n<\/strong> de la <strong data-start=\"1477\" data-end=\"1503\">iglesia de Santa Mar\u00eda<\/strong>, y despu\u00e9s la <strong data-start=\"1518\" data-end=\"1568\">Asamblea General de la Asociaci\u00f3n de San Jorge<\/strong> ha arropado al <strong data-start=\"1584\" data-end=\"1605\">Sant Jordiet 2026<\/strong>.<\/p>\n<p style=\"text-align: justify;\" data-start=\"1610\" data-end=\"2044\"><strong data-start=\"1610\" data-end=\"1635\">Mateo Vilaplana Blaak<\/strong>, de <strong data-start=\"1640\" data-end=\"1654\">nueve a\u00f1os<\/strong>, no ha dejado de saludar mientras portaba en una de sus manos la <strong data-start=\"1720\" data-end=\"1731\">bandera<\/strong> que le acredita para el cargo, al mismo tiempo que luc\u00eda un <strong data-start=\"1792\" data-end=\"1802\">dise\u00f1o<\/strong> en el que sobresal\u00edan los <strong data-start=\"1829\" data-end=\"1850\">metales plateados<\/strong> y el <strong data-start=\"1856\" data-end=\"1872\">color blanco<\/strong>. La <strong data-start=\"1877\" data-end=\"1893\" data-is-only-node=\"\">indumentaria<\/strong> fue creada por su abuela, <strong data-start=\"1920\" data-end=\"1937\">Aitana Mart\u00edn<\/strong>, que tristemente nos dej\u00f3 el pasado mes de octubre y a quien toda la familia ha tenido hoy muy presente.<\/p>\n<p style=\"text-align: justify;\" data-start=\"2046\" data-end=\"2605\">A la llegada a la <strong data-start=\"2064\" data-end=\"2086\">calle Sant Lloren\u00e7<\/strong>, el <strong data-start=\"2091\" data-end=\"2107\">Sant Jordiet<\/strong> ha sido recibido con el lanzamiento de <strong data-start=\"2147\" data-end=\"2176\">1.400 docenas de claveles<\/strong>, de los cuales <strong data-start=\"2192\" data-end=\"2222\">1.200 eran blancos y rojos<\/strong>, y <strong data-start=\"2226\" data-end=\"2243\">200 amarillos<\/strong> por aportaci\u00f3n de la <strong data-start=\"2265\" data-end=\"2279\">Fil\u00e0 Llana<\/strong> a la que pertenece el peque\u00f1o. La iniciativa, siempre esperada, la han hecho posible los <strong data-start=\"2369\" data-end=\"2384\">Benimerines<\/strong> un a\u00f1o m\u00e1s. La procesi\u00f3n ha seguido con el paso solemne de la <strong data-start=\"2447\" data-end=\"2472\">Rel\u00edquia de San Jorge<\/strong> y en el tramo final han destacado tanto la <strong data-start=\"2516\" data-end=\"2543\">representaci\u00f3n clerical<\/strong> como la presencia de parte de la <strong data-start=\"2577\" data-end=\"2602\">Corporaci\u00f3n Municipal<\/strong>.<\/p>\n<p style=\"text-align: justify;\" data-start=\"2607\" data-end=\"3539\">Las <strong data-start=\"2611\" data-end=\"2638\">campanas de Santa Mar\u00eda<\/strong> han sonado con fuerza, volteadas manualmente por la <strong data-start=\"2691\" data-end=\"2721\">Colla de Campaners d&#8217;Alcoi<\/strong>, en el momento en el que la <strong data-start=\"2750\" data-end=\"2762\">Rel\u00edquia<\/strong> se encaminaba hasta el templo donde se ha celebrado la <strong data-start=\"2818\" data-end=\"2832\">Misa Mayor<\/strong>. Esta ha estado oficiada este a\u00f1o por <strong data-start=\"2871\" data-end=\"2904\">Monse\u00f1or Don Enrique Benavent<\/strong>, <strong data-start=\"2906\" data-end=\"2931\">Arzobispo de Valencia<\/strong>, quien ha impartido al finalizar la misma la <strong data-start=\"2977\" data-end=\"3001\">bendici\u00f3n apost\u00f3lica<\/strong> y quien en su <strong data-start=\"3016\" data-end=\"3027\">homil\u00eda<\/strong> nos ha animado a seguir el ejemplo de <strong data-start=\"3066\" data-end=\"3079\">San Jorge<\/strong> en estos tiempos en los que el mundo se enfrenta a <strong data-start=\"3131\" data-end=\"3142\">guerras<\/strong> e importantes <strong data-start=\"3157\" data-end=\"3169\">desaf\u00edos<\/strong>. Tambi\u00e9n se ha referido al <strong data-start=\"3197\" data-end=\"3212\">A\u00f1o Jubilar<\/strong> concedido por la <strong data-start=\"3230\" data-end=\"3244\">Santa Sede<\/strong> a <strong data-start=\"3247\" data-end=\"3256\">Alcoi<\/strong>, para conmemorar el <strong data-start=\"3277\" data-end=\"3324\">750 aniversario del patronazgo de San Jorge<\/strong>, indicando que <em data-start=\"3340\" data-end=\"3442\">&#8220;es una oportunidad para renovar la Fe en nuestras iglesias, parroquias, comunidades y asociaciones&#8221;<\/em>, concluy\u00f3. En <strong data-start=\"3457\" data-end=\"3471\">COPE ALCOY<\/strong> pudimos hablar con \u00e9l antes de la <strong data-start=\"3506\" data-end=\"3520\">eucarist\u00eda<\/strong> y esto nos dijo:<\/p>\n<audio class=\"wp-audio-shortcode\" id=\"audio-166919-1\" preload=\"none\" style=\"width: 100%;\" controls=\"controls\"><source type=\"audio\/mpeg\" src=\"https:\/\/www.copealcoy.es\/wp-content\/uploads\/2026\/04\/Entrevista-Arzobispo-de-Valencia.mp3?_=1\" \/><a href=\"https:\/\/www.copealcoy.es\/wp-content\/uploads\/2026\/04\/Entrevista-Arzobispo-de-Valencia.mp3\">https:\/\/www.copealcoy.es\/wp-content\/uploads\/2026\/04\/Entrevista-Arzobispo-de-Valencia.mp3<\/a><\/audio>\n<p style=\"text-align: justify;\" data-start=\"3541\" data-end=\"3854\" data-is-last-node=\"\" data-is-only-node=\"\">La ma\u00f1ana del <strong data-start=\"3555\" data-end=\"3575\">D\u00eda de San Jorge<\/strong> ha finalizado con el disparo de una gran <strong data-start=\"3617\" data-end=\"3629\">Masclet\u00e0<\/strong> en la <strong data-start=\"3636\" data-end=\"3655\">Plaza de Espa\u00f1a<\/strong>. Los actos se retoman esta tarde a las <strong data-start=\"3695\" data-end=\"3705\">18:00h<\/strong>, con la <strong data-start=\"3714\" data-end=\"3747\">Diana Vespertina del Cavallet<\/strong> que protagonizan <strong data-start=\"3765\" data-end=\"3778\">Realistes<\/strong> y <strong data-start=\"3781\" data-end=\"3796\">Berberiscos<\/strong>, y a las <strong data-start=\"3806\" data-end=\"3816\">19:30h<\/strong> dar\u00e1 inicio la <strong data-start=\"3832\" data-end=\"3853\">procesi\u00f3n general<\/strong>.<\/p>\n<div id='gallery-1' class='gallery galleryid-166919 gallery-columns-4 gallery-size-large'><figure class='gallery-item'>\n\t\t\t<div class='gallery-icon landscape'>\n\t\t\t\t<a href='https:\/\/www.copealcoy.es\/es\/alcoy-abraza-a-mateo-vilaplana-blaak-sant-jordiet-2026\/img_3584\/'><img loading=\"lazy\" decoding=\"async\" width=\"980\" height=\"588\" src=\"https:\/\/www.copealcoy.es\/wp-content\/uploads\/2026\/04\/IMG_3584-980x588.jpg\" class=\"attachment-large size-large\" alt=\"\" \/><\/a>\n\t\t\t<\/div><\/figure><figure class='gallery-item'>\n\t\t\t<div class='gallery-icon landscape'>\n\t\t\t\t<a href='https:\/\/www.copealcoy.es\/es\/alcoy-abraza-a-mateo-vilaplana-blaak-sant-jordiet-2026\/img_3587\/'><img loading=\"lazy\" decoding=\"async\" width=\"980\" height=\"588\" src=\"https:\/\/www.copealcoy.es\/wp-content\/uploads\/2026\/04\/IMG_3587-980x588.jpg\" class=\"attachment-large size-large\" alt=\"\" \/><\/a>\n\t\t\t<\/div><\/figure><figure class='gallery-item'>\n\t\t\t<div class='gallery-icon landscape'>\n\t\t\t\t<a href='https:\/\/www.copealcoy.es\/es\/alcoy-abraza-a-mateo-vilaplana-blaak-sant-jordiet-2026\/img_3597\/'><img loading=\"lazy\" decoding=\"async\" width=\"980\" height=\"588\" src=\"https:\/\/www.copealcoy.es\/wp-content\/uploads\/2026\/04\/IMG_3597-980x588.jpg\" class=\"attachment-large size-large\" alt=\"\" \/><\/a>\n\t\t\t<\/div><\/figure><figure class='gallery-item'>\n\t\t\t<div class='gallery-icon landscape'>\n\t\t\t\t<a href='https:\/\/www.copealcoy.es\/es\/alcoy-abraza-a-mateo-vilaplana-blaak-sant-jordiet-2026\/img_3602\/'><img loading=\"lazy\" decoding=\"async\" width=\"980\" height=\"588\" src=\"https:\/\/www.copealcoy.es\/wp-content\/uploads\/2026\/04\/IMG_3602-980x588.jpg\" class=\"attachment-large size-large\" alt=\"\" \/><\/a>\n\t\t\t<\/div><\/figure><figure class='gallery-item'>\n\t\t\t<div class='gallery-icon landscape'>\n\t\t\t\t<a href='https:\/\/www.copealcoy.es\/es\/alcoy-abraza-a-mateo-vilaplana-blaak-sant-jordiet-2026\/img_3640-2\/'><img loading=\"lazy\" decoding=\"async\" width=\"980\" height=\"588\" src=\"https:\/\/www.copealcoy.es\/wp-content\/uploads\/2026\/04\/IMG_3640-1-980x588.jpg\" class=\"attachment-large size-large\" alt=\"\" \/><\/a>\n\t\t\t<\/div><\/figure><figure class='gallery-item'>\n\t\t\t<div class='gallery-icon landscape'>\n\t\t\t\t<a href='https:\/\/www.copealcoy.es\/es\/alcoy-abraza-a-mateo-vilaplana-blaak-sant-jordiet-2026\/0-1-46\/'><img loading=\"lazy\" decoding=\"async\" width=\"980\" height=\"588\" src=\"https:\/\/www.copealcoy.es\/wp-content\/uploads\/2026\/04\/0-1-14-980x588.jpg\" class=\"attachment-large size-large\" alt=\"\" \/><\/a>\n\t\t\t<\/div><\/figure><figure class='gallery-item'>\n\t\t\t<div class='gallery-icon landscape'>\n\t\t\t\t<a href='https:\/\/www.copealcoy.es\/es\/alcoy-abraza-a-mateo-vilaplana-blaak-sant-jordiet-2026\/unnamed-2-254\/'><img loading=\"lazy\" decoding=\"async\" width=\"980\" height=\"588\" src=\"https:\/\/www.copealcoy.es\/wp-content\/uploads\/2026\/04\/unnamed-2-18-980x588.jpg\" class=\"attachment-large size-large\" alt=\"\" \/><\/a>\n\t\t\t<\/div><\/figure><figure class='gallery-item'>\n\t\t\t<div class='gallery-icon landscape'>\n\t\t\t\t<a href='https:\/\/www.copealcoy.es\/es\/alcoy-abraza-a-mateo-vilaplana-blaak-sant-jordiet-2026\/procesion-reliquia-2026\/'><img loading=\"lazy\" decoding=\"async\" width=\"941\" height=\"588\" src=\"https:\/\/www.copealcoy.es\/wp-content\/uploads\/2026\/04\/0-16-941x588.jpg\" class=\"attachment-large size-large\" alt=\"\" \/><\/a>\n\t\t\t<\/div><\/figure>\n\t\t<\/div>\n\n<\/div>\n<\/div>\n<\/div>\n<\/div>\n<\/div>\n<\/div>\n<\/section>\n<\/div>\n","protected":false},"excerpt":{"rendered":"<p>Alcoy\u00a0disfruta del segundo d\u00eda de la trilog\u00eda festera en este domingo 26 de abril y la jornada est\u00e1 reservada para&#8230;<\/p>\n","protected":false},"author":1,"featured_media":166920,"comment_status":"closed","ping_status":"closed","sticky":false,"template":"","format":"standard","meta":{"footnotes":""},"categories":[6909,97,78,75,125],"tags":[1494,565,19701,898,876,461],"class_list":["post-166919","post","type-post","status-publish","format-standard","has-post-thumbnail","hentry","category-actualidad","category-alcoy","category-fiestaycultura","category-noticias","category-portada","tag-alcoy","tag-fiestas","tag-mateo-vilaplana-blaak","tag-moros-y-cristians","tag-san-jorge","tag-sant-jordiet"],"yoast_head":"<!-- This site is optimized with the Yoast SEO plugin v27.3 - https:\/\/yoast.com\/product\/yoast-seo-wordpress\/ -->\n<title>Alcoy abraza a Mateo Vilaplana Blaak, Sant Jordiet 2026 - COPE Alcoy<\/title>\n<meta name=\"description\" content=\"Alcoy abraza a Mateo Vilaplana Blaak, Sant Jordiet 2026\" \/>\n<meta name=\"robots\" content=\"index, follow, max-snippet:-1, max-image-preview:large, max-video-preview:-1\" \/>\n<link rel=\"canonical\" href=\"https:\/\/www.copealcoy.es\/es\/alcoy-abraza-a-mateo-vilaplana-blaak-sant-jordiet-2026\/\" \/>\n<meta property=\"og:locale\" content=\"es_ES\" \/>\n<meta property=\"og:type\" content=\"article\" \/>\n<meta property=\"og:title\" content=\"Alcoy abraza a Mateo Vilaplana Blaak, Sant Jordiet 2026 - COPE Alcoy\" \/>\n<meta property=\"og:description\" content=\"Alcoy abraza a Mateo Vilaplana Blaak, Sant Jordiet 2026\" \/>\n<meta property=\"og:url\" content=\"https:\/\/www.copealcoy.es\/es\/alcoy-abraza-a-mateo-vilaplana-blaak-sant-jordiet-2026\/\" \/>\n<meta property=\"og:site_name\" content=\"COPE Alcoy\" \/>\n<meta property=\"article:published_time\" content=\"2026-04-26T13:44:37+00:00\" \/>\n<meta property=\"article:modified_time\" content=\"2026-04-26T14:11:07+00:00\" \/>\n<meta property=\"og:image\" content=\"https:\/\/www.copealcoy.es\/wp-content\/uploads\/2026\/04\/IMG_3640-scaled.jpg\" \/>\n\t<meta property=\"og:image:width\" content=\"2560\" \/>\n\t<meta property=\"og:image:height\" content=\"1575\" \/>\n\t<meta property=\"og:image:type\" content=\"image\/jpeg\" \/>\n<meta name=\"author\" content=\"Cope Alcoy\" \/>\n<meta name=\"twitter:label1\" content=\"Escrito por\" \/>\n\t<meta name=\"twitter:data1\" content=\"Cope Alcoy\" \/>\n\t<meta name=\"twitter:label2\" content=\"Tiempo de lectura\" \/>\n\t<meta name=\"twitter:data2\" content=\"4 minutos\" \/>\n<script type=\"application\/ld+json\" class=\"yoast-schema-graph\">{\"@context\":\"https:\\\/\\\/schema.org\",\"@graph\":[{\"@type\":\"Article\",\"@id\":\"https:\\\/\\\/www.copealcoy.es\\\/es\\\/alcoy-abraza-a-mateo-vilaplana-blaak-sant-jordiet-2026\\\/#article\",\"isPartOf\":{\"@id\":\"https:\\\/\\\/www.copealcoy.es\\\/es\\\/alcoy-abraza-a-mateo-vilaplana-blaak-sant-jordiet-2026\\\/\"},\"author\":{\"name\":\"Cope Alcoy\",\"@id\":\"https:\\\/\\\/www.copealcoy.es\\\/es\\\/#\\\/schema\\\/person\\\/e777c87fa024e57d40170af9df39882c\"},\"headline\":\"Alcoy abraza a Mateo Vilaplana Blaak, Sant Jordiet 2026\",\"datePublished\":\"2026-04-26T13:44:37+00:00\",\"dateModified\":\"2026-04-26T14:11:07+00:00\",\"mainEntityOfPage\":{\"@id\":\"https:\\\/\\\/www.copealcoy.es\\\/es\\\/alcoy-abraza-a-mateo-vilaplana-blaak-sant-jordiet-2026\\\/\"},\"wordCount\":676,\"image\":{\"@id\":\"https:\\\/\\\/www.copealcoy.es\\\/es\\\/alcoy-abraza-a-mateo-vilaplana-blaak-sant-jordiet-2026\\\/#primaryimage\"},\"thumbnailUrl\":\"https:\\\/\\\/www.copealcoy.es\\\/wp-content\\\/uploads\\\/2026\\\/04\\\/IMG_3640-scaled.jpg\",\"keywords\":[\"Alcoy\",\"Fiestas\",\"Mateo Vilaplana Blaak\",\"Moros y Cristians\",\"San Jorge\",\"Sant Jordiet\"],\"articleSection\":[\"Actualidad\",\"Alcoy\",\"Fiesta y Cultura\",\"Noticias\",\"Portada\"],\"inLanguage\":\"es\"},{\"@type\":\"WebPage\",\"@id\":\"https:\\\/\\\/www.copealcoy.es\\\/es\\\/alcoy-abraza-a-mateo-vilaplana-blaak-sant-jordiet-2026\\\/\",\"url\":\"https:\\\/\\\/www.copealcoy.es\\\/es\\\/alcoy-abraza-a-mateo-vilaplana-blaak-sant-jordiet-2026\\\/\",\"name\":\"Alcoy abraza a Mateo Vilaplana Blaak, Sant Jordiet 2026 - COPE Alcoy\",\"isPartOf\":{\"@id\":\"https:\\\/\\\/www.copealcoy.es\\\/es\\\/#website\"},\"primaryImageOfPage\":{\"@id\":\"https:\\\/\\\/www.copealcoy.es\\\/es\\\/alcoy-abraza-a-mateo-vilaplana-blaak-sant-jordiet-2026\\\/#primaryimage\"},\"image\":{\"@id\":\"https:\\\/\\\/www.copealcoy.es\\\/es\\\/alcoy-abraza-a-mateo-vilaplana-blaak-sant-jordiet-2026\\\/#primaryimage\"},\"thumbnailUrl\":\"https:\\\/\\\/www.copealcoy.es\\\/wp-content\\\/uploads\\\/2026\\\/04\\\/IMG_3640-scaled.jpg\",\"datePublished\":\"2026-04-26T13:44:37+00:00\",\"dateModified\":\"2026-04-26T14:11:07+00:00\",\"author\":{\"@id\":\"https:\\\/\\\/www.copealcoy.es\\\/es\\\/#\\\/schema\\\/person\\\/e777c87fa024e57d40170af9df39882c\"},\"description\":\"Alcoy abraza a Mateo Vilaplana Blaak, Sant Jordiet 2026\",\"breadcrumb\":{\"@id\":\"https:\\\/\\\/www.copealcoy.es\\\/es\\\/alcoy-abraza-a-mateo-vilaplana-blaak-sant-jordiet-2026\\\/#breadcrumb\"},\"inLanguage\":\"es\",\"potentialAction\":[{\"@type\":\"ReadAction\",\"target\":[\"https:\\\/\\\/www.copealcoy.es\\\/es\\\/alcoy-abraza-a-mateo-vilaplana-blaak-sant-jordiet-2026\\\/\"]}]},{\"@type\":\"ImageObject\",\"inLanguage\":\"es\",\"@id\":\"https:\\\/\\\/www.copealcoy.es\\\/es\\\/alcoy-abraza-a-mateo-vilaplana-blaak-sant-jordiet-2026\\\/#primaryimage\",\"url\":\"https:\\\/\\\/www.copealcoy.es\\\/wp-content\\\/uploads\\\/2026\\\/04\\\/IMG_3640-scaled.jpg\",\"contentUrl\":\"https:\\\/\\\/www.copealcoy.es\\\/wp-content\\\/uploads\\\/2026\\\/04\\\/IMG_3640-scaled.jpg\",\"width\":2560,\"height\":1575},{\"@type\":\"BreadcrumbList\",\"@id\":\"https:\\\/\\\/www.copealcoy.es\\\/es\\\/alcoy-abraza-a-mateo-vilaplana-blaak-sant-jordiet-2026\\\/#breadcrumb\",\"itemListElement\":[{\"@type\":\"ListItem\",\"position\":1,\"name\":\"Portada\",\"item\":\"https:\\\/\\\/www.copealcoy.es\\\/es\\\/\"},{\"@type\":\"ListItem\",\"position\":2,\"name\":\"Alcoy abraza a Mateo Vilaplana Blaak, Sant Jordiet 2026\"}]},{\"@type\":\"WebSite\",\"@id\":\"https:\\\/\\\/www.copealcoy.es\\\/es\\\/#website\",\"url\":\"https:\\\/\\\/www.copealcoy.es\\\/es\\\/\",\"name\":\"COPE Alcoy\",\"description\":\"Emisora COPE de radio local con emisi\u00f3n online. Pont de Sant Jordi 8-10 03803 Alcoy\",\"potentialAction\":[{\"@type\":\"SearchAction\",\"target\":{\"@type\":\"EntryPoint\",\"urlTemplate\":\"https:\\\/\\\/www.copealcoy.es\\\/es\\\/?s={search_term_string}\"},\"query-input\":{\"@type\":\"PropertyValueSpecification\",\"valueRequired\":true,\"valueName\":\"search_term_string\"}}],\"inLanguage\":\"es\"},{\"@type\":\"Person\",\"@id\":\"https:\\\/\\\/www.copealcoy.es\\\/es\\\/#\\\/schema\\\/person\\\/e777c87fa024e57d40170af9df39882c\",\"name\":\"Cope Alcoy\",\"image\":{\"@type\":\"ImageObject\",\"inLanguage\":\"es\",\"@id\":\"https:\\\/\\\/secure.gravatar.com\\\/avatar\\\/bb65d0283347e303893ba14f0692005417c1e0e690a325a4c5d8bb2b3943ee14?s=96&d=mm&r=g\",\"url\":\"https:\\\/\\\/secure.gravatar.com\\\/avatar\\\/bb65d0283347e303893ba14f0692005417c1e0e690a325a4c5d8bb2b3943ee14?s=96&d=mm&r=g\",\"contentUrl\":\"https:\\\/\\\/secure.gravatar.com\\\/avatar\\\/bb65d0283347e303893ba14f0692005417c1e0e690a325a4c5d8bb2b3943ee14?s=96&d=mm&r=g\",\"caption\":\"Cope Alcoy\"}}]}<\/script>\n<!-- \/ Yoast SEO plugin. -->","yoast_head_json":{"title":"Alcoy abraza a Mateo Vilaplana Blaak, Sant Jordiet 2026 - COPE Alcoy","description":"Alcoy abraza a Mateo Vilaplana Blaak, Sant Jordiet 2026","robots":{"index":"index","follow":"follow","max-snippet":"max-snippet:-1","max-image-preview":"max-image-preview:large","max-video-preview":"max-video-preview:-1"},"canonical":"https:\/\/www.copealcoy.es\/es\/alcoy-abraza-a-mateo-vilaplana-blaak-sant-jordiet-2026\/","og_locale":"es_ES","og_type":"article","og_title":"Alcoy abraza a Mateo Vilaplana Blaak, Sant Jordiet 2026 - COPE Alcoy","og_description":"Alcoy abraza a Mateo Vilaplana Blaak, Sant Jordiet 2026","og_url":"https:\/\/www.copealcoy.es\/es\/alcoy-abraza-a-mateo-vilaplana-blaak-sant-jordiet-2026\/","og_site_name":"COPE Alcoy","article_published_time":"2026-04-26T13:44:37+00:00","article_modified_time":"2026-04-26T14:11:07+00:00","og_image":[{"width":2560,"height":1575,"url":"https:\/\/www.copealcoy.es\/wp-content\/uploads\/2026\/04\/IMG_3640-scaled.jpg","type":"image\/jpeg"}],"author":"Cope Alcoy","twitter_misc":{"Escrito por":"Cope Alcoy","Tiempo de lectura":"4 minutos"},"schema":{"@context":"https:\/\/schema.org","@graph":[{"@type":"Article","@id":"https:\/\/www.copealcoy.es\/es\/alcoy-abraza-a-mateo-vilaplana-blaak-sant-jordiet-2026\/#article","isPartOf":{"@id":"https:\/\/www.copealcoy.es\/es\/alcoy-abraza-a-mateo-vilaplana-blaak-sant-jordiet-2026\/"},"author":{"name":"Cope Alcoy","@id":"https:\/\/www.copealcoy.es\/es\/#\/schema\/person\/e777c87fa024e57d40170af9df39882c"},"headline":"Alcoy abraza a Mateo Vilaplana Blaak, Sant Jordiet 2026","datePublished":"2026-04-26T13:44:37+00:00","dateModified":"2026-04-26T14:11:07+00:00","mainEntityOfPage":{"@id":"https:\/\/www.copealcoy.es\/es\/alcoy-abraza-a-mateo-vilaplana-blaak-sant-jordiet-2026\/"},"wordCount":676,"image":{"@id":"https:\/\/www.copealcoy.es\/es\/alcoy-abraza-a-mateo-vilaplana-blaak-sant-jordiet-2026\/#primaryimage"},"thumbnailUrl":"https:\/\/www.copealcoy.es\/wp-content\/uploads\/2026\/04\/IMG_3640-scaled.jpg","keywords":["Alcoy","Fiestas","Mateo Vilaplana Blaak","Moros y Cristians","San Jorge","Sant Jordiet"],"articleSection":["Actualidad","Alcoy","Fiesta y Cultura","Noticias","Portada"],"inLanguage":"es"},{"@type":"WebPage","@id":"https:\/\/www.copealcoy.es\/es\/alcoy-abraza-a-mateo-vilaplana-blaak-sant-jordiet-2026\/","url":"https:\/\/www.copealcoy.es\/es\/alcoy-abraza-a-mateo-vilaplana-blaak-sant-jordiet-2026\/","name":"Alcoy abraza a Mateo Vilaplana Blaak, Sant Jordiet 2026 - COPE Alcoy","isPartOf":{"@id":"https:\/\/www.copealcoy.es\/es\/#website"},"primaryImageOfPage":{"@id":"https:\/\/www.copealcoy.es\/es\/alcoy-abraza-a-mateo-vilaplana-blaak-sant-jordiet-2026\/#primaryimage"},"image":{"@id":"https:\/\/www.copealcoy.es\/es\/alcoy-abraza-a-mateo-vilaplana-blaak-sant-jordiet-2026\/#primaryimage"},"thumbnailUrl":"https:\/\/www.copealcoy.es\/wp-content\/uploads\/2026\/04\/IMG_3640-scaled.jpg","datePublished":"2026-04-26T13:44:37+00:00","dateModified":"2026-04-26T14:11:07+00:00","author":{"@id":"https:\/\/www.copealcoy.es\/es\/#\/schema\/person\/e777c87fa024e57d40170af9df39882c"},"description":"Alcoy abraza a Mateo Vilaplana Blaak, Sant Jordiet 2026","breadcrumb":{"@id":"https:\/\/www.copealcoy.es\/es\/alcoy-abraza-a-mateo-vilaplana-blaak-sant-jordiet-2026\/#breadcrumb"},"inLanguage":"es","potentialAction":[{"@type":"ReadAction","target":["https:\/\/www.copealcoy.es\/es\/alcoy-abraza-a-mateo-vilaplana-blaak-sant-jordiet-2026\/"]}]},{"@type":"ImageObject","inLanguage":"es","@id":"https:\/\/www.copealcoy.es\/es\/alcoy-abraza-a-mateo-vilaplana-blaak-sant-jordiet-2026\/#primaryimage","url":"https:\/\/www.copealcoy.es\/wp-content\/uploads\/2026\/04\/IMG_3640-scaled.jpg","contentUrl":"https:\/\/www.copealcoy.es\/wp-content\/uploads\/2026\/04\/IMG_3640-scaled.jpg","width":2560,"height":1575},{"@type":"BreadcrumbList","@id":"https:\/\/www.copealcoy.es\/es\/alcoy-abraza-a-mateo-vilaplana-blaak-sant-jordiet-2026\/#breadcrumb","itemListElement":[{"@type":"ListItem","position":1,"name":"Portada","item":"https:\/\/www.copealcoy.es\/es\/"},{"@type":"ListItem","position":2,"name":"Alcoy abraza a Mateo Vilaplana Blaak, Sant Jordiet 2026"}]},{"@type":"WebSite","@id":"https:\/\/www.copealcoy.es\/es\/#website","url":"https:\/\/www.copealcoy.es\/es\/","name":"COPE Alcoy","description":"Emisora COPE de radio local con emisi\u00f3n online. Pont de Sant Jordi 8-10 03803 Alcoy","potentialAction":[{"@type":"SearchAction","target":{"@type":"EntryPoint","urlTemplate":"https:\/\/www.copealcoy.es\/es\/?s={search_term_string}"},"query-input":{"@type":"PropertyValueSpecification","valueRequired":true,"valueName":"search_term_string"}}],"inLanguage":"es"},{"@type":"Person","@id":"https:\/\/www.copealcoy.es\/es\/#\/schema\/person\/e777c87fa024e57d40170af9df39882c","name":"Cope Alcoy","image":{"@type":"ImageObject","inLanguage":"es","@id":"https:\/\/secure.gravatar.com\/avatar\/bb65d0283347e303893ba14f0692005417c1e0e690a325a4c5d8bb2b3943ee14?s=96&d=mm&r=g","url":"https:\/\/secure.gravatar.com\/avatar\/bb65d0283347e303893ba14f0692005417c1e0e690a325a4c5d8bb2b3943ee14?s=96&d=mm&r=g","contentUrl":"https:\/\/secure.gravatar.com\/avatar\/bb65d0283347e303893ba14f0692005417c1e0e690a325a4c5d8bb2b3943ee14?s=96&d=mm&r=g","caption":"Cope Alcoy"}}]}},"_links":{"self":[{"href":"https:\/\/www.copealcoy.es\/es\/wp-json\/wp\/v2\/posts\/166919","targetHints":{"allow":["GET"]}}],"collection":[{"href":"https:\/\/www.copealcoy.es\/es\/wp-json\/wp\/v2\/posts"}],"about":[{"href":"https:\/\/www.copealcoy.es\/es\/wp-json\/wp\/v2\/types\/post"}],"author":[{"embeddable":true,"href":"https:\/\/www.copealcoy.es\/es\/wp-json\/wp\/v2\/users\/1"}],"replies":[{"embeddable":true,"href":"https:\/\/www.copealcoy.es\/es\/wp-json\/wp\/v2\/comments?post=166919"}],"version-history":[{"count":4,"href":"https:\/\/www.copealcoy.es\/es\/wp-json\/wp\/v2\/posts\/166919\/revisions"}],"predecessor-version":[{"id":166949,"href":"https:\/\/www.copealcoy.es\/es\/wp-json\/wp\/v2\/posts\/166919\/revisions\/166949"}],"wp:featuredmedia":[{"embeddable":true,"href":"https:\/\/www.copealcoy.es\/es\/wp-json\/wp\/v2\/media\/166920"}],"wp:attachment":[{"href":"https:\/\/www.copealcoy.es\/es\/wp-json\/wp\/v2\/media?parent=166919"}],"wp:term":[{"taxonomy":"category","embeddable":true,"href":"https:\/\/www.copealcoy.es\/es\/wp-json\/wp\/v2\/categories?post=166919"},{"taxonomy":"post_tag","embeddable":true,"href":"https:\/\/www.copealcoy.es\/es\/wp-json\/wp\/v2\/tags?post=166919"}],"curies":[{"name":"wp","href":"https:\/\/api.w.org\/{rel}","templated":true}]}}