{"id":166912,"date":"2026-04-26T08:40:35","date_gmt":"2026-04-26T07:40:35","guid":{"rendered":"https:\/\/www.copealcoy.es\/?p=166912"},"modified":"2026-04-26T08:41:00","modified_gmt":"2026-04-26T07:41:00","slug":"mateo-vilaplana-blaak-sant-jordiet-2026-me-hace-mucha-ilusion-lanzar-las-flechas","status":"publish","type":"post","link":"https:\/\/www.copealcoy.es\/es\/mateo-vilaplana-blaak-sant-jordiet-2026-me-hace-mucha-ilusion-lanzar-las-flechas\/","title":{"rendered":"Mateo Vilaplana Blaak, Sant Jordiet 2026: &#8220;me hace mucha ilusi\u00f3n lanzar las flechas&#8221;"},"content":{"rendered":"<p style=\"text-align: justify;\" data-start=\"200\" data-end=\"669\"><strong data-start=\"200\" data-end=\"209\">Alcoy<\/strong>\u00a0se adentra hoy en la <strong data-start=\"231\" data-end=\"250\">segunda jornada<\/strong> de <a href=\"https:\/\/www.asjordi.org\/\" target=\"_blank\" rel=\"noopener\"><span style=\"color: #0000ff;\"><strong>su trilog\u00eda festera<\/strong><\/span><\/a>, un d\u00eda marcado especialmente por los <strong data-start=\"316\" data-end=\"336\">actos religiosos<\/strong> en honor a <strong data-start=\"348\" data-end=\"361\">San Jorge<\/strong>, <strong data-start=\"363\" data-end=\"386\">patr\u00f3n de la ciudad<\/strong>. Tras la espectacularidad de las <strong data-start=\"420\" data-end=\"432\" data-is-only-node=\"\">Entradas<\/strong>, la fiesta adopta un car\u00e1cter m\u00e1s <strong data-start=\"467\" data-end=\"478\">solemne<\/strong> en el que la <strong data-start=\"492\" data-end=\"504\">devoci\u00f3n<\/strong>, la <strong data-start=\"509\" data-end=\"522\">tradici\u00f3n<\/strong> y la <strong data-start=\"528\" data-end=\"539\">emoci\u00f3n<\/strong> toman el protagonismo a trav\u00e9s de <strong data-start=\"574\" data-end=\"589\">procesiones<\/strong>, <strong data-start=\"591\" data-end=\"603\">ofrendas<\/strong> y <strong data-start=\"606\" data-end=\"634\">celebraciones lit\u00fargicas<\/strong> que llenan las calles de ambiente.<\/p>\n<p style=\"text-align: justify;\" data-start=\"671\" data-end=\"945\">Pero si hay una figura que centra todas las miradas en esta jornada es la de <strong data-start=\"748\" data-end=\"764\">Sant Jordiet<\/strong>, encarnada este a\u00f1o por el peque\u00f1o <strong data-start=\"800\" data-end=\"825\">Mateo Vilaplana Blaak<\/strong>, quien se convierte en el gran protagonista de uno de los d\u00edas m\u00e1s especiales de las <strong data-start=\"911\" data-end=\"944\">Fiestas de Moros y Cristianos<\/strong>. Mateo, festero de la <strong data-start=\"968\" data-end=\"982\">Fil\u00e0 Llana<\/strong>, ha cumplido recientemente <strong data-start=\"1010\" data-end=\"1024\">nueve a\u00f1os<\/strong> y presenta una singularidad que lo hace a\u00fan m\u00e1s especial. Aunque lleva a <strong data-start=\"1098\" data-end=\"1107\">Alcoi<\/strong> en la sangre por herencia paterna, reside actualmente en <strong data-start=\"1165\" data-end=\"1206\"><span class=\"hover:entity-accent entity-underline inline cursor-pointer align-baseline\"><span class=\"whitespace-normal\">Londres<\/span><\/span><\/strong>, en un pa\u00eds como <strong data-start=\"1224\" data-end=\"1265\"><span class=\"hover:entity-accent entity-underline inline cursor-pointer align-baseline\"><span class=\"whitespace-normal\">Inglaterra<\/span><\/span><\/strong> donde, curiosamente, <strong data-start=\"1287\" data-end=\"1300\">San Jorge<\/strong> tambi\u00e9n es patr\u00f3n. El ni\u00f1o se declara amante del <strong data-start=\"1353\" data-end=\"1363\">f\u00fatbol<\/strong>, con especial simpat\u00eda por el <strong data-start=\"1394\" data-end=\"1435\"><span class=\"hover:entity-accent entity-underline inline cursor-pointer align-baseline\"><span class=\"whitespace-normal\">Real Madrid<\/span><\/span><\/strong>, el <strong data-start=\"1440\" data-end=\"1481\"><span class=\"hover:entity-accent entity-underline inline cursor-pointer align-baseline\"><span class=\"whitespace-normal\">Arsenal<\/span><\/span><\/strong> y el <strong data-start=\"1487\" data-end=\"1528\"><span class=\"hover:entity-accent entity-underline inline cursor-pointer align-baseline\"><span class=\"whitespace-normal\">CD Alcoyano<\/span><\/span><\/strong>. En el \u00e1mbito escolar, su asignatura preferida es <strong data-start=\"1579\" data-end=\"1599\">Educaci\u00f3n F\u00edsica<\/strong>, tal y como explic\u00f3 durante el programa especial de <strong data-start=\"1652\" data-end=\"1666\">COPE ALCOY<\/strong> dedicado a <strong data-start=\"1678\" data-end=\"1691\">San Jorge<\/strong>, emitido el pasado <strong data-start=\"1711\" data-end=\"1726\">23 de abril<\/strong> desde el <strong data-start=\"1736\" data-end=\"1757\">templo del patr\u00f3n<\/strong>. Para Mateo, estas fiestas tienen un significado \u00fanico, ya que ejerce como <strong data-start=\"1834\" data-end=\"1850\">Sant Jordiet<\/strong> en el a\u00f1o en que se conmemora el <strong data-start=\"1884\" data-end=\"1931\">750 aniversario del patronazgo de San Jorge<\/strong>. Y tiene muy claro cu\u00e1l es el momento que espera con mayor ilusi\u00f3n: <em>\u201csubir al caballo y tirar las flechas desde arriba\u201d<\/em>, comenta entre risas y con un <strong data-start=\"2086\" data-end=\"2106\">perfecto espa\u00f1ol<\/strong>.<\/p>\n<p style=\"text-align: justify;\" data-start=\"2109\" data-end=\"2528\" data-is-last-node=\"\" data-is-only-node=\"\">Sus padres, <strong data-start=\"2121\" data-end=\"2139\">Rafa Vilaplana<\/strong> y <strong data-start=\"2142\" data-end=\"2157\">Mar\u00eda Blaak<\/strong>, lo acompa\u00f1an en esta experiencia junto a su hermana peque\u00f1a <strong data-start=\"2219\" data-end=\"2229\">Olivia<\/strong>, arrop\u00e1ndolo en cada instante de esta vivencia inolvidable. Tambi\u00e9n lo hace toda la <strong data-start=\"2314\" data-end=\"2328\">Fil\u00e0 Llana<\/strong>, que vuelve a ostentar la figura de <strong data-start=\"2365\" data-end=\"2381\">Sant Jordiet<\/strong> despu\u00e9s de m\u00e1s de <strong data-start=\"2400\" data-end=\"2418\">cincuenta a\u00f1os<\/strong>, sumando as\u00ed un componente a\u00fan m\u00e1s <strong data-start=\"2454\" data-end=\"2465\">emotivo<\/strong> a esta jornada tan se\u00f1alada dentro de la <strong data-start=\"2507\" data-end=\"2527\">trilog\u00eda festera<\/strong>.<\/p>\n","protected":false},"excerpt":{"rendered":"<p>Alcoy\u00a0se adentra hoy en la segunda jornada de su trilog\u00eda festera, un d\u00eda marcado especialmente por los actos religiosos en&#8230;<\/p>\n","protected":false},"author":1,"featured_media":166673,"comment_status":"closed","ping_status":"closed","sticky":false,"template":"","format":"standard","meta":{"footnotes":""},"categories":[6909,97,78,75,125],"tags":[1494,565,19701,609,876,461],"class_list":["post-166912","post","type-post","status-publish","format-standard","has-post-thumbnail","hentry","category-actualidad","category-alcoy","category-fiestaycultura","category-noticias","category-portada","tag-alcoy","tag-fiestas","tag-mateo-vilaplana-blaak","tag-moros-y-cristianos","tag-san-jorge","tag-sant-jordiet"],"yoast_head":"<!-- This site is optimized with the Yoast SEO plugin v27.3 - https:\/\/yoast.com\/product\/yoast-seo-wordpress\/ -->\n<title>Mateo Vilaplana Blaak, Sant Jordiet 2026: &quot;me hace mucha ilusi\u00f3n lanzar las flechas&quot; - COPE Alcoy<\/title>\n<meta name=\"description\" content=\"Mateo Vilaplana Blaak, Sant Jordit 2026: &quot;me hace mucha ilusi\u00f3n lanzar las flechas&quot;\" \/>\n<meta name=\"robots\" content=\"index, follow, max-snippet:-1, max-image-preview:large, max-video-preview:-1\" \/>\n<link rel=\"canonical\" href=\"https:\/\/www.copealcoy.es\/es\/mateo-vilaplana-blaak-sant-jordiet-2026-me-hace-mucha-ilusion-lanzar-las-flechas\/\" \/>\n<meta property=\"og:locale\" content=\"es_ES\" \/>\n<meta property=\"og:type\" content=\"article\" \/>\n<meta property=\"og:title\" content=\"Mateo Vilaplana Blaak, Sant Jordiet 2026: &quot;me hace mucha ilusi\u00f3n lanzar las flechas&quot; - COPE Alcoy\" \/>\n<meta property=\"og:description\" content=\"Mateo Vilaplana Blaak, Sant Jordit 2026: &quot;me hace mucha ilusi\u00f3n lanzar las flechas&quot;\" \/>\n<meta property=\"og:url\" content=\"https:\/\/www.copealcoy.es\/es\/mateo-vilaplana-blaak-sant-jordiet-2026-me-hace-mucha-ilusion-lanzar-las-flechas\/\" \/>\n<meta property=\"og:site_name\" content=\"COPE Alcoy\" \/>\n<meta property=\"article:published_time\" content=\"2026-04-26T07:40:35+00:00\" \/>\n<meta property=\"article:modified_time\" content=\"2026-04-26T07:41:00+00:00\" \/>\n<meta property=\"og:image\" content=\"https:\/\/www.copealcoy.es\/wp-content\/uploads\/2026\/04\/0-3-5.jpg\" \/>\n\t<meta property=\"og:image:width\" content=\"1073\" \/>\n\t<meta property=\"og:image:height\" content=\"717\" \/>\n\t<meta property=\"og:image:type\" content=\"image\/jpeg\" \/>\n<meta name=\"author\" content=\"Cope Alcoy\" \/>\n<meta name=\"twitter:label1\" content=\"Escrito por\" \/>\n\t<meta name=\"twitter:data1\" content=\"Cope Alcoy\" \/>\n\t<meta name=\"twitter:label2\" content=\"Tiempo de lectura\" \/>\n\t<meta name=\"twitter:data2\" content=\"3 minutos\" \/>\n<script type=\"application\/ld+json\" class=\"yoast-schema-graph\">{\"@context\":\"https:\\\/\\\/schema.org\",\"@graph\":[{\"@type\":\"Article\",\"@id\":\"https:\\\/\\\/www.copealcoy.es\\\/es\\\/mateo-vilaplana-blaak-sant-jordiet-2026-me-hace-mucha-ilusion-lanzar-las-flechas\\\/#article\",\"isPartOf\":{\"@id\":\"https:\\\/\\\/www.copealcoy.es\\\/es\\\/mateo-vilaplana-blaak-sant-jordiet-2026-me-hace-mucha-ilusion-lanzar-las-flechas\\\/\"},\"author\":{\"name\":\"Cope Alcoy\",\"@id\":\"https:\\\/\\\/www.copealcoy.es\\\/es\\\/#\\\/schema\\\/person\\\/e777c87fa024e57d40170af9df39882c\"},\"headline\":\"Mateo Vilaplana Blaak, Sant Jordiet 2026: &#8220;me hace mucha ilusi\u00f3n lanzar las flechas&#8221;\",\"datePublished\":\"2026-04-26T07:40:35+00:00\",\"dateModified\":\"2026-04-26T07:41:00+00:00\",\"mainEntityOfPage\":{\"@id\":\"https:\\\/\\\/www.copealcoy.es\\\/es\\\/mateo-vilaplana-blaak-sant-jordiet-2026-me-hace-mucha-ilusion-lanzar-las-flechas\\\/\"},\"wordCount\":397,\"image\":{\"@id\":\"https:\\\/\\\/www.copealcoy.es\\\/es\\\/mateo-vilaplana-blaak-sant-jordiet-2026-me-hace-mucha-ilusion-lanzar-las-flechas\\\/#primaryimage\"},\"thumbnailUrl\":\"https:\\\/\\\/www.copealcoy.es\\\/wp-content\\\/uploads\\\/2026\\\/04\\\/0-3-5.jpg\",\"keywords\":[\"Alcoy\",\"Fiestas\",\"Mateo Vilaplana Blaak\",\"Moros Y Cristianos\",\"San Jorge\",\"Sant Jordiet\"],\"articleSection\":[\"Actualidad\",\"Alcoy\",\"Fiesta y Cultura\",\"Noticias\",\"Portada\"],\"inLanguage\":\"es\"},{\"@type\":\"WebPage\",\"@id\":\"https:\\\/\\\/www.copealcoy.es\\\/es\\\/mateo-vilaplana-blaak-sant-jordiet-2026-me-hace-mucha-ilusion-lanzar-las-flechas\\\/\",\"url\":\"https:\\\/\\\/www.copealcoy.es\\\/es\\\/mateo-vilaplana-blaak-sant-jordiet-2026-me-hace-mucha-ilusion-lanzar-las-flechas\\\/\",\"name\":\"Mateo Vilaplana Blaak, Sant Jordiet 2026: \\\"me hace mucha ilusi\u00f3n lanzar las flechas\\\" - COPE Alcoy\",\"isPartOf\":{\"@id\":\"https:\\\/\\\/www.copealcoy.es\\\/es\\\/#website\"},\"primaryImageOfPage\":{\"@id\":\"https:\\\/\\\/www.copealcoy.es\\\/es\\\/mateo-vilaplana-blaak-sant-jordiet-2026-me-hace-mucha-ilusion-lanzar-las-flechas\\\/#primaryimage\"},\"image\":{\"@id\":\"https:\\\/\\\/www.copealcoy.es\\\/es\\\/mateo-vilaplana-blaak-sant-jordiet-2026-me-hace-mucha-ilusion-lanzar-las-flechas\\\/#primaryimage\"},\"thumbnailUrl\":\"https:\\\/\\\/www.copealcoy.es\\\/wp-content\\\/uploads\\\/2026\\\/04\\\/0-3-5.jpg\",\"datePublished\":\"2026-04-26T07:40:35+00:00\",\"dateModified\":\"2026-04-26T07:41:00+00:00\",\"author\":{\"@id\":\"https:\\\/\\\/www.copealcoy.es\\\/es\\\/#\\\/schema\\\/person\\\/e777c87fa024e57d40170af9df39882c\"},\"description\":\"Mateo Vilaplana Blaak, Sant Jordit 2026: \\\"me hace mucha ilusi\u00f3n lanzar las flechas\\\"\",\"breadcrumb\":{\"@id\":\"https:\\\/\\\/www.copealcoy.es\\\/es\\\/mateo-vilaplana-blaak-sant-jordiet-2026-me-hace-mucha-ilusion-lanzar-las-flechas\\\/#breadcrumb\"},\"inLanguage\":\"es\",\"potentialAction\":[{\"@type\":\"ReadAction\",\"target\":[\"https:\\\/\\\/www.copealcoy.es\\\/es\\\/mateo-vilaplana-blaak-sant-jordiet-2026-me-hace-mucha-ilusion-lanzar-las-flechas\\\/\"]}]},{\"@type\":\"ImageObject\",\"inLanguage\":\"es\",\"@id\":\"https:\\\/\\\/www.copealcoy.es\\\/es\\\/mateo-vilaplana-blaak-sant-jordiet-2026-me-hace-mucha-ilusion-lanzar-las-flechas\\\/#primaryimage\",\"url\":\"https:\\\/\\\/www.copealcoy.es\\\/wp-content\\\/uploads\\\/2026\\\/04\\\/0-3-5.jpg\",\"contentUrl\":\"https:\\\/\\\/www.copealcoy.es\\\/wp-content\\\/uploads\\\/2026\\\/04\\\/0-3-5.jpg\",\"width\":1073,\"height\":717},{\"@type\":\"BreadcrumbList\",\"@id\":\"https:\\\/\\\/www.copealcoy.es\\\/es\\\/mateo-vilaplana-blaak-sant-jordiet-2026-me-hace-mucha-ilusion-lanzar-las-flechas\\\/#breadcrumb\",\"itemListElement\":[{\"@type\":\"ListItem\",\"position\":1,\"name\":\"Portada\",\"item\":\"https:\\\/\\\/www.copealcoy.es\\\/es\\\/\"},{\"@type\":\"ListItem\",\"position\":2,\"name\":\"Mateo Vilaplana Blaak, Sant Jordiet 2026: &#8220;me hace mucha ilusi\u00f3n lanzar las flechas&#8221;\"}]},{\"@type\":\"WebSite\",\"@id\":\"https:\\\/\\\/www.copealcoy.es\\\/es\\\/#website\",\"url\":\"https:\\\/\\\/www.copealcoy.es\\\/es\\\/\",\"name\":\"COPE Alcoy\",\"description\":\"Emisora COPE de radio local con emisi\u00f3n online. Pont de Sant Jordi 8-10 03803 Alcoy\",\"potentialAction\":[{\"@type\":\"SearchAction\",\"target\":{\"@type\":\"EntryPoint\",\"urlTemplate\":\"https:\\\/\\\/www.copealcoy.es\\\/es\\\/?s={search_term_string}\"},\"query-input\":{\"@type\":\"PropertyValueSpecification\",\"valueRequired\":true,\"valueName\":\"search_term_string\"}}],\"inLanguage\":\"es\"},{\"@type\":\"Person\",\"@id\":\"https:\\\/\\\/www.copealcoy.es\\\/es\\\/#\\\/schema\\\/person\\\/e777c87fa024e57d40170af9df39882c\",\"name\":\"Cope Alcoy\",\"image\":{\"@type\":\"ImageObject\",\"inLanguage\":\"es\",\"@id\":\"https:\\\/\\\/secure.gravatar.com\\\/avatar\\\/bb65d0283347e303893ba14f0692005417c1e0e690a325a4c5d8bb2b3943ee14?s=96&d=mm&r=g\",\"url\":\"https:\\\/\\\/secure.gravatar.com\\\/avatar\\\/bb65d0283347e303893ba14f0692005417c1e0e690a325a4c5d8bb2b3943ee14?s=96&d=mm&r=g\",\"contentUrl\":\"https:\\\/\\\/secure.gravatar.com\\\/avatar\\\/bb65d0283347e303893ba14f0692005417c1e0e690a325a4c5d8bb2b3943ee14?s=96&d=mm&r=g\",\"caption\":\"Cope Alcoy\"}}]}<\/script>\n<!-- \/ Yoast SEO plugin. -->","yoast_head_json":{"title":"Mateo Vilaplana Blaak, Sant Jordiet 2026: \"me hace mucha ilusi\u00f3n lanzar las flechas\" - COPE Alcoy","description":"Mateo Vilaplana Blaak, Sant Jordit 2026: \"me hace mucha ilusi\u00f3n lanzar las flechas\"","robots":{"index":"index","follow":"follow","max-snippet":"max-snippet:-1","max-image-preview":"max-image-preview:large","max-video-preview":"max-video-preview:-1"},"canonical":"https:\/\/www.copealcoy.es\/es\/mateo-vilaplana-blaak-sant-jordiet-2026-me-hace-mucha-ilusion-lanzar-las-flechas\/","og_locale":"es_ES","og_type":"article","og_title":"Mateo Vilaplana Blaak, Sant Jordiet 2026: \"me hace mucha ilusi\u00f3n lanzar las flechas\" - COPE Alcoy","og_description":"Mateo Vilaplana Blaak, Sant Jordit 2026: \"me hace mucha ilusi\u00f3n lanzar las flechas\"","og_url":"https:\/\/www.copealcoy.es\/es\/mateo-vilaplana-blaak-sant-jordiet-2026-me-hace-mucha-ilusion-lanzar-las-flechas\/","og_site_name":"COPE Alcoy","article_published_time":"2026-04-26T07:40:35+00:00","article_modified_time":"2026-04-26T07:41:00+00:00","og_image":[{"width":1073,"height":717,"url":"https:\/\/www.copealcoy.es\/wp-content\/uploads\/2026\/04\/0-3-5.jpg","type":"image\/jpeg"}],"author":"Cope Alcoy","twitter_misc":{"Escrito por":"Cope Alcoy","Tiempo de lectura":"3 minutos"},"schema":{"@context":"https:\/\/schema.org","@graph":[{"@type":"Article","@id":"https:\/\/www.copealcoy.es\/es\/mateo-vilaplana-blaak-sant-jordiet-2026-me-hace-mucha-ilusion-lanzar-las-flechas\/#article","isPartOf":{"@id":"https:\/\/www.copealcoy.es\/es\/mateo-vilaplana-blaak-sant-jordiet-2026-me-hace-mucha-ilusion-lanzar-las-flechas\/"},"author":{"name":"Cope Alcoy","@id":"https:\/\/www.copealcoy.es\/es\/#\/schema\/person\/e777c87fa024e57d40170af9df39882c"},"headline":"Mateo Vilaplana Blaak, Sant Jordiet 2026: &#8220;me hace mucha ilusi\u00f3n lanzar las flechas&#8221;","datePublished":"2026-04-26T07:40:35+00:00","dateModified":"2026-04-26T07:41:00+00:00","mainEntityOfPage":{"@id":"https:\/\/www.copealcoy.es\/es\/mateo-vilaplana-blaak-sant-jordiet-2026-me-hace-mucha-ilusion-lanzar-las-flechas\/"},"wordCount":397,"image":{"@id":"https:\/\/www.copealcoy.es\/es\/mateo-vilaplana-blaak-sant-jordiet-2026-me-hace-mucha-ilusion-lanzar-las-flechas\/#primaryimage"},"thumbnailUrl":"https:\/\/www.copealcoy.es\/wp-content\/uploads\/2026\/04\/0-3-5.jpg","keywords":["Alcoy","Fiestas","Mateo Vilaplana Blaak","Moros Y Cristianos","San Jorge","Sant Jordiet"],"articleSection":["Actualidad","Alcoy","Fiesta y Cultura","Noticias","Portada"],"inLanguage":"es"},{"@type":"WebPage","@id":"https:\/\/www.copealcoy.es\/es\/mateo-vilaplana-blaak-sant-jordiet-2026-me-hace-mucha-ilusion-lanzar-las-flechas\/","url":"https:\/\/www.copealcoy.es\/es\/mateo-vilaplana-blaak-sant-jordiet-2026-me-hace-mucha-ilusion-lanzar-las-flechas\/","name":"Mateo Vilaplana Blaak, Sant Jordiet 2026: \"me hace mucha ilusi\u00f3n lanzar las flechas\" - COPE Alcoy","isPartOf":{"@id":"https:\/\/www.copealcoy.es\/es\/#website"},"primaryImageOfPage":{"@id":"https:\/\/www.copealcoy.es\/es\/mateo-vilaplana-blaak-sant-jordiet-2026-me-hace-mucha-ilusion-lanzar-las-flechas\/#primaryimage"},"image":{"@id":"https:\/\/www.copealcoy.es\/es\/mateo-vilaplana-blaak-sant-jordiet-2026-me-hace-mucha-ilusion-lanzar-las-flechas\/#primaryimage"},"thumbnailUrl":"https:\/\/www.copealcoy.es\/wp-content\/uploads\/2026\/04\/0-3-5.jpg","datePublished":"2026-04-26T07:40:35+00:00","dateModified":"2026-04-26T07:41:00+00:00","author":{"@id":"https:\/\/www.copealcoy.es\/es\/#\/schema\/person\/e777c87fa024e57d40170af9df39882c"},"description":"Mateo Vilaplana Blaak, Sant Jordit 2026: \"me hace mucha ilusi\u00f3n lanzar las flechas\"","breadcrumb":{"@id":"https:\/\/www.copealcoy.es\/es\/mateo-vilaplana-blaak-sant-jordiet-2026-me-hace-mucha-ilusion-lanzar-las-flechas\/#breadcrumb"},"inLanguage":"es","potentialAction":[{"@type":"ReadAction","target":["https:\/\/www.copealcoy.es\/es\/mateo-vilaplana-blaak-sant-jordiet-2026-me-hace-mucha-ilusion-lanzar-las-flechas\/"]}]},{"@type":"ImageObject","inLanguage":"es","@id":"https:\/\/www.copealcoy.es\/es\/mateo-vilaplana-blaak-sant-jordiet-2026-me-hace-mucha-ilusion-lanzar-las-flechas\/#primaryimage","url":"https:\/\/www.copealcoy.es\/wp-content\/uploads\/2026\/04\/0-3-5.jpg","contentUrl":"https:\/\/www.copealcoy.es\/wp-content\/uploads\/2026\/04\/0-3-5.jpg","width":1073,"height":717},{"@type":"BreadcrumbList","@id":"https:\/\/www.copealcoy.es\/es\/mateo-vilaplana-blaak-sant-jordiet-2026-me-hace-mucha-ilusion-lanzar-las-flechas\/#breadcrumb","itemListElement":[{"@type":"ListItem","position":1,"name":"Portada","item":"https:\/\/www.copealcoy.es\/es\/"},{"@type":"ListItem","position":2,"name":"Mateo Vilaplana Blaak, Sant Jordiet 2026: &#8220;me hace mucha ilusi\u00f3n lanzar las flechas&#8221;"}]},{"@type":"WebSite","@id":"https:\/\/www.copealcoy.es\/es\/#website","url":"https:\/\/www.copealcoy.es\/es\/","name":"COPE Alcoy","description":"Emisora COPE de radio local con emisi\u00f3n online. Pont de Sant Jordi 8-10 03803 Alcoy","potentialAction":[{"@type":"SearchAction","target":{"@type":"EntryPoint","urlTemplate":"https:\/\/www.copealcoy.es\/es\/?s={search_term_string}"},"query-input":{"@type":"PropertyValueSpecification","valueRequired":true,"valueName":"search_term_string"}}],"inLanguage":"es"},{"@type":"Person","@id":"https:\/\/www.copealcoy.es\/es\/#\/schema\/person\/e777c87fa024e57d40170af9df39882c","name":"Cope Alcoy","image":{"@type":"ImageObject","inLanguage":"es","@id":"https:\/\/secure.gravatar.com\/avatar\/bb65d0283347e303893ba14f0692005417c1e0e690a325a4c5d8bb2b3943ee14?s=96&d=mm&r=g","url":"https:\/\/secure.gravatar.com\/avatar\/bb65d0283347e303893ba14f0692005417c1e0e690a325a4c5d8bb2b3943ee14?s=96&d=mm&r=g","contentUrl":"https:\/\/secure.gravatar.com\/avatar\/bb65d0283347e303893ba14f0692005417c1e0e690a325a4c5d8bb2b3943ee14?s=96&d=mm&r=g","caption":"Cope Alcoy"}}]}},"_links":{"self":[{"href":"https:\/\/www.copealcoy.es\/es\/wp-json\/wp\/v2\/posts\/166912","targetHints":{"allow":["GET"]}}],"collection":[{"href":"https:\/\/www.copealcoy.es\/es\/wp-json\/wp\/v2\/posts"}],"about":[{"href":"https:\/\/www.copealcoy.es\/es\/wp-json\/wp\/v2\/types\/post"}],"author":[{"embeddable":true,"href":"https:\/\/www.copealcoy.es\/es\/wp-json\/wp\/v2\/users\/1"}],"replies":[{"embeddable":true,"href":"https:\/\/www.copealcoy.es\/es\/wp-json\/wp\/v2\/comments?post=166912"}],"version-history":[{"count":2,"href":"https:\/\/www.copealcoy.es\/es\/wp-json\/wp\/v2\/posts\/166912\/revisions"}],"predecessor-version":[{"id":166916,"href":"https:\/\/www.copealcoy.es\/es\/wp-json\/wp\/v2\/posts\/166912\/revisions\/166916"}],"wp:featuredmedia":[{"embeddable":true,"href":"https:\/\/www.copealcoy.es\/es\/wp-json\/wp\/v2\/media\/166673"}],"wp:attachment":[{"href":"https:\/\/www.copealcoy.es\/es\/wp-json\/wp\/v2\/media?parent=166912"}],"wp:term":[{"taxonomy":"category","embeddable":true,"href":"https:\/\/www.copealcoy.es\/es\/wp-json\/wp\/v2\/categories?post=166912"},{"taxonomy":"post_tag","embeddable":true,"href":"https:\/\/www.copealcoy.es\/es\/wp-json\/wp\/v2\/tags?post=166912"}],"curies":[{"name":"wp","href":"https:\/\/api.w.org\/{rel}","templated":true}]}}