{"id":16638,"date":"2015-10-23T21:13:07","date_gmt":"2015-10-23T21:13:07","guid":{"rendered":"http:\/\/copealcoi.es\/new\/?p=16638"},"modified":"2015-10-23T21:13:07","modified_gmt":"2015-10-23T21:13:07","slug":"la-diputacion-hace-balance-de-los-primeros-cien-dias-de-gobierno","status":"publish","type":"post","link":"https:\/\/www.copealcoy.es\/es\/la-diputacion-hace-balance-de-los-primeros-cien-dias-de-gobierno\/","title":{"rendered":"La Diputaci\u00f3n hace balance de los primeros cien d\u00edas de gobierno"},"content":{"rendered":"<p style=\"text-align: justify;\">La Diputaci\u00f3n Provincial de Alicante ha hecho balance de los primeros cien d\u00edas de gobierno y ha asegurado que en este periodo de tiempo se han puesto en marcha diversas iniciativas, principalmente\u00a0enfocadas al bienestar de las personas, y se han sentado las bases para impulsar otras de calado social, cultural, econ\u00f3mico, sostenible y de regeneraci\u00f3n democr\u00e1tica.<\/p>\n<p style=\"text-align: justify;\">El presidente del ente, C\u00e9sar S\u00e1nchez, se ha referido a\u00a0la puesta en marcha de un ambicioso\u00a0programa de ayudas sociales\u00a0dotado con m\u00e1s de 800.000 euros, la propuesta de\u00a0plantar un mill\u00f3n de \u00e1rboles\u00a0o el compromiso de\u00a0excluir a los pol\u00edticos de las Mesas de Contrataci\u00f3n\u00a0y de\u00a0limitar a dos los mandatos\u00a0en la instituci\u00f3n, en las capitales de provincia y en municipios de m\u00e1s de 50.000 habitantes son s\u00f3lo algunas de las l\u00edneas de trabajo que marcan la agenda provincial. Adem\u00e1s ha calificado este inicio de legislatura de muy intenso &#8220;nuestras herramientas de di\u00e1logo, consenso y moderaci\u00f3n nos han permitido alcanzar nuestro principal cometido, acuerdos que permitan el bienestar de todos los alicantinos y tenemos una hoja de ruta clara para desarrollar numerosas pol\u00edticas de acci\u00f3n social, a las que ya hemos destinado m\u00e1s de 3 millones de euros en lo que va de legislatura\u201d, explica.<\/p>\n<p style=\"text-align: justify;\">Por otra parte se han destacado otras acciones de gobierno como el desarrollo de la\u00a0Mesa por la Solidaridad y la Cooperaci\u00f3n, que integrar\u00e1 a agentes sociales a trav\u00e9s de mesas t\u00e9cnicas de trabajo, la defensa del Medio Ambiente, la implantaci\u00f3n de una\u00a0Oficina Provincial para la captaci\u00f3n de Fondos Europeos, el impulso de becas o las pol\u00edticas de regeneraci\u00f3n democr\u00e1tica.<\/p>\n<p style=\"text-align: justify;\">Finalmente, C\u00e9sar S\u00e1nchez ha avanzado su intenci\u00f3n de\u00a0seguir con la ronda de visitas\u00a0por los municipios de todas las comarcas alicantinas, como ya est\u00e1n haciendo los diputados provinciales, para articular acciones que atiendan las necesidades de los consistorios y para conseguir que los ciudadanos tengan las mismas oportunidades en cualquiera de las 141 localidades de la provincia.<\/p>\n","protected":false},"excerpt":{"rendered":"<p>La Diputaci\u00f3n Provincial de Alicante ha hecho balance de los primeros cien d\u00edas de gobierno y ha asegurado que en&#8230;<\/p>\n","protected":false},"author":1,"featured_media":16639,"comment_status":"open","ping_status":"open","sticky":false,"template":"","format":"standard","meta":{"footnotes":""},"categories":[98,75],"tags":[269,430,234,217],"class_list":["post-16638","post","type-post","status-publish","format-standard","has-post-thumbnail","hentry","category-comarcas","category-noticias","tag-alicante","tag-balance","tag-diputacion","tag-gobierno"],"yoast_head":"<!-- This site is optimized with the Yoast SEO plugin v27.3 - https:\/\/yoast.com\/product\/yoast-seo-wordpress\/ -->\n<title>La Diputaci\u00f3n hace balance de los primeros cien d\u00edas de gobierno - COPE Alcoy<\/title>\n<meta name=\"robots\" content=\"index, follow, max-snippet:-1, max-image-preview:large, max-video-preview:-1\" \/>\n<link rel=\"canonical\" href=\"https:\/\/www.copealcoy.es\/es\/la-diputacion-hace-balance-de-los-primeros-cien-dias-de-gobierno\/\" \/>\n<meta property=\"og:locale\" content=\"es_ES\" \/>\n<meta property=\"og:type\" content=\"article\" \/>\n<meta property=\"og:title\" content=\"La Diputaci\u00f3n hace balance de los primeros cien d\u00edas de gobierno - COPE Alcoy\" \/>\n<meta property=\"og:description\" content=\"La Diputaci\u00f3n Provincial de Alicante ha hecho balance de los primeros cien d\u00edas de gobierno y ha asegurado que en...\" \/>\n<meta property=\"og:url\" content=\"https:\/\/www.copealcoy.es\/es\/la-diputacion-hace-balance-de-los-primeros-cien-dias-de-gobierno\/\" \/>\n<meta property=\"og:site_name\" content=\"COPE Alcoy\" \/>\n<meta property=\"article:published_time\" content=\"2015-10-23T21:13:07+00:00\" \/>\n<meta property=\"og:image\" content=\"https:\/\/www.copealcoy.es\/wp-content\/uploads\/2015\/10\/102115_R.P_100_dias_de_gobierno_02_20151022025945.jpg\" \/>\n\t<meta property=\"og:image:width\" content=\"1024\" \/>\n\t<meta property=\"og:image:height\" content=\"363\" \/>\n\t<meta property=\"og:image:type\" content=\"image\/jpeg\" \/>\n<meta name=\"author\" content=\"Cope Alcoy\" \/>\n<meta name=\"twitter:label1\" content=\"Escrito por\" \/>\n\t<meta name=\"twitter:data1\" content=\"Cope Alcoy\" \/>\n\t<meta name=\"twitter:label2\" content=\"Tiempo de lectura\" \/>\n\t<meta name=\"twitter:data2\" content=\"2 minutos\" \/>\n<script type=\"application\/ld+json\" class=\"yoast-schema-graph\">{\"@context\":\"https:\\\/\\\/schema.org\",\"@graph\":[{\"@type\":\"Article\",\"@id\":\"https:\\\/\\\/www.copealcoy.es\\\/es\\\/la-diputacion-hace-balance-de-los-primeros-cien-dias-de-gobierno\\\/#article\",\"isPartOf\":{\"@id\":\"https:\\\/\\\/www.copealcoy.es\\\/es\\\/la-diputacion-hace-balance-de-los-primeros-cien-dias-de-gobierno\\\/\"},\"author\":{\"name\":\"Cope Alcoy\",\"@id\":\"https:\\\/\\\/www.copealcoy.es\\\/es\\\/#\\\/schema\\\/person\\\/e777c87fa024e57d40170af9df39882c\"},\"headline\":\"La Diputaci\u00f3n hace balance de los primeros cien d\u00edas de gobierno\",\"datePublished\":\"2015-10-23T21:13:07+00:00\",\"mainEntityOfPage\":{\"@id\":\"https:\\\/\\\/www.copealcoy.es\\\/es\\\/la-diputacion-hace-balance-de-los-primeros-cien-dias-de-gobierno\\\/\"},\"wordCount\":368,\"commentCount\":0,\"image\":{\"@id\":\"https:\\\/\\\/www.copealcoy.es\\\/es\\\/la-diputacion-hace-balance-de-los-primeros-cien-dias-de-gobierno\\\/#primaryimage\"},\"thumbnailUrl\":\"https:\\\/\\\/www.copealcoy.es\\\/wp-content\\\/uploads\\\/2015\\\/10\\\/102115_R.P_100_dias_de_gobierno_02_20151022025945.jpg\",\"keywords\":[\"Alicante\",\"Balance\",\"Diputaci\u00f3n\",\"Gobierno\"],\"articleSection\":[\"Comarcas\",\"Noticias\"],\"inLanguage\":\"es\"},{\"@type\":\"WebPage\",\"@id\":\"https:\\\/\\\/www.copealcoy.es\\\/es\\\/la-diputacion-hace-balance-de-los-primeros-cien-dias-de-gobierno\\\/\",\"url\":\"https:\\\/\\\/www.copealcoy.es\\\/es\\\/la-diputacion-hace-balance-de-los-primeros-cien-dias-de-gobierno\\\/\",\"name\":\"La Diputaci\u00f3n hace balance de los primeros cien d\u00edas de gobierno - COPE Alcoy\",\"isPartOf\":{\"@id\":\"https:\\\/\\\/www.copealcoy.es\\\/es\\\/#website\"},\"primaryImageOfPage\":{\"@id\":\"https:\\\/\\\/www.copealcoy.es\\\/es\\\/la-diputacion-hace-balance-de-los-primeros-cien-dias-de-gobierno\\\/#primaryimage\"},\"image\":{\"@id\":\"https:\\\/\\\/www.copealcoy.es\\\/es\\\/la-diputacion-hace-balance-de-los-primeros-cien-dias-de-gobierno\\\/#primaryimage\"},\"thumbnailUrl\":\"https:\\\/\\\/www.copealcoy.es\\\/wp-content\\\/uploads\\\/2015\\\/10\\\/102115_R.P_100_dias_de_gobierno_02_20151022025945.jpg\",\"datePublished\":\"2015-10-23T21:13:07+00:00\",\"author\":{\"@id\":\"https:\\\/\\\/www.copealcoy.es\\\/es\\\/#\\\/schema\\\/person\\\/e777c87fa024e57d40170af9df39882c\"},\"breadcrumb\":{\"@id\":\"https:\\\/\\\/www.copealcoy.es\\\/es\\\/la-diputacion-hace-balance-de-los-primeros-cien-dias-de-gobierno\\\/#breadcrumb\"},\"inLanguage\":\"es\",\"potentialAction\":[{\"@type\":\"ReadAction\",\"target\":[\"https:\\\/\\\/www.copealcoy.es\\\/es\\\/la-diputacion-hace-balance-de-los-primeros-cien-dias-de-gobierno\\\/\"]}]},{\"@type\":\"ImageObject\",\"inLanguage\":\"es\",\"@id\":\"https:\\\/\\\/www.copealcoy.es\\\/es\\\/la-diputacion-hace-balance-de-los-primeros-cien-dias-de-gobierno\\\/#primaryimage\",\"url\":\"https:\\\/\\\/www.copealcoy.es\\\/wp-content\\\/uploads\\\/2015\\\/10\\\/102115_R.P_100_dias_de_gobierno_02_20151022025945.jpg\",\"contentUrl\":\"https:\\\/\\\/www.copealcoy.es\\\/wp-content\\\/uploads\\\/2015\\\/10\\\/102115_R.P_100_dias_de_gobierno_02_20151022025945.jpg\",\"width\":1024,\"height\":363},{\"@type\":\"BreadcrumbList\",\"@id\":\"https:\\\/\\\/www.copealcoy.es\\\/es\\\/la-diputacion-hace-balance-de-los-primeros-cien-dias-de-gobierno\\\/#breadcrumb\",\"itemListElement\":[{\"@type\":\"ListItem\",\"position\":1,\"name\":\"Portada\",\"item\":\"https:\\\/\\\/www.copealcoy.es\\\/es\\\/\"},{\"@type\":\"ListItem\",\"position\":2,\"name\":\"La Diputaci\u00f3n hace balance de los primeros cien d\u00edas de gobierno\"}]},{\"@type\":\"WebSite\",\"@id\":\"https:\\\/\\\/www.copealcoy.es\\\/es\\\/#website\",\"url\":\"https:\\\/\\\/www.copealcoy.es\\\/es\\\/\",\"name\":\"COPE Alcoy\",\"description\":\"Emisora COPE de radio local con emisi\u00f3n online. Pont de Sant Jordi 8-10 03803 Alcoy\",\"potentialAction\":[{\"@type\":\"SearchAction\",\"target\":{\"@type\":\"EntryPoint\",\"urlTemplate\":\"https:\\\/\\\/www.copealcoy.es\\\/es\\\/?s={search_term_string}\"},\"query-input\":{\"@type\":\"PropertyValueSpecification\",\"valueRequired\":true,\"valueName\":\"search_term_string\"}}],\"inLanguage\":\"es\"},{\"@type\":\"Person\",\"@id\":\"https:\\\/\\\/www.copealcoy.es\\\/es\\\/#\\\/schema\\\/person\\\/e777c87fa024e57d40170af9df39882c\",\"name\":\"Cope Alcoy\",\"image\":{\"@type\":\"ImageObject\",\"inLanguage\":\"es\",\"@id\":\"https:\\\/\\\/secure.gravatar.com\\\/avatar\\\/bb65d0283347e303893ba14f0692005417c1e0e690a325a4c5d8bb2b3943ee14?s=96&d=mm&r=g\",\"url\":\"https:\\\/\\\/secure.gravatar.com\\\/avatar\\\/bb65d0283347e303893ba14f0692005417c1e0e690a325a4c5d8bb2b3943ee14?s=96&d=mm&r=g\",\"contentUrl\":\"https:\\\/\\\/secure.gravatar.com\\\/avatar\\\/bb65d0283347e303893ba14f0692005417c1e0e690a325a4c5d8bb2b3943ee14?s=96&d=mm&r=g\",\"caption\":\"Cope Alcoy\"}}]}<\/script>\n<!-- \/ Yoast SEO plugin. -->","yoast_head_json":{"title":"La Diputaci\u00f3n hace balance de los primeros cien d\u00edas de gobierno - COPE Alcoy","robots":{"index":"index","follow":"follow","max-snippet":"max-snippet:-1","max-image-preview":"max-image-preview:large","max-video-preview":"max-video-preview:-1"},"canonical":"https:\/\/www.copealcoy.es\/es\/la-diputacion-hace-balance-de-los-primeros-cien-dias-de-gobierno\/","og_locale":"es_ES","og_type":"article","og_title":"La Diputaci\u00f3n hace balance de los primeros cien d\u00edas de gobierno - COPE Alcoy","og_description":"La Diputaci\u00f3n Provincial de Alicante ha hecho balance de los primeros cien d\u00edas de gobierno y ha asegurado que en...","og_url":"https:\/\/www.copealcoy.es\/es\/la-diputacion-hace-balance-de-los-primeros-cien-dias-de-gobierno\/","og_site_name":"COPE Alcoy","article_published_time":"2015-10-23T21:13:07+00:00","og_image":[{"width":1024,"height":363,"url":"https:\/\/www.copealcoy.es\/wp-content\/uploads\/2015\/10\/102115_R.P_100_dias_de_gobierno_02_20151022025945.jpg","type":"image\/jpeg"}],"author":"Cope Alcoy","twitter_misc":{"Escrito por":"Cope Alcoy","Tiempo de lectura":"2 minutos"},"schema":{"@context":"https:\/\/schema.org","@graph":[{"@type":"Article","@id":"https:\/\/www.copealcoy.es\/es\/la-diputacion-hace-balance-de-los-primeros-cien-dias-de-gobierno\/#article","isPartOf":{"@id":"https:\/\/www.copealcoy.es\/es\/la-diputacion-hace-balance-de-los-primeros-cien-dias-de-gobierno\/"},"author":{"name":"Cope Alcoy","@id":"https:\/\/www.copealcoy.es\/es\/#\/schema\/person\/e777c87fa024e57d40170af9df39882c"},"headline":"La Diputaci\u00f3n hace balance de los primeros cien d\u00edas de gobierno","datePublished":"2015-10-23T21:13:07+00:00","mainEntityOfPage":{"@id":"https:\/\/www.copealcoy.es\/es\/la-diputacion-hace-balance-de-los-primeros-cien-dias-de-gobierno\/"},"wordCount":368,"commentCount":0,"image":{"@id":"https:\/\/www.copealcoy.es\/es\/la-diputacion-hace-balance-de-los-primeros-cien-dias-de-gobierno\/#primaryimage"},"thumbnailUrl":"https:\/\/www.copealcoy.es\/wp-content\/uploads\/2015\/10\/102115_R.P_100_dias_de_gobierno_02_20151022025945.jpg","keywords":["Alicante","Balance","Diputaci\u00f3n","Gobierno"],"articleSection":["Comarcas","Noticias"],"inLanguage":"es"},{"@type":"WebPage","@id":"https:\/\/www.copealcoy.es\/es\/la-diputacion-hace-balance-de-los-primeros-cien-dias-de-gobierno\/","url":"https:\/\/www.copealcoy.es\/es\/la-diputacion-hace-balance-de-los-primeros-cien-dias-de-gobierno\/","name":"La Diputaci\u00f3n hace balance de los primeros cien d\u00edas de gobierno - COPE Alcoy","isPartOf":{"@id":"https:\/\/www.copealcoy.es\/es\/#website"},"primaryImageOfPage":{"@id":"https:\/\/www.copealcoy.es\/es\/la-diputacion-hace-balance-de-los-primeros-cien-dias-de-gobierno\/#primaryimage"},"image":{"@id":"https:\/\/www.copealcoy.es\/es\/la-diputacion-hace-balance-de-los-primeros-cien-dias-de-gobierno\/#primaryimage"},"thumbnailUrl":"https:\/\/www.copealcoy.es\/wp-content\/uploads\/2015\/10\/102115_R.P_100_dias_de_gobierno_02_20151022025945.jpg","datePublished":"2015-10-23T21:13:07+00:00","author":{"@id":"https:\/\/www.copealcoy.es\/es\/#\/schema\/person\/e777c87fa024e57d40170af9df39882c"},"breadcrumb":{"@id":"https:\/\/www.copealcoy.es\/es\/la-diputacion-hace-balance-de-los-primeros-cien-dias-de-gobierno\/#breadcrumb"},"inLanguage":"es","potentialAction":[{"@type":"ReadAction","target":["https:\/\/www.copealcoy.es\/es\/la-diputacion-hace-balance-de-los-primeros-cien-dias-de-gobierno\/"]}]},{"@type":"ImageObject","inLanguage":"es","@id":"https:\/\/www.copealcoy.es\/es\/la-diputacion-hace-balance-de-los-primeros-cien-dias-de-gobierno\/#primaryimage","url":"https:\/\/www.copealcoy.es\/wp-content\/uploads\/2015\/10\/102115_R.P_100_dias_de_gobierno_02_20151022025945.jpg","contentUrl":"https:\/\/www.copealcoy.es\/wp-content\/uploads\/2015\/10\/102115_R.P_100_dias_de_gobierno_02_20151022025945.jpg","width":1024,"height":363},{"@type":"BreadcrumbList","@id":"https:\/\/www.copealcoy.es\/es\/la-diputacion-hace-balance-de-los-primeros-cien-dias-de-gobierno\/#breadcrumb","itemListElement":[{"@type":"ListItem","position":1,"name":"Portada","item":"https:\/\/www.copealcoy.es\/es\/"},{"@type":"ListItem","position":2,"name":"La Diputaci\u00f3n hace balance de los primeros cien d\u00edas de gobierno"}]},{"@type":"WebSite","@id":"https:\/\/www.copealcoy.es\/es\/#website","url":"https:\/\/www.copealcoy.es\/es\/","name":"COPE Alcoy","description":"Emisora COPE de radio local con emisi\u00f3n online. Pont de Sant Jordi 8-10 03803 Alcoy","potentialAction":[{"@type":"SearchAction","target":{"@type":"EntryPoint","urlTemplate":"https:\/\/www.copealcoy.es\/es\/?s={search_term_string}"},"query-input":{"@type":"PropertyValueSpecification","valueRequired":true,"valueName":"search_term_string"}}],"inLanguage":"es"},{"@type":"Person","@id":"https:\/\/www.copealcoy.es\/es\/#\/schema\/person\/e777c87fa024e57d40170af9df39882c","name":"Cope Alcoy","image":{"@type":"ImageObject","inLanguage":"es","@id":"https:\/\/secure.gravatar.com\/avatar\/bb65d0283347e303893ba14f0692005417c1e0e690a325a4c5d8bb2b3943ee14?s=96&d=mm&r=g","url":"https:\/\/secure.gravatar.com\/avatar\/bb65d0283347e303893ba14f0692005417c1e0e690a325a4c5d8bb2b3943ee14?s=96&d=mm&r=g","contentUrl":"https:\/\/secure.gravatar.com\/avatar\/bb65d0283347e303893ba14f0692005417c1e0e690a325a4c5d8bb2b3943ee14?s=96&d=mm&r=g","caption":"Cope Alcoy"}}]}},"_links":{"self":[{"href":"https:\/\/www.copealcoy.es\/es\/wp-json\/wp\/v2\/posts\/16638","targetHints":{"allow":["GET"]}}],"collection":[{"href":"https:\/\/www.copealcoy.es\/es\/wp-json\/wp\/v2\/posts"}],"about":[{"href":"https:\/\/www.copealcoy.es\/es\/wp-json\/wp\/v2\/types\/post"}],"author":[{"embeddable":true,"href":"https:\/\/www.copealcoy.es\/es\/wp-json\/wp\/v2\/users\/1"}],"replies":[{"embeddable":true,"href":"https:\/\/www.copealcoy.es\/es\/wp-json\/wp\/v2\/comments?post=16638"}],"version-history":[{"count":0,"href":"https:\/\/www.copealcoy.es\/es\/wp-json\/wp\/v2\/posts\/16638\/revisions"}],"wp:featuredmedia":[{"embeddable":true,"href":"https:\/\/www.copealcoy.es\/es\/wp-json\/wp\/v2\/media\/16639"}],"wp:attachment":[{"href":"https:\/\/www.copealcoy.es\/es\/wp-json\/wp\/v2\/media?parent=16638"}],"wp:term":[{"taxonomy":"category","embeddable":true,"href":"https:\/\/www.copealcoy.es\/es\/wp-json\/wp\/v2\/categories?post=16638"},{"taxonomy":"post_tag","embeddable":true,"href":"https:\/\/www.copealcoy.es\/es\/wp-json\/wp\/v2\/tags?post=16638"}],"curies":[{"name":"wp","href":"https:\/\/api.w.org\/{rel}","templated":true}]}}