{"id":16627,"date":"2015-10-22T21:24:10","date_gmt":"2015-10-22T21:24:10","guid":{"rendered":"http:\/\/copealcoi.es\/new\/?p=16627"},"modified":"2015-10-23T21:17:31","modified_gmt":"2015-10-23T21:17:31","slug":"cocentaina-denuncia-al-auxiliar-de-caja-por-presunta-sustraccion-de-fondos-publicos","status":"publish","type":"post","link":"https:\/\/www.copealcoy.es\/es\/cocentaina-denuncia-al-auxiliar-de-caja-por-presunta-sustraccion-de-fondos-publicos\/","title":{"rendered":"Cocentaina denuncia al auxiliar de caja por presunta sustracci\u00f3n de fondos p\u00fablicos"},"content":{"rendered":"<p style=\"text-align: justify;\">El Ayuntamiento de Cocentaina ha apartado de sus funciones y ha denunciado ante la Fiscal\u00eda al auxiliar de caja del Consistorio por presuntas irregularidades en la gesti\u00f3n contable que han derivado en la sustracci\u00f3n de fondos p\u00fablicos municipales. El edil de Hacienda, Marcos Castell\u00f3, ha comparecido en rueda de prensa en la tarde de este jueves para explicar los hechos y ha detallado que la situaci\u00f3n an\u00f3mala fue detectada por la responsable de Tesorer\u00eda a principios del mes de octubre al mismo tiempo que\u00a0ha apuntado que el dinero sustra\u00eddo es en efectivo &#8220;a partir de ese momento el Departamento de Hacienda inici\u00f3 las investigaciones, \u00a0abri\u00f3 el correspondiente expediente y esta persona fue suspendida de empleo inmediatamente&#8221;, indica. Adem\u00e1s Castell\u00f3 ha a\u00f1adido que por medio de un Decreto de Alcald\u00eda se ha derivado el caso a la Fiscal\u00eda y ha recordado que el presunto ladr\u00f3n &#8220;sigue cobrando un salario por ser funcionario que en el caso de ser declarado culpable tendr\u00e1 que devolver a partir del primer d\u00eda que fue cesado de sus responsabilidades&#8221;, concluye.<\/p>\n<p style=\"text-align: justify;\">Por su parte la alcaldesa de la Villa Condal, Mireia Estepa, ha dejado claro que la Corporaci\u00f3n trabajar\u00e1 para garantizar la m\u00e1xima transparencia en la administraci\u00f3n local y ha hecho un llamamiento a la tranquilidad &#8220;pedimos a todos los vecinos que est\u00e9n tranquilos porque se ha actuado en consecuencia y se est\u00e1n dando todos los pasos oportunos para llegar hasta el final en este asunto&#8221;, a\u00f1ade.<\/p>\n<p style=\"text-align: justify;\">Indicar que tanto el concejal como la primera edil han matizado que por el momento no se pueden cuantificar las cantidades ni tampoco el tiempo que se llevan cometiendo estas supuestas irregularidades. El auxiliar de caja, seg\u00fan ha podido saber Cope Alcoy, ha estado\u00a0m\u00e1s de treinta a\u00f1os trabajando en el Ayuntamiento desempe\u00f1ando varias funciones hasta asumir este cargo.<\/p>\n<p style=\"text-align: justify;\">\n","protected":false},"excerpt":{"rendered":"<p>El Ayuntamiento de Cocentaina ha apartado de sus funciones y ha denunciado ante la Fiscal\u00eda al auxiliar de caja del&#8230;<\/p>\n","protected":false},"author":1,"featured_media":16628,"comment_status":"open","ping_status":"open","sticky":false,"template":"","format":"standard","meta":{"footnotes":""},"categories":[98,75,125],"tags":[1537,132,1461,1538],"class_list":["post-16627","post","type-post","status-publish","format-standard","has-post-thumbnail","hentry","category-comarcas","category-noticias","category-portada","tag-auxiliar-caja","tag-cocentaina","tag-denuncia","tag-sustraccion-fondos"],"yoast_head":"<!-- This site is optimized with the Yoast SEO plugin v27.3 - https:\/\/yoast.com\/product\/yoast-seo-wordpress\/ -->\n<title>Cocentaina denuncia al auxiliar de caja por presunta sustracci\u00f3n de fondos p\u00fablicos - COPE Alcoy<\/title>\n<meta name=\"robots\" content=\"index, follow, max-snippet:-1, max-image-preview:large, max-video-preview:-1\" \/>\n<link rel=\"canonical\" href=\"https:\/\/www.copealcoy.es\/es\/cocentaina-denuncia-al-auxiliar-de-caja-por-presunta-sustraccion-de-fondos-publicos\/\" \/>\n<meta property=\"og:locale\" content=\"es_ES\" \/>\n<meta property=\"og:type\" content=\"article\" \/>\n<meta property=\"og:title\" content=\"Cocentaina denuncia al auxiliar de caja por presunta sustracci\u00f3n de fondos p\u00fablicos - COPE Alcoy\" \/>\n<meta property=\"og:description\" content=\"El Ayuntamiento de Cocentaina ha apartado de sus funciones y ha denunciado ante la Fiscal\u00eda al auxiliar de caja del...\" \/>\n<meta property=\"og:url\" content=\"https:\/\/www.copealcoy.es\/es\/cocentaina-denuncia-al-auxiliar-de-caja-por-presunta-sustraccion-de-fondos-publicos\/\" \/>\n<meta property=\"og:site_name\" content=\"COPE Alcoy\" \/>\n<meta property=\"article:published_time\" content=\"2015-10-22T21:24:10+00:00\" \/>\n<meta property=\"article:modified_time\" content=\"2015-10-23T21:17:31+00:00\" \/>\n<meta property=\"og:image\" content=\"https:\/\/www.copealcoy.es\/wp-content\/uploads\/2015\/10\/DSC01002.jpg\" \/>\n\t<meta property=\"og:image:width\" content=\"2409\" \/>\n\t<meta property=\"og:image:height\" content=\"1807\" \/>\n\t<meta property=\"og:image:type\" content=\"image\/jpeg\" \/>\n<meta name=\"author\" content=\"Cope Alcoy\" \/>\n<meta name=\"twitter:label1\" content=\"Escrito por\" \/>\n\t<meta name=\"twitter:data1\" content=\"Cope Alcoy\" \/>\n\t<meta name=\"twitter:label2\" content=\"Tiempo de lectura\" \/>\n\t<meta name=\"twitter:data2\" content=\"2 minutos\" \/>\n<script type=\"application\/ld+json\" class=\"yoast-schema-graph\">{\"@context\":\"https:\\\/\\\/schema.org\",\"@graph\":[{\"@type\":\"Article\",\"@id\":\"https:\\\/\\\/www.copealcoy.es\\\/es\\\/cocentaina-denuncia-al-auxiliar-de-caja-por-presunta-sustraccion-de-fondos-publicos\\\/#article\",\"isPartOf\":{\"@id\":\"https:\\\/\\\/www.copealcoy.es\\\/es\\\/cocentaina-denuncia-al-auxiliar-de-caja-por-presunta-sustraccion-de-fondos-publicos\\\/\"},\"author\":{\"name\":\"Cope Alcoy\",\"@id\":\"https:\\\/\\\/www.copealcoy.es\\\/es\\\/#\\\/schema\\\/person\\\/e777c87fa024e57d40170af9df39882c\"},\"headline\":\"Cocentaina denuncia al auxiliar de caja por presunta sustracci\u00f3n de fondos p\u00fablicos\",\"datePublished\":\"2015-10-22T21:24:10+00:00\",\"dateModified\":\"2015-10-23T21:17:31+00:00\",\"mainEntityOfPage\":{\"@id\":\"https:\\\/\\\/www.copealcoy.es\\\/es\\\/cocentaina-denuncia-al-auxiliar-de-caja-por-presunta-sustraccion-de-fondos-publicos\\\/\"},\"wordCount\":338,\"commentCount\":0,\"image\":{\"@id\":\"https:\\\/\\\/www.copealcoy.es\\\/es\\\/cocentaina-denuncia-al-auxiliar-de-caja-por-presunta-sustraccion-de-fondos-publicos\\\/#primaryimage\"},\"thumbnailUrl\":\"https:\\\/\\\/www.copealcoy.es\\\/wp-content\\\/uploads\\\/2015\\\/10\\\/DSC01002.jpg\",\"keywords\":[\"Auxiliar Caja\",\"Cocentaina\",\"Denuncia\",\"Sustracci\u00f3n Fondos\"],\"articleSection\":[\"Comarcas\",\"Noticias\",\"Portada\"],\"inLanguage\":\"es\"},{\"@type\":\"WebPage\",\"@id\":\"https:\\\/\\\/www.copealcoy.es\\\/es\\\/cocentaina-denuncia-al-auxiliar-de-caja-por-presunta-sustraccion-de-fondos-publicos\\\/\",\"url\":\"https:\\\/\\\/www.copealcoy.es\\\/es\\\/cocentaina-denuncia-al-auxiliar-de-caja-por-presunta-sustraccion-de-fondos-publicos\\\/\",\"name\":\"Cocentaina denuncia al auxiliar de caja por presunta sustracci\u00f3n de fondos p\u00fablicos - COPE Alcoy\",\"isPartOf\":{\"@id\":\"https:\\\/\\\/www.copealcoy.es\\\/es\\\/#website\"},\"primaryImageOfPage\":{\"@id\":\"https:\\\/\\\/www.copealcoy.es\\\/es\\\/cocentaina-denuncia-al-auxiliar-de-caja-por-presunta-sustraccion-de-fondos-publicos\\\/#primaryimage\"},\"image\":{\"@id\":\"https:\\\/\\\/www.copealcoy.es\\\/es\\\/cocentaina-denuncia-al-auxiliar-de-caja-por-presunta-sustraccion-de-fondos-publicos\\\/#primaryimage\"},\"thumbnailUrl\":\"https:\\\/\\\/www.copealcoy.es\\\/wp-content\\\/uploads\\\/2015\\\/10\\\/DSC01002.jpg\",\"datePublished\":\"2015-10-22T21:24:10+00:00\",\"dateModified\":\"2015-10-23T21:17:31+00:00\",\"author\":{\"@id\":\"https:\\\/\\\/www.copealcoy.es\\\/es\\\/#\\\/schema\\\/person\\\/e777c87fa024e57d40170af9df39882c\"},\"breadcrumb\":{\"@id\":\"https:\\\/\\\/www.copealcoy.es\\\/es\\\/cocentaina-denuncia-al-auxiliar-de-caja-por-presunta-sustraccion-de-fondos-publicos\\\/#breadcrumb\"},\"inLanguage\":\"es\",\"potentialAction\":[{\"@type\":\"ReadAction\",\"target\":[\"https:\\\/\\\/www.copealcoy.es\\\/es\\\/cocentaina-denuncia-al-auxiliar-de-caja-por-presunta-sustraccion-de-fondos-publicos\\\/\"]}]},{\"@type\":\"ImageObject\",\"inLanguage\":\"es\",\"@id\":\"https:\\\/\\\/www.copealcoy.es\\\/es\\\/cocentaina-denuncia-al-auxiliar-de-caja-por-presunta-sustraccion-de-fondos-publicos\\\/#primaryimage\",\"url\":\"https:\\\/\\\/www.copealcoy.es\\\/wp-content\\\/uploads\\\/2015\\\/10\\\/DSC01002.jpg\",\"contentUrl\":\"https:\\\/\\\/www.copealcoy.es\\\/wp-content\\\/uploads\\\/2015\\\/10\\\/DSC01002.jpg\",\"width\":2409,\"height\":1807,\"caption\":\"Mireia Estepa y Marcos Castell\u00f3 compareciendo en rueda de prensa \\\/ Foto: Gabriel Pascual\"},{\"@type\":\"BreadcrumbList\",\"@id\":\"https:\\\/\\\/www.copealcoy.es\\\/es\\\/cocentaina-denuncia-al-auxiliar-de-caja-por-presunta-sustraccion-de-fondos-publicos\\\/#breadcrumb\",\"itemListElement\":[{\"@type\":\"ListItem\",\"position\":1,\"name\":\"Portada\",\"item\":\"https:\\\/\\\/www.copealcoy.es\\\/es\\\/\"},{\"@type\":\"ListItem\",\"position\":2,\"name\":\"Cocentaina denuncia al auxiliar de caja por presunta sustracci\u00f3n de fondos p\u00fablicos\"}]},{\"@type\":\"WebSite\",\"@id\":\"https:\\\/\\\/www.copealcoy.es\\\/es\\\/#website\",\"url\":\"https:\\\/\\\/www.copealcoy.es\\\/es\\\/\",\"name\":\"COPE Alcoy\",\"description\":\"Emisora COPE de radio local con emisi\u00f3n online. Pont de Sant Jordi 8-10 03803 Alcoy\",\"potentialAction\":[{\"@type\":\"SearchAction\",\"target\":{\"@type\":\"EntryPoint\",\"urlTemplate\":\"https:\\\/\\\/www.copealcoy.es\\\/es\\\/?s={search_term_string}\"},\"query-input\":{\"@type\":\"PropertyValueSpecification\",\"valueRequired\":true,\"valueName\":\"search_term_string\"}}],\"inLanguage\":\"es\"},{\"@type\":\"Person\",\"@id\":\"https:\\\/\\\/www.copealcoy.es\\\/es\\\/#\\\/schema\\\/person\\\/e777c87fa024e57d40170af9df39882c\",\"name\":\"Cope Alcoy\",\"image\":{\"@type\":\"ImageObject\",\"inLanguage\":\"es\",\"@id\":\"https:\\\/\\\/secure.gravatar.com\\\/avatar\\\/bb65d0283347e303893ba14f0692005417c1e0e690a325a4c5d8bb2b3943ee14?s=96&d=mm&r=g\",\"url\":\"https:\\\/\\\/secure.gravatar.com\\\/avatar\\\/bb65d0283347e303893ba14f0692005417c1e0e690a325a4c5d8bb2b3943ee14?s=96&d=mm&r=g\",\"contentUrl\":\"https:\\\/\\\/secure.gravatar.com\\\/avatar\\\/bb65d0283347e303893ba14f0692005417c1e0e690a325a4c5d8bb2b3943ee14?s=96&d=mm&r=g\",\"caption\":\"Cope Alcoy\"}}]}<\/script>\n<!-- \/ Yoast SEO plugin. -->","yoast_head_json":{"title":"Cocentaina denuncia al auxiliar de caja por presunta sustracci\u00f3n de fondos p\u00fablicos - COPE Alcoy","robots":{"index":"index","follow":"follow","max-snippet":"max-snippet:-1","max-image-preview":"max-image-preview:large","max-video-preview":"max-video-preview:-1"},"canonical":"https:\/\/www.copealcoy.es\/es\/cocentaina-denuncia-al-auxiliar-de-caja-por-presunta-sustraccion-de-fondos-publicos\/","og_locale":"es_ES","og_type":"article","og_title":"Cocentaina denuncia al auxiliar de caja por presunta sustracci\u00f3n de fondos p\u00fablicos - COPE Alcoy","og_description":"El Ayuntamiento de Cocentaina ha apartado de sus funciones y ha denunciado ante la Fiscal\u00eda al auxiliar de caja del...","og_url":"https:\/\/www.copealcoy.es\/es\/cocentaina-denuncia-al-auxiliar-de-caja-por-presunta-sustraccion-de-fondos-publicos\/","og_site_name":"COPE Alcoy","article_published_time":"2015-10-22T21:24:10+00:00","article_modified_time":"2015-10-23T21:17:31+00:00","og_image":[{"width":2409,"height":1807,"url":"https:\/\/www.copealcoy.es\/wp-content\/uploads\/2015\/10\/DSC01002.jpg","type":"image\/jpeg"}],"author":"Cope Alcoy","twitter_misc":{"Escrito por":"Cope Alcoy","Tiempo de lectura":"2 minutos"},"schema":{"@context":"https:\/\/schema.org","@graph":[{"@type":"Article","@id":"https:\/\/www.copealcoy.es\/es\/cocentaina-denuncia-al-auxiliar-de-caja-por-presunta-sustraccion-de-fondos-publicos\/#article","isPartOf":{"@id":"https:\/\/www.copealcoy.es\/es\/cocentaina-denuncia-al-auxiliar-de-caja-por-presunta-sustraccion-de-fondos-publicos\/"},"author":{"name":"Cope Alcoy","@id":"https:\/\/www.copealcoy.es\/es\/#\/schema\/person\/e777c87fa024e57d40170af9df39882c"},"headline":"Cocentaina denuncia al auxiliar de caja por presunta sustracci\u00f3n de fondos p\u00fablicos","datePublished":"2015-10-22T21:24:10+00:00","dateModified":"2015-10-23T21:17:31+00:00","mainEntityOfPage":{"@id":"https:\/\/www.copealcoy.es\/es\/cocentaina-denuncia-al-auxiliar-de-caja-por-presunta-sustraccion-de-fondos-publicos\/"},"wordCount":338,"commentCount":0,"image":{"@id":"https:\/\/www.copealcoy.es\/es\/cocentaina-denuncia-al-auxiliar-de-caja-por-presunta-sustraccion-de-fondos-publicos\/#primaryimage"},"thumbnailUrl":"https:\/\/www.copealcoy.es\/wp-content\/uploads\/2015\/10\/DSC01002.jpg","keywords":["Auxiliar Caja","Cocentaina","Denuncia","Sustracci\u00f3n Fondos"],"articleSection":["Comarcas","Noticias","Portada"],"inLanguage":"es"},{"@type":"WebPage","@id":"https:\/\/www.copealcoy.es\/es\/cocentaina-denuncia-al-auxiliar-de-caja-por-presunta-sustraccion-de-fondos-publicos\/","url":"https:\/\/www.copealcoy.es\/es\/cocentaina-denuncia-al-auxiliar-de-caja-por-presunta-sustraccion-de-fondos-publicos\/","name":"Cocentaina denuncia al auxiliar de caja por presunta sustracci\u00f3n de fondos p\u00fablicos - COPE Alcoy","isPartOf":{"@id":"https:\/\/www.copealcoy.es\/es\/#website"},"primaryImageOfPage":{"@id":"https:\/\/www.copealcoy.es\/es\/cocentaina-denuncia-al-auxiliar-de-caja-por-presunta-sustraccion-de-fondos-publicos\/#primaryimage"},"image":{"@id":"https:\/\/www.copealcoy.es\/es\/cocentaina-denuncia-al-auxiliar-de-caja-por-presunta-sustraccion-de-fondos-publicos\/#primaryimage"},"thumbnailUrl":"https:\/\/www.copealcoy.es\/wp-content\/uploads\/2015\/10\/DSC01002.jpg","datePublished":"2015-10-22T21:24:10+00:00","dateModified":"2015-10-23T21:17:31+00:00","author":{"@id":"https:\/\/www.copealcoy.es\/es\/#\/schema\/person\/e777c87fa024e57d40170af9df39882c"},"breadcrumb":{"@id":"https:\/\/www.copealcoy.es\/es\/cocentaina-denuncia-al-auxiliar-de-caja-por-presunta-sustraccion-de-fondos-publicos\/#breadcrumb"},"inLanguage":"es","potentialAction":[{"@type":"ReadAction","target":["https:\/\/www.copealcoy.es\/es\/cocentaina-denuncia-al-auxiliar-de-caja-por-presunta-sustraccion-de-fondos-publicos\/"]}]},{"@type":"ImageObject","inLanguage":"es","@id":"https:\/\/www.copealcoy.es\/es\/cocentaina-denuncia-al-auxiliar-de-caja-por-presunta-sustraccion-de-fondos-publicos\/#primaryimage","url":"https:\/\/www.copealcoy.es\/wp-content\/uploads\/2015\/10\/DSC01002.jpg","contentUrl":"https:\/\/www.copealcoy.es\/wp-content\/uploads\/2015\/10\/DSC01002.jpg","width":2409,"height":1807,"caption":"Mireia Estepa y Marcos Castell\u00f3 compareciendo en rueda de prensa \/ Foto: Gabriel Pascual"},{"@type":"BreadcrumbList","@id":"https:\/\/www.copealcoy.es\/es\/cocentaina-denuncia-al-auxiliar-de-caja-por-presunta-sustraccion-de-fondos-publicos\/#breadcrumb","itemListElement":[{"@type":"ListItem","position":1,"name":"Portada","item":"https:\/\/www.copealcoy.es\/es\/"},{"@type":"ListItem","position":2,"name":"Cocentaina denuncia al auxiliar de caja por presunta sustracci\u00f3n de fondos p\u00fablicos"}]},{"@type":"WebSite","@id":"https:\/\/www.copealcoy.es\/es\/#website","url":"https:\/\/www.copealcoy.es\/es\/","name":"COPE Alcoy","description":"Emisora COPE de radio local con emisi\u00f3n online. Pont de Sant Jordi 8-10 03803 Alcoy","potentialAction":[{"@type":"SearchAction","target":{"@type":"EntryPoint","urlTemplate":"https:\/\/www.copealcoy.es\/es\/?s={search_term_string}"},"query-input":{"@type":"PropertyValueSpecification","valueRequired":true,"valueName":"search_term_string"}}],"inLanguage":"es"},{"@type":"Person","@id":"https:\/\/www.copealcoy.es\/es\/#\/schema\/person\/e777c87fa024e57d40170af9df39882c","name":"Cope Alcoy","image":{"@type":"ImageObject","inLanguage":"es","@id":"https:\/\/secure.gravatar.com\/avatar\/bb65d0283347e303893ba14f0692005417c1e0e690a325a4c5d8bb2b3943ee14?s=96&d=mm&r=g","url":"https:\/\/secure.gravatar.com\/avatar\/bb65d0283347e303893ba14f0692005417c1e0e690a325a4c5d8bb2b3943ee14?s=96&d=mm&r=g","contentUrl":"https:\/\/secure.gravatar.com\/avatar\/bb65d0283347e303893ba14f0692005417c1e0e690a325a4c5d8bb2b3943ee14?s=96&d=mm&r=g","caption":"Cope Alcoy"}}]}},"_links":{"self":[{"href":"https:\/\/www.copealcoy.es\/es\/wp-json\/wp\/v2\/posts\/16627","targetHints":{"allow":["GET"]}}],"collection":[{"href":"https:\/\/www.copealcoy.es\/es\/wp-json\/wp\/v2\/posts"}],"about":[{"href":"https:\/\/www.copealcoy.es\/es\/wp-json\/wp\/v2\/types\/post"}],"author":[{"embeddable":true,"href":"https:\/\/www.copealcoy.es\/es\/wp-json\/wp\/v2\/users\/1"}],"replies":[{"embeddable":true,"href":"https:\/\/www.copealcoy.es\/es\/wp-json\/wp\/v2\/comments?post=16627"}],"version-history":[{"count":0,"href":"https:\/\/www.copealcoy.es\/es\/wp-json\/wp\/v2\/posts\/16627\/revisions"}],"wp:featuredmedia":[{"embeddable":true,"href":"https:\/\/www.copealcoy.es\/es\/wp-json\/wp\/v2\/media\/16628"}],"wp:attachment":[{"href":"https:\/\/www.copealcoy.es\/es\/wp-json\/wp\/v2\/media?parent=16627"}],"wp:term":[{"taxonomy":"category","embeddable":true,"href":"https:\/\/www.copealcoy.es\/es\/wp-json\/wp\/v2\/categories?post=16627"},{"taxonomy":"post_tag","embeddable":true,"href":"https:\/\/www.copealcoy.es\/es\/wp-json\/wp\/v2\/tags?post=16627"}],"curies":[{"name":"wp","href":"https:\/\/api.w.org\/{rel}","templated":true}]}}