{"id":16621,"date":"2015-10-22T14:32:14","date_gmt":"2015-10-22T14:32:14","guid":{"rendered":"http:\/\/copealcoi.es\/new\/?p=16621"},"modified":"2015-10-22T14:32:14","modified_gmt":"2015-10-22T14:32:14","slug":"la-oposicion-lamenta-no-disponer-todavia-del-borrador-del-presupuesto","status":"publish","type":"post","link":"https:\/\/www.copealcoy.es\/es\/la-oposicion-lamenta-no-disponer-todavia-del-borrador-del-presupuesto\/","title":{"rendered":"La oposici\u00f3n lamenta no disponer todav\u00eda del borrador del Presupuesto"},"content":{"rendered":"<p style=\"text-align: justify;\">Los diferentes partidos en la oposici\u00f3n de la Corporaci\u00f3n Municipal,\u00a0Guanyar, PP Comprom\u00eds; han lamentado\u00a0que el Gobierno Local todav\u00eda no les haya remitido el borrador de las cuentas municipales del pr\u00f3ximo a\u00f1o 2016. Recordar que el presupuesto rondar\u00e1 los 52 millones de euros y priorizar\u00e1 las inversiones seg\u00fan detall\u00f3 el alcalde, Antonio Franc\u00e9s, en Cope Alcoy este martes. El Partido Popular discrepa de la forma de trabajar del Gobierno, seg\u00fan expresaba hoy en el Tiempo del An\u00e1lisis de La Ma\u00f1ana de Cope Alcoy Almudena Jord\u00e0, quien se\u00f1alaba que todav\u00eda no conocen las l\u00edneas b\u00e1sicas de las cuentas &#8220;no tenemos apenas informaci\u00f3n y as\u00ed es imposible trabajar para hacer propuestas concretas&#8221;, detalla.<\/p>\n<p style=\"text-align: justify;\">Por su parte desde Comprom\u00eds recuerdan\u00a0que ya han hecho varias aportaciones para que sean incluidas en el Presupuesto &#8220;y tenemos la esperanza de que el Gobierno las tenga en cuenta y no haga como en ejercicios anteriores donde muchas de nuestras iniciativas cayeron en saco roto&#8221;, ha detallado el portavoz de la formaci\u00f3n nacionalista, David Abad.<\/p>\n<p style=\"text-align: justify;\">Finalmente desde Guanyar Alcoi tambi\u00e9n se han expresado en la misma l\u00ednea y echan en falta que todav\u00eda el Ejecutivo no les haya remitido ese borrador cuanto la intenci\u00f3n que tiene es aprobar los Presupuestos en oto\u00f1o. A pesar de ello indican que el alcalde ha atendido sus peticiones &#8220;hemos tenido una reuni\u00f3n con \u00e9l y si que ha mostrado receptivo a poder incluir algunos de los planteamientos que nosotros hemos definido y que van centrados en las pol\u00edticas sociales para rescatar a las personas&#8221;, concluye el edil de la plataforma, Cristian Santiago.<\/p>\n<p style=\"text-align: justify;\">Recordar que Franc\u00e9s se mostr\u00f3 confiado este martes en La Ma\u00f1ana de Cope en que los Presupuestos puedan ser llevados a pleno en la segunda quincena de noviembre para que as\u00ed puedan ser aprobados antes de finales de a\u00f1o con el fin de entrar en vigor en enero de 2016.<\/p>\n","protected":false},"excerpt":{"rendered":"<p>Los diferentes partidos en la oposici\u00f3n de la Corporaci\u00f3n Municipal,\u00a0Guanyar, PP Comprom\u00eds; han lamentado\u00a0que el Gobierno Local todav\u00eda no les&#8230;<\/p>\n","protected":false},"author":1,"featured_media":9803,"comment_status":"open","ping_status":"open","sticky":false,"template":"","format":"standard","meta":{"footnotes":""},"categories":[97,75,125],"tags":[1494,152,390,997,227,316],"class_list":["post-16621","post","type-post","status-publish","format-standard","has-post-thumbnail","hentry","category-alcoy","category-noticias","category-portada","tag-alcoy","tag-compromis","tag-economia","tag-guanyar","tag-pp","tag-presupuestos"],"yoast_head":"<!-- This site is optimized with the Yoast SEO plugin v27.3 - https:\/\/yoast.com\/product\/yoast-seo-wordpress\/ -->\n<title>La oposici\u00f3n lamenta no disponer todav\u00eda del borrador del Presupuesto - COPE Alcoy<\/title>\n<meta name=\"robots\" content=\"index, follow, max-snippet:-1, max-image-preview:large, max-video-preview:-1\" \/>\n<link rel=\"canonical\" href=\"https:\/\/www.copealcoy.es\/es\/la-oposicion-lamenta-no-disponer-todavia-del-borrador-del-presupuesto\/\" \/>\n<meta property=\"og:locale\" content=\"es_ES\" \/>\n<meta property=\"og:type\" content=\"article\" \/>\n<meta property=\"og:title\" content=\"La oposici\u00f3n lamenta no disponer todav\u00eda del borrador del Presupuesto - COPE Alcoy\" \/>\n<meta property=\"og:description\" content=\"Los diferentes partidos en la oposici\u00f3n de la Corporaci\u00f3n Municipal,\u00a0Guanyar, PP Comprom\u00eds; han lamentado\u00a0que el Gobierno Local todav\u00eda no les...\" \/>\n<meta property=\"og:url\" content=\"https:\/\/www.copealcoy.es\/es\/la-oposicion-lamenta-no-disponer-todavia-del-borrador-del-presupuesto\/\" \/>\n<meta property=\"og:site_name\" content=\"COPE Alcoy\" \/>\n<meta property=\"article:published_time\" content=\"2015-10-22T14:32:14+00:00\" \/>\n<meta property=\"og:image\" content=\"https:\/\/www.copealcoy.es\/wp-content\/uploads\/2015\/01\/image85.jpg\" \/>\n\t<meta property=\"og:image:width\" content=\"1366\" \/>\n\t<meta property=\"og:image:height\" content=\"827\" \/>\n\t<meta property=\"og:image:type\" content=\"image\/jpeg\" \/>\n<meta name=\"author\" content=\"Cope Alcoy\" \/>\n<meta name=\"twitter:label1\" content=\"Escrito por\" \/>\n\t<meta name=\"twitter:data1\" content=\"Cope Alcoy\" \/>\n\t<meta name=\"twitter:label2\" content=\"Tiempo de lectura\" \/>\n\t<meta name=\"twitter:data2\" content=\"2 minutos\" \/>\n<script type=\"application\/ld+json\" class=\"yoast-schema-graph\">{\"@context\":\"https:\\\/\\\/schema.org\",\"@graph\":[{\"@type\":\"Article\",\"@id\":\"https:\\\/\\\/www.copealcoy.es\\\/es\\\/la-oposicion-lamenta-no-disponer-todavia-del-borrador-del-presupuesto\\\/#article\",\"isPartOf\":{\"@id\":\"https:\\\/\\\/www.copealcoy.es\\\/es\\\/la-oposicion-lamenta-no-disponer-todavia-del-borrador-del-presupuesto\\\/\"},\"author\":{\"name\":\"Cope Alcoy\",\"@id\":\"https:\\\/\\\/www.copealcoy.es\\\/es\\\/#\\\/schema\\\/person\\\/e777c87fa024e57d40170af9df39882c\"},\"headline\":\"La oposici\u00f3n lamenta no disponer todav\u00eda del borrador del Presupuesto\",\"datePublished\":\"2015-10-22T14:32:14+00:00\",\"mainEntityOfPage\":{\"@id\":\"https:\\\/\\\/www.copealcoy.es\\\/es\\\/la-oposicion-lamenta-no-disponer-todavia-del-borrador-del-presupuesto\\\/\"},\"wordCount\":349,\"commentCount\":0,\"image\":{\"@id\":\"https:\\\/\\\/www.copealcoy.es\\\/es\\\/la-oposicion-lamenta-no-disponer-todavia-del-borrador-del-presupuesto\\\/#primaryimage\"},\"thumbnailUrl\":\"https:\\\/\\\/www.copealcoy.es\\\/wp-content\\\/uploads\\\/2015\\\/01\\\/image85.jpg\",\"keywords\":[\"Alcoy\",\"Comprom\u00eds\",\"Econom\u00eda\",\"Guanyar\",\"PP\",\"Presupuestos\"],\"articleSection\":[\"Alcoy\",\"Noticias\",\"Portada\"],\"inLanguage\":\"es\"},{\"@type\":\"WebPage\",\"@id\":\"https:\\\/\\\/www.copealcoy.es\\\/es\\\/la-oposicion-lamenta-no-disponer-todavia-del-borrador-del-presupuesto\\\/\",\"url\":\"https:\\\/\\\/www.copealcoy.es\\\/es\\\/la-oposicion-lamenta-no-disponer-todavia-del-borrador-del-presupuesto\\\/\",\"name\":\"La oposici\u00f3n lamenta no disponer todav\u00eda del borrador del Presupuesto - COPE Alcoy\",\"isPartOf\":{\"@id\":\"https:\\\/\\\/www.copealcoy.es\\\/es\\\/#website\"},\"primaryImageOfPage\":{\"@id\":\"https:\\\/\\\/www.copealcoy.es\\\/es\\\/la-oposicion-lamenta-no-disponer-todavia-del-borrador-del-presupuesto\\\/#primaryimage\"},\"image\":{\"@id\":\"https:\\\/\\\/www.copealcoy.es\\\/es\\\/la-oposicion-lamenta-no-disponer-todavia-del-borrador-del-presupuesto\\\/#primaryimage\"},\"thumbnailUrl\":\"https:\\\/\\\/www.copealcoy.es\\\/wp-content\\\/uploads\\\/2015\\\/01\\\/image85.jpg\",\"datePublished\":\"2015-10-22T14:32:14+00:00\",\"author\":{\"@id\":\"https:\\\/\\\/www.copealcoy.es\\\/es\\\/#\\\/schema\\\/person\\\/e777c87fa024e57d40170af9df39882c\"},\"breadcrumb\":{\"@id\":\"https:\\\/\\\/www.copealcoy.es\\\/es\\\/la-oposicion-lamenta-no-disponer-todavia-del-borrador-del-presupuesto\\\/#breadcrumb\"},\"inLanguage\":\"es\",\"potentialAction\":[{\"@type\":\"ReadAction\",\"target\":[\"https:\\\/\\\/www.copealcoy.es\\\/es\\\/la-oposicion-lamenta-no-disponer-todavia-del-borrador-del-presupuesto\\\/\"]}]},{\"@type\":\"ImageObject\",\"inLanguage\":\"es\",\"@id\":\"https:\\\/\\\/www.copealcoy.es\\\/es\\\/la-oposicion-lamenta-no-disponer-todavia-del-borrador-del-presupuesto\\\/#primaryimage\",\"url\":\"https:\\\/\\\/www.copealcoy.es\\\/wp-content\\\/uploads\\\/2015\\\/01\\\/image85.jpg\",\"contentUrl\":\"https:\\\/\\\/www.copealcoy.es\\\/wp-content\\\/uploads\\\/2015\\\/01\\\/image85.jpg\",\"width\":1366,\"height\":827,\"caption\":\"Imagen del Ayuntamiento de Alcoy\"},{\"@type\":\"BreadcrumbList\",\"@id\":\"https:\\\/\\\/www.copealcoy.es\\\/es\\\/la-oposicion-lamenta-no-disponer-todavia-del-borrador-del-presupuesto\\\/#breadcrumb\",\"itemListElement\":[{\"@type\":\"ListItem\",\"position\":1,\"name\":\"Portada\",\"item\":\"https:\\\/\\\/www.copealcoy.es\\\/es\\\/\"},{\"@type\":\"ListItem\",\"position\":2,\"name\":\"La oposici\u00f3n lamenta no disponer todav\u00eda del borrador del Presupuesto\"}]},{\"@type\":\"WebSite\",\"@id\":\"https:\\\/\\\/www.copealcoy.es\\\/es\\\/#website\",\"url\":\"https:\\\/\\\/www.copealcoy.es\\\/es\\\/\",\"name\":\"COPE Alcoy\",\"description\":\"Emisora COPE de radio local con emisi\u00f3n online. Pont de Sant Jordi 8-10 03803 Alcoy\",\"potentialAction\":[{\"@type\":\"SearchAction\",\"target\":{\"@type\":\"EntryPoint\",\"urlTemplate\":\"https:\\\/\\\/www.copealcoy.es\\\/es\\\/?s={search_term_string}\"},\"query-input\":{\"@type\":\"PropertyValueSpecification\",\"valueRequired\":true,\"valueName\":\"search_term_string\"}}],\"inLanguage\":\"es\"},{\"@type\":\"Person\",\"@id\":\"https:\\\/\\\/www.copealcoy.es\\\/es\\\/#\\\/schema\\\/person\\\/e777c87fa024e57d40170af9df39882c\",\"name\":\"Cope Alcoy\",\"image\":{\"@type\":\"ImageObject\",\"inLanguage\":\"es\",\"@id\":\"https:\\\/\\\/secure.gravatar.com\\\/avatar\\\/bb65d0283347e303893ba14f0692005417c1e0e690a325a4c5d8bb2b3943ee14?s=96&d=mm&r=g\",\"url\":\"https:\\\/\\\/secure.gravatar.com\\\/avatar\\\/bb65d0283347e303893ba14f0692005417c1e0e690a325a4c5d8bb2b3943ee14?s=96&d=mm&r=g\",\"contentUrl\":\"https:\\\/\\\/secure.gravatar.com\\\/avatar\\\/bb65d0283347e303893ba14f0692005417c1e0e690a325a4c5d8bb2b3943ee14?s=96&d=mm&r=g\",\"caption\":\"Cope Alcoy\"}}]}<\/script>\n<!-- \/ Yoast SEO plugin. -->","yoast_head_json":{"title":"La oposici\u00f3n lamenta no disponer todav\u00eda del borrador del Presupuesto - COPE Alcoy","robots":{"index":"index","follow":"follow","max-snippet":"max-snippet:-1","max-image-preview":"max-image-preview:large","max-video-preview":"max-video-preview:-1"},"canonical":"https:\/\/www.copealcoy.es\/es\/la-oposicion-lamenta-no-disponer-todavia-del-borrador-del-presupuesto\/","og_locale":"es_ES","og_type":"article","og_title":"La oposici\u00f3n lamenta no disponer todav\u00eda del borrador del Presupuesto - COPE Alcoy","og_description":"Los diferentes partidos en la oposici\u00f3n de la Corporaci\u00f3n Municipal,\u00a0Guanyar, PP Comprom\u00eds; han lamentado\u00a0que el Gobierno Local todav\u00eda no les...","og_url":"https:\/\/www.copealcoy.es\/es\/la-oposicion-lamenta-no-disponer-todavia-del-borrador-del-presupuesto\/","og_site_name":"COPE Alcoy","article_published_time":"2015-10-22T14:32:14+00:00","og_image":[{"width":1366,"height":827,"url":"https:\/\/www.copealcoy.es\/wp-content\/uploads\/2015\/01\/image85.jpg","type":"image\/jpeg"}],"author":"Cope Alcoy","twitter_misc":{"Escrito por":"Cope Alcoy","Tiempo de lectura":"2 minutos"},"schema":{"@context":"https:\/\/schema.org","@graph":[{"@type":"Article","@id":"https:\/\/www.copealcoy.es\/es\/la-oposicion-lamenta-no-disponer-todavia-del-borrador-del-presupuesto\/#article","isPartOf":{"@id":"https:\/\/www.copealcoy.es\/es\/la-oposicion-lamenta-no-disponer-todavia-del-borrador-del-presupuesto\/"},"author":{"name":"Cope Alcoy","@id":"https:\/\/www.copealcoy.es\/es\/#\/schema\/person\/e777c87fa024e57d40170af9df39882c"},"headline":"La oposici\u00f3n lamenta no disponer todav\u00eda del borrador del Presupuesto","datePublished":"2015-10-22T14:32:14+00:00","mainEntityOfPage":{"@id":"https:\/\/www.copealcoy.es\/es\/la-oposicion-lamenta-no-disponer-todavia-del-borrador-del-presupuesto\/"},"wordCount":349,"commentCount":0,"image":{"@id":"https:\/\/www.copealcoy.es\/es\/la-oposicion-lamenta-no-disponer-todavia-del-borrador-del-presupuesto\/#primaryimage"},"thumbnailUrl":"https:\/\/www.copealcoy.es\/wp-content\/uploads\/2015\/01\/image85.jpg","keywords":["Alcoy","Comprom\u00eds","Econom\u00eda","Guanyar","PP","Presupuestos"],"articleSection":["Alcoy","Noticias","Portada"],"inLanguage":"es"},{"@type":"WebPage","@id":"https:\/\/www.copealcoy.es\/es\/la-oposicion-lamenta-no-disponer-todavia-del-borrador-del-presupuesto\/","url":"https:\/\/www.copealcoy.es\/es\/la-oposicion-lamenta-no-disponer-todavia-del-borrador-del-presupuesto\/","name":"La oposici\u00f3n lamenta no disponer todav\u00eda del borrador del Presupuesto - COPE Alcoy","isPartOf":{"@id":"https:\/\/www.copealcoy.es\/es\/#website"},"primaryImageOfPage":{"@id":"https:\/\/www.copealcoy.es\/es\/la-oposicion-lamenta-no-disponer-todavia-del-borrador-del-presupuesto\/#primaryimage"},"image":{"@id":"https:\/\/www.copealcoy.es\/es\/la-oposicion-lamenta-no-disponer-todavia-del-borrador-del-presupuesto\/#primaryimage"},"thumbnailUrl":"https:\/\/www.copealcoy.es\/wp-content\/uploads\/2015\/01\/image85.jpg","datePublished":"2015-10-22T14:32:14+00:00","author":{"@id":"https:\/\/www.copealcoy.es\/es\/#\/schema\/person\/e777c87fa024e57d40170af9df39882c"},"breadcrumb":{"@id":"https:\/\/www.copealcoy.es\/es\/la-oposicion-lamenta-no-disponer-todavia-del-borrador-del-presupuesto\/#breadcrumb"},"inLanguage":"es","potentialAction":[{"@type":"ReadAction","target":["https:\/\/www.copealcoy.es\/es\/la-oposicion-lamenta-no-disponer-todavia-del-borrador-del-presupuesto\/"]}]},{"@type":"ImageObject","inLanguage":"es","@id":"https:\/\/www.copealcoy.es\/es\/la-oposicion-lamenta-no-disponer-todavia-del-borrador-del-presupuesto\/#primaryimage","url":"https:\/\/www.copealcoy.es\/wp-content\/uploads\/2015\/01\/image85.jpg","contentUrl":"https:\/\/www.copealcoy.es\/wp-content\/uploads\/2015\/01\/image85.jpg","width":1366,"height":827,"caption":"Imagen del Ayuntamiento de Alcoy"},{"@type":"BreadcrumbList","@id":"https:\/\/www.copealcoy.es\/es\/la-oposicion-lamenta-no-disponer-todavia-del-borrador-del-presupuesto\/#breadcrumb","itemListElement":[{"@type":"ListItem","position":1,"name":"Portada","item":"https:\/\/www.copealcoy.es\/es\/"},{"@type":"ListItem","position":2,"name":"La oposici\u00f3n lamenta no disponer todav\u00eda del borrador del Presupuesto"}]},{"@type":"WebSite","@id":"https:\/\/www.copealcoy.es\/es\/#website","url":"https:\/\/www.copealcoy.es\/es\/","name":"COPE Alcoy","description":"Emisora COPE de radio local con emisi\u00f3n online. Pont de Sant Jordi 8-10 03803 Alcoy","potentialAction":[{"@type":"SearchAction","target":{"@type":"EntryPoint","urlTemplate":"https:\/\/www.copealcoy.es\/es\/?s={search_term_string}"},"query-input":{"@type":"PropertyValueSpecification","valueRequired":true,"valueName":"search_term_string"}}],"inLanguage":"es"},{"@type":"Person","@id":"https:\/\/www.copealcoy.es\/es\/#\/schema\/person\/e777c87fa024e57d40170af9df39882c","name":"Cope Alcoy","image":{"@type":"ImageObject","inLanguage":"es","@id":"https:\/\/secure.gravatar.com\/avatar\/bb65d0283347e303893ba14f0692005417c1e0e690a325a4c5d8bb2b3943ee14?s=96&d=mm&r=g","url":"https:\/\/secure.gravatar.com\/avatar\/bb65d0283347e303893ba14f0692005417c1e0e690a325a4c5d8bb2b3943ee14?s=96&d=mm&r=g","contentUrl":"https:\/\/secure.gravatar.com\/avatar\/bb65d0283347e303893ba14f0692005417c1e0e690a325a4c5d8bb2b3943ee14?s=96&d=mm&r=g","caption":"Cope Alcoy"}}]}},"_links":{"self":[{"href":"https:\/\/www.copealcoy.es\/es\/wp-json\/wp\/v2\/posts\/16621","targetHints":{"allow":["GET"]}}],"collection":[{"href":"https:\/\/www.copealcoy.es\/es\/wp-json\/wp\/v2\/posts"}],"about":[{"href":"https:\/\/www.copealcoy.es\/es\/wp-json\/wp\/v2\/types\/post"}],"author":[{"embeddable":true,"href":"https:\/\/www.copealcoy.es\/es\/wp-json\/wp\/v2\/users\/1"}],"replies":[{"embeddable":true,"href":"https:\/\/www.copealcoy.es\/es\/wp-json\/wp\/v2\/comments?post=16621"}],"version-history":[{"count":0,"href":"https:\/\/www.copealcoy.es\/es\/wp-json\/wp\/v2\/posts\/16621\/revisions"}],"wp:featuredmedia":[{"embeddable":true,"href":"https:\/\/www.copealcoy.es\/es\/wp-json\/wp\/v2\/media\/9803"}],"wp:attachment":[{"href":"https:\/\/www.copealcoy.es\/es\/wp-json\/wp\/v2\/media?parent=16621"}],"wp:term":[{"taxonomy":"category","embeddable":true,"href":"https:\/\/www.copealcoy.es\/es\/wp-json\/wp\/v2\/categories?post=16621"},{"taxonomy":"post_tag","embeddable":true,"href":"https:\/\/www.copealcoy.es\/es\/wp-json\/wp\/v2\/tags?post=16621"}],"curies":[{"name":"wp","href":"https:\/\/api.w.org\/{rel}","templated":true}]}}