{"id":164713,"date":"2026-03-13T07:30:13","date_gmt":"2026-03-13T06:30:13","guid":{"rendered":"https:\/\/www.copealcoy.es\/?p=164713"},"modified":"2026-03-13T19:56:19","modified_gmt":"2026-03-13T18:56:19","slug":"informativo-matinal-viernes-13-de-marzo-2026-0750h","status":"publish","type":"post","link":"https:\/\/www.copealcoy.es\/es\/informativo-matinal-viernes-13-de-marzo-2026-0750h\/","title":{"rendered":"Informativo matinal viernes 13 de marzo 2026 (07:50h)"},"content":{"rendered":"<p><iframe loading=\"lazy\" title=\"Informativo Matinal Viernes 13 De Marzo 2026 (07:50h)\" width=\"100%\" height=\"120\" src=\"https:\/\/www.mixcloud.com\/widget\/iframe\/?feed=https%3A%2F%2Fwww.mixcloud.com%2FCOPEAlcoy%2Finformativo-matinal-viernes-13-de-marzo-2026-0750h%2F&amp;hide_cover=1\" frameborder=\"0\" allow=\"encrypted-media; fullscreen; autoplay; idle-detection; speaker-selection; web-share;\"><\/iframe><\/p>\n<p style=\"text-align: justify;\">Hoy viernes <strong>hemos destacado que el Ayuntamiento de Alcoy y la C\u00e1mara de Comercio impulsan una imagen conjunta para potenciar al sector del metal<\/strong>. Tambi\u00e9n hemos comentado que <strong>el pr\u00f3ximo lunes arranca el montaje de la Enramada de las Fiestas de Moros y Cristianos<\/strong>.<\/p>\n<p style=\"text-align: justify;\" data-start=\"131\" data-end=\"586\"><span style=\"color: #0000ff;\"><a style=\"color: #0000ff;\" href=\"https:\/\/www.alcoi.org\/ca\/portal\/index.html\" target=\"_blank\" rel=\"noopener\"><strong>Alcoy<\/strong><\/a>\u00a0<\/span>comenzar\u00e1 a respirar ambiente festero a partir del pr\u00f3ximo\u00a0<strong data-start=\"196\" data-end=\"217\">lunes 16 de marzo<\/strong>, fecha en la que arrancar\u00e1 el montaje de la tradicional\u00a0<strong>Enramada<\/strong>, uno de los elementos m\u00e1s caracter\u00edsticos de las\u00a0<strong data-start=\"327\" data-end=\"360\">Fiestas de Moros y Cristianos<\/strong>. Este a\u00f1o la instalaci\u00f3n llega con una importante novedad:\u00a0<strong data-start=\"420\" data-end=\"474\">toda la estructura ha sido repintada recientemente<\/strong>\u00a0para lucir en perfectas condiciones durante la celebraci\u00f3n del\u00a0<strong data-start=\"538\" data-end=\"585\">750 aniversario del patronazgo de San Jorge<\/strong>.<\/p>\n<p style=\"text-align: justify;\" data-start=\"588\" data-end=\"881\">Esta mejora est\u00e9tica da continuidad a los trabajos de modernizaci\u00f3n iniciados en 2025, cuando el Ayuntamiento sustituy\u00f3 cerca de\u00a0<strong data-start=\"717\" data-end=\"755\">400 merlones de la Plaza de Espa\u00f1a<\/strong>\u00a0por otros de polietileno, mucho m\u00e1s ligeros, lo que permiti\u00f3\u00a0<strong data-start=\"817\" data-end=\"880\">reducir en unos 3.000 kilos el peso total de la instalaci\u00f3n<\/strong>. El dispositivo de montaje ha sido coordinado para\u00a0<strong data-start=\"933\" data-end=\"984\">minimizar las molestias a vecinos y conductores<\/strong>, y este a\u00f1o se modificar\u00e1 el orden habitual de instalaci\u00f3n, ya que no comenzar\u00e1 por la Plaza de Espa\u00f1a. Desde la\u00a0<strong data-start=\"1098\" data-end=\"1115\">Polic\u00eda Local<\/strong>\u00a0se ir\u00e1 informando de las prohibiciones de estacionamiento y las restricciones de tr\u00e1fico que se produzcan durante estos d\u00edas \u201c<em>iniciamos la instalaci\u00f3n de nuestra emblem\u00e1tica Enramada con la ilusi\u00f3n de vivir un a\u00f1o hist\u00f3rico por el 750 aniversario del patronazgo, asegurando que las calles luzcan con el m\u00e1ximo esplendor gracias al reciente repintado de toda la estructura, y facilitando el d\u00eda a d\u00eda del vecindario con una planificaci\u00f3n rigurosa para garantizar la mejor movilidad posible en nuestros barrios<\/em>\u201d, detalla el concejal de Fiestas;\u00a0<strong>Jordi Mart\u00ednez<\/strong>.<\/p>\n<p style=\"text-align: justify;\" data-start=\"1243\" data-end=\"1628\">Los trabajos de montaje de la Enramada comenzar\u00e1n el\u00a0<strong data-start=\"1270\" data-end=\"1291\">lunes 16 de marzo<\/strong>\u00a0en\u00a0<strong data-start=\"1295\" data-end=\"1338\">Sant Lloren\u00e7 y la avenida Pa\u00eds Valenci\u00e0<\/strong>, y continuar\u00e1n el\u00a0<strong data-start=\"1357\" data-end=\"1370\">martes 17<\/strong>\u00a0en esta misma avenida. El\u00a0<strong data-start=\"1397\" data-end=\"1413\">mi\u00e9rcoles 18<\/strong>\u00a0ser\u00e1 el turno de la\u00a0<strong data-start=\"1434\" data-end=\"1453\">Plaza de Espa\u00f1a<\/strong>. Tras una pausa festiva los d\u00edas\u00a0<strong data-start=\"1487\" data-end=\"1507\">19 y 20 de marzo<\/strong>, la instalaci\u00f3n se retomar\u00e1 el\u00a0<strong data-start=\"1539\" data-end=\"1553\">domingo 22<\/strong>\u00a0en\u00a0<strong data-start=\"1557\" data-end=\"1627\">Sant Francesc, Sant Jordi, Pintor Casanova, Sant Miquel y L\u2019Escola<\/strong>.La semana siguiente el montaje seguir\u00e1 el\u00a0<strong data-start=\"1672\" data-end=\"1693\">lunes 23 de marzo<\/strong>\u00a0por\u00a0<strong data-start=\"1698\" data-end=\"1759\">Moss\u00e8n Torregrossa, Sant Tom\u00e0s, Sant Blai y G. Barrachina<\/strong>, mientras que el\u00a0<strong data-start=\"1777\" data-end=\"1790\">martes 24<\/strong>\u00a0se instalar\u00e1 la estructura en\u00a0<strong data-start=\"1821\" data-end=\"1839\">Sant Nicolauet<\/strong>. Los trabajos finalizar\u00e1n el\u00a0<strong data-start=\"1869\" data-end=\"1894\">mi\u00e9rcoles 25 de marzo<\/strong>\u00a0en\u00a0<strong data-start=\"1898\" data-end=\"1932\">Sant Nicolau y Pintor Casanova<\/strong>. Toda la ornamentaci\u00f3n estar\u00e1 lista para el 28 de marzo, fecha en la que se descubrir\u00e1 este a\u00f1o el Cartel de Fiestas debido a que el 1 de abril cae en plena Semana Santa.<\/p>\n","protected":false},"excerpt":{"rendered":"<p>Hoy viernes hemos destacado que el Ayuntamiento de Alcoy y la C\u00e1mara de Comercio impulsan una imagen conjunta para potenciar&#8230;<\/p>\n","protected":false},"author":1,"featured_media":147669,"comment_status":"closed","ping_status":"closed","sticky":false,"template":"","format":"standard","meta":{"footnotes":""},"categories":[6909,89,91,75],"tags":[],"class_list":["post-164713","post","type-post","status-publish","format-standard","has-post-thumbnail","hentry","category-actualidad","category-audiosdelosprogramas","category-informativos","category-noticias"],"yoast_head":"<!-- This site is optimized with the Yoast SEO plugin v27.3 - https:\/\/yoast.com\/product\/yoast-seo-wordpress\/ -->\n<title>Informativo matinal viernes 13 de marzo 2026 (07:50h) - COPE Alcoy<\/title>\n<meta name=\"robots\" content=\"index, follow, max-snippet:-1, max-image-preview:large, max-video-preview:-1\" \/>\n<link rel=\"canonical\" href=\"https:\/\/www.copealcoy.es\/es\/informativo-matinal-viernes-13-de-marzo-2026-0750h\/\" \/>\n<meta property=\"og:locale\" content=\"es_ES\" \/>\n<meta property=\"og:type\" content=\"article\" \/>\n<meta property=\"og:title\" content=\"Informativo matinal viernes 13 de marzo 2026 (07:50h) - COPE Alcoy\" \/>\n<meta property=\"og:description\" content=\"Hoy viernes hemos destacado que el Ayuntamiento de Alcoy y la C\u00e1mara de Comercio impulsan una imagen conjunta para potenciar...\" \/>\n<meta property=\"og:url\" content=\"https:\/\/www.copealcoy.es\/es\/informativo-matinal-viernes-13-de-marzo-2026-0750h\/\" \/>\n<meta property=\"og:site_name\" content=\"COPE Alcoy\" \/>\n<meta property=\"article:published_time\" content=\"2026-03-13T06:30:13+00:00\" \/>\n<meta property=\"article:modified_time\" content=\"2026-03-13T18:56:19+00:00\" \/>\n<meta property=\"og:image\" content=\"https:\/\/www.copealcoy.es\/wp-content\/uploads\/2025\/02\/Informativo-Matinal-Castellano.png\" \/>\n\t<meta property=\"og:image:width\" content=\"357\" \/>\n\t<meta property=\"og:image:height\" content=\"290\" \/>\n\t<meta property=\"og:image:type\" content=\"image\/png\" \/>\n<meta name=\"author\" content=\"Cope Alcoy\" \/>\n<meta name=\"twitter:label1\" content=\"Escrito por\" \/>\n\t<meta name=\"twitter:data1\" content=\"Cope Alcoy\" \/>\n\t<meta name=\"twitter:label2\" content=\"Tiempo de lectura\" \/>\n\t<meta name=\"twitter:data2\" content=\"3 minutos\" \/>\n<script type=\"application\/ld+json\" class=\"yoast-schema-graph\">{\"@context\":\"https:\\\/\\\/schema.org\",\"@graph\":[{\"@type\":\"Article\",\"@id\":\"https:\\\/\\\/www.copealcoy.es\\\/es\\\/informativo-matinal-viernes-13-de-marzo-2026-0750h\\\/#article\",\"isPartOf\":{\"@id\":\"https:\\\/\\\/www.copealcoy.es\\\/es\\\/informativo-matinal-viernes-13-de-marzo-2026-0750h\\\/\"},\"author\":{\"name\":\"Cope Alcoy\",\"@id\":\"https:\\\/\\\/www.copealcoy.es\\\/es\\\/#\\\/schema\\\/person\\\/e777c87fa024e57d40170af9df39882c\"},\"headline\":\"Informativo matinal viernes 13 de marzo 2026 (07:50h)\",\"datePublished\":\"2026-03-13T06:30:13+00:00\",\"dateModified\":\"2026-03-13T18:56:19+00:00\",\"mainEntityOfPage\":{\"@id\":\"https:\\\/\\\/www.copealcoy.es\\\/es\\\/informativo-matinal-viernes-13-de-marzo-2026-0750h\\\/\"},\"wordCount\":477,\"image\":{\"@id\":\"https:\\\/\\\/www.copealcoy.es\\\/es\\\/informativo-matinal-viernes-13-de-marzo-2026-0750h\\\/#primaryimage\"},\"thumbnailUrl\":\"https:\\\/\\\/www.copealcoy.es\\\/wp-content\\\/uploads\\\/2025\\\/02\\\/Informativo-Matinal-Castellano.png\",\"articleSection\":[\"Actualidad\",\"Audios de los programas\",\"Informativos\",\"Noticias\"],\"inLanguage\":\"es\"},{\"@type\":\"WebPage\",\"@id\":\"https:\\\/\\\/www.copealcoy.es\\\/es\\\/informativo-matinal-viernes-13-de-marzo-2026-0750h\\\/\",\"url\":\"https:\\\/\\\/www.copealcoy.es\\\/es\\\/informativo-matinal-viernes-13-de-marzo-2026-0750h\\\/\",\"name\":\"Informativo matinal viernes 13 de marzo 2026 (07:50h) - COPE Alcoy\",\"isPartOf\":{\"@id\":\"https:\\\/\\\/www.copealcoy.es\\\/es\\\/#website\"},\"primaryImageOfPage\":{\"@id\":\"https:\\\/\\\/www.copealcoy.es\\\/es\\\/informativo-matinal-viernes-13-de-marzo-2026-0750h\\\/#primaryimage\"},\"image\":{\"@id\":\"https:\\\/\\\/www.copealcoy.es\\\/es\\\/informativo-matinal-viernes-13-de-marzo-2026-0750h\\\/#primaryimage\"},\"thumbnailUrl\":\"https:\\\/\\\/www.copealcoy.es\\\/wp-content\\\/uploads\\\/2025\\\/02\\\/Informativo-Matinal-Castellano.png\",\"datePublished\":\"2026-03-13T06:30:13+00:00\",\"dateModified\":\"2026-03-13T18:56:19+00:00\",\"author\":{\"@id\":\"https:\\\/\\\/www.copealcoy.es\\\/es\\\/#\\\/schema\\\/person\\\/e777c87fa024e57d40170af9df39882c\"},\"breadcrumb\":{\"@id\":\"https:\\\/\\\/www.copealcoy.es\\\/es\\\/informativo-matinal-viernes-13-de-marzo-2026-0750h\\\/#breadcrumb\"},\"inLanguage\":\"es\",\"potentialAction\":[{\"@type\":\"ReadAction\",\"target\":[\"https:\\\/\\\/www.copealcoy.es\\\/es\\\/informativo-matinal-viernes-13-de-marzo-2026-0750h\\\/\"]}]},{\"@type\":\"ImageObject\",\"inLanguage\":\"es\",\"@id\":\"https:\\\/\\\/www.copealcoy.es\\\/es\\\/informativo-matinal-viernes-13-de-marzo-2026-0750h\\\/#primaryimage\",\"url\":\"https:\\\/\\\/www.copealcoy.es\\\/wp-content\\\/uploads\\\/2025\\\/02\\\/Informativo-Matinal-Castellano.png\",\"contentUrl\":\"https:\\\/\\\/www.copealcoy.es\\\/wp-content\\\/uploads\\\/2025\\\/02\\\/Informativo-Matinal-Castellano.png\",\"width\":357,\"height\":290},{\"@type\":\"BreadcrumbList\",\"@id\":\"https:\\\/\\\/www.copealcoy.es\\\/es\\\/informativo-matinal-viernes-13-de-marzo-2026-0750h\\\/#breadcrumb\",\"itemListElement\":[{\"@type\":\"ListItem\",\"position\":1,\"name\":\"Portada\",\"item\":\"https:\\\/\\\/www.copealcoy.es\\\/es\\\/\"},{\"@type\":\"ListItem\",\"position\":2,\"name\":\"Informativo matinal viernes 13 de marzo 2026 (07:50h)\"}]},{\"@type\":\"WebSite\",\"@id\":\"https:\\\/\\\/www.copealcoy.es\\\/es\\\/#website\",\"url\":\"https:\\\/\\\/www.copealcoy.es\\\/es\\\/\",\"name\":\"COPE Alcoy\",\"description\":\"Emisora COPE de radio local con emisi\u00f3n online. Pont de Sant Jordi 8-10 03803 Alcoy\",\"potentialAction\":[{\"@type\":\"SearchAction\",\"target\":{\"@type\":\"EntryPoint\",\"urlTemplate\":\"https:\\\/\\\/www.copealcoy.es\\\/es\\\/?s={search_term_string}\"},\"query-input\":{\"@type\":\"PropertyValueSpecification\",\"valueRequired\":true,\"valueName\":\"search_term_string\"}}],\"inLanguage\":\"es\"},{\"@type\":\"Person\",\"@id\":\"https:\\\/\\\/www.copealcoy.es\\\/es\\\/#\\\/schema\\\/person\\\/e777c87fa024e57d40170af9df39882c\",\"name\":\"Cope Alcoy\",\"image\":{\"@type\":\"ImageObject\",\"inLanguage\":\"es\",\"@id\":\"https:\\\/\\\/secure.gravatar.com\\\/avatar\\\/bb65d0283347e303893ba14f0692005417c1e0e690a325a4c5d8bb2b3943ee14?s=96&d=mm&r=g\",\"url\":\"https:\\\/\\\/secure.gravatar.com\\\/avatar\\\/bb65d0283347e303893ba14f0692005417c1e0e690a325a4c5d8bb2b3943ee14?s=96&d=mm&r=g\",\"contentUrl\":\"https:\\\/\\\/secure.gravatar.com\\\/avatar\\\/bb65d0283347e303893ba14f0692005417c1e0e690a325a4c5d8bb2b3943ee14?s=96&d=mm&r=g\",\"caption\":\"Cope Alcoy\"}}]}<\/script>\n<!-- \/ Yoast SEO plugin. -->","yoast_head_json":{"title":"Informativo matinal viernes 13 de marzo 2026 (07:50h) - COPE Alcoy","robots":{"index":"index","follow":"follow","max-snippet":"max-snippet:-1","max-image-preview":"max-image-preview:large","max-video-preview":"max-video-preview:-1"},"canonical":"https:\/\/www.copealcoy.es\/es\/informativo-matinal-viernes-13-de-marzo-2026-0750h\/","og_locale":"es_ES","og_type":"article","og_title":"Informativo matinal viernes 13 de marzo 2026 (07:50h) - COPE Alcoy","og_description":"Hoy viernes hemos destacado que el Ayuntamiento de Alcoy y la C\u00e1mara de Comercio impulsan una imagen conjunta para potenciar...","og_url":"https:\/\/www.copealcoy.es\/es\/informativo-matinal-viernes-13-de-marzo-2026-0750h\/","og_site_name":"COPE Alcoy","article_published_time":"2026-03-13T06:30:13+00:00","article_modified_time":"2026-03-13T18:56:19+00:00","og_image":[{"width":357,"height":290,"url":"https:\/\/www.copealcoy.es\/wp-content\/uploads\/2025\/02\/Informativo-Matinal-Castellano.png","type":"image\/png"}],"author":"Cope Alcoy","twitter_misc":{"Escrito por":"Cope Alcoy","Tiempo de lectura":"3 minutos"},"schema":{"@context":"https:\/\/schema.org","@graph":[{"@type":"Article","@id":"https:\/\/www.copealcoy.es\/es\/informativo-matinal-viernes-13-de-marzo-2026-0750h\/#article","isPartOf":{"@id":"https:\/\/www.copealcoy.es\/es\/informativo-matinal-viernes-13-de-marzo-2026-0750h\/"},"author":{"name":"Cope Alcoy","@id":"https:\/\/www.copealcoy.es\/es\/#\/schema\/person\/e777c87fa024e57d40170af9df39882c"},"headline":"Informativo matinal viernes 13 de marzo 2026 (07:50h)","datePublished":"2026-03-13T06:30:13+00:00","dateModified":"2026-03-13T18:56:19+00:00","mainEntityOfPage":{"@id":"https:\/\/www.copealcoy.es\/es\/informativo-matinal-viernes-13-de-marzo-2026-0750h\/"},"wordCount":477,"image":{"@id":"https:\/\/www.copealcoy.es\/es\/informativo-matinal-viernes-13-de-marzo-2026-0750h\/#primaryimage"},"thumbnailUrl":"https:\/\/www.copealcoy.es\/wp-content\/uploads\/2025\/02\/Informativo-Matinal-Castellano.png","articleSection":["Actualidad","Audios de los programas","Informativos","Noticias"],"inLanguage":"es"},{"@type":"WebPage","@id":"https:\/\/www.copealcoy.es\/es\/informativo-matinal-viernes-13-de-marzo-2026-0750h\/","url":"https:\/\/www.copealcoy.es\/es\/informativo-matinal-viernes-13-de-marzo-2026-0750h\/","name":"Informativo matinal viernes 13 de marzo 2026 (07:50h) - COPE Alcoy","isPartOf":{"@id":"https:\/\/www.copealcoy.es\/es\/#website"},"primaryImageOfPage":{"@id":"https:\/\/www.copealcoy.es\/es\/informativo-matinal-viernes-13-de-marzo-2026-0750h\/#primaryimage"},"image":{"@id":"https:\/\/www.copealcoy.es\/es\/informativo-matinal-viernes-13-de-marzo-2026-0750h\/#primaryimage"},"thumbnailUrl":"https:\/\/www.copealcoy.es\/wp-content\/uploads\/2025\/02\/Informativo-Matinal-Castellano.png","datePublished":"2026-03-13T06:30:13+00:00","dateModified":"2026-03-13T18:56:19+00:00","author":{"@id":"https:\/\/www.copealcoy.es\/es\/#\/schema\/person\/e777c87fa024e57d40170af9df39882c"},"breadcrumb":{"@id":"https:\/\/www.copealcoy.es\/es\/informativo-matinal-viernes-13-de-marzo-2026-0750h\/#breadcrumb"},"inLanguage":"es","potentialAction":[{"@type":"ReadAction","target":["https:\/\/www.copealcoy.es\/es\/informativo-matinal-viernes-13-de-marzo-2026-0750h\/"]}]},{"@type":"ImageObject","inLanguage":"es","@id":"https:\/\/www.copealcoy.es\/es\/informativo-matinal-viernes-13-de-marzo-2026-0750h\/#primaryimage","url":"https:\/\/www.copealcoy.es\/wp-content\/uploads\/2025\/02\/Informativo-Matinal-Castellano.png","contentUrl":"https:\/\/www.copealcoy.es\/wp-content\/uploads\/2025\/02\/Informativo-Matinal-Castellano.png","width":357,"height":290},{"@type":"BreadcrumbList","@id":"https:\/\/www.copealcoy.es\/es\/informativo-matinal-viernes-13-de-marzo-2026-0750h\/#breadcrumb","itemListElement":[{"@type":"ListItem","position":1,"name":"Portada","item":"https:\/\/www.copealcoy.es\/es\/"},{"@type":"ListItem","position":2,"name":"Informativo matinal viernes 13 de marzo 2026 (07:50h)"}]},{"@type":"WebSite","@id":"https:\/\/www.copealcoy.es\/es\/#website","url":"https:\/\/www.copealcoy.es\/es\/","name":"COPE Alcoy","description":"Emisora COPE de radio local con emisi\u00f3n online. Pont de Sant Jordi 8-10 03803 Alcoy","potentialAction":[{"@type":"SearchAction","target":{"@type":"EntryPoint","urlTemplate":"https:\/\/www.copealcoy.es\/es\/?s={search_term_string}"},"query-input":{"@type":"PropertyValueSpecification","valueRequired":true,"valueName":"search_term_string"}}],"inLanguage":"es"},{"@type":"Person","@id":"https:\/\/www.copealcoy.es\/es\/#\/schema\/person\/e777c87fa024e57d40170af9df39882c","name":"Cope Alcoy","image":{"@type":"ImageObject","inLanguage":"es","@id":"https:\/\/secure.gravatar.com\/avatar\/bb65d0283347e303893ba14f0692005417c1e0e690a325a4c5d8bb2b3943ee14?s=96&d=mm&r=g","url":"https:\/\/secure.gravatar.com\/avatar\/bb65d0283347e303893ba14f0692005417c1e0e690a325a4c5d8bb2b3943ee14?s=96&d=mm&r=g","contentUrl":"https:\/\/secure.gravatar.com\/avatar\/bb65d0283347e303893ba14f0692005417c1e0e690a325a4c5d8bb2b3943ee14?s=96&d=mm&r=g","caption":"Cope Alcoy"}}]}},"_links":{"self":[{"href":"https:\/\/www.copealcoy.es\/es\/wp-json\/wp\/v2\/posts\/164713","targetHints":{"allow":["GET"]}}],"collection":[{"href":"https:\/\/www.copealcoy.es\/es\/wp-json\/wp\/v2\/posts"}],"about":[{"href":"https:\/\/www.copealcoy.es\/es\/wp-json\/wp\/v2\/types\/post"}],"author":[{"embeddable":true,"href":"https:\/\/www.copealcoy.es\/es\/wp-json\/wp\/v2\/users\/1"}],"replies":[{"embeddable":true,"href":"https:\/\/www.copealcoy.es\/es\/wp-json\/wp\/v2\/comments?post=164713"}],"version-history":[{"count":1,"href":"https:\/\/www.copealcoy.es\/es\/wp-json\/wp\/v2\/posts\/164713\/revisions"}],"predecessor-version":[{"id":164714,"href":"https:\/\/www.copealcoy.es\/es\/wp-json\/wp\/v2\/posts\/164713\/revisions\/164714"}],"wp:featuredmedia":[{"embeddable":true,"href":"https:\/\/www.copealcoy.es\/es\/wp-json\/wp\/v2\/media\/147669"}],"wp:attachment":[{"href":"https:\/\/www.copealcoy.es\/es\/wp-json\/wp\/v2\/media?parent=164713"}],"wp:term":[{"taxonomy":"category","embeddable":true,"href":"https:\/\/www.copealcoy.es\/es\/wp-json\/wp\/v2\/categories?post=164713"},{"taxonomy":"post_tag","embeddable":true,"href":"https:\/\/www.copealcoy.es\/es\/wp-json\/wp\/v2\/tags?post=164713"}],"curies":[{"name":"wp","href":"https:\/\/api.w.org\/{rel}","templated":true}]}}