{"id":164702,"date":"2026-03-13T19:38:38","date_gmt":"2026-03-13T18:38:38","guid":{"rendered":"https:\/\/www.copealcoy.es\/?p=164702"},"modified":"2026-03-13T19:50:08","modified_gmt":"2026-03-13T18:50:08","slug":"detencion-en-alcoy-por-la-agresion-a-un-profesor-de-un-instituto","status":"publish","type":"post","link":"https:\/\/www.copealcoy.es\/es\/detencion-en-alcoy-por-la-agresion-a-un-profesor-de-un-instituto\/","title":{"rendered":"Detenci\u00f3n en Alcoy por la agresi\u00f3n a un profesor de un instituto"},"content":{"rendered":"<p style=\"text-align: justify;\" data-start=\"132\" data-end=\"466\">Un profesor<strong> ha resultado herido este viernes en Alcoy<\/strong> tras sufrir una violenta agresi\u00f3n en un centro educativo. La v\u00edctima, seg\u00fan informa el Diario Informaci\u00f3n,\u00a0 <strong>ha perdido parte de una oreja<\/strong> despu\u00e9s de ser presuntamente atacada por familiares de un alumno, quienes le habr\u00edan propinado una brutal paliza al docente en el propio instituto.<\/p>\n<p style=\"text-align: justify;\" data-start=\"468\" data-end=\"733\">Agentes de la <a href=\"https:\/\/policia.es\/_es\/index.php\" target=\"_blank\" rel=\"noopener\"><strong><span style=\"color: #0000ff;\">Polic\u00eda Nacional<\/span><\/strong><\/a> y de la Polic\u00eda Local<strong> han detenido a dos personas por su supuesta implicaci\u00f3n<\/strong> en este incidente ocurrido en torno a las 13:30 horas. Ha sido a esa hora cuando <strong>la madre acudi\u00f3 al instituto tras ser avisada por el centro<\/strong> de una conducta inapropiada protagonizada por su hijo, al que los docentes hab\u00edan llamado la atenci\u00f3n, y una vez en el lugar solicitaron hablar con el profesor implicado tanto ella como el menor. De acuerdo con la informaci\u00f3n facilitada, al encontrarse con el citado docente lo habr\u00edan atacado con pu\u00f1etazos y patadas, mientras que uno de los agresores le habr\u00eda mordido la oreja provoc\u00e1ndole la p\u00e9rdida de parte de la misma.<\/p>\n<p style=\"text-align: justify;\" data-start=\"468\" data-end=\"733\">Desde la Polic\u00eda Local de nuestra ciudad han confirmado a COPE ALCOY que <strong>la r\u00e1pida actuaci\u00f3n de la misma evit\u00f3 consecuencias mayores<\/strong>. Adem\u00e1s han detallado que hasta el IES se acercaron tambi\u00e9n la Polic\u00eda Nacional, y efectivos sanitarios, encarg\u00e1ndose estos \u00faltimos de atender al herido antes de ser trasladado a un centro m\u00e9dico. La <strong>investigaci\u00f3n<\/strong> para esclarecer los hechos sigue abierta.<\/p>\n","protected":false},"excerpt":{"rendered":"<p>Un profesor ha resultado herido este viernes en Alcoy tras sufrir una violenta agresi\u00f3n en un centro educativo. La v\u00edctima,&#8230;<\/p>\n","protected":false},"author":1,"featured_media":164705,"comment_status":"closed","ping_status":"closed","sticky":false,"template":"","format":"standard","meta":{"footnotes":""},"categories":[6909,97,75,125,80],"tags":[10799,1494,1393,20843],"class_list":["post-164702","post","type-post","status-publish","format-standard","has-post-thumbnail","hentry","category-actualidad","category-alcoy","category-noticias","category-portada","category-sucesos","tag-agresion","tag-alcoy","tag-detencion","tag-instituto"],"yoast_head":"<!-- This site is optimized with the Yoast SEO plugin v27.3 - https:\/\/yoast.com\/product\/yoast-seo-wordpress\/ -->\n<title>Detenci\u00f3n en Alcoy por la agresi\u00f3n a un profesor de un instituto - COPE Alcoy<\/title>\n<meta name=\"description\" content=\"Detenci\u00f3n en Alcoy por agredir a un profesor de un instituto\" \/>\n<meta name=\"robots\" content=\"index, follow, max-snippet:-1, max-image-preview:large, max-video-preview:-1\" \/>\n<link rel=\"canonical\" href=\"https:\/\/www.copealcoy.es\/es\/detencion-en-alcoy-por-la-agresion-a-un-profesor-de-un-instituto\/\" \/>\n<meta property=\"og:locale\" content=\"es_ES\" \/>\n<meta property=\"og:type\" content=\"article\" \/>\n<meta property=\"og:title\" content=\"Detenci\u00f3n en Alcoy por la agresi\u00f3n a un profesor de un instituto - COPE Alcoy\" \/>\n<meta property=\"og:description\" content=\"Detenci\u00f3n en Alcoy por agredir a un profesor de un instituto\" \/>\n<meta property=\"og:url\" content=\"https:\/\/www.copealcoy.es\/es\/detencion-en-alcoy-por-la-agresion-a-un-profesor-de-un-instituto\/\" \/>\n<meta property=\"og:site_name\" content=\"COPE Alcoy\" \/>\n<meta property=\"article:published_time\" content=\"2026-03-13T18:38:38+00:00\" \/>\n<meta property=\"article:modified_time\" content=\"2026-03-13T18:50:08+00:00\" \/>\n<meta property=\"og:image\" content=\"https:\/\/www.copealcoy.es\/wp-content\/uploads\/2026\/03\/comisaria-policia-nacional-alcoy_96.webp\" \/>\n\t<meta property=\"og:image:width\" content=\"1200\" \/>\n\t<meta property=\"og:image:height\" content=\"675\" \/>\n\t<meta property=\"og:image:type\" content=\"image\/webp\" \/>\n<meta name=\"author\" content=\"Cope Alcoy\" \/>\n<meta name=\"twitter:label1\" content=\"Escrito por\" \/>\n\t<meta name=\"twitter:data1\" content=\"Cope Alcoy\" \/>\n\t<meta name=\"twitter:label2\" content=\"Tiempo de lectura\" \/>\n\t<meta name=\"twitter:data2\" content=\"2 minutos\" \/>\n<script type=\"application\/ld+json\" class=\"yoast-schema-graph\">{\"@context\":\"https:\\\/\\\/schema.org\",\"@graph\":[{\"@type\":\"Article\",\"@id\":\"https:\\\/\\\/www.copealcoy.es\\\/es\\\/detencion-en-alcoy-por-la-agresion-a-un-profesor-de-un-instituto\\\/#article\",\"isPartOf\":{\"@id\":\"https:\\\/\\\/www.copealcoy.es\\\/es\\\/detencion-en-alcoy-por-la-agresion-a-un-profesor-de-un-instituto\\\/\"},\"author\":{\"name\":\"Cope Alcoy\",\"@id\":\"https:\\\/\\\/www.copealcoy.es\\\/es\\\/#\\\/schema\\\/person\\\/e777c87fa024e57d40170af9df39882c\"},\"headline\":\"Detenci\u00f3n en Alcoy por la agresi\u00f3n a un profesor de un instituto\",\"datePublished\":\"2026-03-13T18:38:38+00:00\",\"dateModified\":\"2026-03-13T18:50:08+00:00\",\"mainEntityOfPage\":{\"@id\":\"https:\\\/\\\/www.copealcoy.es\\\/es\\\/detencion-en-alcoy-por-la-agresion-a-un-profesor-de-un-instituto\\\/\"},\"wordCount\":271,\"image\":{\"@id\":\"https:\\\/\\\/www.copealcoy.es\\\/es\\\/detencion-en-alcoy-por-la-agresion-a-un-profesor-de-un-instituto\\\/#primaryimage\"},\"thumbnailUrl\":\"https:\\\/\\\/www.copealcoy.es\\\/wp-content\\\/uploads\\\/2026\\\/03\\\/comisaria-policia-nacional-alcoy_96.webp\",\"keywords\":[\"agresi\u00f3n\",\"Alcoy\",\"detenci\u00f3n\",\"instituto\"],\"articleSection\":[\"Actualidad\",\"Alcoy\",\"Noticias\",\"Portada\",\"Sucesos\"],\"inLanguage\":\"es\"},{\"@type\":\"WebPage\",\"@id\":\"https:\\\/\\\/www.copealcoy.es\\\/es\\\/detencion-en-alcoy-por-la-agresion-a-un-profesor-de-un-instituto\\\/\",\"url\":\"https:\\\/\\\/www.copealcoy.es\\\/es\\\/detencion-en-alcoy-por-la-agresion-a-un-profesor-de-un-instituto\\\/\",\"name\":\"Detenci\u00f3n en Alcoy por la agresi\u00f3n a un profesor de un instituto - COPE Alcoy\",\"isPartOf\":{\"@id\":\"https:\\\/\\\/www.copealcoy.es\\\/es\\\/#website\"},\"primaryImageOfPage\":{\"@id\":\"https:\\\/\\\/www.copealcoy.es\\\/es\\\/detencion-en-alcoy-por-la-agresion-a-un-profesor-de-un-instituto\\\/#primaryimage\"},\"image\":{\"@id\":\"https:\\\/\\\/www.copealcoy.es\\\/es\\\/detencion-en-alcoy-por-la-agresion-a-un-profesor-de-un-instituto\\\/#primaryimage\"},\"thumbnailUrl\":\"https:\\\/\\\/www.copealcoy.es\\\/wp-content\\\/uploads\\\/2026\\\/03\\\/comisaria-policia-nacional-alcoy_96.webp\",\"datePublished\":\"2026-03-13T18:38:38+00:00\",\"dateModified\":\"2026-03-13T18:50:08+00:00\",\"author\":{\"@id\":\"https:\\\/\\\/www.copealcoy.es\\\/es\\\/#\\\/schema\\\/person\\\/e777c87fa024e57d40170af9df39882c\"},\"description\":\"Detenci\u00f3n en Alcoy por agredir a un profesor de un instituto\",\"breadcrumb\":{\"@id\":\"https:\\\/\\\/www.copealcoy.es\\\/es\\\/detencion-en-alcoy-por-la-agresion-a-un-profesor-de-un-instituto\\\/#breadcrumb\"},\"inLanguage\":\"es\",\"potentialAction\":[{\"@type\":\"ReadAction\",\"target\":[\"https:\\\/\\\/www.copealcoy.es\\\/es\\\/detencion-en-alcoy-por-la-agresion-a-un-profesor-de-un-instituto\\\/\"]}]},{\"@type\":\"ImageObject\",\"inLanguage\":\"es\",\"@id\":\"https:\\\/\\\/www.copealcoy.es\\\/es\\\/detencion-en-alcoy-por-la-agresion-a-un-profesor-de-un-instituto\\\/#primaryimage\",\"url\":\"https:\\\/\\\/www.copealcoy.es\\\/wp-content\\\/uploads\\\/2026\\\/03\\\/comisaria-policia-nacional-alcoy_96.webp\",\"contentUrl\":\"https:\\\/\\\/www.copealcoy.es\\\/wp-content\\\/uploads\\\/2026\\\/03\\\/comisaria-policia-nacional-alcoy_96.webp\",\"width\":1200,\"height\":675},{\"@type\":\"BreadcrumbList\",\"@id\":\"https:\\\/\\\/www.copealcoy.es\\\/es\\\/detencion-en-alcoy-por-la-agresion-a-un-profesor-de-un-instituto\\\/#breadcrumb\",\"itemListElement\":[{\"@type\":\"ListItem\",\"position\":1,\"name\":\"Portada\",\"item\":\"https:\\\/\\\/www.copealcoy.es\\\/es\\\/\"},{\"@type\":\"ListItem\",\"position\":2,\"name\":\"Detenci\u00f3n en Alcoy por la agresi\u00f3n a un profesor de un instituto\"}]},{\"@type\":\"WebSite\",\"@id\":\"https:\\\/\\\/www.copealcoy.es\\\/es\\\/#website\",\"url\":\"https:\\\/\\\/www.copealcoy.es\\\/es\\\/\",\"name\":\"COPE Alcoy\",\"description\":\"Emisora COPE de radio local con emisi\u00f3n online. Pont de Sant Jordi 8-10 03803 Alcoy\",\"potentialAction\":[{\"@type\":\"SearchAction\",\"target\":{\"@type\":\"EntryPoint\",\"urlTemplate\":\"https:\\\/\\\/www.copealcoy.es\\\/es\\\/?s={search_term_string}\"},\"query-input\":{\"@type\":\"PropertyValueSpecification\",\"valueRequired\":true,\"valueName\":\"search_term_string\"}}],\"inLanguage\":\"es\"},{\"@type\":\"Person\",\"@id\":\"https:\\\/\\\/www.copealcoy.es\\\/es\\\/#\\\/schema\\\/person\\\/e777c87fa024e57d40170af9df39882c\",\"name\":\"Cope Alcoy\",\"image\":{\"@type\":\"ImageObject\",\"inLanguage\":\"es\",\"@id\":\"https:\\\/\\\/secure.gravatar.com\\\/avatar\\\/bb65d0283347e303893ba14f0692005417c1e0e690a325a4c5d8bb2b3943ee14?s=96&d=mm&r=g\",\"url\":\"https:\\\/\\\/secure.gravatar.com\\\/avatar\\\/bb65d0283347e303893ba14f0692005417c1e0e690a325a4c5d8bb2b3943ee14?s=96&d=mm&r=g\",\"contentUrl\":\"https:\\\/\\\/secure.gravatar.com\\\/avatar\\\/bb65d0283347e303893ba14f0692005417c1e0e690a325a4c5d8bb2b3943ee14?s=96&d=mm&r=g\",\"caption\":\"Cope Alcoy\"}}]}<\/script>\n<!-- \/ Yoast SEO plugin. -->","yoast_head_json":{"title":"Detenci\u00f3n en Alcoy por la agresi\u00f3n a un profesor de un instituto - COPE Alcoy","description":"Detenci\u00f3n en Alcoy por agredir a un profesor de un instituto","robots":{"index":"index","follow":"follow","max-snippet":"max-snippet:-1","max-image-preview":"max-image-preview:large","max-video-preview":"max-video-preview:-1"},"canonical":"https:\/\/www.copealcoy.es\/es\/detencion-en-alcoy-por-la-agresion-a-un-profesor-de-un-instituto\/","og_locale":"es_ES","og_type":"article","og_title":"Detenci\u00f3n en Alcoy por la agresi\u00f3n a un profesor de un instituto - COPE Alcoy","og_description":"Detenci\u00f3n en Alcoy por agredir a un profesor de un instituto","og_url":"https:\/\/www.copealcoy.es\/es\/detencion-en-alcoy-por-la-agresion-a-un-profesor-de-un-instituto\/","og_site_name":"COPE Alcoy","article_published_time":"2026-03-13T18:38:38+00:00","article_modified_time":"2026-03-13T18:50:08+00:00","og_image":[{"width":1200,"height":675,"url":"https:\/\/www.copealcoy.es\/wp-content\/uploads\/2026\/03\/comisaria-policia-nacional-alcoy_96.webp","type":"image\/webp"}],"author":"Cope Alcoy","twitter_misc":{"Escrito por":"Cope Alcoy","Tiempo de lectura":"2 minutos"},"schema":{"@context":"https:\/\/schema.org","@graph":[{"@type":"Article","@id":"https:\/\/www.copealcoy.es\/es\/detencion-en-alcoy-por-la-agresion-a-un-profesor-de-un-instituto\/#article","isPartOf":{"@id":"https:\/\/www.copealcoy.es\/es\/detencion-en-alcoy-por-la-agresion-a-un-profesor-de-un-instituto\/"},"author":{"name":"Cope Alcoy","@id":"https:\/\/www.copealcoy.es\/es\/#\/schema\/person\/e777c87fa024e57d40170af9df39882c"},"headline":"Detenci\u00f3n en Alcoy por la agresi\u00f3n a un profesor de un instituto","datePublished":"2026-03-13T18:38:38+00:00","dateModified":"2026-03-13T18:50:08+00:00","mainEntityOfPage":{"@id":"https:\/\/www.copealcoy.es\/es\/detencion-en-alcoy-por-la-agresion-a-un-profesor-de-un-instituto\/"},"wordCount":271,"image":{"@id":"https:\/\/www.copealcoy.es\/es\/detencion-en-alcoy-por-la-agresion-a-un-profesor-de-un-instituto\/#primaryimage"},"thumbnailUrl":"https:\/\/www.copealcoy.es\/wp-content\/uploads\/2026\/03\/comisaria-policia-nacional-alcoy_96.webp","keywords":["agresi\u00f3n","Alcoy","detenci\u00f3n","instituto"],"articleSection":["Actualidad","Alcoy","Noticias","Portada","Sucesos"],"inLanguage":"es"},{"@type":"WebPage","@id":"https:\/\/www.copealcoy.es\/es\/detencion-en-alcoy-por-la-agresion-a-un-profesor-de-un-instituto\/","url":"https:\/\/www.copealcoy.es\/es\/detencion-en-alcoy-por-la-agresion-a-un-profesor-de-un-instituto\/","name":"Detenci\u00f3n en Alcoy por la agresi\u00f3n a un profesor de un instituto - COPE Alcoy","isPartOf":{"@id":"https:\/\/www.copealcoy.es\/es\/#website"},"primaryImageOfPage":{"@id":"https:\/\/www.copealcoy.es\/es\/detencion-en-alcoy-por-la-agresion-a-un-profesor-de-un-instituto\/#primaryimage"},"image":{"@id":"https:\/\/www.copealcoy.es\/es\/detencion-en-alcoy-por-la-agresion-a-un-profesor-de-un-instituto\/#primaryimage"},"thumbnailUrl":"https:\/\/www.copealcoy.es\/wp-content\/uploads\/2026\/03\/comisaria-policia-nacional-alcoy_96.webp","datePublished":"2026-03-13T18:38:38+00:00","dateModified":"2026-03-13T18:50:08+00:00","author":{"@id":"https:\/\/www.copealcoy.es\/es\/#\/schema\/person\/e777c87fa024e57d40170af9df39882c"},"description":"Detenci\u00f3n en Alcoy por agredir a un profesor de un instituto","breadcrumb":{"@id":"https:\/\/www.copealcoy.es\/es\/detencion-en-alcoy-por-la-agresion-a-un-profesor-de-un-instituto\/#breadcrumb"},"inLanguage":"es","potentialAction":[{"@type":"ReadAction","target":["https:\/\/www.copealcoy.es\/es\/detencion-en-alcoy-por-la-agresion-a-un-profesor-de-un-instituto\/"]}]},{"@type":"ImageObject","inLanguage":"es","@id":"https:\/\/www.copealcoy.es\/es\/detencion-en-alcoy-por-la-agresion-a-un-profesor-de-un-instituto\/#primaryimage","url":"https:\/\/www.copealcoy.es\/wp-content\/uploads\/2026\/03\/comisaria-policia-nacional-alcoy_96.webp","contentUrl":"https:\/\/www.copealcoy.es\/wp-content\/uploads\/2026\/03\/comisaria-policia-nacional-alcoy_96.webp","width":1200,"height":675},{"@type":"BreadcrumbList","@id":"https:\/\/www.copealcoy.es\/es\/detencion-en-alcoy-por-la-agresion-a-un-profesor-de-un-instituto\/#breadcrumb","itemListElement":[{"@type":"ListItem","position":1,"name":"Portada","item":"https:\/\/www.copealcoy.es\/es\/"},{"@type":"ListItem","position":2,"name":"Detenci\u00f3n en Alcoy por la agresi\u00f3n a un profesor de un instituto"}]},{"@type":"WebSite","@id":"https:\/\/www.copealcoy.es\/es\/#website","url":"https:\/\/www.copealcoy.es\/es\/","name":"COPE Alcoy","description":"Emisora COPE de radio local con emisi\u00f3n online. Pont de Sant Jordi 8-10 03803 Alcoy","potentialAction":[{"@type":"SearchAction","target":{"@type":"EntryPoint","urlTemplate":"https:\/\/www.copealcoy.es\/es\/?s={search_term_string}"},"query-input":{"@type":"PropertyValueSpecification","valueRequired":true,"valueName":"search_term_string"}}],"inLanguage":"es"},{"@type":"Person","@id":"https:\/\/www.copealcoy.es\/es\/#\/schema\/person\/e777c87fa024e57d40170af9df39882c","name":"Cope Alcoy","image":{"@type":"ImageObject","inLanguage":"es","@id":"https:\/\/secure.gravatar.com\/avatar\/bb65d0283347e303893ba14f0692005417c1e0e690a325a4c5d8bb2b3943ee14?s=96&d=mm&r=g","url":"https:\/\/secure.gravatar.com\/avatar\/bb65d0283347e303893ba14f0692005417c1e0e690a325a4c5d8bb2b3943ee14?s=96&d=mm&r=g","contentUrl":"https:\/\/secure.gravatar.com\/avatar\/bb65d0283347e303893ba14f0692005417c1e0e690a325a4c5d8bb2b3943ee14?s=96&d=mm&r=g","caption":"Cope Alcoy"}}]}},"_links":{"self":[{"href":"https:\/\/www.copealcoy.es\/es\/wp-json\/wp\/v2\/posts\/164702","targetHints":{"allow":["GET"]}}],"collection":[{"href":"https:\/\/www.copealcoy.es\/es\/wp-json\/wp\/v2\/posts"}],"about":[{"href":"https:\/\/www.copealcoy.es\/es\/wp-json\/wp\/v2\/types\/post"}],"author":[{"embeddable":true,"href":"https:\/\/www.copealcoy.es\/es\/wp-json\/wp\/v2\/users\/1"}],"replies":[{"embeddable":true,"href":"https:\/\/www.copealcoy.es\/es\/wp-json\/wp\/v2\/comments?post=164702"}],"version-history":[{"count":3,"href":"https:\/\/www.copealcoy.es\/es\/wp-json\/wp\/v2\/posts\/164702\/revisions"}],"predecessor-version":[{"id":164709,"href":"https:\/\/www.copealcoy.es\/es\/wp-json\/wp\/v2\/posts\/164702\/revisions\/164709"}],"wp:featuredmedia":[{"embeddable":true,"href":"https:\/\/www.copealcoy.es\/es\/wp-json\/wp\/v2\/media\/164705"}],"wp:attachment":[{"href":"https:\/\/www.copealcoy.es\/es\/wp-json\/wp\/v2\/media?parent=164702"}],"wp:term":[{"taxonomy":"category","embeddable":true,"href":"https:\/\/www.copealcoy.es\/es\/wp-json\/wp\/v2\/categories?post=164702"},{"taxonomy":"post_tag","embeddable":true,"href":"https:\/\/www.copealcoy.es\/es\/wp-json\/wp\/v2\/tags?post=164702"}],"curies":[{"name":"wp","href":"https:\/\/api.w.org\/{rel}","templated":true}]}}