{"id":164692,"date":"2026-03-13T12:36:41","date_gmt":"2026-03-13T11:36:41","guid":{"rendered":"https:\/\/www.copealcoy.es\/?p=164692"},"modified":"2026-03-13T12:45:51","modified_gmt":"2026-03-13T11:45:51","slug":"el-alcoyano-se-planta-ante-las-declaraciones-del-alcalde-de-pamplona-una-falta-de-respeto-grave","status":"publish","type":"post","link":"https:\/\/www.copealcoy.es\/es\/el-alcoyano-se-planta-ante-las-declaraciones-del-alcalde-de-pamplona-una-falta-de-respeto-grave\/","title":{"rendered":"El Alcoyano se planta ante las declaraciones del alcalde de Pamplona: &#8220;una falta de respeto grave&#8221;"},"content":{"rendered":"<p style=\"text-align: justify;\" data-start=\"294\" data-end=\"525\">El alcalde de <strong data-start=\"308\" data-end=\"320\">Pamplona<\/strong>, <strong data-start=\"322\" data-end=\"339\">Joseba Asir\u00f3n<\/strong> (Bildu), ha generado una gran controversia al afirmar que apoyar a los <strong data-start=\"411\" data-end=\"428\">presos de ETA<\/strong> es comparable a apoyar a un <strong data-start=\"457\" data-end=\"477\">equipo de f\u00fatbol<\/strong>, mencionando expresamente al <a href=\"https:\/\/cdalcoyano.org\/\" target=\"_blank\" rel=\"noopener\"><span style=\"color: #0000ff;\"><strong data-start=\"507\" data-end=\"522\">CD Alcoyano<\/strong><\/span><\/a>. La pol\u00e9mica se origin\u00f3 tras la colocaci\u00f3n de diversas <strong data-start=\"581\" data-end=\"635\">pancartas en apoyo a los presos terroristas de ETA<\/strong> durante una <strong data-start=\"648\" data-end=\"679\">carrera popular en Pamplona<\/strong>. Al ser cuestionado, Asir\u00f3n declar\u00f3: <em data-start=\"717\" data-end=\"840\">&#8220;Hay gente que plantea sus reivindicaciones. Me da lo mismo que sean a favor del Alcoyano o de apoyo a los presos de ETA&#8221;.\u00a0<\/em><\/p>\n<p style=\"text-align: justify;\" data-start=\"1273\" data-end=\"1901\">La declaraci\u00f3n tambi\u00e9n ha generado un gran\u00a0 malestar en <strong data-start=\"1320\" data-end=\"1332\">nuestra ciudad<\/strong>, donde el <strong data-start=\"1343\" data-end=\"1358\">CD Alcoyano<\/strong> ha expresado su indignaci\u00f3n. El club, a trav\u00e9s de un comunicado, subraya que las palabras del alcalde son <em data-start=\"1437\" data-end=\"1660\">\u201cabsolutamente intolerables y constituyen una falta de respeto grave hacia una instituci\u00f3n deportiva con casi cien a\u00f1os de historia, hacia su afici\u00f3n y hacia todas las personas que forman y han formado parte de este club\u201d<\/em>. Adem\u00e1s, considera que <em data-start=\"1684\" data-end=\"1898\">\u201cpretender vincular o comparar estos valores con cualquier tipo de organizaci\u00f3n terrorista supone una irresponsabilidad inadmisible, especialmente cuando dichas afirmaciones provienen de un representante p\u00fablico\u201d,\u00a0<\/em>se\u00f1alan desde la entidad blanquiazul.<\/p>\n<p style=\"text-align: justify;\" data-start=\"1903\" data-end=\"2228\">El conjunto de Alcoy exige <strong data-start=\"1930\" data-end=\"1972\">disculpas p\u00fablicas y una rectificaci\u00f3n<\/strong> de Asir\u00f3n, que hasta el momento de la redacci\u00f3n de esta noticia no se hab\u00eda producido. A continuaci\u00f3n puedes leer el comunicado \u00edntegro lanzado por el Alcoyano:<\/p>\n<p style=\"text-align: justify;\"><em>El CD Alcoyano quiere manifestar p\u00fablicamente su m\u00e1s rotundo rechazo y su profunda indignaci\u00f3n ante las recientes declaraciones realizadas por el alcalde de Pamplona, en las que se establece una comparaci\u00f3n directa entre nuestra entidad y un grupo de apoyo a presos terroristas.<\/em><\/p>\n<p style=\"text-align: justify;\"><em>Estas palabras resultan absolutamente intolerables y constituyen una falta de respeto grave hacia una instituci\u00f3n deportiva con casi cien a\u00f1os de historia, hacia su afici\u00f3n y hacia todas las personas que forman y han formado parte de este club. El CD Alcoyano es una entidad que ha construido su trayectoria sobre valores como el respeto, el esfuerzo, la superaci\u00f3n, el compa\u00f1erismo y el compromiso con la sociedad. Pretender vincular o comparar estos valores con cualquier tipo de organizaci\u00f3n terrorista supone una irresponsabilidad inadmisible, especialmente cuando dichas afirmaciones provienen de un representante p\u00fablico.<\/em><\/p>\n<p style=\"text-align: justify;\"><em>Desde el CD Alcoyano no vamos a aceptar ni normalizar este tipo de declaraciones. Consideramos profundamente desafortunado que el edil de una ciudad tan emblem\u00e1tica como Pamplona utilice comparaciones tan graves y ofensivas que se vinculen injustificadamente a nuestro club.\u00a0<\/em><\/p>\n<p style=\"text-align: justify;\"><em>Por todo ello, denunciamos p\u00fablicamente estos hechos y exigimos el m\u00e1ximo respeto hacia nuestra entidad, nuestra historia y nuestra afici\u00f3n. El nombre del CD Alcoyano no puede ni debe ser utilizado en ning\u00fan contexto que lo relacione, directa o indirectamente, con el terrorismo o pol\u00edtica.\u00a0<\/em><\/p>\n<p style=\"text-align: justify;\"><em>Exigimos al alcalde de Pamplona una rectificaci\u00f3n de sus palabras, as\u00ed como una disculpa p\u00fablica por unas declaraciones que consideramos totalmente inapropiadas.<\/em><\/p>\n<p style=\"text-align: justify;\"><em>El CD Alcoyano seguir\u00e1 defendiendo con firmeza los valores que siempre han guiado a esta instituci\u00f3n a lo largo de su historia y no permanecer\u00e1 en silencio ante ataques injustificados que atenten contra su honor y su reputaci\u00f3n.<\/em><\/p>\n<p style=\"text-align: justify;\" data-start=\"1903\" data-end=\"2228\">\n","protected":false},"excerpt":{"rendered":"<p>El alcalde de Pamplona, Joseba Asir\u00f3n (Bildu), ha generado una gran controversia al afirmar que apoyar a los presos de&#8230;<\/p>\n","protected":false},"author":1,"featured_media":164695,"comment_status":"closed","ping_status":"closed","sticky":false,"template":"","format":"standard","meta":{"footnotes":""},"categories":[6909,97,92,75],"tags":[20839,140,5144,18698,4392],"class_list":["post-164692","post","type-post","status-publish","format-standard","has-post-thumbnail","hentry","category-actualidad","category-alcoy","category-deportes","category-noticias","tag-alcalde-de-pamplona","tag-alcoyano","tag-comunicado","tag-declaraciones","tag-eta"],"yoast_head":"<!-- This site is optimized with the Yoast SEO plugin v27.3 - https:\/\/yoast.com\/product\/yoast-seo-wordpress\/ -->\n<title>El Alcoyano se planta ante las declaraciones del alcalde de Pamplona: &quot;una falta de respeto grave&quot; - COPE Alcoy<\/title>\n<meta name=\"description\" content=\"El Alcoyano se planta ante las declaraciones del alcalde de Pamplona: &quot;una falta de respeto grave&quot;\" \/>\n<meta name=\"robots\" content=\"index, follow, max-snippet:-1, max-image-preview:large, max-video-preview:-1\" \/>\n<link rel=\"canonical\" href=\"https:\/\/www.copealcoy.es\/es\/el-alcoyano-se-planta-ante-las-declaraciones-del-alcalde-de-pamplona-una-falta-de-respeto-grave\/\" \/>\n<meta property=\"og:locale\" content=\"es_ES\" \/>\n<meta property=\"og:type\" content=\"article\" \/>\n<meta property=\"og:title\" content=\"El Alcoyano se planta ante las declaraciones del alcalde de Pamplona: &quot;una falta de respeto grave&quot; - COPE Alcoy\" \/>\n<meta property=\"og:description\" content=\"El Alcoyano se planta ante las declaraciones del alcalde de Pamplona: &quot;una falta de respeto grave&quot;\" \/>\n<meta property=\"og:url\" content=\"https:\/\/www.copealcoy.es\/es\/el-alcoyano-se-planta-ante-las-declaraciones-del-alcalde-de-pamplona-una-falta-de-respeto-grave\/\" \/>\n<meta property=\"og:site_name\" content=\"COPE Alcoy\" \/>\n<meta property=\"article:published_time\" content=\"2026-03-13T11:36:41+00:00\" \/>\n<meta property=\"article:modified_time\" content=\"2026-03-13T11:45:51+00:00\" \/>\n<meta property=\"og:image\" content=\"https:\/\/www.copealcoy.es\/wp-content\/uploads\/2026\/03\/Captura-de-Pantalla-2026-03-13-a-las-12.35.33.png\" \/>\n\t<meta property=\"og:image:width\" content=\"782\" \/>\n\t<meta property=\"og:image:height\" content=\"474\" \/>\n\t<meta property=\"og:image:type\" content=\"image\/png\" \/>\n<meta name=\"author\" content=\"Cope Alcoy\" \/>\n<meta name=\"twitter:label1\" content=\"Escrito por\" \/>\n\t<meta name=\"twitter:data1\" content=\"Cope Alcoy\" \/>\n\t<meta name=\"twitter:label2\" content=\"Tiempo de lectura\" \/>\n\t<meta name=\"twitter:data2\" content=\"3 minutos\" \/>\n<script type=\"application\/ld+json\" class=\"yoast-schema-graph\">{\"@context\":\"https:\\\/\\\/schema.org\",\"@graph\":[{\"@type\":\"Article\",\"@id\":\"https:\\\/\\\/www.copealcoy.es\\\/es\\\/el-alcoyano-se-planta-ante-las-declaraciones-del-alcalde-de-pamplona-una-falta-de-respeto-grave\\\/#article\",\"isPartOf\":{\"@id\":\"https:\\\/\\\/www.copealcoy.es\\\/es\\\/el-alcoyano-se-planta-ante-las-declaraciones-del-alcalde-de-pamplona-una-falta-de-respeto-grave\\\/\"},\"author\":{\"name\":\"Cope Alcoy\",\"@id\":\"https:\\\/\\\/www.copealcoy.es\\\/es\\\/#\\\/schema\\\/person\\\/e777c87fa024e57d40170af9df39882c\"},\"headline\":\"El Alcoyano se planta ante las declaraciones del alcalde de Pamplona: &#8220;una falta de respeto grave&#8221;\",\"datePublished\":\"2026-03-13T11:36:41+00:00\",\"dateModified\":\"2026-03-13T11:45:51+00:00\",\"mainEntityOfPage\":{\"@id\":\"https:\\\/\\\/www.copealcoy.es\\\/es\\\/el-alcoyano-se-planta-ante-las-declaraciones-del-alcalde-de-pamplona-una-falta-de-respeto-grave\\\/\"},\"wordCount\":566,\"image\":{\"@id\":\"https:\\\/\\\/www.copealcoy.es\\\/es\\\/el-alcoyano-se-planta-ante-las-declaraciones-del-alcalde-de-pamplona-una-falta-de-respeto-grave\\\/#primaryimage\"},\"thumbnailUrl\":\"https:\\\/\\\/www.copealcoy.es\\\/wp-content\\\/uploads\\\/2026\\\/03\\\/Captura-de-Pantalla-2026-03-13-a-las-12.35.33.png\",\"keywords\":[\"alcalde de Pamplona\",\"Alcoyano\",\"comunicado\",\"declaraciones\",\"ETA\"],\"articleSection\":[\"Actualidad\",\"Alcoy\",\"Deportes\",\"Noticias\"],\"inLanguage\":\"es\"},{\"@type\":\"WebPage\",\"@id\":\"https:\\\/\\\/www.copealcoy.es\\\/es\\\/el-alcoyano-se-planta-ante-las-declaraciones-del-alcalde-de-pamplona-una-falta-de-respeto-grave\\\/\",\"url\":\"https:\\\/\\\/www.copealcoy.es\\\/es\\\/el-alcoyano-se-planta-ante-las-declaraciones-del-alcalde-de-pamplona-una-falta-de-respeto-grave\\\/\",\"name\":\"El Alcoyano se planta ante las declaraciones del alcalde de Pamplona: \\\"una falta de respeto grave\\\" - COPE Alcoy\",\"isPartOf\":{\"@id\":\"https:\\\/\\\/www.copealcoy.es\\\/es\\\/#website\"},\"primaryImageOfPage\":{\"@id\":\"https:\\\/\\\/www.copealcoy.es\\\/es\\\/el-alcoyano-se-planta-ante-las-declaraciones-del-alcalde-de-pamplona-una-falta-de-respeto-grave\\\/#primaryimage\"},\"image\":{\"@id\":\"https:\\\/\\\/www.copealcoy.es\\\/es\\\/el-alcoyano-se-planta-ante-las-declaraciones-del-alcalde-de-pamplona-una-falta-de-respeto-grave\\\/#primaryimage\"},\"thumbnailUrl\":\"https:\\\/\\\/www.copealcoy.es\\\/wp-content\\\/uploads\\\/2026\\\/03\\\/Captura-de-Pantalla-2026-03-13-a-las-12.35.33.png\",\"datePublished\":\"2026-03-13T11:36:41+00:00\",\"dateModified\":\"2026-03-13T11:45:51+00:00\",\"author\":{\"@id\":\"https:\\\/\\\/www.copealcoy.es\\\/es\\\/#\\\/schema\\\/person\\\/e777c87fa024e57d40170af9df39882c\"},\"description\":\"El Alcoyano se planta ante las declaraciones del alcalde de Pamplona: \\\"una falta de respeto grave\\\"\",\"breadcrumb\":{\"@id\":\"https:\\\/\\\/www.copealcoy.es\\\/es\\\/el-alcoyano-se-planta-ante-las-declaraciones-del-alcalde-de-pamplona-una-falta-de-respeto-grave\\\/#breadcrumb\"},\"inLanguage\":\"es\",\"potentialAction\":[{\"@type\":\"ReadAction\",\"target\":[\"https:\\\/\\\/www.copealcoy.es\\\/es\\\/el-alcoyano-se-planta-ante-las-declaraciones-del-alcalde-de-pamplona-una-falta-de-respeto-grave\\\/\"]}]},{\"@type\":\"ImageObject\",\"inLanguage\":\"es\",\"@id\":\"https:\\\/\\\/www.copealcoy.es\\\/es\\\/el-alcoyano-se-planta-ante-las-declaraciones-del-alcalde-de-pamplona-una-falta-de-respeto-grave\\\/#primaryimage\",\"url\":\"https:\\\/\\\/www.copealcoy.es\\\/wp-content\\\/uploads\\\/2026\\\/03\\\/Captura-de-Pantalla-2026-03-13-a-las-12.35.33.png\",\"contentUrl\":\"https:\\\/\\\/www.copealcoy.es\\\/wp-content\\\/uploads\\\/2026\\\/03\\\/Captura-de-Pantalla-2026-03-13-a-las-12.35.33.png\",\"width\":782,\"height\":474},{\"@type\":\"BreadcrumbList\",\"@id\":\"https:\\\/\\\/www.copealcoy.es\\\/es\\\/el-alcoyano-se-planta-ante-las-declaraciones-del-alcalde-de-pamplona-una-falta-de-respeto-grave\\\/#breadcrumb\",\"itemListElement\":[{\"@type\":\"ListItem\",\"position\":1,\"name\":\"Portada\",\"item\":\"https:\\\/\\\/www.copealcoy.es\\\/es\\\/\"},{\"@type\":\"ListItem\",\"position\":2,\"name\":\"El Alcoyano se planta ante las declaraciones del alcalde de Pamplona: &#8220;una falta de respeto grave&#8221;\"}]},{\"@type\":\"WebSite\",\"@id\":\"https:\\\/\\\/www.copealcoy.es\\\/es\\\/#website\",\"url\":\"https:\\\/\\\/www.copealcoy.es\\\/es\\\/\",\"name\":\"COPE Alcoy\",\"description\":\"Emisora COPE de radio local con emisi\u00f3n online. Pont de Sant Jordi 8-10 03803 Alcoy\",\"potentialAction\":[{\"@type\":\"SearchAction\",\"target\":{\"@type\":\"EntryPoint\",\"urlTemplate\":\"https:\\\/\\\/www.copealcoy.es\\\/es\\\/?s={search_term_string}\"},\"query-input\":{\"@type\":\"PropertyValueSpecification\",\"valueRequired\":true,\"valueName\":\"search_term_string\"}}],\"inLanguage\":\"es\"},{\"@type\":\"Person\",\"@id\":\"https:\\\/\\\/www.copealcoy.es\\\/es\\\/#\\\/schema\\\/person\\\/e777c87fa024e57d40170af9df39882c\",\"name\":\"Cope Alcoy\",\"image\":{\"@type\":\"ImageObject\",\"inLanguage\":\"es\",\"@id\":\"https:\\\/\\\/secure.gravatar.com\\\/avatar\\\/bb65d0283347e303893ba14f0692005417c1e0e690a325a4c5d8bb2b3943ee14?s=96&d=mm&r=g\",\"url\":\"https:\\\/\\\/secure.gravatar.com\\\/avatar\\\/bb65d0283347e303893ba14f0692005417c1e0e690a325a4c5d8bb2b3943ee14?s=96&d=mm&r=g\",\"contentUrl\":\"https:\\\/\\\/secure.gravatar.com\\\/avatar\\\/bb65d0283347e303893ba14f0692005417c1e0e690a325a4c5d8bb2b3943ee14?s=96&d=mm&r=g\",\"caption\":\"Cope Alcoy\"}}]}<\/script>\n<!-- \/ Yoast SEO plugin. -->","yoast_head_json":{"title":"El Alcoyano se planta ante las declaraciones del alcalde de Pamplona: \"una falta de respeto grave\" - COPE Alcoy","description":"El Alcoyano se planta ante las declaraciones del alcalde de Pamplona: \"una falta de respeto grave\"","robots":{"index":"index","follow":"follow","max-snippet":"max-snippet:-1","max-image-preview":"max-image-preview:large","max-video-preview":"max-video-preview:-1"},"canonical":"https:\/\/www.copealcoy.es\/es\/el-alcoyano-se-planta-ante-las-declaraciones-del-alcalde-de-pamplona-una-falta-de-respeto-grave\/","og_locale":"es_ES","og_type":"article","og_title":"El Alcoyano se planta ante las declaraciones del alcalde de Pamplona: \"una falta de respeto grave\" - COPE Alcoy","og_description":"El Alcoyano se planta ante las declaraciones del alcalde de Pamplona: \"una falta de respeto grave\"","og_url":"https:\/\/www.copealcoy.es\/es\/el-alcoyano-se-planta-ante-las-declaraciones-del-alcalde-de-pamplona-una-falta-de-respeto-grave\/","og_site_name":"COPE Alcoy","article_published_time":"2026-03-13T11:36:41+00:00","article_modified_time":"2026-03-13T11:45:51+00:00","og_image":[{"width":782,"height":474,"url":"https:\/\/www.copealcoy.es\/wp-content\/uploads\/2026\/03\/Captura-de-Pantalla-2026-03-13-a-las-12.35.33.png","type":"image\/png"}],"author":"Cope Alcoy","twitter_misc":{"Escrito por":"Cope Alcoy","Tiempo de lectura":"3 minutos"},"schema":{"@context":"https:\/\/schema.org","@graph":[{"@type":"Article","@id":"https:\/\/www.copealcoy.es\/es\/el-alcoyano-se-planta-ante-las-declaraciones-del-alcalde-de-pamplona-una-falta-de-respeto-grave\/#article","isPartOf":{"@id":"https:\/\/www.copealcoy.es\/es\/el-alcoyano-se-planta-ante-las-declaraciones-del-alcalde-de-pamplona-una-falta-de-respeto-grave\/"},"author":{"name":"Cope Alcoy","@id":"https:\/\/www.copealcoy.es\/es\/#\/schema\/person\/e777c87fa024e57d40170af9df39882c"},"headline":"El Alcoyano se planta ante las declaraciones del alcalde de Pamplona: &#8220;una falta de respeto grave&#8221;","datePublished":"2026-03-13T11:36:41+00:00","dateModified":"2026-03-13T11:45:51+00:00","mainEntityOfPage":{"@id":"https:\/\/www.copealcoy.es\/es\/el-alcoyano-se-planta-ante-las-declaraciones-del-alcalde-de-pamplona-una-falta-de-respeto-grave\/"},"wordCount":566,"image":{"@id":"https:\/\/www.copealcoy.es\/es\/el-alcoyano-se-planta-ante-las-declaraciones-del-alcalde-de-pamplona-una-falta-de-respeto-grave\/#primaryimage"},"thumbnailUrl":"https:\/\/www.copealcoy.es\/wp-content\/uploads\/2026\/03\/Captura-de-Pantalla-2026-03-13-a-las-12.35.33.png","keywords":["alcalde de Pamplona","Alcoyano","comunicado","declaraciones","ETA"],"articleSection":["Actualidad","Alcoy","Deportes","Noticias"],"inLanguage":"es"},{"@type":"WebPage","@id":"https:\/\/www.copealcoy.es\/es\/el-alcoyano-se-planta-ante-las-declaraciones-del-alcalde-de-pamplona-una-falta-de-respeto-grave\/","url":"https:\/\/www.copealcoy.es\/es\/el-alcoyano-se-planta-ante-las-declaraciones-del-alcalde-de-pamplona-una-falta-de-respeto-grave\/","name":"El Alcoyano se planta ante las declaraciones del alcalde de Pamplona: \"una falta de respeto grave\" - COPE Alcoy","isPartOf":{"@id":"https:\/\/www.copealcoy.es\/es\/#website"},"primaryImageOfPage":{"@id":"https:\/\/www.copealcoy.es\/es\/el-alcoyano-se-planta-ante-las-declaraciones-del-alcalde-de-pamplona-una-falta-de-respeto-grave\/#primaryimage"},"image":{"@id":"https:\/\/www.copealcoy.es\/es\/el-alcoyano-se-planta-ante-las-declaraciones-del-alcalde-de-pamplona-una-falta-de-respeto-grave\/#primaryimage"},"thumbnailUrl":"https:\/\/www.copealcoy.es\/wp-content\/uploads\/2026\/03\/Captura-de-Pantalla-2026-03-13-a-las-12.35.33.png","datePublished":"2026-03-13T11:36:41+00:00","dateModified":"2026-03-13T11:45:51+00:00","author":{"@id":"https:\/\/www.copealcoy.es\/es\/#\/schema\/person\/e777c87fa024e57d40170af9df39882c"},"description":"El Alcoyano se planta ante las declaraciones del alcalde de Pamplona: \"una falta de respeto grave\"","breadcrumb":{"@id":"https:\/\/www.copealcoy.es\/es\/el-alcoyano-se-planta-ante-las-declaraciones-del-alcalde-de-pamplona-una-falta-de-respeto-grave\/#breadcrumb"},"inLanguage":"es","potentialAction":[{"@type":"ReadAction","target":["https:\/\/www.copealcoy.es\/es\/el-alcoyano-se-planta-ante-las-declaraciones-del-alcalde-de-pamplona-una-falta-de-respeto-grave\/"]}]},{"@type":"ImageObject","inLanguage":"es","@id":"https:\/\/www.copealcoy.es\/es\/el-alcoyano-se-planta-ante-las-declaraciones-del-alcalde-de-pamplona-una-falta-de-respeto-grave\/#primaryimage","url":"https:\/\/www.copealcoy.es\/wp-content\/uploads\/2026\/03\/Captura-de-Pantalla-2026-03-13-a-las-12.35.33.png","contentUrl":"https:\/\/www.copealcoy.es\/wp-content\/uploads\/2026\/03\/Captura-de-Pantalla-2026-03-13-a-las-12.35.33.png","width":782,"height":474},{"@type":"BreadcrumbList","@id":"https:\/\/www.copealcoy.es\/es\/el-alcoyano-se-planta-ante-las-declaraciones-del-alcalde-de-pamplona-una-falta-de-respeto-grave\/#breadcrumb","itemListElement":[{"@type":"ListItem","position":1,"name":"Portada","item":"https:\/\/www.copealcoy.es\/es\/"},{"@type":"ListItem","position":2,"name":"El Alcoyano se planta ante las declaraciones del alcalde de Pamplona: &#8220;una falta de respeto grave&#8221;"}]},{"@type":"WebSite","@id":"https:\/\/www.copealcoy.es\/es\/#website","url":"https:\/\/www.copealcoy.es\/es\/","name":"COPE Alcoy","description":"Emisora COPE de radio local con emisi\u00f3n online. Pont de Sant Jordi 8-10 03803 Alcoy","potentialAction":[{"@type":"SearchAction","target":{"@type":"EntryPoint","urlTemplate":"https:\/\/www.copealcoy.es\/es\/?s={search_term_string}"},"query-input":{"@type":"PropertyValueSpecification","valueRequired":true,"valueName":"search_term_string"}}],"inLanguage":"es"},{"@type":"Person","@id":"https:\/\/www.copealcoy.es\/es\/#\/schema\/person\/e777c87fa024e57d40170af9df39882c","name":"Cope Alcoy","image":{"@type":"ImageObject","inLanguage":"es","@id":"https:\/\/secure.gravatar.com\/avatar\/bb65d0283347e303893ba14f0692005417c1e0e690a325a4c5d8bb2b3943ee14?s=96&d=mm&r=g","url":"https:\/\/secure.gravatar.com\/avatar\/bb65d0283347e303893ba14f0692005417c1e0e690a325a4c5d8bb2b3943ee14?s=96&d=mm&r=g","contentUrl":"https:\/\/secure.gravatar.com\/avatar\/bb65d0283347e303893ba14f0692005417c1e0e690a325a4c5d8bb2b3943ee14?s=96&d=mm&r=g","caption":"Cope Alcoy"}}]}},"_links":{"self":[{"href":"https:\/\/www.copealcoy.es\/es\/wp-json\/wp\/v2\/posts\/164692","targetHints":{"allow":["GET"]}}],"collection":[{"href":"https:\/\/www.copealcoy.es\/es\/wp-json\/wp\/v2\/posts"}],"about":[{"href":"https:\/\/www.copealcoy.es\/es\/wp-json\/wp\/v2\/types\/post"}],"author":[{"embeddable":true,"href":"https:\/\/www.copealcoy.es\/es\/wp-json\/wp\/v2\/users\/1"}],"replies":[{"embeddable":true,"href":"https:\/\/www.copealcoy.es\/es\/wp-json\/wp\/v2\/comments?post=164692"}],"version-history":[{"count":2,"href":"https:\/\/www.copealcoy.es\/es\/wp-json\/wp\/v2\/posts\/164692\/revisions"}],"predecessor-version":[{"id":164699,"href":"https:\/\/www.copealcoy.es\/es\/wp-json\/wp\/v2\/posts\/164692\/revisions\/164699"}],"wp:featuredmedia":[{"embeddable":true,"href":"https:\/\/www.copealcoy.es\/es\/wp-json\/wp\/v2\/media\/164695"}],"wp:attachment":[{"href":"https:\/\/www.copealcoy.es\/es\/wp-json\/wp\/v2\/media?parent=164692"}],"wp:term":[{"taxonomy":"category","embeddable":true,"href":"https:\/\/www.copealcoy.es\/es\/wp-json\/wp\/v2\/categories?post=164692"},{"taxonomy":"post_tag","embeddable":true,"href":"https:\/\/www.copealcoy.es\/es\/wp-json\/wp\/v2\/tags?post=164692"}],"curies":[{"name":"wp","href":"https:\/\/api.w.org\/{rel}","templated":true}]}}