{"id":164681,"date":"2026-03-13T12:09:22","date_gmt":"2026-03-13T11:09:22","guid":{"rendered":"https:\/\/www.copealcoy.es\/?p=164681"},"modified":"2026-03-13T12:17:51","modified_gmt":"2026-03-13T11:17:51","slug":"el-descubrimiento-del-cartel-y-el-pregon-antesala-de-la-semana-santa-alcoyana","status":"publish","type":"post","link":"https:\/\/www.copealcoy.es\/es\/el-descubrimiento-del-cartel-y-el-pregon-antesala-de-la-semana-santa-alcoyana\/","title":{"rendered":"El descubrimiento del cartel y el preg\u00f3n, antesala de la Semana Santa alcoyana"},"content":{"rendered":"<p style=\"text-align: justify;\" data-start=\"313\" data-end=\"806\">La <strong data-start=\"316\" data-end=\"337\">Semana Santa 2026<\/strong> dio comienzo en <span class=\"hover:entity-accent entity-underline inline cursor-pointer align-baseline\"><span class=\"whitespace-normal\">Alcoy<\/span><\/span> dio inicio ayer jueves\u00a0con el tradicional acto de descubrimiento del <strong data-start=\"445\" data-end=\"466\">cartel anunciador<\/strong>, un instante que tuvo lugar a los pies del <strong data-start=\"493\" data-end=\"551\">campanario de la <span class=\"hover:entity-accent entity-underline inline cursor-pointer align-baseline\"><span class=\"whitespace-normal\">Iglesia de Santa Mar\u00eda.\u00a0<\/span><\/span><\/strong><span class=\"hover:entity-accent entity-underline inline cursor-pointer align-baseline\"><span class=\"whitespace-normal\">All\u00ed <strong>se efectu\u00f3 la bendici\u00f3n de la obra<\/strong>, a cargo del titular de las parroquias del Centro <strong>Don Jes\u00fas Fuentes<\/strong>, acompa\u00f1ado por representantes de las cofrad\u00edas locales e incluso de la corporaci\u00f3n municipal.\u00a0<\/span><\/span><\/p>\n<p style=\"text-align: justify;\" data-start=\"313\" data-end=\"806\">Cabe destacar que el cartel es obra de <strong>Antonio Yepes, por encargo del <a href=\"https:\/\/circulocatolicodealcoy.es.tl\/\" target=\"_blank\" rel=\"noopener\"><span style=\"color: #0000ff;\">C\u00edrculo Cat\u00f3lico de Obrero<\/span><\/a><span style=\"color: #0000ff;\">s<\/span> que coordina este a\u00f1o la Semana Santa en Alcoy,<\/strong>\u00a0y en el mismo\u00a0destaca la <strong data-start=\"628\" data-end=\"674\">imagen de Cristo junto a un cirio y flores<\/strong>, mientras que en segundo plano se aprecian las monta\u00f1as de Alcoy, representando as\u00ed la fusi\u00f3n de fe y devoci\u00f3n con los elementos m\u00e1s representativos del paisaje natural de nuestra ciudad.\u00a0<span style=\"text-align: justify;\">A continuaci\u00f3n, se celebr\u00f3 el <\/span><strong style=\"text-align: justify;\" data-start=\"1113\" data-end=\"1142\">preg\u00f3n de la Semana Santa<\/strong><span style=\"text-align: justify;\">, pronunciado por <\/span><strong style=\"text-align: justify;\" data-start=\"1160\" data-end=\"1201\"><span class=\"hover:entity-accent entity-underline inline cursor-pointer align-baseline\"><span class=\"whitespace-normal\">Jos\u00e9 Antonio \u00c1lvarez<\/span><\/span><\/strong><span style=\"text-align: justify;\">, quien en declaraciones a <\/span><strong style=\"text-align: justify;\" data-start=\"1228\" data-end=\"1242\">COPE ALCOY<\/strong><span style=\"text-align: justify;\"> explic\u00f3 que en su intervenci\u00f3n iba a proponer un viaje hacia el interior &#8220;<em>he querido poner en valor todo aquello que da sentido a los d\u00edas de Semana Santa, tras lo experimentado a lo largo de la Cuaresma, y junto a ello he destacado los muchos elementos con los que cuenta la Semana Santa alcoyana contribuyendo a hacerla diferente respecto a las celebraciones que durante esos d\u00edas tienen lugar en muchos municipios<\/em>&#8220;, apuntaba el pregonero.\u00a0<\/span><\/p>\n<p style=\"text-align: justify;\" data-start=\"808\" data-end=\"1081\"><a href=\"https:\/\/www.copealcoy.es\/wp-content\/uploads\/2026\/03\/651164011_1340361074791081_5904482293853391653_n-e1773400350887.jpg\"><img loading=\"lazy\" decoding=\"async\" class=\"wp-image-164685 aligncenter\" src=\"https:\/\/www.copealcoy.es\/wp-content\/uploads\/2026\/03\/651164011_1340361074791081_5904482293853391653_n-e1773400350887.jpg\" alt=\"\" width=\"666\" height=\"1058\" \/><\/a><\/p>\n<p style=\"text-align: justify;\" data-start=\"808\" data-end=\"1081\">Antes del preg\u00f3n, se produjo la <strong data-start=\"840\" data-end=\"895\">inauguraci\u00f3n de la muestra de dioramas con escenas de la Pasi\u00f3n<\/strong>, impulsada por la <strong data-start=\"914\" data-end=\"955\"><span class=\"hover:entity-accent entity-underline inline cursor-pointer align-baseline\"><span class=\"whitespace-normal\">Asociaci\u00f3n Belenista de Santa Rosa<\/span><\/span><\/strong>, que ofrece a los visitantes un recorrido por varias representaciones b\u00edblicas centradas en la pasi\u00f3n, muerte y resurrecci\u00f3n de Jes\u00fas. Se puede visitar en el interior de Santa Mar\u00eda y los horarios de culto de la misma parroquia. Una vez descubierto el cartel y efectuado el preg\u00f3n de Semana Santa, ser\u00e1 el turno del <strong>Septenario en honor a la Virgen de los Dolores<\/strong> que tendr\u00e1 lugar en la parroquia de San Mauro y San Francisco del 21 al 27 de marzo a las 19:00h. Al finalizar la \u00faltima jornada tendr\u00e1 lugar un V\u00eda Crucis por La Glorieta.<\/p>\n","protected":false},"excerpt":{"rendered":"<p>La Semana Santa 2026 dio comienzo en Alcoy dio inicio ayer jueves\u00a0con el tradicional acto de descubrimiento del cartel anunciador,&#8230;<\/p>\n","protected":false},"author":1,"featured_media":164682,"comment_status":"closed","ping_status":"closed","sticky":false,"template":"","format":"standard","meta":{"footnotes":""},"categories":[6909,97,78,75],"tags":[],"class_list":["post-164681","post","type-post","status-publish","format-standard","has-post-thumbnail","hentry","category-actualidad","category-alcoy","category-fiestaycultura","category-noticias"],"yoast_head":"<!-- This site is optimized with the Yoast SEO plugin v27.3 - https:\/\/yoast.com\/product\/yoast-seo-wordpress\/ -->\n<title>El descubrimiento del cartel y el preg\u00f3n, antesala de la Semana Santa alcoyana - COPE Alcoy<\/title>\n<meta name=\"robots\" content=\"index, follow, max-snippet:-1, max-image-preview:large, max-video-preview:-1\" \/>\n<link rel=\"canonical\" href=\"https:\/\/www.copealcoy.es\/es\/el-descubrimiento-del-cartel-y-el-pregon-antesala-de-la-semana-santa-alcoyana\/\" \/>\n<meta property=\"og:locale\" content=\"es_ES\" \/>\n<meta property=\"og:type\" content=\"article\" \/>\n<meta property=\"og:title\" content=\"El descubrimiento del cartel y el preg\u00f3n, antesala de la Semana Santa alcoyana - COPE Alcoy\" \/>\n<meta property=\"og:description\" content=\"La Semana Santa 2026 dio comienzo en Alcoy dio inicio ayer jueves\u00a0con el tradicional acto de descubrimiento del cartel anunciador,...\" \/>\n<meta property=\"og:url\" content=\"https:\/\/www.copealcoy.es\/es\/el-descubrimiento-del-cartel-y-el-pregon-antesala-de-la-semana-santa-alcoyana\/\" \/>\n<meta property=\"og:site_name\" content=\"COPE Alcoy\" \/>\n<meta property=\"article:published_time\" content=\"2026-03-13T11:09:22+00:00\" \/>\n<meta property=\"article:modified_time\" content=\"2026-03-13T11:17:51+00:00\" \/>\n<meta property=\"og:image\" content=\"https:\/\/www.copealcoy.es\/wp-content\/uploads\/2026\/03\/unnamed-1-15.jpg\" \/>\n\t<meta property=\"og:image:width\" content=\"864\" \/>\n\t<meta property=\"og:image:height\" content=\"549\" \/>\n\t<meta property=\"og:image:type\" content=\"image\/jpeg\" \/>\n<meta name=\"author\" content=\"Cope Alcoy\" \/>\n<meta name=\"twitter:label1\" content=\"Escrito por\" \/>\n\t<meta name=\"twitter:data1\" content=\"Cope Alcoy\" \/>\n\t<meta name=\"twitter:label2\" content=\"Tiempo de lectura\" \/>\n\t<meta name=\"twitter:data2\" content=\"3 minutos\" \/>\n<script type=\"application\/ld+json\" class=\"yoast-schema-graph\">{\"@context\":\"https:\\\/\\\/schema.org\",\"@graph\":[{\"@type\":\"Article\",\"@id\":\"https:\\\/\\\/www.copealcoy.es\\\/es\\\/el-descubrimiento-del-cartel-y-el-pregon-antesala-de-la-semana-santa-alcoyana\\\/#article\",\"isPartOf\":{\"@id\":\"https:\\\/\\\/www.copealcoy.es\\\/es\\\/el-descubrimiento-del-cartel-y-el-pregon-antesala-de-la-semana-santa-alcoyana\\\/\"},\"author\":{\"name\":\"Cope Alcoy\",\"@id\":\"https:\\\/\\\/www.copealcoy.es\\\/es\\\/#\\\/schema\\\/person\\\/e777c87fa024e57d40170af9df39882c\"},\"headline\":\"El descubrimiento del cartel y el preg\u00f3n, antesala de la Semana Santa alcoyana\",\"datePublished\":\"2026-03-13T11:09:22+00:00\",\"dateModified\":\"2026-03-13T11:17:51+00:00\",\"mainEntityOfPage\":{\"@id\":\"https:\\\/\\\/www.copealcoy.es\\\/es\\\/el-descubrimiento-del-cartel-y-el-pregon-antesala-de-la-semana-santa-alcoyana\\\/\"},\"wordCount\":400,\"image\":{\"@id\":\"https:\\\/\\\/www.copealcoy.es\\\/es\\\/el-descubrimiento-del-cartel-y-el-pregon-antesala-de-la-semana-santa-alcoyana\\\/#primaryimage\"},\"thumbnailUrl\":\"https:\\\/\\\/www.copealcoy.es\\\/wp-content\\\/uploads\\\/2026\\\/03\\\/unnamed-1-15.jpg\",\"articleSection\":[\"Actualidad\",\"Alcoy\",\"Fiesta y Cultura\",\"Noticias\"],\"inLanguage\":\"es\"},{\"@type\":\"WebPage\",\"@id\":\"https:\\\/\\\/www.copealcoy.es\\\/es\\\/el-descubrimiento-del-cartel-y-el-pregon-antesala-de-la-semana-santa-alcoyana\\\/\",\"url\":\"https:\\\/\\\/www.copealcoy.es\\\/es\\\/el-descubrimiento-del-cartel-y-el-pregon-antesala-de-la-semana-santa-alcoyana\\\/\",\"name\":\"El descubrimiento del cartel y el preg\u00f3n, antesala de la Semana Santa alcoyana - COPE Alcoy\",\"isPartOf\":{\"@id\":\"https:\\\/\\\/www.copealcoy.es\\\/es\\\/#website\"},\"primaryImageOfPage\":{\"@id\":\"https:\\\/\\\/www.copealcoy.es\\\/es\\\/el-descubrimiento-del-cartel-y-el-pregon-antesala-de-la-semana-santa-alcoyana\\\/#primaryimage\"},\"image\":{\"@id\":\"https:\\\/\\\/www.copealcoy.es\\\/es\\\/el-descubrimiento-del-cartel-y-el-pregon-antesala-de-la-semana-santa-alcoyana\\\/#primaryimage\"},\"thumbnailUrl\":\"https:\\\/\\\/www.copealcoy.es\\\/wp-content\\\/uploads\\\/2026\\\/03\\\/unnamed-1-15.jpg\",\"datePublished\":\"2026-03-13T11:09:22+00:00\",\"dateModified\":\"2026-03-13T11:17:51+00:00\",\"author\":{\"@id\":\"https:\\\/\\\/www.copealcoy.es\\\/es\\\/#\\\/schema\\\/person\\\/e777c87fa024e57d40170af9df39882c\"},\"breadcrumb\":{\"@id\":\"https:\\\/\\\/www.copealcoy.es\\\/es\\\/el-descubrimiento-del-cartel-y-el-pregon-antesala-de-la-semana-santa-alcoyana\\\/#breadcrumb\"},\"inLanguage\":\"es\",\"potentialAction\":[{\"@type\":\"ReadAction\",\"target\":[\"https:\\\/\\\/www.copealcoy.es\\\/es\\\/el-descubrimiento-del-cartel-y-el-pregon-antesala-de-la-semana-santa-alcoyana\\\/\"]}]},{\"@type\":\"ImageObject\",\"inLanguage\":\"es\",\"@id\":\"https:\\\/\\\/www.copealcoy.es\\\/es\\\/el-descubrimiento-del-cartel-y-el-pregon-antesala-de-la-semana-santa-alcoyana\\\/#primaryimage\",\"url\":\"https:\\\/\\\/www.copealcoy.es\\\/wp-content\\\/uploads\\\/2026\\\/03\\\/unnamed-1-15.jpg\",\"contentUrl\":\"https:\\\/\\\/www.copealcoy.es\\\/wp-content\\\/uploads\\\/2026\\\/03\\\/unnamed-1-15.jpg\",\"width\":864,\"height\":549},{\"@type\":\"BreadcrumbList\",\"@id\":\"https:\\\/\\\/www.copealcoy.es\\\/es\\\/el-descubrimiento-del-cartel-y-el-pregon-antesala-de-la-semana-santa-alcoyana\\\/#breadcrumb\",\"itemListElement\":[{\"@type\":\"ListItem\",\"position\":1,\"name\":\"Portada\",\"item\":\"https:\\\/\\\/www.copealcoy.es\\\/es\\\/\"},{\"@type\":\"ListItem\",\"position\":2,\"name\":\"El descubrimiento del cartel y el preg\u00f3n, antesala de la Semana Santa alcoyana\"}]},{\"@type\":\"WebSite\",\"@id\":\"https:\\\/\\\/www.copealcoy.es\\\/es\\\/#website\",\"url\":\"https:\\\/\\\/www.copealcoy.es\\\/es\\\/\",\"name\":\"COPE Alcoy\",\"description\":\"Emisora COPE de radio local con emisi\u00f3n online. Pont de Sant Jordi 8-10 03803 Alcoy\",\"potentialAction\":[{\"@type\":\"SearchAction\",\"target\":{\"@type\":\"EntryPoint\",\"urlTemplate\":\"https:\\\/\\\/www.copealcoy.es\\\/es\\\/?s={search_term_string}\"},\"query-input\":{\"@type\":\"PropertyValueSpecification\",\"valueRequired\":true,\"valueName\":\"search_term_string\"}}],\"inLanguage\":\"es\"},{\"@type\":\"Person\",\"@id\":\"https:\\\/\\\/www.copealcoy.es\\\/es\\\/#\\\/schema\\\/person\\\/e777c87fa024e57d40170af9df39882c\",\"name\":\"Cope Alcoy\",\"image\":{\"@type\":\"ImageObject\",\"inLanguage\":\"es\",\"@id\":\"https:\\\/\\\/secure.gravatar.com\\\/avatar\\\/bb65d0283347e303893ba14f0692005417c1e0e690a325a4c5d8bb2b3943ee14?s=96&d=mm&r=g\",\"url\":\"https:\\\/\\\/secure.gravatar.com\\\/avatar\\\/bb65d0283347e303893ba14f0692005417c1e0e690a325a4c5d8bb2b3943ee14?s=96&d=mm&r=g\",\"contentUrl\":\"https:\\\/\\\/secure.gravatar.com\\\/avatar\\\/bb65d0283347e303893ba14f0692005417c1e0e690a325a4c5d8bb2b3943ee14?s=96&d=mm&r=g\",\"caption\":\"Cope Alcoy\"}}]}<\/script>\n<!-- \/ Yoast SEO plugin. -->","yoast_head_json":{"title":"El descubrimiento del cartel y el preg\u00f3n, antesala de la Semana Santa alcoyana - COPE Alcoy","robots":{"index":"index","follow":"follow","max-snippet":"max-snippet:-1","max-image-preview":"max-image-preview:large","max-video-preview":"max-video-preview:-1"},"canonical":"https:\/\/www.copealcoy.es\/es\/el-descubrimiento-del-cartel-y-el-pregon-antesala-de-la-semana-santa-alcoyana\/","og_locale":"es_ES","og_type":"article","og_title":"El descubrimiento del cartel y el preg\u00f3n, antesala de la Semana Santa alcoyana - COPE Alcoy","og_description":"La Semana Santa 2026 dio comienzo en Alcoy dio inicio ayer jueves\u00a0con el tradicional acto de descubrimiento del cartel anunciador,...","og_url":"https:\/\/www.copealcoy.es\/es\/el-descubrimiento-del-cartel-y-el-pregon-antesala-de-la-semana-santa-alcoyana\/","og_site_name":"COPE Alcoy","article_published_time":"2026-03-13T11:09:22+00:00","article_modified_time":"2026-03-13T11:17:51+00:00","og_image":[{"width":864,"height":549,"url":"https:\/\/www.copealcoy.es\/wp-content\/uploads\/2026\/03\/unnamed-1-15.jpg","type":"image\/jpeg"}],"author":"Cope Alcoy","twitter_misc":{"Escrito por":"Cope Alcoy","Tiempo de lectura":"3 minutos"},"schema":{"@context":"https:\/\/schema.org","@graph":[{"@type":"Article","@id":"https:\/\/www.copealcoy.es\/es\/el-descubrimiento-del-cartel-y-el-pregon-antesala-de-la-semana-santa-alcoyana\/#article","isPartOf":{"@id":"https:\/\/www.copealcoy.es\/es\/el-descubrimiento-del-cartel-y-el-pregon-antesala-de-la-semana-santa-alcoyana\/"},"author":{"name":"Cope Alcoy","@id":"https:\/\/www.copealcoy.es\/es\/#\/schema\/person\/e777c87fa024e57d40170af9df39882c"},"headline":"El descubrimiento del cartel y el preg\u00f3n, antesala de la Semana Santa alcoyana","datePublished":"2026-03-13T11:09:22+00:00","dateModified":"2026-03-13T11:17:51+00:00","mainEntityOfPage":{"@id":"https:\/\/www.copealcoy.es\/es\/el-descubrimiento-del-cartel-y-el-pregon-antesala-de-la-semana-santa-alcoyana\/"},"wordCount":400,"image":{"@id":"https:\/\/www.copealcoy.es\/es\/el-descubrimiento-del-cartel-y-el-pregon-antesala-de-la-semana-santa-alcoyana\/#primaryimage"},"thumbnailUrl":"https:\/\/www.copealcoy.es\/wp-content\/uploads\/2026\/03\/unnamed-1-15.jpg","articleSection":["Actualidad","Alcoy","Fiesta y Cultura","Noticias"],"inLanguage":"es"},{"@type":"WebPage","@id":"https:\/\/www.copealcoy.es\/es\/el-descubrimiento-del-cartel-y-el-pregon-antesala-de-la-semana-santa-alcoyana\/","url":"https:\/\/www.copealcoy.es\/es\/el-descubrimiento-del-cartel-y-el-pregon-antesala-de-la-semana-santa-alcoyana\/","name":"El descubrimiento del cartel y el preg\u00f3n, antesala de la Semana Santa alcoyana - COPE Alcoy","isPartOf":{"@id":"https:\/\/www.copealcoy.es\/es\/#website"},"primaryImageOfPage":{"@id":"https:\/\/www.copealcoy.es\/es\/el-descubrimiento-del-cartel-y-el-pregon-antesala-de-la-semana-santa-alcoyana\/#primaryimage"},"image":{"@id":"https:\/\/www.copealcoy.es\/es\/el-descubrimiento-del-cartel-y-el-pregon-antesala-de-la-semana-santa-alcoyana\/#primaryimage"},"thumbnailUrl":"https:\/\/www.copealcoy.es\/wp-content\/uploads\/2026\/03\/unnamed-1-15.jpg","datePublished":"2026-03-13T11:09:22+00:00","dateModified":"2026-03-13T11:17:51+00:00","author":{"@id":"https:\/\/www.copealcoy.es\/es\/#\/schema\/person\/e777c87fa024e57d40170af9df39882c"},"breadcrumb":{"@id":"https:\/\/www.copealcoy.es\/es\/el-descubrimiento-del-cartel-y-el-pregon-antesala-de-la-semana-santa-alcoyana\/#breadcrumb"},"inLanguage":"es","potentialAction":[{"@type":"ReadAction","target":["https:\/\/www.copealcoy.es\/es\/el-descubrimiento-del-cartel-y-el-pregon-antesala-de-la-semana-santa-alcoyana\/"]}]},{"@type":"ImageObject","inLanguage":"es","@id":"https:\/\/www.copealcoy.es\/es\/el-descubrimiento-del-cartel-y-el-pregon-antesala-de-la-semana-santa-alcoyana\/#primaryimage","url":"https:\/\/www.copealcoy.es\/wp-content\/uploads\/2026\/03\/unnamed-1-15.jpg","contentUrl":"https:\/\/www.copealcoy.es\/wp-content\/uploads\/2026\/03\/unnamed-1-15.jpg","width":864,"height":549},{"@type":"BreadcrumbList","@id":"https:\/\/www.copealcoy.es\/es\/el-descubrimiento-del-cartel-y-el-pregon-antesala-de-la-semana-santa-alcoyana\/#breadcrumb","itemListElement":[{"@type":"ListItem","position":1,"name":"Portada","item":"https:\/\/www.copealcoy.es\/es\/"},{"@type":"ListItem","position":2,"name":"El descubrimiento del cartel y el preg\u00f3n, antesala de la Semana Santa alcoyana"}]},{"@type":"WebSite","@id":"https:\/\/www.copealcoy.es\/es\/#website","url":"https:\/\/www.copealcoy.es\/es\/","name":"COPE Alcoy","description":"Emisora COPE de radio local con emisi\u00f3n online. Pont de Sant Jordi 8-10 03803 Alcoy","potentialAction":[{"@type":"SearchAction","target":{"@type":"EntryPoint","urlTemplate":"https:\/\/www.copealcoy.es\/es\/?s={search_term_string}"},"query-input":{"@type":"PropertyValueSpecification","valueRequired":true,"valueName":"search_term_string"}}],"inLanguage":"es"},{"@type":"Person","@id":"https:\/\/www.copealcoy.es\/es\/#\/schema\/person\/e777c87fa024e57d40170af9df39882c","name":"Cope Alcoy","image":{"@type":"ImageObject","inLanguage":"es","@id":"https:\/\/secure.gravatar.com\/avatar\/bb65d0283347e303893ba14f0692005417c1e0e690a325a4c5d8bb2b3943ee14?s=96&d=mm&r=g","url":"https:\/\/secure.gravatar.com\/avatar\/bb65d0283347e303893ba14f0692005417c1e0e690a325a4c5d8bb2b3943ee14?s=96&d=mm&r=g","contentUrl":"https:\/\/secure.gravatar.com\/avatar\/bb65d0283347e303893ba14f0692005417c1e0e690a325a4c5d8bb2b3943ee14?s=96&d=mm&r=g","caption":"Cope Alcoy"}}]}},"_links":{"self":[{"href":"https:\/\/www.copealcoy.es\/es\/wp-json\/wp\/v2\/posts\/164681","targetHints":{"allow":["GET"]}}],"collection":[{"href":"https:\/\/www.copealcoy.es\/es\/wp-json\/wp\/v2\/posts"}],"about":[{"href":"https:\/\/www.copealcoy.es\/es\/wp-json\/wp\/v2\/types\/post"}],"author":[{"embeddable":true,"href":"https:\/\/www.copealcoy.es\/es\/wp-json\/wp\/v2\/users\/1"}],"replies":[{"embeddable":true,"href":"https:\/\/www.copealcoy.es\/es\/wp-json\/wp\/v2\/comments?post=164681"}],"version-history":[{"count":3,"href":"https:\/\/www.copealcoy.es\/es\/wp-json\/wp\/v2\/posts\/164681\/revisions"}],"predecessor-version":[{"id":164690,"href":"https:\/\/www.copealcoy.es\/es\/wp-json\/wp\/v2\/posts\/164681\/revisions\/164690"}],"wp:featuredmedia":[{"embeddable":true,"href":"https:\/\/www.copealcoy.es\/es\/wp-json\/wp\/v2\/media\/164682"}],"wp:attachment":[{"href":"https:\/\/www.copealcoy.es\/es\/wp-json\/wp\/v2\/media?parent=164681"}],"wp:term":[{"taxonomy":"category","embeddable":true,"href":"https:\/\/www.copealcoy.es\/es\/wp-json\/wp\/v2\/categories?post=164681"},{"taxonomy":"post_tag","embeddable":true,"href":"https:\/\/www.copealcoy.es\/es\/wp-json\/wp\/v2\/tags?post=164681"}],"curies":[{"name":"wp","href":"https:\/\/api.w.org\/{rel}","templated":true}]}}