{"id":164670,"date":"2026-03-13T11:15:51","date_gmt":"2026-03-13T10:15:51","guid":{"rendered":"https:\/\/www.copealcoy.es\/?p=164670"},"modified":"2026-03-13T11:30:37","modified_gmt":"2026-03-13T10:30:37","slug":"la-agrupacion-musical-serpis-de-alcoy-inicio-los-conciertos-de-musica-festera","status":"publish","type":"post","link":"https:\/\/www.copealcoy.es\/es\/la-agrupacion-musical-serpis-de-alcoy-inicio-los-conciertos-de-musica-festera\/","title":{"rendered":"La Agrupaci\u00f3n Musical Serpis de Alcoy inici\u00f3 los conciertos de m\u00fasica festera"},"content":{"rendered":"<p style=\"text-align: justify;\">Alcoy <strong>ya est\u00e1 inmersa en la cuenta atr\u00e1s hacia las pr\u00f3ximas Fiestas de Moros y Cristianos<\/strong> en honor a San Jorge, celebraciones que se vivir\u00e1n con intensidad en la recta final del pr\u00f3ximo mes de abril. Ya ha comenzado <strong>el tradicional ciclo de conciertos de exaltaci\u00f3n de la m\u00fasica festera<\/strong>, que anuncian la llegada de la Festa, y el mismo arranc\u00f3 el pasado domingo de la mano de <strong>la <a href=\"https:\/\/www.facebook.com\/p\/Agrupaci%C3%B3-Musical-Serpis-dAlcoi-100063713160296\/\" target=\"_blank\" rel=\"noopener\"><span style=\"color: #0000ff;\">Agrupaci\u00f3n Musical Serpis<\/span><\/a><\/strong>.<\/p>\n<p style=\"text-align: justify;\">El concierto dio inicio quince minutos antes de las doce del mediod\u00eda y estuvo dirigido por el titular de la formaci\u00f3n, <strong>Andr\u00e9s Guerrero<\/strong>. Para la ocasi\u00f3n, <strong>la banda prepar\u00f3 un repertorio dividido en dos partes<\/strong> en el que se pudieron escuchar durante la primera composiciones de m\u00fasica festera como el pasodoble<em> El dianer alcoi\u00e0<\/em> de Jos\u00e9 G\u00f3mez Villa, la marcha cristiana <em>Ilicitana<\/em> de Jos\u00e9 Mar\u00eda Ferrero, la marcha mora <em>Als Ligeros<\/em> de Pedro J. Franc\u00e9s, y el pasodoble <em>El bon humor de la Penya Bon Humor<\/em> de Jos\u00e9 Mar\u00eda Valls Satorres, la marcha cristiana\u00a0<em>Iubilo\u00a0<\/em>de Ferran Llu\u00eds Mart\u00ednez y la marcha mora <em>Al Faquir\u00a0<\/em>de Andr\u00e9s Guerrero. Ya en la segunda parte los m\u00fasicos hicieron sonar\u00a0el pasodoble <em>Homenaje<\/em> de Francisco Esteve, la marcha cristiana <em>Farolero<\/em> de Jos\u00e9 Mar\u00eda Valls Satorres, la marcha mora <em>Abenserraig<\/em> de Sa\u00fcl G\u00f3mez i Soler, el pasodoble <em>Benicadell<\/em> de Joan Enric Canet, la marcha cristiana <em>V\u00edctor<\/em> del contestano Jos\u00e9 Francisco Molina P\u00e9rez y la marcha mora <em>Sisco<\/em> de Daniel Ferrero.<\/p>\n<p style=\"text-align: justify;\">Las <strong>notas del Himno de Fiestas<\/strong> pusieron el broche de oro al concierto de esta formaci\u00f3n musical, presidida por Llu\u00eds Castell\u00f3, que tendr\u00e1 un papel activo de nuevo en la pr\u00f3xima trilog\u00eda en honor a San Jorge acompa\u00f1ando a la Fil\u00e0 Tomasinas. Los concierto de m\u00fasica festera siguen este domingo, a partir de las 11:45h, con la propuesta que ofrecer\u00e1 la Uni\u00f3n Musical de Alcoy.<\/p>\n","protected":false},"excerpt":{"rendered":"<p>Alcoy ya est\u00e1 inmersa en la cuenta atr\u00e1s hacia las pr\u00f3ximas Fiestas de Moros y Cristianos en honor a San&#8230;<\/p>\n","protected":false},"author":1,"featured_media":164671,"comment_status":"closed","ping_status":"closed","sticky":false,"template":"","format":"standard","meta":{"footnotes":""},"categories":[6909,78,75],"tags":[20838,1494,10026,700],"class_list":["post-164670","post","type-post","status-publish","format-standard","has-post-thumbnail","hentry","category-actualidad","category-fiestaycultura","category-noticias","tag-agrupacio-musical-serpis","tag-alcoy","tag-concert","tag-musica-festera"],"yoast_head":"<!-- This site is optimized with the Yoast SEO plugin v27.3 - https:\/\/yoast.com\/product\/yoast-seo-wordpress\/ -->\n<title>La Agrupaci\u00f3n Musical Serpis de Alcoy inici\u00f3 los conciertos de m\u00fasica festera - COPE Alcoy<\/title>\n<meta name=\"description\" content=\"Sonidos de fiesta y tradici\u00f3n: la Agrupaci\u00f3n Musical Serpis de Alcoy inici\u00f3 los conciertos de m\u00fasica festera\" \/>\n<meta name=\"robots\" content=\"index, follow, max-snippet:-1, max-image-preview:large, max-video-preview:-1\" \/>\n<link rel=\"canonical\" href=\"https:\/\/www.copealcoy.es\/es\/la-agrupacion-musical-serpis-de-alcoy-inicio-los-conciertos-de-musica-festera\/\" \/>\n<meta property=\"og:locale\" content=\"es_ES\" \/>\n<meta property=\"og:type\" content=\"article\" \/>\n<meta property=\"og:title\" content=\"La Agrupaci\u00f3n Musical Serpis de Alcoy inici\u00f3 los conciertos de m\u00fasica festera - COPE Alcoy\" \/>\n<meta property=\"og:description\" content=\"Sonidos de fiesta y tradici\u00f3n: la Agrupaci\u00f3n Musical Serpis de Alcoy inici\u00f3 los conciertos de m\u00fasica festera\" \/>\n<meta property=\"og:url\" content=\"https:\/\/www.copealcoy.es\/es\/la-agrupacion-musical-serpis-de-alcoy-inicio-los-conciertos-de-musica-festera\/\" \/>\n<meta property=\"og:site_name\" content=\"COPE Alcoy\" \/>\n<meta property=\"article:published_time\" content=\"2026-03-13T10:15:51+00:00\" \/>\n<meta property=\"article:modified_time\" content=\"2026-03-13T10:30:37+00:00\" \/>\n<meta property=\"og:image\" content=\"https:\/\/www.copealcoy.es\/wp-content\/uploads\/2026\/03\/unnamed-1-14.jpg\" \/>\n\t<meta property=\"og:image:width\" content=\"1600\" \/>\n\t<meta property=\"og:image:height\" content=\"1200\" \/>\n\t<meta property=\"og:image:type\" content=\"image\/jpeg\" \/>\n<meta name=\"author\" content=\"Cope Alcoy\" \/>\n<meta name=\"twitter:label1\" content=\"Escrito por\" \/>\n\t<meta name=\"twitter:data1\" content=\"Cope Alcoy\" \/>\n\t<meta name=\"twitter:label2\" content=\"Tiempo de lectura\" \/>\n\t<meta name=\"twitter:data2\" content=\"2 minutos\" \/>\n<script type=\"application\/ld+json\" class=\"yoast-schema-graph\">{\"@context\":\"https:\\\/\\\/schema.org\",\"@graph\":[{\"@type\":\"Article\",\"@id\":\"https:\\\/\\\/www.copealcoy.es\\\/es\\\/la-agrupacion-musical-serpis-de-alcoy-inicio-los-conciertos-de-musica-festera\\\/#article\",\"isPartOf\":{\"@id\":\"https:\\\/\\\/www.copealcoy.es\\\/es\\\/la-agrupacion-musical-serpis-de-alcoy-inicio-los-conciertos-de-musica-festera\\\/\"},\"author\":{\"name\":\"Cope Alcoy\",\"@id\":\"https:\\\/\\\/www.copealcoy.es\\\/es\\\/#\\\/schema\\\/person\\\/e777c87fa024e57d40170af9df39882c\"},\"headline\":\"La Agrupaci\u00f3n Musical Serpis de Alcoy inici\u00f3 los conciertos de m\u00fasica festera\",\"datePublished\":\"2026-03-13T10:15:51+00:00\",\"dateModified\":\"2026-03-13T10:30:37+00:00\",\"mainEntityOfPage\":{\"@id\":\"https:\\\/\\\/www.copealcoy.es\\\/es\\\/la-agrupacion-musical-serpis-de-alcoy-inicio-los-conciertos-de-musica-festera\\\/\"},\"wordCount\":349,\"image\":{\"@id\":\"https:\\\/\\\/www.copealcoy.es\\\/es\\\/la-agrupacion-musical-serpis-de-alcoy-inicio-los-conciertos-de-musica-festera\\\/#primaryimage\"},\"thumbnailUrl\":\"https:\\\/\\\/www.copealcoy.es\\\/wp-content\\\/uploads\\\/2026\\\/03\\\/unnamed-1-14.jpg\",\"keywords\":[\"Agrupaci\u00f3 Musical Serpis\",\"Alcoy\",\"concert\",\"M\u00fasica Festera\"],\"articleSection\":[\"Actualidad\",\"Fiesta y Cultura\",\"Noticias\"],\"inLanguage\":\"es\"},{\"@type\":\"WebPage\",\"@id\":\"https:\\\/\\\/www.copealcoy.es\\\/es\\\/la-agrupacion-musical-serpis-de-alcoy-inicio-los-conciertos-de-musica-festera\\\/\",\"url\":\"https:\\\/\\\/www.copealcoy.es\\\/es\\\/la-agrupacion-musical-serpis-de-alcoy-inicio-los-conciertos-de-musica-festera\\\/\",\"name\":\"La Agrupaci\u00f3n Musical Serpis de Alcoy inici\u00f3 los conciertos de m\u00fasica festera - COPE Alcoy\",\"isPartOf\":{\"@id\":\"https:\\\/\\\/www.copealcoy.es\\\/es\\\/#website\"},\"primaryImageOfPage\":{\"@id\":\"https:\\\/\\\/www.copealcoy.es\\\/es\\\/la-agrupacion-musical-serpis-de-alcoy-inicio-los-conciertos-de-musica-festera\\\/#primaryimage\"},\"image\":{\"@id\":\"https:\\\/\\\/www.copealcoy.es\\\/es\\\/la-agrupacion-musical-serpis-de-alcoy-inicio-los-conciertos-de-musica-festera\\\/#primaryimage\"},\"thumbnailUrl\":\"https:\\\/\\\/www.copealcoy.es\\\/wp-content\\\/uploads\\\/2026\\\/03\\\/unnamed-1-14.jpg\",\"datePublished\":\"2026-03-13T10:15:51+00:00\",\"dateModified\":\"2026-03-13T10:30:37+00:00\",\"author\":{\"@id\":\"https:\\\/\\\/www.copealcoy.es\\\/es\\\/#\\\/schema\\\/person\\\/e777c87fa024e57d40170af9df39882c\"},\"description\":\"Sonidos de fiesta y tradici\u00f3n: la Agrupaci\u00f3n Musical Serpis de Alcoy inici\u00f3 los conciertos de m\u00fasica festera\",\"breadcrumb\":{\"@id\":\"https:\\\/\\\/www.copealcoy.es\\\/es\\\/la-agrupacion-musical-serpis-de-alcoy-inicio-los-conciertos-de-musica-festera\\\/#breadcrumb\"},\"inLanguage\":\"es\",\"potentialAction\":[{\"@type\":\"ReadAction\",\"target\":[\"https:\\\/\\\/www.copealcoy.es\\\/es\\\/la-agrupacion-musical-serpis-de-alcoy-inicio-los-conciertos-de-musica-festera\\\/\"]}]},{\"@type\":\"ImageObject\",\"inLanguage\":\"es\",\"@id\":\"https:\\\/\\\/www.copealcoy.es\\\/es\\\/la-agrupacion-musical-serpis-de-alcoy-inicio-los-conciertos-de-musica-festera\\\/#primaryimage\",\"url\":\"https:\\\/\\\/www.copealcoy.es\\\/wp-content\\\/uploads\\\/2026\\\/03\\\/unnamed-1-14.jpg\",\"contentUrl\":\"https:\\\/\\\/www.copealcoy.es\\\/wp-content\\\/uploads\\\/2026\\\/03\\\/unnamed-1-14.jpg\",\"width\":1600,\"height\":1200},{\"@type\":\"BreadcrumbList\",\"@id\":\"https:\\\/\\\/www.copealcoy.es\\\/es\\\/la-agrupacion-musical-serpis-de-alcoy-inicio-los-conciertos-de-musica-festera\\\/#breadcrumb\",\"itemListElement\":[{\"@type\":\"ListItem\",\"position\":1,\"name\":\"Portada\",\"item\":\"https:\\\/\\\/www.copealcoy.es\\\/es\\\/\"},{\"@type\":\"ListItem\",\"position\":2,\"name\":\"La Agrupaci\u00f3n Musical Serpis de Alcoy inici\u00f3 los conciertos de m\u00fasica festera\"}]},{\"@type\":\"WebSite\",\"@id\":\"https:\\\/\\\/www.copealcoy.es\\\/es\\\/#website\",\"url\":\"https:\\\/\\\/www.copealcoy.es\\\/es\\\/\",\"name\":\"COPE Alcoy\",\"description\":\"Emisora COPE de radio local con emisi\u00f3n online. Pont de Sant Jordi 8-10 03803 Alcoy\",\"potentialAction\":[{\"@type\":\"SearchAction\",\"target\":{\"@type\":\"EntryPoint\",\"urlTemplate\":\"https:\\\/\\\/www.copealcoy.es\\\/es\\\/?s={search_term_string}\"},\"query-input\":{\"@type\":\"PropertyValueSpecification\",\"valueRequired\":true,\"valueName\":\"search_term_string\"}}],\"inLanguage\":\"es\"},{\"@type\":\"Person\",\"@id\":\"https:\\\/\\\/www.copealcoy.es\\\/es\\\/#\\\/schema\\\/person\\\/e777c87fa024e57d40170af9df39882c\",\"name\":\"Cope Alcoy\",\"image\":{\"@type\":\"ImageObject\",\"inLanguage\":\"es\",\"@id\":\"https:\\\/\\\/secure.gravatar.com\\\/avatar\\\/bb65d0283347e303893ba14f0692005417c1e0e690a325a4c5d8bb2b3943ee14?s=96&d=mm&r=g\",\"url\":\"https:\\\/\\\/secure.gravatar.com\\\/avatar\\\/bb65d0283347e303893ba14f0692005417c1e0e690a325a4c5d8bb2b3943ee14?s=96&d=mm&r=g\",\"contentUrl\":\"https:\\\/\\\/secure.gravatar.com\\\/avatar\\\/bb65d0283347e303893ba14f0692005417c1e0e690a325a4c5d8bb2b3943ee14?s=96&d=mm&r=g\",\"caption\":\"Cope Alcoy\"}}]}<\/script>\n<!-- \/ Yoast SEO plugin. -->","yoast_head_json":{"title":"La Agrupaci\u00f3n Musical Serpis de Alcoy inici\u00f3 los conciertos de m\u00fasica festera - COPE Alcoy","description":"Sonidos de fiesta y tradici\u00f3n: la Agrupaci\u00f3n Musical Serpis de Alcoy inici\u00f3 los conciertos de m\u00fasica festera","robots":{"index":"index","follow":"follow","max-snippet":"max-snippet:-1","max-image-preview":"max-image-preview:large","max-video-preview":"max-video-preview:-1"},"canonical":"https:\/\/www.copealcoy.es\/es\/la-agrupacion-musical-serpis-de-alcoy-inicio-los-conciertos-de-musica-festera\/","og_locale":"es_ES","og_type":"article","og_title":"La Agrupaci\u00f3n Musical Serpis de Alcoy inici\u00f3 los conciertos de m\u00fasica festera - COPE Alcoy","og_description":"Sonidos de fiesta y tradici\u00f3n: la Agrupaci\u00f3n Musical Serpis de Alcoy inici\u00f3 los conciertos de m\u00fasica festera","og_url":"https:\/\/www.copealcoy.es\/es\/la-agrupacion-musical-serpis-de-alcoy-inicio-los-conciertos-de-musica-festera\/","og_site_name":"COPE Alcoy","article_published_time":"2026-03-13T10:15:51+00:00","article_modified_time":"2026-03-13T10:30:37+00:00","og_image":[{"width":1600,"height":1200,"url":"https:\/\/www.copealcoy.es\/wp-content\/uploads\/2026\/03\/unnamed-1-14.jpg","type":"image\/jpeg"}],"author":"Cope Alcoy","twitter_misc":{"Escrito por":"Cope Alcoy","Tiempo de lectura":"2 minutos"},"schema":{"@context":"https:\/\/schema.org","@graph":[{"@type":"Article","@id":"https:\/\/www.copealcoy.es\/es\/la-agrupacion-musical-serpis-de-alcoy-inicio-los-conciertos-de-musica-festera\/#article","isPartOf":{"@id":"https:\/\/www.copealcoy.es\/es\/la-agrupacion-musical-serpis-de-alcoy-inicio-los-conciertos-de-musica-festera\/"},"author":{"name":"Cope Alcoy","@id":"https:\/\/www.copealcoy.es\/es\/#\/schema\/person\/e777c87fa024e57d40170af9df39882c"},"headline":"La Agrupaci\u00f3n Musical Serpis de Alcoy inici\u00f3 los conciertos de m\u00fasica festera","datePublished":"2026-03-13T10:15:51+00:00","dateModified":"2026-03-13T10:30:37+00:00","mainEntityOfPage":{"@id":"https:\/\/www.copealcoy.es\/es\/la-agrupacion-musical-serpis-de-alcoy-inicio-los-conciertos-de-musica-festera\/"},"wordCount":349,"image":{"@id":"https:\/\/www.copealcoy.es\/es\/la-agrupacion-musical-serpis-de-alcoy-inicio-los-conciertos-de-musica-festera\/#primaryimage"},"thumbnailUrl":"https:\/\/www.copealcoy.es\/wp-content\/uploads\/2026\/03\/unnamed-1-14.jpg","keywords":["Agrupaci\u00f3 Musical Serpis","Alcoy","concert","M\u00fasica Festera"],"articleSection":["Actualidad","Fiesta y Cultura","Noticias"],"inLanguage":"es"},{"@type":"WebPage","@id":"https:\/\/www.copealcoy.es\/es\/la-agrupacion-musical-serpis-de-alcoy-inicio-los-conciertos-de-musica-festera\/","url":"https:\/\/www.copealcoy.es\/es\/la-agrupacion-musical-serpis-de-alcoy-inicio-los-conciertos-de-musica-festera\/","name":"La Agrupaci\u00f3n Musical Serpis de Alcoy inici\u00f3 los conciertos de m\u00fasica festera - COPE Alcoy","isPartOf":{"@id":"https:\/\/www.copealcoy.es\/es\/#website"},"primaryImageOfPage":{"@id":"https:\/\/www.copealcoy.es\/es\/la-agrupacion-musical-serpis-de-alcoy-inicio-los-conciertos-de-musica-festera\/#primaryimage"},"image":{"@id":"https:\/\/www.copealcoy.es\/es\/la-agrupacion-musical-serpis-de-alcoy-inicio-los-conciertos-de-musica-festera\/#primaryimage"},"thumbnailUrl":"https:\/\/www.copealcoy.es\/wp-content\/uploads\/2026\/03\/unnamed-1-14.jpg","datePublished":"2026-03-13T10:15:51+00:00","dateModified":"2026-03-13T10:30:37+00:00","author":{"@id":"https:\/\/www.copealcoy.es\/es\/#\/schema\/person\/e777c87fa024e57d40170af9df39882c"},"description":"Sonidos de fiesta y tradici\u00f3n: la Agrupaci\u00f3n Musical Serpis de Alcoy inici\u00f3 los conciertos de m\u00fasica festera","breadcrumb":{"@id":"https:\/\/www.copealcoy.es\/es\/la-agrupacion-musical-serpis-de-alcoy-inicio-los-conciertos-de-musica-festera\/#breadcrumb"},"inLanguage":"es","potentialAction":[{"@type":"ReadAction","target":["https:\/\/www.copealcoy.es\/es\/la-agrupacion-musical-serpis-de-alcoy-inicio-los-conciertos-de-musica-festera\/"]}]},{"@type":"ImageObject","inLanguage":"es","@id":"https:\/\/www.copealcoy.es\/es\/la-agrupacion-musical-serpis-de-alcoy-inicio-los-conciertos-de-musica-festera\/#primaryimage","url":"https:\/\/www.copealcoy.es\/wp-content\/uploads\/2026\/03\/unnamed-1-14.jpg","contentUrl":"https:\/\/www.copealcoy.es\/wp-content\/uploads\/2026\/03\/unnamed-1-14.jpg","width":1600,"height":1200},{"@type":"BreadcrumbList","@id":"https:\/\/www.copealcoy.es\/es\/la-agrupacion-musical-serpis-de-alcoy-inicio-los-conciertos-de-musica-festera\/#breadcrumb","itemListElement":[{"@type":"ListItem","position":1,"name":"Portada","item":"https:\/\/www.copealcoy.es\/es\/"},{"@type":"ListItem","position":2,"name":"La Agrupaci\u00f3n Musical Serpis de Alcoy inici\u00f3 los conciertos de m\u00fasica festera"}]},{"@type":"WebSite","@id":"https:\/\/www.copealcoy.es\/es\/#website","url":"https:\/\/www.copealcoy.es\/es\/","name":"COPE Alcoy","description":"Emisora COPE de radio local con emisi\u00f3n online. Pont de Sant Jordi 8-10 03803 Alcoy","potentialAction":[{"@type":"SearchAction","target":{"@type":"EntryPoint","urlTemplate":"https:\/\/www.copealcoy.es\/es\/?s={search_term_string}"},"query-input":{"@type":"PropertyValueSpecification","valueRequired":true,"valueName":"search_term_string"}}],"inLanguage":"es"},{"@type":"Person","@id":"https:\/\/www.copealcoy.es\/es\/#\/schema\/person\/e777c87fa024e57d40170af9df39882c","name":"Cope Alcoy","image":{"@type":"ImageObject","inLanguage":"es","@id":"https:\/\/secure.gravatar.com\/avatar\/bb65d0283347e303893ba14f0692005417c1e0e690a325a4c5d8bb2b3943ee14?s=96&d=mm&r=g","url":"https:\/\/secure.gravatar.com\/avatar\/bb65d0283347e303893ba14f0692005417c1e0e690a325a4c5d8bb2b3943ee14?s=96&d=mm&r=g","contentUrl":"https:\/\/secure.gravatar.com\/avatar\/bb65d0283347e303893ba14f0692005417c1e0e690a325a4c5d8bb2b3943ee14?s=96&d=mm&r=g","caption":"Cope Alcoy"}}]}},"_links":{"self":[{"href":"https:\/\/www.copealcoy.es\/es\/wp-json\/wp\/v2\/posts\/164670","targetHints":{"allow":["GET"]}}],"collection":[{"href":"https:\/\/www.copealcoy.es\/es\/wp-json\/wp\/v2\/posts"}],"about":[{"href":"https:\/\/www.copealcoy.es\/es\/wp-json\/wp\/v2\/types\/post"}],"author":[{"embeddable":true,"href":"https:\/\/www.copealcoy.es\/es\/wp-json\/wp\/v2\/users\/1"}],"replies":[{"embeddable":true,"href":"https:\/\/www.copealcoy.es\/es\/wp-json\/wp\/v2\/comments?post=164670"}],"version-history":[{"count":3,"href":"https:\/\/www.copealcoy.es\/es\/wp-json\/wp\/v2\/posts\/164670\/revisions"}],"predecessor-version":[{"id":164676,"href":"https:\/\/www.copealcoy.es\/es\/wp-json\/wp\/v2\/posts\/164670\/revisions\/164676"}],"wp:featuredmedia":[{"embeddable":true,"href":"https:\/\/www.copealcoy.es\/es\/wp-json\/wp\/v2\/media\/164671"}],"wp:attachment":[{"href":"https:\/\/www.copealcoy.es\/es\/wp-json\/wp\/v2\/media?parent=164670"}],"wp:term":[{"taxonomy":"category","embeddable":true,"href":"https:\/\/www.copealcoy.es\/es\/wp-json\/wp\/v2\/categories?post=164670"},{"taxonomy":"post_tag","embeddable":true,"href":"https:\/\/www.copealcoy.es\/es\/wp-json\/wp\/v2\/tags?post=164670"}],"curies":[{"name":"wp","href":"https:\/\/api.w.org\/{rel}","templated":true}]}}