{"id":164646,"date":"2026-03-12T16:54:31","date_gmt":"2026-03-12T15:54:31","guid":{"rendered":"https:\/\/www.copealcoy.es\/?p=164646"},"modified":"2026-03-12T17:00:28","modified_gmt":"2026-03-12T16:00:28","slug":"la-gala-del-deporte-de-alcoy-reconocera-a-los-mejores-del-ano-2025","status":"publish","type":"post","link":"https:\/\/www.copealcoy.es\/es\/la-gala-del-deporte-de-alcoy-reconocera-a-los-mejores-del-ano-2025\/","title":{"rendered":"La gala del deporte de Alcoy reconocer\u00e1 a los mejores del a\u00f1o 2025"},"content":{"rendered":"<p style=\"text-align: justify;\" data-start=\"238\" data-end=\"772\">El <a href=\"https:\/\/www.alcoi.org\/ca\/portal\/index.html\" target=\"_blank\" rel=\"noopener\"><span style=\"color: #0000ff;\"><strong data-start=\"241\" data-end=\"266\">Ayuntamiento de Alcoy<\/strong><\/span><\/a> ha dado a conocer los galardonados en los <strong data-start=\"309\" data-end=\"336\">Premios del Deporte de 2025<\/strong>, una nueva edici\u00f3n de la Gala del Deporte en la que se reconocer\u00e1 la trayectoria de los mejores <strong data-start=\"393\" data-end=\"416\">deportistas locales<\/strong>. El acto de entrega de los galardones se ha previsto para <strong>el pr\u00f3ximo 27 de marzo\u00a0<\/strong>en el parque tecnol\u00f3gico de Rodes, a partir de las 19:30h, y el mismo estar\u00e1 conducido por nuestro compa\u00f1ero <strong>Gabriel Pascual Borr\u00e0s<\/strong>.<\/p>\n<p style=\"text-align: justify;\" data-start=\"238\" data-end=\"772\">En esta ocasi\u00f3n, la gimnasta <strong data-start=\"430\" data-end=\"446\">Daniela Pic\u00f3<\/strong> recibir\u00e1 el premio <strong data-start=\"466\" data-end=\"527\">\u201cJuan Agudo Garat\u201d a la Mejor Deportista Alcoyana del a\u00f1o <\/strong>tras\u00a0su paso por la <strong data-start=\"555\" data-end=\"606\">Selecci\u00f3n Nacional Absoluta de Gimnasia R\u00edtmica<\/strong> y su entrenamiento en el <strong data-start=\"632\" data-end=\"649\">CAR de Madrid,\u00a0<\/strong>mientras que\u00a0el premio a <strong data-start=\"1153\" data-end=\"1191\">Mejor Deportista de Promoci\u00f3n 2025<\/strong> se entregar\u00e1 ex aequo a la atleta <strong data-start=\"1226\" data-end=\"1242\">Sara Masanet<\/strong> y al futbolista <strong data-start=\"1259\" data-end=\"1273\">Joan G\u00f3mez<\/strong>, reconociendo su esfuerzo y los excelentes resultados en competiciones auton\u00f3micas y nacionales. Durante la gala tambi\u00e9n se otorgar\u00e1n <strong data-start=\"1408\" data-end=\"1432\">menciones especiales<\/strong> a logros colectivos, como el ascenso a la <strong data-start=\"1475\" data-end=\"1492\">OK Liga Plata<\/strong> del Club Esportiu Sporting Hoquei d\u2019Alcoi, el ascenso del equipo de orientaci\u00f3n del <strong data-start=\"1577\" data-end=\"1609\">Centre Excursionista d\u2019Alcoi<\/strong> y el primer t\u00edtulo europeo del <strong data-start=\"1641\" data-end=\"1669\">Pat\u00edn Alcodiam Salesiano <\/strong><em>&#8220;estos premios son un reflejo del talento, la constancia y los valores que nos aportan nuestros deportistas y clubes en el d\u00eda a d\u00eda, siendo un motor fundamental para nuestra sociedad. Celebramos el esfuerzo colectivo e individual que hace que nuestra ciudad sea un espacio de vida saludable y superaci\u00f3n personal, agradeciendo a todas las entidades su dedicaci\u00f3n continua para hacer de Alcoy un lugar mejor para toda la ciudadan\u00eda&#8221;,\u00a0<\/em>apunta el concejal de Deportes; <strong>Alberto Belda<\/strong>.<\/p>\n<p style=\"text-align: justify;\" data-start=\"1875\" data-end=\"2402\">Junto a ello, se entregar\u00e1n tambi\u00e9n varias menciones individuales. Estas recaer\u00e1n en <strong data-start=\"1713\" data-end=\"1741\">Alfredo y Jordi Alberola<\/strong>, <strong data-start=\"1743\" data-end=\"1771\">Alba Villanova del Moral<\/strong>, <strong data-start=\"1773\" data-end=\"1796\">Jose Vicente Peidro<\/strong> y la entidad <strong data-start=\"1810\" data-end=\"1828\">+ Que Un Trail<\/strong> por su contribuci\u00f3n deportiva y solidaria.<\/p>\n","protected":false},"excerpt":{"rendered":"<p>El Ayuntamiento de Alcoy ha dado a conocer los galardonados en los Premios del Deporte de 2025, una nueva edici\u00f3n&#8230;<\/p>\n","protected":false},"author":1,"featured_media":164647,"comment_status":"closed","ping_status":"closed","sticky":false,"template":"","format":"standard","meta":{"footnotes":""},"categories":[6909,97,92,75],"tags":[1494,10556,530,20833],"class_list":["post-164646","post","type-post","status-publish","format-standard","has-post-thumbnail","hentry","category-actualidad","category-alcoy","category-deportes","category-noticias","tag-alcoy","tag-daniela-pico","tag-gala","tag-premios-del-deporte"],"yoast_head":"<!-- This site is optimized with the Yoast SEO plugin v27.3 - https:\/\/yoast.com\/product\/yoast-seo-wordpress\/ -->\n<title>La gala del deporte de Alcoy reconocer\u00e1 a los mejores del a\u00f1o 2025 - COPE Alcoy<\/title>\n<meta name=\"description\" content=\"La gala del deporte de Alcoy reconocer\u00e1 a los mejores del a\u00f1o 2025\" \/>\n<meta name=\"robots\" content=\"index, follow, max-snippet:-1, max-image-preview:large, max-video-preview:-1\" \/>\n<link rel=\"canonical\" href=\"https:\/\/www.copealcoy.es\/es\/la-gala-del-deporte-de-alcoy-reconocera-a-los-mejores-del-ano-2025\/\" \/>\n<meta property=\"og:locale\" content=\"es_ES\" \/>\n<meta property=\"og:type\" content=\"article\" \/>\n<meta property=\"og:title\" content=\"La gala del deporte de Alcoy reconocer\u00e1 a los mejores del a\u00f1o 2025 - COPE Alcoy\" \/>\n<meta property=\"og:description\" content=\"La gala del deporte de Alcoy reconocer\u00e1 a los mejores del a\u00f1o 2025\" \/>\n<meta property=\"og:url\" content=\"https:\/\/www.copealcoy.es\/es\/la-gala-del-deporte-de-alcoy-reconocera-a-los-mejores-del-ano-2025\/\" \/>\n<meta property=\"og:site_name\" content=\"COPE Alcoy\" \/>\n<meta property=\"article:published_time\" content=\"2026-03-12T15:54:31+00:00\" \/>\n<meta property=\"article:modified_time\" content=\"2026-03-12T16:00:28+00:00\" \/>\n<meta property=\"og:image\" content=\"https:\/\/www.copealcoy.es\/wp-content\/uploads\/2026\/03\/unnamed-1-13-scaled.jpg\" \/>\n\t<meta property=\"og:image:width\" content=\"2560\" \/>\n\t<meta property=\"og:image:height\" content=\"1396\" \/>\n\t<meta property=\"og:image:type\" content=\"image\/jpeg\" \/>\n<meta name=\"author\" content=\"Cope Alcoy\" \/>\n<meta name=\"twitter:label1\" content=\"Escrito por\" \/>\n\t<meta name=\"twitter:data1\" content=\"Cope Alcoy\" \/>\n\t<meta name=\"twitter:label2\" content=\"Tiempo de lectura\" \/>\n\t<meta name=\"twitter:data2\" content=\"2 minutos\" \/>\n<script type=\"application\/ld+json\" class=\"yoast-schema-graph\">{\"@context\":\"https:\\\/\\\/schema.org\",\"@graph\":[{\"@type\":\"Article\",\"@id\":\"https:\\\/\\\/www.copealcoy.es\\\/es\\\/la-gala-del-deporte-de-alcoy-reconocera-a-los-mejores-del-ano-2025\\\/#article\",\"isPartOf\":{\"@id\":\"https:\\\/\\\/www.copealcoy.es\\\/es\\\/la-gala-del-deporte-de-alcoy-reconocera-a-los-mejores-del-ano-2025\\\/\"},\"author\":{\"name\":\"Cope Alcoy\",\"@id\":\"https:\\\/\\\/www.copealcoy.es\\\/es\\\/#\\\/schema\\\/person\\\/e777c87fa024e57d40170af9df39882c\"},\"headline\":\"La gala del deporte de Alcoy reconocer\u00e1 a los mejores del a\u00f1o 2025\",\"datePublished\":\"2026-03-12T15:54:31+00:00\",\"dateModified\":\"2026-03-12T16:00:28+00:00\",\"mainEntityOfPage\":{\"@id\":\"https:\\\/\\\/www.copealcoy.es\\\/es\\\/la-gala-del-deporte-de-alcoy-reconocera-a-los-mejores-del-ano-2025\\\/\"},\"wordCount\":344,\"image\":{\"@id\":\"https:\\\/\\\/www.copealcoy.es\\\/es\\\/la-gala-del-deporte-de-alcoy-reconocera-a-los-mejores-del-ano-2025\\\/#primaryimage\"},\"thumbnailUrl\":\"https:\\\/\\\/www.copealcoy.es\\\/wp-content\\\/uploads\\\/2026\\\/03\\\/unnamed-1-13-scaled.jpg\",\"keywords\":[\"Alcoy\",\"Daniela Pic\u00f3\",\"Gala\",\"Premios del Deporte\"],\"articleSection\":[\"Actualidad\",\"Alcoy\",\"Deportes\",\"Noticias\"],\"inLanguage\":\"es\"},{\"@type\":\"WebPage\",\"@id\":\"https:\\\/\\\/www.copealcoy.es\\\/es\\\/la-gala-del-deporte-de-alcoy-reconocera-a-los-mejores-del-ano-2025\\\/\",\"url\":\"https:\\\/\\\/www.copealcoy.es\\\/es\\\/la-gala-del-deporte-de-alcoy-reconocera-a-los-mejores-del-ano-2025\\\/\",\"name\":\"La gala del deporte de Alcoy reconocer\u00e1 a los mejores del a\u00f1o 2025 - COPE Alcoy\",\"isPartOf\":{\"@id\":\"https:\\\/\\\/www.copealcoy.es\\\/es\\\/#website\"},\"primaryImageOfPage\":{\"@id\":\"https:\\\/\\\/www.copealcoy.es\\\/es\\\/la-gala-del-deporte-de-alcoy-reconocera-a-los-mejores-del-ano-2025\\\/#primaryimage\"},\"image\":{\"@id\":\"https:\\\/\\\/www.copealcoy.es\\\/es\\\/la-gala-del-deporte-de-alcoy-reconocera-a-los-mejores-del-ano-2025\\\/#primaryimage\"},\"thumbnailUrl\":\"https:\\\/\\\/www.copealcoy.es\\\/wp-content\\\/uploads\\\/2026\\\/03\\\/unnamed-1-13-scaled.jpg\",\"datePublished\":\"2026-03-12T15:54:31+00:00\",\"dateModified\":\"2026-03-12T16:00:28+00:00\",\"author\":{\"@id\":\"https:\\\/\\\/www.copealcoy.es\\\/es\\\/#\\\/schema\\\/person\\\/e777c87fa024e57d40170af9df39882c\"},\"description\":\"La gala del deporte de Alcoy reconocer\u00e1 a los mejores del a\u00f1o 2025\",\"breadcrumb\":{\"@id\":\"https:\\\/\\\/www.copealcoy.es\\\/es\\\/la-gala-del-deporte-de-alcoy-reconocera-a-los-mejores-del-ano-2025\\\/#breadcrumb\"},\"inLanguage\":\"es\",\"potentialAction\":[{\"@type\":\"ReadAction\",\"target\":[\"https:\\\/\\\/www.copealcoy.es\\\/es\\\/la-gala-del-deporte-de-alcoy-reconocera-a-los-mejores-del-ano-2025\\\/\"]}]},{\"@type\":\"ImageObject\",\"inLanguage\":\"es\",\"@id\":\"https:\\\/\\\/www.copealcoy.es\\\/es\\\/la-gala-del-deporte-de-alcoy-reconocera-a-los-mejores-del-ano-2025\\\/#primaryimage\",\"url\":\"https:\\\/\\\/www.copealcoy.es\\\/wp-content\\\/uploads\\\/2026\\\/03\\\/unnamed-1-13-scaled.jpg\",\"contentUrl\":\"https:\\\/\\\/www.copealcoy.es\\\/wp-content\\\/uploads\\\/2026\\\/03\\\/unnamed-1-13-scaled.jpg\",\"width\":2560,\"height\":1396},{\"@type\":\"BreadcrumbList\",\"@id\":\"https:\\\/\\\/www.copealcoy.es\\\/es\\\/la-gala-del-deporte-de-alcoy-reconocera-a-los-mejores-del-ano-2025\\\/#breadcrumb\",\"itemListElement\":[{\"@type\":\"ListItem\",\"position\":1,\"name\":\"Portada\",\"item\":\"https:\\\/\\\/www.copealcoy.es\\\/es\\\/\"},{\"@type\":\"ListItem\",\"position\":2,\"name\":\"La gala del deporte de Alcoy reconocer\u00e1 a los mejores del a\u00f1o 2025\"}]},{\"@type\":\"WebSite\",\"@id\":\"https:\\\/\\\/www.copealcoy.es\\\/es\\\/#website\",\"url\":\"https:\\\/\\\/www.copealcoy.es\\\/es\\\/\",\"name\":\"COPE Alcoy\",\"description\":\"Emisora COPE de radio local con emisi\u00f3n online. Pont de Sant Jordi 8-10 03803 Alcoy\",\"potentialAction\":[{\"@type\":\"SearchAction\",\"target\":{\"@type\":\"EntryPoint\",\"urlTemplate\":\"https:\\\/\\\/www.copealcoy.es\\\/es\\\/?s={search_term_string}\"},\"query-input\":{\"@type\":\"PropertyValueSpecification\",\"valueRequired\":true,\"valueName\":\"search_term_string\"}}],\"inLanguage\":\"es\"},{\"@type\":\"Person\",\"@id\":\"https:\\\/\\\/www.copealcoy.es\\\/es\\\/#\\\/schema\\\/person\\\/e777c87fa024e57d40170af9df39882c\",\"name\":\"Cope Alcoy\",\"image\":{\"@type\":\"ImageObject\",\"inLanguage\":\"es\",\"@id\":\"https:\\\/\\\/secure.gravatar.com\\\/avatar\\\/bb65d0283347e303893ba14f0692005417c1e0e690a325a4c5d8bb2b3943ee14?s=96&d=mm&r=g\",\"url\":\"https:\\\/\\\/secure.gravatar.com\\\/avatar\\\/bb65d0283347e303893ba14f0692005417c1e0e690a325a4c5d8bb2b3943ee14?s=96&d=mm&r=g\",\"contentUrl\":\"https:\\\/\\\/secure.gravatar.com\\\/avatar\\\/bb65d0283347e303893ba14f0692005417c1e0e690a325a4c5d8bb2b3943ee14?s=96&d=mm&r=g\",\"caption\":\"Cope Alcoy\"}}]}<\/script>\n<!-- \/ Yoast SEO plugin. -->","yoast_head_json":{"title":"La gala del deporte de Alcoy reconocer\u00e1 a los mejores del a\u00f1o 2025 - COPE Alcoy","description":"La gala del deporte de Alcoy reconocer\u00e1 a los mejores del a\u00f1o 2025","robots":{"index":"index","follow":"follow","max-snippet":"max-snippet:-1","max-image-preview":"max-image-preview:large","max-video-preview":"max-video-preview:-1"},"canonical":"https:\/\/www.copealcoy.es\/es\/la-gala-del-deporte-de-alcoy-reconocera-a-los-mejores-del-ano-2025\/","og_locale":"es_ES","og_type":"article","og_title":"La gala del deporte de Alcoy reconocer\u00e1 a los mejores del a\u00f1o 2025 - COPE Alcoy","og_description":"La gala del deporte de Alcoy reconocer\u00e1 a los mejores del a\u00f1o 2025","og_url":"https:\/\/www.copealcoy.es\/es\/la-gala-del-deporte-de-alcoy-reconocera-a-los-mejores-del-ano-2025\/","og_site_name":"COPE Alcoy","article_published_time":"2026-03-12T15:54:31+00:00","article_modified_time":"2026-03-12T16:00:28+00:00","og_image":[{"width":2560,"height":1396,"url":"https:\/\/www.copealcoy.es\/wp-content\/uploads\/2026\/03\/unnamed-1-13-scaled.jpg","type":"image\/jpeg"}],"author":"Cope Alcoy","twitter_misc":{"Escrito por":"Cope Alcoy","Tiempo de lectura":"2 minutos"},"schema":{"@context":"https:\/\/schema.org","@graph":[{"@type":"Article","@id":"https:\/\/www.copealcoy.es\/es\/la-gala-del-deporte-de-alcoy-reconocera-a-los-mejores-del-ano-2025\/#article","isPartOf":{"@id":"https:\/\/www.copealcoy.es\/es\/la-gala-del-deporte-de-alcoy-reconocera-a-los-mejores-del-ano-2025\/"},"author":{"name":"Cope Alcoy","@id":"https:\/\/www.copealcoy.es\/es\/#\/schema\/person\/e777c87fa024e57d40170af9df39882c"},"headline":"La gala del deporte de Alcoy reconocer\u00e1 a los mejores del a\u00f1o 2025","datePublished":"2026-03-12T15:54:31+00:00","dateModified":"2026-03-12T16:00:28+00:00","mainEntityOfPage":{"@id":"https:\/\/www.copealcoy.es\/es\/la-gala-del-deporte-de-alcoy-reconocera-a-los-mejores-del-ano-2025\/"},"wordCount":344,"image":{"@id":"https:\/\/www.copealcoy.es\/es\/la-gala-del-deporte-de-alcoy-reconocera-a-los-mejores-del-ano-2025\/#primaryimage"},"thumbnailUrl":"https:\/\/www.copealcoy.es\/wp-content\/uploads\/2026\/03\/unnamed-1-13-scaled.jpg","keywords":["Alcoy","Daniela Pic\u00f3","Gala","Premios del Deporte"],"articleSection":["Actualidad","Alcoy","Deportes","Noticias"],"inLanguage":"es"},{"@type":"WebPage","@id":"https:\/\/www.copealcoy.es\/es\/la-gala-del-deporte-de-alcoy-reconocera-a-los-mejores-del-ano-2025\/","url":"https:\/\/www.copealcoy.es\/es\/la-gala-del-deporte-de-alcoy-reconocera-a-los-mejores-del-ano-2025\/","name":"La gala del deporte de Alcoy reconocer\u00e1 a los mejores del a\u00f1o 2025 - COPE Alcoy","isPartOf":{"@id":"https:\/\/www.copealcoy.es\/es\/#website"},"primaryImageOfPage":{"@id":"https:\/\/www.copealcoy.es\/es\/la-gala-del-deporte-de-alcoy-reconocera-a-los-mejores-del-ano-2025\/#primaryimage"},"image":{"@id":"https:\/\/www.copealcoy.es\/es\/la-gala-del-deporte-de-alcoy-reconocera-a-los-mejores-del-ano-2025\/#primaryimage"},"thumbnailUrl":"https:\/\/www.copealcoy.es\/wp-content\/uploads\/2026\/03\/unnamed-1-13-scaled.jpg","datePublished":"2026-03-12T15:54:31+00:00","dateModified":"2026-03-12T16:00:28+00:00","author":{"@id":"https:\/\/www.copealcoy.es\/es\/#\/schema\/person\/e777c87fa024e57d40170af9df39882c"},"description":"La gala del deporte de Alcoy reconocer\u00e1 a los mejores del a\u00f1o 2025","breadcrumb":{"@id":"https:\/\/www.copealcoy.es\/es\/la-gala-del-deporte-de-alcoy-reconocera-a-los-mejores-del-ano-2025\/#breadcrumb"},"inLanguage":"es","potentialAction":[{"@type":"ReadAction","target":["https:\/\/www.copealcoy.es\/es\/la-gala-del-deporte-de-alcoy-reconocera-a-los-mejores-del-ano-2025\/"]}]},{"@type":"ImageObject","inLanguage":"es","@id":"https:\/\/www.copealcoy.es\/es\/la-gala-del-deporte-de-alcoy-reconocera-a-los-mejores-del-ano-2025\/#primaryimage","url":"https:\/\/www.copealcoy.es\/wp-content\/uploads\/2026\/03\/unnamed-1-13-scaled.jpg","contentUrl":"https:\/\/www.copealcoy.es\/wp-content\/uploads\/2026\/03\/unnamed-1-13-scaled.jpg","width":2560,"height":1396},{"@type":"BreadcrumbList","@id":"https:\/\/www.copealcoy.es\/es\/la-gala-del-deporte-de-alcoy-reconocera-a-los-mejores-del-ano-2025\/#breadcrumb","itemListElement":[{"@type":"ListItem","position":1,"name":"Portada","item":"https:\/\/www.copealcoy.es\/es\/"},{"@type":"ListItem","position":2,"name":"La gala del deporte de Alcoy reconocer\u00e1 a los mejores del a\u00f1o 2025"}]},{"@type":"WebSite","@id":"https:\/\/www.copealcoy.es\/es\/#website","url":"https:\/\/www.copealcoy.es\/es\/","name":"COPE Alcoy","description":"Emisora COPE de radio local con emisi\u00f3n online. Pont de Sant Jordi 8-10 03803 Alcoy","potentialAction":[{"@type":"SearchAction","target":{"@type":"EntryPoint","urlTemplate":"https:\/\/www.copealcoy.es\/es\/?s={search_term_string}"},"query-input":{"@type":"PropertyValueSpecification","valueRequired":true,"valueName":"search_term_string"}}],"inLanguage":"es"},{"@type":"Person","@id":"https:\/\/www.copealcoy.es\/es\/#\/schema\/person\/e777c87fa024e57d40170af9df39882c","name":"Cope Alcoy","image":{"@type":"ImageObject","inLanguage":"es","@id":"https:\/\/secure.gravatar.com\/avatar\/bb65d0283347e303893ba14f0692005417c1e0e690a325a4c5d8bb2b3943ee14?s=96&d=mm&r=g","url":"https:\/\/secure.gravatar.com\/avatar\/bb65d0283347e303893ba14f0692005417c1e0e690a325a4c5d8bb2b3943ee14?s=96&d=mm&r=g","contentUrl":"https:\/\/secure.gravatar.com\/avatar\/bb65d0283347e303893ba14f0692005417c1e0e690a325a4c5d8bb2b3943ee14?s=96&d=mm&r=g","caption":"Cope Alcoy"}}]}},"_links":{"self":[{"href":"https:\/\/www.copealcoy.es\/es\/wp-json\/wp\/v2\/posts\/164646","targetHints":{"allow":["GET"]}}],"collection":[{"href":"https:\/\/www.copealcoy.es\/es\/wp-json\/wp\/v2\/posts"}],"about":[{"href":"https:\/\/www.copealcoy.es\/es\/wp-json\/wp\/v2\/types\/post"}],"author":[{"embeddable":true,"href":"https:\/\/www.copealcoy.es\/es\/wp-json\/wp\/v2\/users\/1"}],"replies":[{"embeddable":true,"href":"https:\/\/www.copealcoy.es\/es\/wp-json\/wp\/v2\/comments?post=164646"}],"version-history":[{"count":1,"href":"https:\/\/www.copealcoy.es\/es\/wp-json\/wp\/v2\/posts\/164646\/revisions"}],"predecessor-version":[{"id":164649,"href":"https:\/\/www.copealcoy.es\/es\/wp-json\/wp\/v2\/posts\/164646\/revisions\/164649"}],"wp:featuredmedia":[{"embeddable":true,"href":"https:\/\/www.copealcoy.es\/es\/wp-json\/wp\/v2\/media\/164647"}],"wp:attachment":[{"href":"https:\/\/www.copealcoy.es\/es\/wp-json\/wp\/v2\/media?parent=164646"}],"wp:term":[{"taxonomy":"category","embeddable":true,"href":"https:\/\/www.copealcoy.es\/es\/wp-json\/wp\/v2\/categories?post=164646"},{"taxonomy":"post_tag","embeddable":true,"href":"https:\/\/www.copealcoy.es\/es\/wp-json\/wp\/v2\/tags?post=164646"}],"curies":[{"name":"wp","href":"https:\/\/api.w.org\/{rel}","templated":true}]}}