{"id":164636,"date":"2026-03-12T10:00:14","date_gmt":"2026-03-12T09:00:14","guid":{"rendered":"https:\/\/www.copealcoy.es\/?p=164636"},"modified":"2026-03-12T20:16:45","modified_gmt":"2026-03-12T19:16:45","slug":"el-polideportivo-de-cocentaina-estrena-bar-cuando-reabrira-sus-puertas","status":"publish","type":"post","link":"https:\/\/www.copealcoy.es\/es\/el-polideportivo-de-cocentaina-estrena-bar-cuando-reabrira-sus-puertas\/","title":{"rendered":"El polideportivo de Cocentaina estrena bar. \u00bfCu\u00e1ndo reabrir\u00e1 sus puertas?"},"content":{"rendered":"<p style=\"text-align: justify;\" data-start=\"144\" data-end=\"545\">El <a href=\"https:\/\/www.cocentaina.es\/\" target=\"_blank\" rel=\"noopener\"><span style=\"color: #0000ff;\"><strong data-start=\"147\" data-end=\"204\">Ayuntamiento de <span class=\"hover:entity-accent entity-underline inline cursor-pointer align-baseline\"><span class=\"whitespace-normal\">Cocentaina<\/span><\/span><\/strong><\/span><\/a> ha anunciado la apertura del <strong data-start=\"234\" data-end=\"269\">bar del polideportivo municipal<\/strong>, un nuevo servicio que comenzar\u00e1 a funcionar el pr\u00f3ximo <strong data-start=\"326\" data-end=\"383\">viernes 13 de marzo a partir de las 8:00 de la ma\u00f1ana<\/strong>. La iniciativa busca ofrecer un espacio de encuentro para quienes utilizan habitualmente las instalaciones deportivas y tambi\u00e9n para el conjunto de la poblaci\u00f3n.<\/p>\n<p style=\"text-align: justify;\" data-start=\"547\" data-end=\"855\">Desde el consistorio contestano destacan que este nuevo espacio no solo permitir\u00e1 ampliar los servicios del recinto, sino que tambi\u00e9n contribuir\u00e1 a reforzar el car\u00e1cter social del <strong data-start=\"746\" data-end=\"773\">polideportivo municipal<\/strong>, un lugar que cada semana re\u00fane a deportistas, familias y aficionados al deporte. El <strong data-start=\"860\" data-end=\"884\">concejal de Deportes<\/strong>, <strong data-start=\"886\" data-end=\"927\"><span class=\"hover:entity-accent entity-underline inline cursor-pointer align-baseline\"><span class=\"whitespace-normal\">Adri\u00e1n Botella<\/span><\/span><\/strong>, ha subrayado el valor que tendr\u00e1 esta apertura para la vida diaria del recinto deportivo <em data-start=\"1019\" data-end=\"1296\">\u201cdesde la Concejal\u00eda de Deportes queremos informar a la poblaci\u00f3n de la apertura del bar del polideportivo municipal. Este espacio no es solo un lugar donde tomar algo, sino tambi\u00e9n un punto de encuentro para deportistas, familias, amigos y para todo el pueblo de Cocentaina\u201d<\/em>, ha se\u00f1alado.<\/p>\n<p style=\"text-align: justify;\" data-start=\"1312\" data-end=\"1714\">Seg\u00fan ha explicado el edil, los polideportivos han sido siempre lugares donde se comparten valores como <strong data-start=\"1416\" data-end=\"1469\">el deporte, el trabajo en equipo y la convivencia<\/strong>, por lo que la puesta en marcha de este servicio ayudar\u00e1 a potenciar tambi\u00e9n la vertiente social de la actividad deportiva. En este sentido, conf\u00eda en que el nuevo establecimiento contribuya a <strong data-start=\"1663\" data-end=\"1713\">dinamizar todav\u00eda m\u00e1s la actividad del recinto<\/strong>. Botella tambi\u00e9n ha querido reconocer el trabajo de todas las personas que han participado en el desarrollo de esta iniciativa. <em data-start=\"1843\" data-end=\"2133\">\u201cQueremos dar las gracias a todas las personas que han trabajado para hacer realidad este proyecto, tanto a los trabajadores municipales como al equipo que gestionar\u00e1 el bar a partir de ahora. Estoy seguro de que, con ilusi\u00f3n y trabajo, har\u00e1n de este espacio un lugar acogedor para todos\u201d<\/em>, concluye.<\/p>\n<p style=\"text-align: justify;\" data-start=\"1312\" data-end=\"1714\">El servicio de bar del polideportivo contestano se recupera, tras muchos a\u00f1os sin servicio, y <strong>despu\u00e9s de un largo camino para hacer realidad su reapertura<\/strong>. Esta infraestructura <strong>era muy demandada<\/strong> por los usuarios del recinto pero tambi\u00e9n por quienes acuden a presenciar las diferentes competiciones que se llevan a cabo en el mismo.<\/p>\n","protected":false},"excerpt":{"rendered":"<p>El Ayuntamiento de Cocentaina ha anunciado la apertura del bar del polideportivo municipal, un nuevo servicio que comenzar\u00e1 a funcionar&#8230;<\/p>\n","protected":false},"author":1,"featured_media":164637,"comment_status":"closed","ping_status":"closed","sticky":false,"template":"","format":"standard","meta":{"footnotes":""},"categories":[6909,98,75],"tags":[],"class_list":["post-164636","post","type-post","status-publish","format-standard","has-post-thumbnail","hentry","category-actualidad","category-comarcas","category-noticias"],"yoast_head":"<!-- This site is optimized with the Yoast SEO plugin v27.3 - https:\/\/yoast.com\/product\/yoast-seo-wordpress\/ -->\n<title>El polideportivo de Cocentaina estrena bar. \u00bfCu\u00e1ndo reabrir\u00e1 sus puertas? - COPE Alcoy<\/title>\n<meta name=\"robots\" content=\"index, follow, max-snippet:-1, max-image-preview:large, max-video-preview:-1\" \/>\n<link rel=\"canonical\" href=\"https:\/\/www.copealcoy.es\/es\/el-polideportivo-de-cocentaina-estrena-bar-cuando-reabrira-sus-puertas\/\" \/>\n<meta property=\"og:locale\" content=\"es_ES\" \/>\n<meta property=\"og:type\" content=\"article\" \/>\n<meta property=\"og:title\" content=\"El polideportivo de Cocentaina estrena bar. \u00bfCu\u00e1ndo reabrir\u00e1 sus puertas? - COPE Alcoy\" \/>\n<meta property=\"og:description\" content=\"El Ayuntamiento de Cocentaina ha anunciado la apertura del bar del polideportivo municipal, un nuevo servicio que comenzar\u00e1 a funcionar...\" \/>\n<meta property=\"og:url\" content=\"https:\/\/www.copealcoy.es\/es\/el-polideportivo-de-cocentaina-estrena-bar-cuando-reabrira-sus-puertas\/\" \/>\n<meta property=\"og:site_name\" content=\"COPE Alcoy\" \/>\n<meta property=\"article:published_time\" content=\"2026-03-12T09:00:14+00:00\" \/>\n<meta property=\"article:modified_time\" content=\"2026-03-12T19:16:45+00:00\" \/>\n<meta property=\"og:image\" content=\"https:\/\/www.copealcoy.es\/wp-content\/uploads\/2026\/03\/la-foto-2-_7_-e1773319519897.jpg\" \/>\n\t<meta property=\"og:image:width\" content=\"709\" \/>\n\t<meta property=\"og:image:height\" content=\"394\" \/>\n\t<meta property=\"og:image:type\" content=\"image\/jpeg\" \/>\n<meta name=\"author\" content=\"Cope Alcoy\" \/>\n<meta name=\"twitter:label1\" content=\"Escrito por\" \/>\n\t<meta name=\"twitter:data1\" content=\"Cope Alcoy\" \/>\n\t<meta name=\"twitter:label2\" content=\"Tiempo de lectura\" \/>\n\t<meta name=\"twitter:data2\" content=\"3 minutos\" \/>\n<script type=\"application\/ld+json\" class=\"yoast-schema-graph\">{\"@context\":\"https:\\\/\\\/schema.org\",\"@graph\":[{\"@type\":\"Article\",\"@id\":\"https:\\\/\\\/www.copealcoy.es\\\/es\\\/el-polideportivo-de-cocentaina-estrena-bar-cuando-reabrira-sus-puertas\\\/#article\",\"isPartOf\":{\"@id\":\"https:\\\/\\\/www.copealcoy.es\\\/es\\\/el-polideportivo-de-cocentaina-estrena-bar-cuando-reabrira-sus-puertas\\\/\"},\"author\":{\"name\":\"Cope Alcoy\",\"@id\":\"https:\\\/\\\/www.copealcoy.es\\\/es\\\/#\\\/schema\\\/person\\\/e777c87fa024e57d40170af9df39882c\"},\"headline\":\"El polideportivo de Cocentaina estrena bar. \u00bfCu\u00e1ndo reabrir\u00e1 sus puertas?\",\"datePublished\":\"2026-03-12T09:00:14+00:00\",\"dateModified\":\"2026-03-12T19:16:45+00:00\",\"mainEntityOfPage\":{\"@id\":\"https:\\\/\\\/www.copealcoy.es\\\/es\\\/el-polideportivo-de-cocentaina-estrena-bar-cuando-reabrira-sus-puertas\\\/\"},\"wordCount\":386,\"image\":{\"@id\":\"https:\\\/\\\/www.copealcoy.es\\\/es\\\/el-polideportivo-de-cocentaina-estrena-bar-cuando-reabrira-sus-puertas\\\/#primaryimage\"},\"thumbnailUrl\":\"https:\\\/\\\/www.copealcoy.es\\\/wp-content\\\/uploads\\\/2026\\\/03\\\/la-foto-2-_7_-e1773319519897.jpg\",\"articleSection\":[\"Actualidad\",\"Comarcas\",\"Noticias\"],\"inLanguage\":\"es\"},{\"@type\":\"WebPage\",\"@id\":\"https:\\\/\\\/www.copealcoy.es\\\/es\\\/el-polideportivo-de-cocentaina-estrena-bar-cuando-reabrira-sus-puertas\\\/\",\"url\":\"https:\\\/\\\/www.copealcoy.es\\\/es\\\/el-polideportivo-de-cocentaina-estrena-bar-cuando-reabrira-sus-puertas\\\/\",\"name\":\"El polideportivo de Cocentaina estrena bar. \u00bfCu\u00e1ndo reabrir\u00e1 sus puertas? - COPE Alcoy\",\"isPartOf\":{\"@id\":\"https:\\\/\\\/www.copealcoy.es\\\/es\\\/#website\"},\"primaryImageOfPage\":{\"@id\":\"https:\\\/\\\/www.copealcoy.es\\\/es\\\/el-polideportivo-de-cocentaina-estrena-bar-cuando-reabrira-sus-puertas\\\/#primaryimage\"},\"image\":{\"@id\":\"https:\\\/\\\/www.copealcoy.es\\\/es\\\/el-polideportivo-de-cocentaina-estrena-bar-cuando-reabrira-sus-puertas\\\/#primaryimage\"},\"thumbnailUrl\":\"https:\\\/\\\/www.copealcoy.es\\\/wp-content\\\/uploads\\\/2026\\\/03\\\/la-foto-2-_7_-e1773319519897.jpg\",\"datePublished\":\"2026-03-12T09:00:14+00:00\",\"dateModified\":\"2026-03-12T19:16:45+00:00\",\"author\":{\"@id\":\"https:\\\/\\\/www.copealcoy.es\\\/es\\\/#\\\/schema\\\/person\\\/e777c87fa024e57d40170af9df39882c\"},\"breadcrumb\":{\"@id\":\"https:\\\/\\\/www.copealcoy.es\\\/es\\\/el-polideportivo-de-cocentaina-estrena-bar-cuando-reabrira-sus-puertas\\\/#breadcrumb\"},\"inLanguage\":\"es\",\"potentialAction\":[{\"@type\":\"ReadAction\",\"target\":[\"https:\\\/\\\/www.copealcoy.es\\\/es\\\/el-polideportivo-de-cocentaina-estrena-bar-cuando-reabrira-sus-puertas\\\/\"]}]},{\"@type\":\"ImageObject\",\"inLanguage\":\"es\",\"@id\":\"https:\\\/\\\/www.copealcoy.es\\\/es\\\/el-polideportivo-de-cocentaina-estrena-bar-cuando-reabrira-sus-puertas\\\/#primaryimage\",\"url\":\"https:\\\/\\\/www.copealcoy.es\\\/wp-content\\\/uploads\\\/2026\\\/03\\\/la-foto-2-_7_-e1773319519897.jpg\",\"contentUrl\":\"https:\\\/\\\/www.copealcoy.es\\\/wp-content\\\/uploads\\\/2026\\\/03\\\/la-foto-2-_7_-e1773319519897.jpg\",\"width\":709,\"height\":394},{\"@type\":\"BreadcrumbList\",\"@id\":\"https:\\\/\\\/www.copealcoy.es\\\/es\\\/el-polideportivo-de-cocentaina-estrena-bar-cuando-reabrira-sus-puertas\\\/#breadcrumb\",\"itemListElement\":[{\"@type\":\"ListItem\",\"position\":1,\"name\":\"Portada\",\"item\":\"https:\\\/\\\/www.copealcoy.es\\\/es\\\/\"},{\"@type\":\"ListItem\",\"position\":2,\"name\":\"El polideportivo de Cocentaina estrena bar. \u00bfCu\u00e1ndo reabrir\u00e1 sus puertas?\"}]},{\"@type\":\"WebSite\",\"@id\":\"https:\\\/\\\/www.copealcoy.es\\\/es\\\/#website\",\"url\":\"https:\\\/\\\/www.copealcoy.es\\\/es\\\/\",\"name\":\"COPE Alcoy\",\"description\":\"Emisora COPE de radio local con emisi\u00f3n online. Pont de Sant Jordi 8-10 03803 Alcoy\",\"potentialAction\":[{\"@type\":\"SearchAction\",\"target\":{\"@type\":\"EntryPoint\",\"urlTemplate\":\"https:\\\/\\\/www.copealcoy.es\\\/es\\\/?s={search_term_string}\"},\"query-input\":{\"@type\":\"PropertyValueSpecification\",\"valueRequired\":true,\"valueName\":\"search_term_string\"}}],\"inLanguage\":\"es\"},{\"@type\":\"Person\",\"@id\":\"https:\\\/\\\/www.copealcoy.es\\\/es\\\/#\\\/schema\\\/person\\\/e777c87fa024e57d40170af9df39882c\",\"name\":\"Cope Alcoy\",\"image\":{\"@type\":\"ImageObject\",\"inLanguage\":\"es\",\"@id\":\"https:\\\/\\\/secure.gravatar.com\\\/avatar\\\/bb65d0283347e303893ba14f0692005417c1e0e690a325a4c5d8bb2b3943ee14?s=96&d=mm&r=g\",\"url\":\"https:\\\/\\\/secure.gravatar.com\\\/avatar\\\/bb65d0283347e303893ba14f0692005417c1e0e690a325a4c5d8bb2b3943ee14?s=96&d=mm&r=g\",\"contentUrl\":\"https:\\\/\\\/secure.gravatar.com\\\/avatar\\\/bb65d0283347e303893ba14f0692005417c1e0e690a325a4c5d8bb2b3943ee14?s=96&d=mm&r=g\",\"caption\":\"Cope Alcoy\"}}]}<\/script>\n<!-- \/ Yoast SEO plugin. -->","yoast_head_json":{"title":"El polideportivo de Cocentaina estrena bar. \u00bfCu\u00e1ndo reabrir\u00e1 sus puertas? - COPE Alcoy","robots":{"index":"index","follow":"follow","max-snippet":"max-snippet:-1","max-image-preview":"max-image-preview:large","max-video-preview":"max-video-preview:-1"},"canonical":"https:\/\/www.copealcoy.es\/es\/el-polideportivo-de-cocentaina-estrena-bar-cuando-reabrira-sus-puertas\/","og_locale":"es_ES","og_type":"article","og_title":"El polideportivo de Cocentaina estrena bar. \u00bfCu\u00e1ndo reabrir\u00e1 sus puertas? - COPE Alcoy","og_description":"El Ayuntamiento de Cocentaina ha anunciado la apertura del bar del polideportivo municipal, un nuevo servicio que comenzar\u00e1 a funcionar...","og_url":"https:\/\/www.copealcoy.es\/es\/el-polideportivo-de-cocentaina-estrena-bar-cuando-reabrira-sus-puertas\/","og_site_name":"COPE Alcoy","article_published_time":"2026-03-12T09:00:14+00:00","article_modified_time":"2026-03-12T19:16:45+00:00","og_image":[{"width":709,"height":394,"url":"https:\/\/www.copealcoy.es\/wp-content\/uploads\/2026\/03\/la-foto-2-_7_-e1773319519897.jpg","type":"image\/jpeg"}],"author":"Cope Alcoy","twitter_misc":{"Escrito por":"Cope Alcoy","Tiempo de lectura":"3 minutos"},"schema":{"@context":"https:\/\/schema.org","@graph":[{"@type":"Article","@id":"https:\/\/www.copealcoy.es\/es\/el-polideportivo-de-cocentaina-estrena-bar-cuando-reabrira-sus-puertas\/#article","isPartOf":{"@id":"https:\/\/www.copealcoy.es\/es\/el-polideportivo-de-cocentaina-estrena-bar-cuando-reabrira-sus-puertas\/"},"author":{"name":"Cope Alcoy","@id":"https:\/\/www.copealcoy.es\/es\/#\/schema\/person\/e777c87fa024e57d40170af9df39882c"},"headline":"El polideportivo de Cocentaina estrena bar. \u00bfCu\u00e1ndo reabrir\u00e1 sus puertas?","datePublished":"2026-03-12T09:00:14+00:00","dateModified":"2026-03-12T19:16:45+00:00","mainEntityOfPage":{"@id":"https:\/\/www.copealcoy.es\/es\/el-polideportivo-de-cocentaina-estrena-bar-cuando-reabrira-sus-puertas\/"},"wordCount":386,"image":{"@id":"https:\/\/www.copealcoy.es\/es\/el-polideportivo-de-cocentaina-estrena-bar-cuando-reabrira-sus-puertas\/#primaryimage"},"thumbnailUrl":"https:\/\/www.copealcoy.es\/wp-content\/uploads\/2026\/03\/la-foto-2-_7_-e1773319519897.jpg","articleSection":["Actualidad","Comarcas","Noticias"],"inLanguage":"es"},{"@type":"WebPage","@id":"https:\/\/www.copealcoy.es\/es\/el-polideportivo-de-cocentaina-estrena-bar-cuando-reabrira-sus-puertas\/","url":"https:\/\/www.copealcoy.es\/es\/el-polideportivo-de-cocentaina-estrena-bar-cuando-reabrira-sus-puertas\/","name":"El polideportivo de Cocentaina estrena bar. \u00bfCu\u00e1ndo reabrir\u00e1 sus puertas? - COPE Alcoy","isPartOf":{"@id":"https:\/\/www.copealcoy.es\/es\/#website"},"primaryImageOfPage":{"@id":"https:\/\/www.copealcoy.es\/es\/el-polideportivo-de-cocentaina-estrena-bar-cuando-reabrira-sus-puertas\/#primaryimage"},"image":{"@id":"https:\/\/www.copealcoy.es\/es\/el-polideportivo-de-cocentaina-estrena-bar-cuando-reabrira-sus-puertas\/#primaryimage"},"thumbnailUrl":"https:\/\/www.copealcoy.es\/wp-content\/uploads\/2026\/03\/la-foto-2-_7_-e1773319519897.jpg","datePublished":"2026-03-12T09:00:14+00:00","dateModified":"2026-03-12T19:16:45+00:00","author":{"@id":"https:\/\/www.copealcoy.es\/es\/#\/schema\/person\/e777c87fa024e57d40170af9df39882c"},"breadcrumb":{"@id":"https:\/\/www.copealcoy.es\/es\/el-polideportivo-de-cocentaina-estrena-bar-cuando-reabrira-sus-puertas\/#breadcrumb"},"inLanguage":"es","potentialAction":[{"@type":"ReadAction","target":["https:\/\/www.copealcoy.es\/es\/el-polideportivo-de-cocentaina-estrena-bar-cuando-reabrira-sus-puertas\/"]}]},{"@type":"ImageObject","inLanguage":"es","@id":"https:\/\/www.copealcoy.es\/es\/el-polideportivo-de-cocentaina-estrena-bar-cuando-reabrira-sus-puertas\/#primaryimage","url":"https:\/\/www.copealcoy.es\/wp-content\/uploads\/2026\/03\/la-foto-2-_7_-e1773319519897.jpg","contentUrl":"https:\/\/www.copealcoy.es\/wp-content\/uploads\/2026\/03\/la-foto-2-_7_-e1773319519897.jpg","width":709,"height":394},{"@type":"BreadcrumbList","@id":"https:\/\/www.copealcoy.es\/es\/el-polideportivo-de-cocentaina-estrena-bar-cuando-reabrira-sus-puertas\/#breadcrumb","itemListElement":[{"@type":"ListItem","position":1,"name":"Portada","item":"https:\/\/www.copealcoy.es\/es\/"},{"@type":"ListItem","position":2,"name":"El polideportivo de Cocentaina estrena bar. \u00bfCu\u00e1ndo reabrir\u00e1 sus puertas?"}]},{"@type":"WebSite","@id":"https:\/\/www.copealcoy.es\/es\/#website","url":"https:\/\/www.copealcoy.es\/es\/","name":"COPE Alcoy","description":"Emisora COPE de radio local con emisi\u00f3n online. Pont de Sant Jordi 8-10 03803 Alcoy","potentialAction":[{"@type":"SearchAction","target":{"@type":"EntryPoint","urlTemplate":"https:\/\/www.copealcoy.es\/es\/?s={search_term_string}"},"query-input":{"@type":"PropertyValueSpecification","valueRequired":true,"valueName":"search_term_string"}}],"inLanguage":"es"},{"@type":"Person","@id":"https:\/\/www.copealcoy.es\/es\/#\/schema\/person\/e777c87fa024e57d40170af9df39882c","name":"Cope Alcoy","image":{"@type":"ImageObject","inLanguage":"es","@id":"https:\/\/secure.gravatar.com\/avatar\/bb65d0283347e303893ba14f0692005417c1e0e690a325a4c5d8bb2b3943ee14?s=96&d=mm&r=g","url":"https:\/\/secure.gravatar.com\/avatar\/bb65d0283347e303893ba14f0692005417c1e0e690a325a4c5d8bb2b3943ee14?s=96&d=mm&r=g","contentUrl":"https:\/\/secure.gravatar.com\/avatar\/bb65d0283347e303893ba14f0692005417c1e0e690a325a4c5d8bb2b3943ee14?s=96&d=mm&r=g","caption":"Cope Alcoy"}}]}},"_links":{"self":[{"href":"https:\/\/www.copealcoy.es\/es\/wp-json\/wp\/v2\/posts\/164636","targetHints":{"allow":["GET"]}}],"collection":[{"href":"https:\/\/www.copealcoy.es\/es\/wp-json\/wp\/v2\/posts"}],"about":[{"href":"https:\/\/www.copealcoy.es\/es\/wp-json\/wp\/v2\/types\/post"}],"author":[{"embeddable":true,"href":"https:\/\/www.copealcoy.es\/es\/wp-json\/wp\/v2\/users\/1"}],"replies":[{"embeddable":true,"href":"https:\/\/www.copealcoy.es\/es\/wp-json\/wp\/v2\/comments?post=164636"}],"version-history":[{"count":3,"href":"https:\/\/www.copealcoy.es\/es\/wp-json\/wp\/v2\/posts\/164636\/revisions"}],"predecessor-version":[{"id":164668,"href":"https:\/\/www.copealcoy.es\/es\/wp-json\/wp\/v2\/posts\/164636\/revisions\/164668"}],"wp:featuredmedia":[{"embeddable":true,"href":"https:\/\/www.copealcoy.es\/es\/wp-json\/wp\/v2\/media\/164637"}],"wp:attachment":[{"href":"https:\/\/www.copealcoy.es\/es\/wp-json\/wp\/v2\/media?parent=164636"}],"wp:term":[{"taxonomy":"category","embeddable":true,"href":"https:\/\/www.copealcoy.es\/es\/wp-json\/wp\/v2\/categories?post=164636"},{"taxonomy":"post_tag","embeddable":true,"href":"https:\/\/www.copealcoy.es\/es\/wp-json\/wp\/v2\/tags?post=164636"}],"curies":[{"name":"wp","href":"https:\/\/api.w.org\/{rel}","templated":true}]}}