{"id":164586,"date":"2026-03-11T16:45:25","date_gmt":"2026-03-11T15:45:25","guid":{"rendered":"https:\/\/www.copealcoy.es\/?p=164586"},"modified":"2026-03-11T17:56:59","modified_gmt":"2026-03-11T16:56:59","slug":"el-gobierno-de-alcoy-apela-a-la-responsabilidad-para-aprobar-los-presupuestos-del-ano-2026","status":"publish","type":"post","link":"https:\/\/www.copealcoy.es\/es\/el-gobierno-de-alcoy-apela-a-la-responsabilidad-para-aprobar-los-presupuestos-del-ano-2026\/","title":{"rendered":"El gobierno de Alcoy apela a la &#8220;responsabilidad&#8221; para aprobar los Presupuestos del a\u00f1o 2026"},"content":{"rendered":"<p style=\"text-align: justify;\">El <strong>gobierno municipal de <a href=\"https:\/\/www.alcoi.org\/ca\/portal\/index.html\" target=\"_blank\" rel=\"noopener\"><span style=\"color: #0000ff;\">Alcoy<\/span><\/a><\/strong> ha dado a conocer a las puertas de la segunda quincena del mes de marzo <strong>las l\u00edneas b\u00e1sicas del Presupuesto Municipal para 2026<\/strong>, unas cuentas que <strong>rozan los 77 millones de euros<\/strong>. Las mismas, seg\u00fan han destacado desde el ejecutivo,\u00a0 suponen un <strong data-start=\"374\" data-end=\"433\">incremento cercano al 4% con respecto a ejercicios anteriores\u00a0<\/strong>y se espera que puedan ser aprobadas antes de las pr\u00f3ximas Fiestas de Moros y Cristianos seg\u00fan ha avanzado en este mi\u00e9rcoles el alcalde; <strong>Toni Franc\u00e9s<\/strong>.<\/p>\n<p style=\"text-align: justify;\">En los presupuestos para este a\u00f1o, ha explicado el primer edil, <strong>se contemplan 2,5 millones de euros procedentes de la participaci\u00f3n de los tributos del Estado<\/strong> junto a <strong>un mill\u00f3n de euros que llega de la Uni\u00f3n Europea<\/strong> para la ejecuci\u00f3n de diferentes proyectos. Adem\u00e1s,<strong> las inversiones previstas superan los seis millones de euro<\/strong>s &#8220;<em>hago un llamamiento al resto de partidos de la Corporaci\u00f3n Municipal para que tengan voluntad de negociar, y hagan sus aportaciones, para poder llegar a un acuerdo que permita sacar adelante un Presupuesto que apuesta por seguir transformando nuestra ciudad<\/em>,<em data-start=\"991\" data-end=\"1194\">\u00a0asegurando el bienestar de las familias y garantizando servicios p\u00fablicos de calidad para toda la ciudadan\u00eda\u201d<\/em>, se\u00f1al\u00f3 Franc\u00e9s.<\/p>\n<p style=\"text-align: justify;\">Otro de los puntos fundamentales de estas cuentas es el car\u00e1cter social de las mismas habi\u00e9ndose planificado\u00a0un incremento del <strong data-start=\"1319\" data-end=\"1345\">4% en el escudo social<\/strong>, que alcanza los <strong data-start=\"1363\" data-end=\"1388\">7,5 millones de euros<\/strong>, para seguir apoyando a los colectivos m\u00e1s vulnerables. En este sentido, han reiterado desde el gobierno, que <strong>el Ayuntamiento se har\u00e1 cargo de las prestaciones de emergencia social<\/strong>, con una cuant\u00eda de 600.000 euros, al no contar por el momento con aportaci\u00f3n de la Diputaci\u00f3n Provincial para ello &#8220;s<em data-start=\"1462\" data-end=\"1693\">in la aprobaci\u00f3n de este presupuesto, muchas ayudas y subvenciones a las entidades que prestan servicios indispensables estar\u00edan en peligro. Es muy importante sacarlo adelante\u201d<\/em>, advirti\u00f3 el vicealcalde y l\u00edder de Comprom\u00eds, <strong>\u00c0lex Cerradelo<\/strong>.<\/p>\n<p style=\"text-align: justify;\">Desde el <strong>\u00e1rea de Hacienda<\/strong>, por su parte, han avanzado que se concertar\u00e1 un pr\u00e9stamo de 4,3 millones de euros para inversiones y que se ha reservado una partida de 28 millones de euros para mantenimiento de la ciudad, mejora de la movilidad y la limpieza. Adem\u00e1s han puesto \u00e9nfasis en la congelaci\u00f3n de impuestos, remarcando que solo han subido algunas tasas y precios p\u00fablicos acorde al IPC, y han indicado que el endeudamiento municipal se reduce del 52% al 49% <em>&#8220;presentamos unas cuentas responsables que nos permiten atender el mantenimiento del espacio urbano y los servicios esenciales, manteniendo siempre una presi\u00f3n fiscal inferior a la media, pero invirtiendo m\u00e1s en servicios por habitante para proteger la econom\u00eda de los hogares alcoyanos<\/em>&#8220;, asever\u00f3 la concejala <strong>Vanessa Molt\u00f3<\/strong>.<\/p>\n<p><strong><span style=\"color: #0000ff;\">El apoyo de Guanyar Alcoi a los Presupuestos, en el aire\u00a0<\/span><\/strong><\/p>\n<p style=\"text-align: justify;\" data-start=\"3520\" data-end=\"3710\">En los dos primeros a\u00f1os de esta legislatura <strong>Guanyar Alcoi se abstuvo en la votaci\u00f3n de los Presupuestos Municipales y permiti\u00f3 la aprobaci\u00f3n de los mismos<\/strong> pero la plataforma ha reiterado en los \u00faltimos meses que esto no se va a producir esta vez mientras el gobierno, formado por PSPV y Comprom\u00eds, renuncie al proyecto Alcoy Sur. El ejecutivo <strong>conf\u00eda en que puedan ir a buen puerto las negociaciones<\/strong> que se van a mantener durante las pr\u00f3ximas semanas tanto con el resto de partidos de la oposici\u00f3n como con Guanyar &#8220;<em>en estas cuentas no hay ninguna partida reservada para Alcoy Sur<\/em>&#8220;, ha especificado el alcalde.<\/p>\n<p style=\"text-align: justify;\" data-start=\"3520\" data-end=\"3710\">A partir de hoy los partidos de la Corporaci\u00f3n Municipal tendr\u00e1n a su alcance toda la documentaci\u00f3n para analizar la propuesta de Presupuestos Municipales y plantear incorporaciones. La intenci\u00f3n es que <strong>las cuentas se puedan debatir en pleno antes de las Fiestas de Moros y Cristianos<\/strong>.<\/p>\n","protected":false},"excerpt":{"rendered":"<p>El gobierno municipal de Alcoy ha dado a conocer a las puertas de la segunda quincena del mes de marzo&#8230;<\/p>\n","protected":false},"author":1,"featured_media":164587,"comment_status":"closed","ping_status":"closed","sticky":false,"template":"","format":"standard","meta":{"footnotes":""},"categories":[6909,97,75,125],"tags":[20828,1494,8040,1572],"class_list":["post-164586","post","type-post","status-publish","format-standard","has-post-thumbnail","hentry","category-actualidad","category-alcoy","category-noticias","category-portada","tag-77-millones","tag-alcoy","tag-borrador","tag-presupuestos-municipales"],"yoast_head":"<!-- This site is optimized with the Yoast SEO plugin v27.3 - https:\/\/yoast.com\/product\/yoast-seo-wordpress\/ -->\n<title>El gobierno de Alcoy apela a la &quot;responsabilidad&quot; para aprobar los Presupuestos del a\u00f1o 2026 - COPE Alcoy<\/title>\n<meta name=\"description\" content=\"El gobierno de Alcoy apela a la &quot;responsabilidad&quot; para aprobar los Presupuestos del a\u00f1o 2026\" \/>\n<meta name=\"robots\" content=\"index, follow, max-snippet:-1, max-image-preview:large, max-video-preview:-1\" \/>\n<link rel=\"canonical\" href=\"https:\/\/www.copealcoy.es\/es\/el-gobierno-de-alcoy-apela-a-la-responsabilidad-para-aprobar-los-presupuestos-del-ano-2026\/\" \/>\n<meta property=\"og:locale\" content=\"es_ES\" \/>\n<meta property=\"og:type\" content=\"article\" \/>\n<meta property=\"og:title\" content=\"El gobierno de Alcoy apela a la &quot;responsabilidad&quot; para aprobar los Presupuestos del a\u00f1o 2026 - COPE Alcoy\" \/>\n<meta property=\"og:description\" content=\"El gobierno de Alcoy apela a la &quot;responsabilidad&quot; para aprobar los Presupuestos del a\u00f1o 2026\" \/>\n<meta property=\"og:url\" content=\"https:\/\/www.copealcoy.es\/es\/el-gobierno-de-alcoy-apela-a-la-responsabilidad-para-aprobar-los-presupuestos-del-ano-2026\/\" \/>\n<meta property=\"og:site_name\" content=\"COPE Alcoy\" \/>\n<meta property=\"article:published_time\" content=\"2026-03-11T15:45:25+00:00\" \/>\n<meta property=\"article:modified_time\" content=\"2026-03-11T16:56:59+00:00\" \/>\n<meta property=\"og:image\" content=\"https:\/\/www.copealcoy.es\/wp-content\/uploads\/2026\/03\/Molto-Frances-y-Cerradelo-en-rueda-de-prensa.jpg_1612302774.jpg\" \/>\n\t<meta property=\"og:image:width\" content=\"625\" \/>\n\t<meta property=\"og:image:height\" content=\"352\" \/>\n\t<meta property=\"og:image:type\" content=\"image\/jpeg\" \/>\n<meta name=\"author\" content=\"Cope Alcoy\" \/>\n<meta name=\"twitter:label1\" content=\"Escrito por\" \/>\n\t<meta name=\"twitter:data1\" content=\"Cope Alcoy\" \/>\n\t<meta name=\"twitter:label2\" content=\"Tiempo de lectura\" \/>\n\t<meta name=\"twitter:data2\" content=\"4 minutos\" \/>\n<script type=\"application\/ld+json\" class=\"yoast-schema-graph\">{\"@context\":\"https:\\\/\\\/schema.org\",\"@graph\":[{\"@type\":\"Article\",\"@id\":\"https:\\\/\\\/www.copealcoy.es\\\/es\\\/el-gobierno-de-alcoy-apela-a-la-responsabilidad-para-aprobar-los-presupuestos-del-ano-2026\\\/#article\",\"isPartOf\":{\"@id\":\"https:\\\/\\\/www.copealcoy.es\\\/es\\\/el-gobierno-de-alcoy-apela-a-la-responsabilidad-para-aprobar-los-presupuestos-del-ano-2026\\\/\"},\"author\":{\"name\":\"Cope Alcoy\",\"@id\":\"https:\\\/\\\/www.copealcoy.es\\\/es\\\/#\\\/schema\\\/person\\\/e777c87fa024e57d40170af9df39882c\"},\"headline\":\"El gobierno de Alcoy apela a la &#8220;responsabilidad&#8221; para aprobar los Presupuestos del a\u00f1o 2026\",\"datePublished\":\"2026-03-11T15:45:25+00:00\",\"dateModified\":\"2026-03-11T16:56:59+00:00\",\"mainEntityOfPage\":{\"@id\":\"https:\\\/\\\/www.copealcoy.es\\\/es\\\/el-gobierno-de-alcoy-apela-a-la-responsabilidad-para-aprobar-los-presupuestos-del-ano-2026\\\/\"},\"wordCount\":647,\"image\":{\"@id\":\"https:\\\/\\\/www.copealcoy.es\\\/es\\\/el-gobierno-de-alcoy-apela-a-la-responsabilidad-para-aprobar-los-presupuestos-del-ano-2026\\\/#primaryimage\"},\"thumbnailUrl\":\"https:\\\/\\\/www.copealcoy.es\\\/wp-content\\\/uploads\\\/2026\\\/03\\\/Molto-Frances-y-Cerradelo-en-rueda-de-prensa.jpg_1612302774.jpg\",\"keywords\":[\"77 millones\",\"Alcoy\",\"borrador\",\"Presupuestos Municipales\"],\"articleSection\":[\"Actualidad\",\"Alcoy\",\"Noticias\",\"Portada\"],\"inLanguage\":\"es\"},{\"@type\":\"WebPage\",\"@id\":\"https:\\\/\\\/www.copealcoy.es\\\/es\\\/el-gobierno-de-alcoy-apela-a-la-responsabilidad-para-aprobar-los-presupuestos-del-ano-2026\\\/\",\"url\":\"https:\\\/\\\/www.copealcoy.es\\\/es\\\/el-gobierno-de-alcoy-apela-a-la-responsabilidad-para-aprobar-los-presupuestos-del-ano-2026\\\/\",\"name\":\"El gobierno de Alcoy apela a la \\\"responsabilidad\\\" para aprobar los Presupuestos del a\u00f1o 2026 - COPE Alcoy\",\"isPartOf\":{\"@id\":\"https:\\\/\\\/www.copealcoy.es\\\/es\\\/#website\"},\"primaryImageOfPage\":{\"@id\":\"https:\\\/\\\/www.copealcoy.es\\\/es\\\/el-gobierno-de-alcoy-apela-a-la-responsabilidad-para-aprobar-los-presupuestos-del-ano-2026\\\/#primaryimage\"},\"image\":{\"@id\":\"https:\\\/\\\/www.copealcoy.es\\\/es\\\/el-gobierno-de-alcoy-apela-a-la-responsabilidad-para-aprobar-los-presupuestos-del-ano-2026\\\/#primaryimage\"},\"thumbnailUrl\":\"https:\\\/\\\/www.copealcoy.es\\\/wp-content\\\/uploads\\\/2026\\\/03\\\/Molto-Frances-y-Cerradelo-en-rueda-de-prensa.jpg_1612302774.jpg\",\"datePublished\":\"2026-03-11T15:45:25+00:00\",\"dateModified\":\"2026-03-11T16:56:59+00:00\",\"author\":{\"@id\":\"https:\\\/\\\/www.copealcoy.es\\\/es\\\/#\\\/schema\\\/person\\\/e777c87fa024e57d40170af9df39882c\"},\"description\":\"El gobierno de Alcoy apela a la \\\"responsabilidad\\\" para aprobar los Presupuestos del a\u00f1o 2026\",\"breadcrumb\":{\"@id\":\"https:\\\/\\\/www.copealcoy.es\\\/es\\\/el-gobierno-de-alcoy-apela-a-la-responsabilidad-para-aprobar-los-presupuestos-del-ano-2026\\\/#breadcrumb\"},\"inLanguage\":\"es\",\"potentialAction\":[{\"@type\":\"ReadAction\",\"target\":[\"https:\\\/\\\/www.copealcoy.es\\\/es\\\/el-gobierno-de-alcoy-apela-a-la-responsabilidad-para-aprobar-los-presupuestos-del-ano-2026\\\/\"]}]},{\"@type\":\"ImageObject\",\"inLanguage\":\"es\",\"@id\":\"https:\\\/\\\/www.copealcoy.es\\\/es\\\/el-gobierno-de-alcoy-apela-a-la-responsabilidad-para-aprobar-los-presupuestos-del-ano-2026\\\/#primaryimage\",\"url\":\"https:\\\/\\\/www.copealcoy.es\\\/wp-content\\\/uploads\\\/2026\\\/03\\\/Molto-Frances-y-Cerradelo-en-rueda-de-prensa.jpg_1612302774.jpg\",\"contentUrl\":\"https:\\\/\\\/www.copealcoy.es\\\/wp-content\\\/uploads\\\/2026\\\/03\\\/Molto-Frances-y-Cerradelo-en-rueda-de-prensa.jpg_1612302774.jpg\",\"width\":625,\"height\":352},{\"@type\":\"BreadcrumbList\",\"@id\":\"https:\\\/\\\/www.copealcoy.es\\\/es\\\/el-gobierno-de-alcoy-apela-a-la-responsabilidad-para-aprobar-los-presupuestos-del-ano-2026\\\/#breadcrumb\",\"itemListElement\":[{\"@type\":\"ListItem\",\"position\":1,\"name\":\"Portada\",\"item\":\"https:\\\/\\\/www.copealcoy.es\\\/es\\\/\"},{\"@type\":\"ListItem\",\"position\":2,\"name\":\"El gobierno de Alcoy apela a la &#8220;responsabilidad&#8221; para aprobar los Presupuestos del a\u00f1o 2026\"}]},{\"@type\":\"WebSite\",\"@id\":\"https:\\\/\\\/www.copealcoy.es\\\/es\\\/#website\",\"url\":\"https:\\\/\\\/www.copealcoy.es\\\/es\\\/\",\"name\":\"COPE Alcoy\",\"description\":\"Emisora COPE de radio local con emisi\u00f3n online. Pont de Sant Jordi 8-10 03803 Alcoy\",\"potentialAction\":[{\"@type\":\"SearchAction\",\"target\":{\"@type\":\"EntryPoint\",\"urlTemplate\":\"https:\\\/\\\/www.copealcoy.es\\\/es\\\/?s={search_term_string}\"},\"query-input\":{\"@type\":\"PropertyValueSpecification\",\"valueRequired\":true,\"valueName\":\"search_term_string\"}}],\"inLanguage\":\"es\"},{\"@type\":\"Person\",\"@id\":\"https:\\\/\\\/www.copealcoy.es\\\/es\\\/#\\\/schema\\\/person\\\/e777c87fa024e57d40170af9df39882c\",\"name\":\"Cope Alcoy\",\"image\":{\"@type\":\"ImageObject\",\"inLanguage\":\"es\",\"@id\":\"https:\\\/\\\/secure.gravatar.com\\\/avatar\\\/bb65d0283347e303893ba14f0692005417c1e0e690a325a4c5d8bb2b3943ee14?s=96&d=mm&r=g\",\"url\":\"https:\\\/\\\/secure.gravatar.com\\\/avatar\\\/bb65d0283347e303893ba14f0692005417c1e0e690a325a4c5d8bb2b3943ee14?s=96&d=mm&r=g\",\"contentUrl\":\"https:\\\/\\\/secure.gravatar.com\\\/avatar\\\/bb65d0283347e303893ba14f0692005417c1e0e690a325a4c5d8bb2b3943ee14?s=96&d=mm&r=g\",\"caption\":\"Cope Alcoy\"}}]}<\/script>\n<!-- \/ Yoast SEO plugin. -->","yoast_head_json":{"title":"El gobierno de Alcoy apela a la \"responsabilidad\" para aprobar los Presupuestos del a\u00f1o 2026 - COPE Alcoy","description":"El gobierno de Alcoy apela a la \"responsabilidad\" para aprobar los Presupuestos del a\u00f1o 2026","robots":{"index":"index","follow":"follow","max-snippet":"max-snippet:-1","max-image-preview":"max-image-preview:large","max-video-preview":"max-video-preview:-1"},"canonical":"https:\/\/www.copealcoy.es\/es\/el-gobierno-de-alcoy-apela-a-la-responsabilidad-para-aprobar-los-presupuestos-del-ano-2026\/","og_locale":"es_ES","og_type":"article","og_title":"El gobierno de Alcoy apela a la \"responsabilidad\" para aprobar los Presupuestos del a\u00f1o 2026 - COPE Alcoy","og_description":"El gobierno de Alcoy apela a la \"responsabilidad\" para aprobar los Presupuestos del a\u00f1o 2026","og_url":"https:\/\/www.copealcoy.es\/es\/el-gobierno-de-alcoy-apela-a-la-responsabilidad-para-aprobar-los-presupuestos-del-ano-2026\/","og_site_name":"COPE Alcoy","article_published_time":"2026-03-11T15:45:25+00:00","article_modified_time":"2026-03-11T16:56:59+00:00","og_image":[{"width":625,"height":352,"url":"https:\/\/www.copealcoy.es\/wp-content\/uploads\/2026\/03\/Molto-Frances-y-Cerradelo-en-rueda-de-prensa.jpg_1612302774.jpg","type":"image\/jpeg"}],"author":"Cope Alcoy","twitter_misc":{"Escrito por":"Cope Alcoy","Tiempo de lectura":"4 minutos"},"schema":{"@context":"https:\/\/schema.org","@graph":[{"@type":"Article","@id":"https:\/\/www.copealcoy.es\/es\/el-gobierno-de-alcoy-apela-a-la-responsabilidad-para-aprobar-los-presupuestos-del-ano-2026\/#article","isPartOf":{"@id":"https:\/\/www.copealcoy.es\/es\/el-gobierno-de-alcoy-apela-a-la-responsabilidad-para-aprobar-los-presupuestos-del-ano-2026\/"},"author":{"name":"Cope Alcoy","@id":"https:\/\/www.copealcoy.es\/es\/#\/schema\/person\/e777c87fa024e57d40170af9df39882c"},"headline":"El gobierno de Alcoy apela a la &#8220;responsabilidad&#8221; para aprobar los Presupuestos del a\u00f1o 2026","datePublished":"2026-03-11T15:45:25+00:00","dateModified":"2026-03-11T16:56:59+00:00","mainEntityOfPage":{"@id":"https:\/\/www.copealcoy.es\/es\/el-gobierno-de-alcoy-apela-a-la-responsabilidad-para-aprobar-los-presupuestos-del-ano-2026\/"},"wordCount":647,"image":{"@id":"https:\/\/www.copealcoy.es\/es\/el-gobierno-de-alcoy-apela-a-la-responsabilidad-para-aprobar-los-presupuestos-del-ano-2026\/#primaryimage"},"thumbnailUrl":"https:\/\/www.copealcoy.es\/wp-content\/uploads\/2026\/03\/Molto-Frances-y-Cerradelo-en-rueda-de-prensa.jpg_1612302774.jpg","keywords":["77 millones","Alcoy","borrador","Presupuestos Municipales"],"articleSection":["Actualidad","Alcoy","Noticias","Portada"],"inLanguage":"es"},{"@type":"WebPage","@id":"https:\/\/www.copealcoy.es\/es\/el-gobierno-de-alcoy-apela-a-la-responsabilidad-para-aprobar-los-presupuestos-del-ano-2026\/","url":"https:\/\/www.copealcoy.es\/es\/el-gobierno-de-alcoy-apela-a-la-responsabilidad-para-aprobar-los-presupuestos-del-ano-2026\/","name":"El gobierno de Alcoy apela a la \"responsabilidad\" para aprobar los Presupuestos del a\u00f1o 2026 - COPE Alcoy","isPartOf":{"@id":"https:\/\/www.copealcoy.es\/es\/#website"},"primaryImageOfPage":{"@id":"https:\/\/www.copealcoy.es\/es\/el-gobierno-de-alcoy-apela-a-la-responsabilidad-para-aprobar-los-presupuestos-del-ano-2026\/#primaryimage"},"image":{"@id":"https:\/\/www.copealcoy.es\/es\/el-gobierno-de-alcoy-apela-a-la-responsabilidad-para-aprobar-los-presupuestos-del-ano-2026\/#primaryimage"},"thumbnailUrl":"https:\/\/www.copealcoy.es\/wp-content\/uploads\/2026\/03\/Molto-Frances-y-Cerradelo-en-rueda-de-prensa.jpg_1612302774.jpg","datePublished":"2026-03-11T15:45:25+00:00","dateModified":"2026-03-11T16:56:59+00:00","author":{"@id":"https:\/\/www.copealcoy.es\/es\/#\/schema\/person\/e777c87fa024e57d40170af9df39882c"},"description":"El gobierno de Alcoy apela a la \"responsabilidad\" para aprobar los Presupuestos del a\u00f1o 2026","breadcrumb":{"@id":"https:\/\/www.copealcoy.es\/es\/el-gobierno-de-alcoy-apela-a-la-responsabilidad-para-aprobar-los-presupuestos-del-ano-2026\/#breadcrumb"},"inLanguage":"es","potentialAction":[{"@type":"ReadAction","target":["https:\/\/www.copealcoy.es\/es\/el-gobierno-de-alcoy-apela-a-la-responsabilidad-para-aprobar-los-presupuestos-del-ano-2026\/"]}]},{"@type":"ImageObject","inLanguage":"es","@id":"https:\/\/www.copealcoy.es\/es\/el-gobierno-de-alcoy-apela-a-la-responsabilidad-para-aprobar-los-presupuestos-del-ano-2026\/#primaryimage","url":"https:\/\/www.copealcoy.es\/wp-content\/uploads\/2026\/03\/Molto-Frances-y-Cerradelo-en-rueda-de-prensa.jpg_1612302774.jpg","contentUrl":"https:\/\/www.copealcoy.es\/wp-content\/uploads\/2026\/03\/Molto-Frances-y-Cerradelo-en-rueda-de-prensa.jpg_1612302774.jpg","width":625,"height":352},{"@type":"BreadcrumbList","@id":"https:\/\/www.copealcoy.es\/es\/el-gobierno-de-alcoy-apela-a-la-responsabilidad-para-aprobar-los-presupuestos-del-ano-2026\/#breadcrumb","itemListElement":[{"@type":"ListItem","position":1,"name":"Portada","item":"https:\/\/www.copealcoy.es\/es\/"},{"@type":"ListItem","position":2,"name":"El gobierno de Alcoy apela a la &#8220;responsabilidad&#8221; para aprobar los Presupuestos del a\u00f1o 2026"}]},{"@type":"WebSite","@id":"https:\/\/www.copealcoy.es\/es\/#website","url":"https:\/\/www.copealcoy.es\/es\/","name":"COPE Alcoy","description":"Emisora COPE de radio local con emisi\u00f3n online. Pont de Sant Jordi 8-10 03803 Alcoy","potentialAction":[{"@type":"SearchAction","target":{"@type":"EntryPoint","urlTemplate":"https:\/\/www.copealcoy.es\/es\/?s={search_term_string}"},"query-input":{"@type":"PropertyValueSpecification","valueRequired":true,"valueName":"search_term_string"}}],"inLanguage":"es"},{"@type":"Person","@id":"https:\/\/www.copealcoy.es\/es\/#\/schema\/person\/e777c87fa024e57d40170af9df39882c","name":"Cope Alcoy","image":{"@type":"ImageObject","inLanguage":"es","@id":"https:\/\/secure.gravatar.com\/avatar\/bb65d0283347e303893ba14f0692005417c1e0e690a325a4c5d8bb2b3943ee14?s=96&d=mm&r=g","url":"https:\/\/secure.gravatar.com\/avatar\/bb65d0283347e303893ba14f0692005417c1e0e690a325a4c5d8bb2b3943ee14?s=96&d=mm&r=g","contentUrl":"https:\/\/secure.gravatar.com\/avatar\/bb65d0283347e303893ba14f0692005417c1e0e690a325a4c5d8bb2b3943ee14?s=96&d=mm&r=g","caption":"Cope Alcoy"}}]}},"_links":{"self":[{"href":"https:\/\/www.copealcoy.es\/es\/wp-json\/wp\/v2\/posts\/164586","targetHints":{"allow":["GET"]}}],"collection":[{"href":"https:\/\/www.copealcoy.es\/es\/wp-json\/wp\/v2\/posts"}],"about":[{"href":"https:\/\/www.copealcoy.es\/es\/wp-json\/wp\/v2\/types\/post"}],"author":[{"embeddable":true,"href":"https:\/\/www.copealcoy.es\/es\/wp-json\/wp\/v2\/users\/1"}],"replies":[{"embeddable":true,"href":"https:\/\/www.copealcoy.es\/es\/wp-json\/wp\/v2\/comments?post=164586"}],"version-history":[{"count":2,"href":"https:\/\/www.copealcoy.es\/es\/wp-json\/wp\/v2\/posts\/164586\/revisions"}],"predecessor-version":[{"id":164604,"href":"https:\/\/www.copealcoy.es\/es\/wp-json\/wp\/v2\/posts\/164586\/revisions\/164604"}],"wp:featuredmedia":[{"embeddable":true,"href":"https:\/\/www.copealcoy.es\/es\/wp-json\/wp\/v2\/media\/164587"}],"wp:attachment":[{"href":"https:\/\/www.copealcoy.es\/es\/wp-json\/wp\/v2\/media?parent=164586"}],"wp:term":[{"taxonomy":"category","embeddable":true,"href":"https:\/\/www.copealcoy.es\/es\/wp-json\/wp\/v2\/categories?post=164586"},{"taxonomy":"post_tag","embeddable":true,"href":"https:\/\/www.copealcoy.es\/es\/wp-json\/wp\/v2\/tags?post=164586"}],"curies":[{"name":"wp","href":"https:\/\/api.w.org\/{rel}","templated":true}]}}