{"id":164580,"date":"2026-03-11T07:00:38","date_gmt":"2026-03-11T06:00:38","guid":{"rendered":"https:\/\/www.copealcoy.es\/?p=164580"},"modified":"2026-03-12T17:17:20","modified_gmt":"2026-03-12T16:17:20","slug":"cocentaina-proyecta-la-ampliacion-del-cementerio-municipal","status":"publish","type":"post","link":"https:\/\/www.copealcoy.es\/es\/cocentaina-proyecta-la-ampliacion-del-cementerio-municipal\/","title":{"rendered":"Cocentaina proyecta la ampliaci\u00f3n del Cementerio Municipal"},"content":{"rendered":"<p style=\"text-align: justify;\" data-start=\"74\" data-end=\"360\">El <a href=\"https:\/\/www.cocentaina.es\/\" target=\"_blank\" rel=\"noopener\"><span style=\"color: #0000ff;\"><strong data-start=\"77\" data-end=\"107\">Ayuntamiento de Cocentaina<\/strong> <\/span><\/a>ha iniciado los tr\u00e1mites para <strong data-start=\"138\" data-end=\"173\">ampliar el cementerio municipal<\/strong> con la construcci\u00f3n de <strong data-start=\"197\" data-end=\"231\">nuevos nichos individuales<\/strong>, una actuaci\u00f3n que responde a la necesidad de aumentar la capacidad del recinto y garantizar este servicio en los pr\u00f3ximos a\u00f1os. El proyecto, desarrollado por el <strong data-start=\"395\" data-end=\"424\">Departamento de Urbanismo<\/strong>, contempla aprovechar <strong data-start=\"447\" data-end=\"483\">terrenos municipales colindantes<\/strong> con el actual cementerio para ampliar las instalaciones y mejorar los espacios existentes.<\/p>\n<p style=\"text-align: justify;\" data-start=\"74\" data-end=\"360\">La intervenci\u00f3n, seg\u00fan explican desde el Consistorio,\u00a0 prev\u00e9 la construcci\u00f3n de los nichos en <strong data-start=\"1148\" data-end=\"1189\">dos filas de m\u00f3dulos y cuatro alturas<\/strong>, como prolongaci\u00f3n del <strong data-start=\"1213\" data-end=\"1241\">patio Virgen del Rosario<\/strong>, la zona m\u00e1s reciente del camposanto. Entre ambas estructuras se habilitar\u00e1 una <strong data-start=\"1322\" data-end=\"1340\">calle interior<\/strong> que conectar\u00e1 con el cementerio actual y permitir\u00e1 <strong data-start=\"1392\" data-end=\"1427\">acceso rodado desde el exterior <\/strong><em data-start=\"605\" data-end=\"737\">\u201cse trata de una obra fundamental, planificada con responsabilidad y pensada como un servicio p\u00fablico necesario para el municipio\u201d,\u00a0<\/em>explica el alcalde de la Villa Condal, <strong>Rub\u00e9n Mu\u00f1oz<\/strong>. A ello se le a\u00f1ade la creaci\u00f3n de 132 nichos distribuidos en dos filas, respectivamente, con 17 y 16 m\u00f3dulos &#8220;el procedimiento administrativo ya est\u00e1 en marcha para que la obra pueda <strong data-start=\"1013\" data-end=\"1048\">salir a licitaci\u00f3n pr\u00f3ximamente<\/strong> y los trabajos comiencen lo antes posible. E<em data-start=\"1454\" data-end=\"1562\">sta ampliaci\u00f3n es necesaria, ya que dentro del recinto existente ya no era posible construir m\u00e1s nichos y la intervenci\u00f3n<\/em>\u00a0incluir\u00e1 <strong data-start=\"1596\" data-end=\"1644\">movimientos de tierras y muros de contenci\u00f3n<\/strong> para adaptarse a la topograf\u00eda del terreno&#8221;, detalla la concejala Marcela Richart, al frente del \u00e1rea que se encarga de la gesti\u00f3n del recinto.<\/p>\n<p style=\"text-align: justify;\" data-start=\"1690\" data-end=\"1906\" data-is-last-node=\"\" data-is-only-node=\"\">Esta intervenci\u00f3n forma parte de un <strong data-start=\"1726\" data-end=\"1788\">proyecto de ampliaci\u00f3n m\u00e1s amplio del cementerio municipal\u00a0<\/strong>que se ir\u00e1 materializando durante los pr\u00f3ximos a\u00f1os. Junto a ello siguen<strong> las tareas de mantenimiento\u00a0<\/strong>del espacio, las cuales son continuas para garantizar que el Cementerio Municipal contestano est\u00e9 en perfecto estado durante los 365 d\u00edas del a\u00f1o.<\/p>\n","protected":false},"excerpt":{"rendered":"<p>El Ayuntamiento de Cocentaina ha iniciado los tr\u00e1mites para ampliar el cementerio municipal con la construcci\u00f3n de nuevos nichos individuales,&#8230;<\/p>\n","protected":false},"author":1,"featured_media":164581,"comment_status":"closed","ping_status":"closed","sticky":false,"template":"","format":"standard","meta":{"footnotes":""},"categories":[6909,98,75],"tags":[1338,3998,132,2042,13227],"class_list":["post-164580","post","type-post","status-publish","format-standard","has-post-thumbnail","hentry","category-actualidad","category-comarcas","category-noticias","tag-ampliacion","tag-cementerio-municipal","tag-cocentaina","tag-marcela-richart","tag-ruben-munoz"],"yoast_head":"<!-- This site is optimized with the Yoast SEO plugin v27.3 - https:\/\/yoast.com\/product\/yoast-seo-wordpress\/ -->\n<title>Cocentaina proyecta la ampliaci\u00f3n del Cementerio Municipal - COPE Alcoy<\/title>\n<meta name=\"description\" content=\"Cocentaina proyecta la ampliaci\u00f3n del Cementerio Municipal\" \/>\n<meta name=\"robots\" content=\"index, follow, max-snippet:-1, max-image-preview:large, max-video-preview:-1\" \/>\n<link rel=\"canonical\" href=\"https:\/\/www.copealcoy.es\/es\/cocentaina-proyecta-la-ampliacion-del-cementerio-municipal\/\" \/>\n<meta property=\"og:locale\" content=\"es_ES\" \/>\n<meta property=\"og:type\" content=\"article\" \/>\n<meta property=\"og:title\" content=\"Cocentaina proyecta la ampliaci\u00f3n del Cementerio Municipal - COPE Alcoy\" \/>\n<meta property=\"og:description\" content=\"Cocentaina proyecta la ampliaci\u00f3n del Cementerio Municipal\" \/>\n<meta property=\"og:url\" content=\"https:\/\/www.copealcoy.es\/es\/cocentaina-proyecta-la-ampliacion-del-cementerio-municipal\/\" \/>\n<meta property=\"og:site_name\" content=\"COPE Alcoy\" \/>\n<meta property=\"article:published_time\" content=\"2026-03-11T06:00:38+00:00\" \/>\n<meta property=\"article:modified_time\" content=\"2026-03-12T16:17:20+00:00\" \/>\n<meta property=\"og:image\" content=\"https:\/\/www.copealcoy.es\/wp-content\/uploads\/2026\/03\/0-1.jpg\" \/>\n\t<meta property=\"og:image:width\" content=\"953\" \/>\n\t<meta property=\"og:image:height\" content=\"715\" \/>\n\t<meta property=\"og:image:type\" content=\"image\/jpeg\" \/>\n<meta name=\"author\" content=\"Cope Alcoy\" \/>\n<meta name=\"twitter:label1\" content=\"Escrito por\" \/>\n\t<meta name=\"twitter:data1\" content=\"Cope Alcoy\" \/>\n\t<meta name=\"twitter:label2\" content=\"Tiempo de lectura\" \/>\n\t<meta name=\"twitter:data2\" content=\"2 minutos\" \/>\n<script type=\"application\/ld+json\" class=\"yoast-schema-graph\">{\"@context\":\"https:\\\/\\\/schema.org\",\"@graph\":[{\"@type\":\"Article\",\"@id\":\"https:\\\/\\\/www.copealcoy.es\\\/es\\\/cocentaina-proyecta-la-ampliacion-del-cementerio-municipal\\\/#article\",\"isPartOf\":{\"@id\":\"https:\\\/\\\/www.copealcoy.es\\\/es\\\/cocentaina-proyecta-la-ampliacion-del-cementerio-municipal\\\/\"},\"author\":{\"name\":\"Cope Alcoy\",\"@id\":\"https:\\\/\\\/www.copealcoy.es\\\/es\\\/#\\\/schema\\\/person\\\/e777c87fa024e57d40170af9df39882c\"},\"headline\":\"Cocentaina proyecta la ampliaci\u00f3n del Cementerio Municipal\",\"datePublished\":\"2026-03-11T06:00:38+00:00\",\"dateModified\":\"2026-03-12T16:17:20+00:00\",\"mainEntityOfPage\":{\"@id\":\"https:\\\/\\\/www.copealcoy.es\\\/es\\\/cocentaina-proyecta-la-ampliacion-del-cementerio-municipal\\\/\"},\"wordCount\":334,\"image\":{\"@id\":\"https:\\\/\\\/www.copealcoy.es\\\/es\\\/cocentaina-proyecta-la-ampliacion-del-cementerio-municipal\\\/#primaryimage\"},\"thumbnailUrl\":\"https:\\\/\\\/www.copealcoy.es\\\/wp-content\\\/uploads\\\/2026\\\/03\\\/0-1.jpg\",\"keywords\":[\"ampliaci\u00f3n\",\"Cementerio Municipal\",\"Cocentaina\",\"Marcela Richart\",\"Rub\u00e9n Mu\u00f1oz\"],\"articleSection\":[\"Actualidad\",\"Comarcas\",\"Noticias\"],\"inLanguage\":\"es\"},{\"@type\":\"WebPage\",\"@id\":\"https:\\\/\\\/www.copealcoy.es\\\/es\\\/cocentaina-proyecta-la-ampliacion-del-cementerio-municipal\\\/\",\"url\":\"https:\\\/\\\/www.copealcoy.es\\\/es\\\/cocentaina-proyecta-la-ampliacion-del-cementerio-municipal\\\/\",\"name\":\"Cocentaina proyecta la ampliaci\u00f3n del Cementerio Municipal - COPE Alcoy\",\"isPartOf\":{\"@id\":\"https:\\\/\\\/www.copealcoy.es\\\/es\\\/#website\"},\"primaryImageOfPage\":{\"@id\":\"https:\\\/\\\/www.copealcoy.es\\\/es\\\/cocentaina-proyecta-la-ampliacion-del-cementerio-municipal\\\/#primaryimage\"},\"image\":{\"@id\":\"https:\\\/\\\/www.copealcoy.es\\\/es\\\/cocentaina-proyecta-la-ampliacion-del-cementerio-municipal\\\/#primaryimage\"},\"thumbnailUrl\":\"https:\\\/\\\/www.copealcoy.es\\\/wp-content\\\/uploads\\\/2026\\\/03\\\/0-1.jpg\",\"datePublished\":\"2026-03-11T06:00:38+00:00\",\"dateModified\":\"2026-03-12T16:17:20+00:00\",\"author\":{\"@id\":\"https:\\\/\\\/www.copealcoy.es\\\/es\\\/#\\\/schema\\\/person\\\/e777c87fa024e57d40170af9df39882c\"},\"description\":\"Cocentaina proyecta la ampliaci\u00f3n del Cementerio Municipal\",\"breadcrumb\":{\"@id\":\"https:\\\/\\\/www.copealcoy.es\\\/es\\\/cocentaina-proyecta-la-ampliacion-del-cementerio-municipal\\\/#breadcrumb\"},\"inLanguage\":\"es\",\"potentialAction\":[{\"@type\":\"ReadAction\",\"target\":[\"https:\\\/\\\/www.copealcoy.es\\\/es\\\/cocentaina-proyecta-la-ampliacion-del-cementerio-municipal\\\/\"]}]},{\"@type\":\"ImageObject\",\"inLanguage\":\"es\",\"@id\":\"https:\\\/\\\/www.copealcoy.es\\\/es\\\/cocentaina-proyecta-la-ampliacion-del-cementerio-municipal\\\/#primaryimage\",\"url\":\"https:\\\/\\\/www.copealcoy.es\\\/wp-content\\\/uploads\\\/2026\\\/03\\\/0-1.jpg\",\"contentUrl\":\"https:\\\/\\\/www.copealcoy.es\\\/wp-content\\\/uploads\\\/2026\\\/03\\\/0-1.jpg\",\"width\":953,\"height\":715},{\"@type\":\"BreadcrumbList\",\"@id\":\"https:\\\/\\\/www.copealcoy.es\\\/es\\\/cocentaina-proyecta-la-ampliacion-del-cementerio-municipal\\\/#breadcrumb\",\"itemListElement\":[{\"@type\":\"ListItem\",\"position\":1,\"name\":\"Portada\",\"item\":\"https:\\\/\\\/www.copealcoy.es\\\/es\\\/\"},{\"@type\":\"ListItem\",\"position\":2,\"name\":\"Cocentaina proyecta la ampliaci\u00f3n del Cementerio Municipal\"}]},{\"@type\":\"WebSite\",\"@id\":\"https:\\\/\\\/www.copealcoy.es\\\/es\\\/#website\",\"url\":\"https:\\\/\\\/www.copealcoy.es\\\/es\\\/\",\"name\":\"COPE Alcoy\",\"description\":\"Emisora COPE de radio local con emisi\u00f3n online. Pont de Sant Jordi 8-10 03803 Alcoy\",\"potentialAction\":[{\"@type\":\"SearchAction\",\"target\":{\"@type\":\"EntryPoint\",\"urlTemplate\":\"https:\\\/\\\/www.copealcoy.es\\\/es\\\/?s={search_term_string}\"},\"query-input\":{\"@type\":\"PropertyValueSpecification\",\"valueRequired\":true,\"valueName\":\"search_term_string\"}}],\"inLanguage\":\"es\"},{\"@type\":\"Person\",\"@id\":\"https:\\\/\\\/www.copealcoy.es\\\/es\\\/#\\\/schema\\\/person\\\/e777c87fa024e57d40170af9df39882c\",\"name\":\"Cope Alcoy\",\"image\":{\"@type\":\"ImageObject\",\"inLanguage\":\"es\",\"@id\":\"https:\\\/\\\/secure.gravatar.com\\\/avatar\\\/bb65d0283347e303893ba14f0692005417c1e0e690a325a4c5d8bb2b3943ee14?s=96&d=mm&r=g\",\"url\":\"https:\\\/\\\/secure.gravatar.com\\\/avatar\\\/bb65d0283347e303893ba14f0692005417c1e0e690a325a4c5d8bb2b3943ee14?s=96&d=mm&r=g\",\"contentUrl\":\"https:\\\/\\\/secure.gravatar.com\\\/avatar\\\/bb65d0283347e303893ba14f0692005417c1e0e690a325a4c5d8bb2b3943ee14?s=96&d=mm&r=g\",\"caption\":\"Cope Alcoy\"}}]}<\/script>\n<!-- \/ Yoast SEO plugin. -->","yoast_head_json":{"title":"Cocentaina proyecta la ampliaci\u00f3n del Cementerio Municipal - COPE Alcoy","description":"Cocentaina proyecta la ampliaci\u00f3n del Cementerio Municipal","robots":{"index":"index","follow":"follow","max-snippet":"max-snippet:-1","max-image-preview":"max-image-preview:large","max-video-preview":"max-video-preview:-1"},"canonical":"https:\/\/www.copealcoy.es\/es\/cocentaina-proyecta-la-ampliacion-del-cementerio-municipal\/","og_locale":"es_ES","og_type":"article","og_title":"Cocentaina proyecta la ampliaci\u00f3n del Cementerio Municipal - COPE Alcoy","og_description":"Cocentaina proyecta la ampliaci\u00f3n del Cementerio Municipal","og_url":"https:\/\/www.copealcoy.es\/es\/cocentaina-proyecta-la-ampliacion-del-cementerio-municipal\/","og_site_name":"COPE Alcoy","article_published_time":"2026-03-11T06:00:38+00:00","article_modified_time":"2026-03-12T16:17:20+00:00","og_image":[{"width":953,"height":715,"url":"https:\/\/www.copealcoy.es\/wp-content\/uploads\/2026\/03\/0-1.jpg","type":"image\/jpeg"}],"author":"Cope Alcoy","twitter_misc":{"Escrito por":"Cope Alcoy","Tiempo de lectura":"2 minutos"},"schema":{"@context":"https:\/\/schema.org","@graph":[{"@type":"Article","@id":"https:\/\/www.copealcoy.es\/es\/cocentaina-proyecta-la-ampliacion-del-cementerio-municipal\/#article","isPartOf":{"@id":"https:\/\/www.copealcoy.es\/es\/cocentaina-proyecta-la-ampliacion-del-cementerio-municipal\/"},"author":{"name":"Cope Alcoy","@id":"https:\/\/www.copealcoy.es\/es\/#\/schema\/person\/e777c87fa024e57d40170af9df39882c"},"headline":"Cocentaina proyecta la ampliaci\u00f3n del Cementerio Municipal","datePublished":"2026-03-11T06:00:38+00:00","dateModified":"2026-03-12T16:17:20+00:00","mainEntityOfPage":{"@id":"https:\/\/www.copealcoy.es\/es\/cocentaina-proyecta-la-ampliacion-del-cementerio-municipal\/"},"wordCount":334,"image":{"@id":"https:\/\/www.copealcoy.es\/es\/cocentaina-proyecta-la-ampliacion-del-cementerio-municipal\/#primaryimage"},"thumbnailUrl":"https:\/\/www.copealcoy.es\/wp-content\/uploads\/2026\/03\/0-1.jpg","keywords":["ampliaci\u00f3n","Cementerio Municipal","Cocentaina","Marcela Richart","Rub\u00e9n Mu\u00f1oz"],"articleSection":["Actualidad","Comarcas","Noticias"],"inLanguage":"es"},{"@type":"WebPage","@id":"https:\/\/www.copealcoy.es\/es\/cocentaina-proyecta-la-ampliacion-del-cementerio-municipal\/","url":"https:\/\/www.copealcoy.es\/es\/cocentaina-proyecta-la-ampliacion-del-cementerio-municipal\/","name":"Cocentaina proyecta la ampliaci\u00f3n del Cementerio Municipal - COPE Alcoy","isPartOf":{"@id":"https:\/\/www.copealcoy.es\/es\/#website"},"primaryImageOfPage":{"@id":"https:\/\/www.copealcoy.es\/es\/cocentaina-proyecta-la-ampliacion-del-cementerio-municipal\/#primaryimage"},"image":{"@id":"https:\/\/www.copealcoy.es\/es\/cocentaina-proyecta-la-ampliacion-del-cementerio-municipal\/#primaryimage"},"thumbnailUrl":"https:\/\/www.copealcoy.es\/wp-content\/uploads\/2026\/03\/0-1.jpg","datePublished":"2026-03-11T06:00:38+00:00","dateModified":"2026-03-12T16:17:20+00:00","author":{"@id":"https:\/\/www.copealcoy.es\/es\/#\/schema\/person\/e777c87fa024e57d40170af9df39882c"},"description":"Cocentaina proyecta la ampliaci\u00f3n del Cementerio Municipal","breadcrumb":{"@id":"https:\/\/www.copealcoy.es\/es\/cocentaina-proyecta-la-ampliacion-del-cementerio-municipal\/#breadcrumb"},"inLanguage":"es","potentialAction":[{"@type":"ReadAction","target":["https:\/\/www.copealcoy.es\/es\/cocentaina-proyecta-la-ampliacion-del-cementerio-municipal\/"]}]},{"@type":"ImageObject","inLanguage":"es","@id":"https:\/\/www.copealcoy.es\/es\/cocentaina-proyecta-la-ampliacion-del-cementerio-municipal\/#primaryimage","url":"https:\/\/www.copealcoy.es\/wp-content\/uploads\/2026\/03\/0-1.jpg","contentUrl":"https:\/\/www.copealcoy.es\/wp-content\/uploads\/2026\/03\/0-1.jpg","width":953,"height":715},{"@type":"BreadcrumbList","@id":"https:\/\/www.copealcoy.es\/es\/cocentaina-proyecta-la-ampliacion-del-cementerio-municipal\/#breadcrumb","itemListElement":[{"@type":"ListItem","position":1,"name":"Portada","item":"https:\/\/www.copealcoy.es\/es\/"},{"@type":"ListItem","position":2,"name":"Cocentaina proyecta la ampliaci\u00f3n del Cementerio Municipal"}]},{"@type":"WebSite","@id":"https:\/\/www.copealcoy.es\/es\/#website","url":"https:\/\/www.copealcoy.es\/es\/","name":"COPE Alcoy","description":"Emisora COPE de radio local con emisi\u00f3n online. Pont de Sant Jordi 8-10 03803 Alcoy","potentialAction":[{"@type":"SearchAction","target":{"@type":"EntryPoint","urlTemplate":"https:\/\/www.copealcoy.es\/es\/?s={search_term_string}"},"query-input":{"@type":"PropertyValueSpecification","valueRequired":true,"valueName":"search_term_string"}}],"inLanguage":"es"},{"@type":"Person","@id":"https:\/\/www.copealcoy.es\/es\/#\/schema\/person\/e777c87fa024e57d40170af9df39882c","name":"Cope Alcoy","image":{"@type":"ImageObject","inLanguage":"es","@id":"https:\/\/secure.gravatar.com\/avatar\/bb65d0283347e303893ba14f0692005417c1e0e690a325a4c5d8bb2b3943ee14?s=96&d=mm&r=g","url":"https:\/\/secure.gravatar.com\/avatar\/bb65d0283347e303893ba14f0692005417c1e0e690a325a4c5d8bb2b3943ee14?s=96&d=mm&r=g","contentUrl":"https:\/\/secure.gravatar.com\/avatar\/bb65d0283347e303893ba14f0692005417c1e0e690a325a4c5d8bb2b3943ee14?s=96&d=mm&r=g","caption":"Cope Alcoy"}}]}},"_links":{"self":[{"href":"https:\/\/www.copealcoy.es\/es\/wp-json\/wp\/v2\/posts\/164580","targetHints":{"allow":["GET"]}}],"collection":[{"href":"https:\/\/www.copealcoy.es\/es\/wp-json\/wp\/v2\/posts"}],"about":[{"href":"https:\/\/www.copealcoy.es\/es\/wp-json\/wp\/v2\/types\/post"}],"author":[{"embeddable":true,"href":"https:\/\/www.copealcoy.es\/es\/wp-json\/wp\/v2\/users\/1"}],"replies":[{"embeddable":true,"href":"https:\/\/www.copealcoy.es\/es\/wp-json\/wp\/v2\/comments?post=164580"}],"version-history":[{"count":1,"href":"https:\/\/www.copealcoy.es\/es\/wp-json\/wp\/v2\/posts\/164580\/revisions"}],"predecessor-version":[{"id":164583,"href":"https:\/\/www.copealcoy.es\/es\/wp-json\/wp\/v2\/posts\/164580\/revisions\/164583"}],"wp:featuredmedia":[{"embeddable":true,"href":"https:\/\/www.copealcoy.es\/es\/wp-json\/wp\/v2\/media\/164581"}],"wp:attachment":[{"href":"https:\/\/www.copealcoy.es\/es\/wp-json\/wp\/v2\/media?parent=164580"}],"wp:term":[{"taxonomy":"category","embeddable":true,"href":"https:\/\/www.copealcoy.es\/es\/wp-json\/wp\/v2\/categories?post=164580"},{"taxonomy":"post_tag","embeddable":true,"href":"https:\/\/www.copealcoy.es\/es\/wp-json\/wp\/v2\/tags?post=164580"}],"curies":[{"name":"wp","href":"https:\/\/api.w.org\/{rel}","templated":true}]}}