{"id":164560,"date":"2026-03-10T07:35:41","date_gmt":"2026-03-10T06:35:41","guid":{"rendered":"https:\/\/www.copealcoy.es\/?p=164560"},"modified":"2026-03-10T19:13:14","modified_gmt":"2026-03-10T18:13:14","slug":"mediodia-cope-alcoy-martes-10-de-marzo-2026-1420h","status":"publish","type":"post","link":"https:\/\/www.copealcoy.es\/es\/mediodia-cope-alcoy-martes-10-de-marzo-2026-1420h\/","title":{"rendered":"\u2018Mediod\u00eda Cope\u2019 Alcoy martes 10 de marzo 2026 (14:20h)"},"content":{"rendered":"<p><iframe loading=\"lazy\" title=\"&#039;Mediod\u00eda Cope&#039; Alcoy Martes 10 De Marzo 2026 (14:20h)\" width=\"100%\" height=\"120\" src=\"https:\/\/www.mixcloud.com\/widget\/iframe\/?feed=https%3A%2F%2Fwww.mixcloud.com%2FCOPEAlcoy%2Fmediod%25C3%25ADa-cope-alcoy-martes-10-de-marzo-2026-1420h%2F&amp;hide_cover=1\" frameborder=\"0\" allow=\"encrypted-media; fullscreen; autoplay; idle-detection; speaker-selection; web-share;\"><\/iframe><\/p>\n<p style=\"text-align: justify;\" data-start=\"70\" data-end=\"360\">Hoy martes hemos destacado que <strong>ya hay fecha para para la apertura del Museo dedicado a Camilo Sesto<\/strong>, un espacio que pondr\u00e1 en valor el legado de nuestro artista m\u00e1s internacional. Tambi\u00e9n hemos avanzado que se ha cancelado la &#8216;Festa dels Nanos&#8217; prevista para ma\u00f1ana en Cocentaina debido a la lluvia.<\/p>\n<p style=\"text-align: justify;\" data-start=\"70\" data-end=\"360\"><span style=\"color: #0000ff;\"><a style=\"color: #0000ff;\" href=\"https:\/\/www.alcoi.org\/ca\/portal\/index.html\" target=\"_blank\" rel=\"noopener\"><strong>Alcoy<\/strong><\/a><\/span>\u00a0contar\u00e1\u00a0<strong>a partir del pr\u00f3ximo\u00a0<\/strong>\u00a0<strong data-start=\"101\" data-end=\"124\">11 de junio\u00a0<\/strong>con un nuevo espacio cultural dedicado a la figura del cantante\u00a0<strong data-start=\"189\" data-end=\"205\">Camilo Sesto<\/strong>. Ese d\u00eda est\u00e1 prevista\u00a0<strong>la apertura oficial del<\/strong>\u00a0<strong data-start=\"253\" data-end=\"275\">Museo\u00a0<\/strong>que albergar\u00e1 el legado de nuestro cantante m\u00e1s internacional, un proyecto altamente esperado por alcoyanos pero tambi\u00e9n fans del artista tanto de Espa\u00f1a como de diversas partes del mundo.<\/p>\n<p style=\"text-align: justify;\" data-start=\"362\" data-end=\"804\">El nuevo museo nace con la intenci\u00f3n de\u00a0<strong data-start=\"402\" data-end=\"509\">preservar y mostrar la trayectoria de uno de los cantantes espa\u00f1oles con mayor proyecci\u00f3n internacional<\/strong>, cuya carrera musical marc\u00f3 varias d\u00e9cadas del panorama musical en Espa\u00f1a y Latinoam\u00e9rica. La iniciativa, seg\u00fan recuerdan desde el Ayuntamiento de la ciudad, ha sido posible con una inversi\u00f3n cercana al mill\u00f3n de euros \u201c<em>de los cuales 743.920 euros se han destinado a la rehabilitaci\u00f3n del edificio, financiados al 60% por Europa, y 228.223,25 euros cubiertos a 100% por financiaci\u00f3n europea que han servido para la fase de musealizaci\u00f3n del recinto<\/em>\u201c, ha explicado el alcalde de Alcoy, Toni Franc\u00e9s.<\/p>\n<p style=\"text-align: justify;\" data-start=\"362\" data-end=\"804\">Cabe destacar que el espacio expositivo reunir\u00e1\u00a0<strong data-start=\"631\" data-end=\"708\">objetos personales, discos, premios y material relacionado con su carrera<\/strong>, adem\u00e1s de recursos tecnol\u00f3gicos que permitir\u00e1n conocer diferentes etapas de su vida art\u00edstica. El recinto se ha dise\u00f1ado como\u00a0<strong data-start=\"837\" data-end=\"887\">un recorrido dividido en dos \u00e1reas principales\u00a0<\/strong>y en una de ellas se repasar\u00e1 la\u00a0<strong data-start=\"920\" data-end=\"960\">trayectoria profesional del cantante<\/strong>, desde sus inicios hasta su consolidaci\u00f3n como una de las voces m\u00e1s reconocidas de la m\u00fasica en espa\u00f1ol. En este espacio tambi\u00e9n se recrear\u00e1 un\u00a0<strong data-start=\"1105\" data-end=\"1129\">estudio de grabaci\u00f3n<\/strong>\u00a0y se mostrar\u00e1n algunos de los galardones y discos que obtuvo durante su carrera. La segunda parte del museo estar\u00e1 centrada en la\u00a0<strong data-start=\"1261\" data-end=\"1299\">vertiente m\u00e1s personal del artista<\/strong>, con elementos que permitir\u00e1n conocer su biograf\u00eda y su relaci\u00f3n con\u00a0<strong data-start=\"1369\" data-end=\"1378\">Alcoy<\/strong>, la ciudad donde naci\u00f3 \u201c<em>en este apartado tambi\u00e9n tendr\u00e1 un lugar destacado el musical \u201cJesucristo Superstar\u201d, una de las obras m\u00e1s emblem\u00e1ticas asociadas a la trayectoria de Camilo Sesto, y en el museo tambi\u00e9n habr\u00e1 espacio para un karaoke en el que cantar sus canciones m\u00e1s representativos. A todo ello se le unir\u00e1 las nuevas tecnolog\u00edas con herramientas innovadoras como una vitrina hologr\u00e1fica<\/em>\u201c, se\u00f1ala la concejala de Turismo; Lorena Zamonora.<\/p>\n<p style=\"text-align: justify;\" data-start=\"1925\" data-end=\"2246\" data-is-last-node=\"\" data-is-only-node=\"\">La apertura del\u00a0<strong data-start=\"1941\" data-end=\"1963\">Museo Camilo Sesto<\/strong>\u00a0est\u00e1 prevista para la ma\u00f1ana del\u00a0<strong data-start=\"1997\" data-end=\"2012\">11 de junio incluir\u00e1 un acto institucional\u00a0<\/strong>al que asistir\u00e1n familiares, representantes pol\u00edticos y fans del artista. A partir de ese mismo d\u00eda, el espacio comenzar\u00e1 a recibir a visitantes interesados en\u00a0<strong data-start=\"2148\" data-end=\"2208\">conocer m\u00e1s de cerca la trayectoria del artista alcoyano<\/strong>\u00a0y su impacto en el \u00e1mbito musical tanto de Espa\u00f1a como del mundo.<\/p>\n","protected":false},"excerpt":{"rendered":"<p>Hoy martes hemos destacado que ya hay fecha para para la apertura del Museo dedicado a Camilo Sesto, un espacio&#8230;<\/p>\n","protected":false},"author":1,"featured_media":147663,"comment_status":"closed","ping_status":"closed","sticky":false,"template":"","format":"standard","meta":{"footnotes":""},"categories":[6909,89,91,75],"tags":[],"class_list":["post-164560","post","type-post","status-publish","format-standard","has-post-thumbnail","hentry","category-actualidad","category-audiosdelosprogramas","category-informativos","category-noticias"],"yoast_head":"<!-- This site is optimized with the Yoast SEO plugin v27.3 - https:\/\/yoast.com\/product\/yoast-seo-wordpress\/ -->\n<title>\u2018Mediod\u00eda Cope\u2019 Alcoy martes 10 de marzo 2026 (14:20h) - COPE Alcoy<\/title>\n<meta name=\"robots\" content=\"index, follow, max-snippet:-1, max-image-preview:large, max-video-preview:-1\" \/>\n<link rel=\"canonical\" href=\"https:\/\/www.copealcoy.es\/es\/mediodia-cope-alcoy-martes-10-de-marzo-2026-1420h\/\" \/>\n<meta property=\"og:locale\" content=\"es_ES\" \/>\n<meta property=\"og:type\" content=\"article\" \/>\n<meta property=\"og:title\" content=\"\u2018Mediod\u00eda Cope\u2019 Alcoy martes 10 de marzo 2026 (14:20h) - COPE Alcoy\" \/>\n<meta property=\"og:description\" content=\"Hoy martes hemos destacado que ya hay fecha para para la apertura del Museo dedicado a Camilo Sesto, un espacio...\" \/>\n<meta property=\"og:url\" content=\"https:\/\/www.copealcoy.es\/es\/mediodia-cope-alcoy-martes-10-de-marzo-2026-1420h\/\" \/>\n<meta property=\"og:site_name\" content=\"COPE Alcoy\" \/>\n<meta property=\"article:published_time\" content=\"2026-03-10T06:35:41+00:00\" \/>\n<meta property=\"article:modified_time\" content=\"2026-03-10T18:13:14+00:00\" \/>\n<meta property=\"og:image\" content=\"https:\/\/www.copealcoy.es\/wp-content\/uploads\/2025\/02\/Mediodia-Cope-Castellano.png\" \/>\n\t<meta property=\"og:image:width\" content=\"357\" \/>\n\t<meta property=\"og:image:height\" content=\"290\" \/>\n\t<meta property=\"og:image:type\" content=\"image\/png\" \/>\n<meta name=\"author\" content=\"Cope Alcoy\" \/>\n<meta name=\"twitter:label1\" content=\"Escrito por\" \/>\n\t<meta name=\"twitter:data1\" content=\"Cope Alcoy\" \/>\n\t<meta name=\"twitter:label2\" content=\"Tiempo de lectura\" \/>\n\t<meta name=\"twitter:data2\" content=\"3 minutos\" \/>\n<script type=\"application\/ld+json\" class=\"yoast-schema-graph\">{\"@context\":\"https:\\\/\\\/schema.org\",\"@graph\":[{\"@type\":\"Article\",\"@id\":\"https:\\\/\\\/www.copealcoy.es\\\/es\\\/mediodia-cope-alcoy-martes-10-de-marzo-2026-1420h\\\/#article\",\"isPartOf\":{\"@id\":\"https:\\\/\\\/www.copealcoy.es\\\/es\\\/mediodia-cope-alcoy-martes-10-de-marzo-2026-1420h\\\/\"},\"author\":{\"name\":\"Cope Alcoy\",\"@id\":\"https:\\\/\\\/www.copealcoy.es\\\/es\\\/#\\\/schema\\\/person\\\/e777c87fa024e57d40170af9df39882c\"},\"headline\":\"\u2018Mediod\u00eda Cope\u2019 Alcoy martes 10 de marzo 2026 (14:20h)\",\"datePublished\":\"2026-03-10T06:35:41+00:00\",\"dateModified\":\"2026-03-10T18:13:14+00:00\",\"mainEntityOfPage\":{\"@id\":\"https:\\\/\\\/www.copealcoy.es\\\/es\\\/mediodia-cope-alcoy-martes-10-de-marzo-2026-1420h\\\/\"},\"wordCount\":536,\"image\":{\"@id\":\"https:\\\/\\\/www.copealcoy.es\\\/es\\\/mediodia-cope-alcoy-martes-10-de-marzo-2026-1420h\\\/#primaryimage\"},\"thumbnailUrl\":\"https:\\\/\\\/www.copealcoy.es\\\/wp-content\\\/uploads\\\/2025\\\/02\\\/Mediodia-Cope-Castellano.png\",\"articleSection\":[\"Actualidad\",\"Audios de los programas\",\"Informativos\",\"Noticias\"],\"inLanguage\":\"es\"},{\"@type\":\"WebPage\",\"@id\":\"https:\\\/\\\/www.copealcoy.es\\\/es\\\/mediodia-cope-alcoy-martes-10-de-marzo-2026-1420h\\\/\",\"url\":\"https:\\\/\\\/www.copealcoy.es\\\/es\\\/mediodia-cope-alcoy-martes-10-de-marzo-2026-1420h\\\/\",\"name\":\"\u2018Mediod\u00eda Cope\u2019 Alcoy martes 10 de marzo 2026 (14:20h) - COPE Alcoy\",\"isPartOf\":{\"@id\":\"https:\\\/\\\/www.copealcoy.es\\\/es\\\/#website\"},\"primaryImageOfPage\":{\"@id\":\"https:\\\/\\\/www.copealcoy.es\\\/es\\\/mediodia-cope-alcoy-martes-10-de-marzo-2026-1420h\\\/#primaryimage\"},\"image\":{\"@id\":\"https:\\\/\\\/www.copealcoy.es\\\/es\\\/mediodia-cope-alcoy-martes-10-de-marzo-2026-1420h\\\/#primaryimage\"},\"thumbnailUrl\":\"https:\\\/\\\/www.copealcoy.es\\\/wp-content\\\/uploads\\\/2025\\\/02\\\/Mediodia-Cope-Castellano.png\",\"datePublished\":\"2026-03-10T06:35:41+00:00\",\"dateModified\":\"2026-03-10T18:13:14+00:00\",\"author\":{\"@id\":\"https:\\\/\\\/www.copealcoy.es\\\/es\\\/#\\\/schema\\\/person\\\/e777c87fa024e57d40170af9df39882c\"},\"breadcrumb\":{\"@id\":\"https:\\\/\\\/www.copealcoy.es\\\/es\\\/mediodia-cope-alcoy-martes-10-de-marzo-2026-1420h\\\/#breadcrumb\"},\"inLanguage\":\"es\",\"potentialAction\":[{\"@type\":\"ReadAction\",\"target\":[\"https:\\\/\\\/www.copealcoy.es\\\/es\\\/mediodia-cope-alcoy-martes-10-de-marzo-2026-1420h\\\/\"]}]},{\"@type\":\"ImageObject\",\"inLanguage\":\"es\",\"@id\":\"https:\\\/\\\/www.copealcoy.es\\\/es\\\/mediodia-cope-alcoy-martes-10-de-marzo-2026-1420h\\\/#primaryimage\",\"url\":\"https:\\\/\\\/www.copealcoy.es\\\/wp-content\\\/uploads\\\/2025\\\/02\\\/Mediodia-Cope-Castellano.png\",\"contentUrl\":\"https:\\\/\\\/www.copealcoy.es\\\/wp-content\\\/uploads\\\/2025\\\/02\\\/Mediodia-Cope-Castellano.png\",\"width\":357,\"height\":290},{\"@type\":\"BreadcrumbList\",\"@id\":\"https:\\\/\\\/www.copealcoy.es\\\/es\\\/mediodia-cope-alcoy-martes-10-de-marzo-2026-1420h\\\/#breadcrumb\",\"itemListElement\":[{\"@type\":\"ListItem\",\"position\":1,\"name\":\"Portada\",\"item\":\"https:\\\/\\\/www.copealcoy.es\\\/es\\\/\"},{\"@type\":\"ListItem\",\"position\":2,\"name\":\"\u2018Mediod\u00eda Cope\u2019 Alcoy martes 10 de marzo 2026 (14:20h)\"}]},{\"@type\":\"WebSite\",\"@id\":\"https:\\\/\\\/www.copealcoy.es\\\/es\\\/#website\",\"url\":\"https:\\\/\\\/www.copealcoy.es\\\/es\\\/\",\"name\":\"COPE Alcoy\",\"description\":\"Emisora COPE de radio local con emisi\u00f3n online. Pont de Sant Jordi 8-10 03803 Alcoy\",\"potentialAction\":[{\"@type\":\"SearchAction\",\"target\":{\"@type\":\"EntryPoint\",\"urlTemplate\":\"https:\\\/\\\/www.copealcoy.es\\\/es\\\/?s={search_term_string}\"},\"query-input\":{\"@type\":\"PropertyValueSpecification\",\"valueRequired\":true,\"valueName\":\"search_term_string\"}}],\"inLanguage\":\"es\"},{\"@type\":\"Person\",\"@id\":\"https:\\\/\\\/www.copealcoy.es\\\/es\\\/#\\\/schema\\\/person\\\/e777c87fa024e57d40170af9df39882c\",\"name\":\"Cope Alcoy\",\"image\":{\"@type\":\"ImageObject\",\"inLanguage\":\"es\",\"@id\":\"https:\\\/\\\/secure.gravatar.com\\\/avatar\\\/bb65d0283347e303893ba14f0692005417c1e0e690a325a4c5d8bb2b3943ee14?s=96&d=mm&r=g\",\"url\":\"https:\\\/\\\/secure.gravatar.com\\\/avatar\\\/bb65d0283347e303893ba14f0692005417c1e0e690a325a4c5d8bb2b3943ee14?s=96&d=mm&r=g\",\"contentUrl\":\"https:\\\/\\\/secure.gravatar.com\\\/avatar\\\/bb65d0283347e303893ba14f0692005417c1e0e690a325a4c5d8bb2b3943ee14?s=96&d=mm&r=g\",\"caption\":\"Cope Alcoy\"}}]}<\/script>\n<!-- \/ Yoast SEO plugin. -->","yoast_head_json":{"title":"\u2018Mediod\u00eda Cope\u2019 Alcoy martes 10 de marzo 2026 (14:20h) - COPE Alcoy","robots":{"index":"index","follow":"follow","max-snippet":"max-snippet:-1","max-image-preview":"max-image-preview:large","max-video-preview":"max-video-preview:-1"},"canonical":"https:\/\/www.copealcoy.es\/es\/mediodia-cope-alcoy-martes-10-de-marzo-2026-1420h\/","og_locale":"es_ES","og_type":"article","og_title":"\u2018Mediod\u00eda Cope\u2019 Alcoy martes 10 de marzo 2026 (14:20h) - COPE Alcoy","og_description":"Hoy martes hemos destacado que ya hay fecha para para la apertura del Museo dedicado a Camilo Sesto, un espacio...","og_url":"https:\/\/www.copealcoy.es\/es\/mediodia-cope-alcoy-martes-10-de-marzo-2026-1420h\/","og_site_name":"COPE Alcoy","article_published_time":"2026-03-10T06:35:41+00:00","article_modified_time":"2026-03-10T18:13:14+00:00","og_image":[{"width":357,"height":290,"url":"https:\/\/www.copealcoy.es\/wp-content\/uploads\/2025\/02\/Mediodia-Cope-Castellano.png","type":"image\/png"}],"author":"Cope Alcoy","twitter_misc":{"Escrito por":"Cope Alcoy","Tiempo de lectura":"3 minutos"},"schema":{"@context":"https:\/\/schema.org","@graph":[{"@type":"Article","@id":"https:\/\/www.copealcoy.es\/es\/mediodia-cope-alcoy-martes-10-de-marzo-2026-1420h\/#article","isPartOf":{"@id":"https:\/\/www.copealcoy.es\/es\/mediodia-cope-alcoy-martes-10-de-marzo-2026-1420h\/"},"author":{"name":"Cope Alcoy","@id":"https:\/\/www.copealcoy.es\/es\/#\/schema\/person\/e777c87fa024e57d40170af9df39882c"},"headline":"\u2018Mediod\u00eda Cope\u2019 Alcoy martes 10 de marzo 2026 (14:20h)","datePublished":"2026-03-10T06:35:41+00:00","dateModified":"2026-03-10T18:13:14+00:00","mainEntityOfPage":{"@id":"https:\/\/www.copealcoy.es\/es\/mediodia-cope-alcoy-martes-10-de-marzo-2026-1420h\/"},"wordCount":536,"image":{"@id":"https:\/\/www.copealcoy.es\/es\/mediodia-cope-alcoy-martes-10-de-marzo-2026-1420h\/#primaryimage"},"thumbnailUrl":"https:\/\/www.copealcoy.es\/wp-content\/uploads\/2025\/02\/Mediodia-Cope-Castellano.png","articleSection":["Actualidad","Audios de los programas","Informativos","Noticias"],"inLanguage":"es"},{"@type":"WebPage","@id":"https:\/\/www.copealcoy.es\/es\/mediodia-cope-alcoy-martes-10-de-marzo-2026-1420h\/","url":"https:\/\/www.copealcoy.es\/es\/mediodia-cope-alcoy-martes-10-de-marzo-2026-1420h\/","name":"\u2018Mediod\u00eda Cope\u2019 Alcoy martes 10 de marzo 2026 (14:20h) - COPE Alcoy","isPartOf":{"@id":"https:\/\/www.copealcoy.es\/es\/#website"},"primaryImageOfPage":{"@id":"https:\/\/www.copealcoy.es\/es\/mediodia-cope-alcoy-martes-10-de-marzo-2026-1420h\/#primaryimage"},"image":{"@id":"https:\/\/www.copealcoy.es\/es\/mediodia-cope-alcoy-martes-10-de-marzo-2026-1420h\/#primaryimage"},"thumbnailUrl":"https:\/\/www.copealcoy.es\/wp-content\/uploads\/2025\/02\/Mediodia-Cope-Castellano.png","datePublished":"2026-03-10T06:35:41+00:00","dateModified":"2026-03-10T18:13:14+00:00","author":{"@id":"https:\/\/www.copealcoy.es\/es\/#\/schema\/person\/e777c87fa024e57d40170af9df39882c"},"breadcrumb":{"@id":"https:\/\/www.copealcoy.es\/es\/mediodia-cope-alcoy-martes-10-de-marzo-2026-1420h\/#breadcrumb"},"inLanguage":"es","potentialAction":[{"@type":"ReadAction","target":["https:\/\/www.copealcoy.es\/es\/mediodia-cope-alcoy-martes-10-de-marzo-2026-1420h\/"]}]},{"@type":"ImageObject","inLanguage":"es","@id":"https:\/\/www.copealcoy.es\/es\/mediodia-cope-alcoy-martes-10-de-marzo-2026-1420h\/#primaryimage","url":"https:\/\/www.copealcoy.es\/wp-content\/uploads\/2025\/02\/Mediodia-Cope-Castellano.png","contentUrl":"https:\/\/www.copealcoy.es\/wp-content\/uploads\/2025\/02\/Mediodia-Cope-Castellano.png","width":357,"height":290},{"@type":"BreadcrumbList","@id":"https:\/\/www.copealcoy.es\/es\/mediodia-cope-alcoy-martes-10-de-marzo-2026-1420h\/#breadcrumb","itemListElement":[{"@type":"ListItem","position":1,"name":"Portada","item":"https:\/\/www.copealcoy.es\/es\/"},{"@type":"ListItem","position":2,"name":"\u2018Mediod\u00eda Cope\u2019 Alcoy martes 10 de marzo 2026 (14:20h)"}]},{"@type":"WebSite","@id":"https:\/\/www.copealcoy.es\/es\/#website","url":"https:\/\/www.copealcoy.es\/es\/","name":"COPE Alcoy","description":"Emisora COPE de radio local con emisi\u00f3n online. Pont de Sant Jordi 8-10 03803 Alcoy","potentialAction":[{"@type":"SearchAction","target":{"@type":"EntryPoint","urlTemplate":"https:\/\/www.copealcoy.es\/es\/?s={search_term_string}"},"query-input":{"@type":"PropertyValueSpecification","valueRequired":true,"valueName":"search_term_string"}}],"inLanguage":"es"},{"@type":"Person","@id":"https:\/\/www.copealcoy.es\/es\/#\/schema\/person\/e777c87fa024e57d40170af9df39882c","name":"Cope Alcoy","image":{"@type":"ImageObject","inLanguage":"es","@id":"https:\/\/secure.gravatar.com\/avatar\/bb65d0283347e303893ba14f0692005417c1e0e690a325a4c5d8bb2b3943ee14?s=96&d=mm&r=g","url":"https:\/\/secure.gravatar.com\/avatar\/bb65d0283347e303893ba14f0692005417c1e0e690a325a4c5d8bb2b3943ee14?s=96&d=mm&r=g","contentUrl":"https:\/\/secure.gravatar.com\/avatar\/bb65d0283347e303893ba14f0692005417c1e0e690a325a4c5d8bb2b3943ee14?s=96&d=mm&r=g","caption":"Cope Alcoy"}}]}},"_links":{"self":[{"href":"https:\/\/www.copealcoy.es\/es\/wp-json\/wp\/v2\/posts\/164560","targetHints":{"allow":["GET"]}}],"collection":[{"href":"https:\/\/www.copealcoy.es\/es\/wp-json\/wp\/v2\/posts"}],"about":[{"href":"https:\/\/www.copealcoy.es\/es\/wp-json\/wp\/v2\/types\/post"}],"author":[{"embeddable":true,"href":"https:\/\/www.copealcoy.es\/es\/wp-json\/wp\/v2\/users\/1"}],"replies":[{"embeddable":true,"href":"https:\/\/www.copealcoy.es\/es\/wp-json\/wp\/v2\/comments?post=164560"}],"version-history":[{"count":1,"href":"https:\/\/www.copealcoy.es\/es\/wp-json\/wp\/v2\/posts\/164560\/revisions"}],"predecessor-version":[{"id":164561,"href":"https:\/\/www.copealcoy.es\/es\/wp-json\/wp\/v2\/posts\/164560\/revisions\/164561"}],"wp:featuredmedia":[{"embeddable":true,"href":"https:\/\/www.copealcoy.es\/es\/wp-json\/wp\/v2\/media\/147663"}],"wp:attachment":[{"href":"https:\/\/www.copealcoy.es\/es\/wp-json\/wp\/v2\/media?parent=164560"}],"wp:term":[{"taxonomy":"category","embeddable":true,"href":"https:\/\/www.copealcoy.es\/es\/wp-json\/wp\/v2\/categories?post=164560"},{"taxonomy":"post_tag","embeddable":true,"href":"https:\/\/www.copealcoy.es\/es\/wp-json\/wp\/v2\/tags?post=164560"}],"curies":[{"name":"wp","href":"https:\/\/api.w.org\/{rel}","templated":true}]}}