{"id":164555,"date":"2026-03-10T07:30:20","date_gmt":"2026-03-10T06:30:20","guid":{"rendered":"https:\/\/www.copealcoy.es\/?p=164555"},"modified":"2026-03-10T18:16:01","modified_gmt":"2026-03-10T17:16:01","slug":"informativo-matinal-martes-10-de-marzo-2026-0750h","status":"publish","type":"post","link":"https:\/\/www.copealcoy.es\/es\/informativo-matinal-martes-10-de-marzo-2026-0750h\/","title":{"rendered":"Informativo matinal martes 10 de marzo 2026 (07:50h)"},"content":{"rendered":"<p><iframe loading=\"lazy\" title=\"Informativo Matinal Martes 10 De Marzo 2026 (07:50h)\" width=\"100%\" height=\"120\" src=\"https:\/\/www.mixcloud.com\/widget\/iframe\/?feed=https%3A%2F%2Fwww.mixcloud.com%2FCOPEAlcoy%2Finformativo-matinal-martes-10-de-marzo-2026-0750h%2F&amp;hide_cover=1\" frameborder=\"0\" allow=\"encrypted-media; fullscreen; autoplay; idle-detection; speaker-selection; web-share;\"><\/iframe><\/p>\n<p style=\"text-align: justify;\">Hoy martes hemos destacado que <strong>el sector del transporte de la provincia de Alicante teme la subida de los precios del combustible<\/strong> a ra\u00edz de los conflictos b\u00e9licos que se est\u00e1n produciendo en el \u00e1mbito internacional. Tambi\u00e9n<strong> hemos hablado de un interesante congreso<\/strong> que acoger\u00e1 Alcoy dentro de unos d\u00edas.<\/p>\n<div class=\"markdown prose dark:prose-invert w-full wrap-break-word light markdown-new-styling\">\n<p style=\"text-align: justify;\" data-start=\"105\" data-end=\"459\"><span style=\"color: #0000ff;\"><a style=\"color: #0000ff;\" href=\"https:\/\/www.alcoi.org\/ca\/portal\/index.html\" target=\"_blank\" rel=\"noopener\"><strong data-start=\"118\" data-end=\"127\">Alcoy<\/strong><\/a>\u00a0<\/span>ser\u00e1 escenario entre el\u00a0<strong data-start=\"152\" data-end=\"175\">12 y el 15 de marzo<\/strong>\u00a0de una nueva edici\u00f3n del\u00a0<strong data-start=\"201\" data-end=\"265\">Congr\u00e9s Euroregional de Museografia Industrial (CEMUSI 2026)<\/strong>, una cita que reunir\u00e1 a\u00a0<strong data-start=\"290\" data-end=\"348\">especialistas, investigadores y responsables de museos<\/strong>\u00a0con el objetivo de debatir sobre los retos que afrontan estos espacios dedicados al\u00a0<strong data-start=\"433\" data-end=\"458\">patrimonio industrial<\/strong>. El encuentro pretende situar a\u00a0<strong data-start=\"492\" data-end=\"501\">Alcoy<\/strong>\u00a0como un referente en la reflexi\u00f3n sobre la\u00a0<strong data-start=\"545\" data-end=\"606\">conservaci\u00f3n, gesti\u00f3n y divulgaci\u00f3n del legado industrial<\/strong>, aprovechando la larga tradici\u00f3n fabril del municipio y su apuesta por la recuperaci\u00f3n de antiguos espacios productivos para usos culturales y sociales.<\/p>\n<p style=\"text-align: justify;\" data-start=\"761\" data-end=\"1165\">Las sesiones del congreso se celebrar\u00e1n principalmente en el\u00a0<strong data-start=\"822\" data-end=\"855\">Parc Tecnol\u00f2gic Urb\u00e0 de Rodes<\/strong>, un enclave que simboliza la transformaci\u00f3n de antiguas instalaciones industriales en un espacio vinculado a la\u00a0<strong data-start=\"968\" data-end=\"1012\">innovaci\u00f3n, la cultura y el conocimiento<\/strong>. Adem\u00e1s, parte del programa se desarrollar\u00e1 en la\u00a0<strong data-start=\"1063\" data-end=\"1084\">Escola Industrial<\/strong>, otro edificio hist\u00f3rico estrechamente ligado al desarrollo industrial alcoyano. Durante las jornadas se abordar\u00e1n cuestiones relacionadas con la\u00a0<strong data-start=\"1232\" data-end=\"1269\">renovaci\u00f3n de museos industriales<\/strong>, las nuevas estrategias de\u00a0<strong data-start=\"1297\" data-end=\"1326\">museograf\u00eda participativa<\/strong>, as\u00ed como el papel que estos espacios pueden desempe\u00f1ar en la\u00a0<strong data-start=\"1389\" data-end=\"1436\">educaci\u00f3n patrimonial y el turismo cultural<\/strong>. El programa tambi\u00e9n incluye visitas a distintos enclaves hist\u00f3ricos del municipio para mostrar sobre el terreno la evoluci\u00f3n del patrimonio industrial local\u00a0<em data-start=\"1733\" data-end=\"1918\">\u201ceste congreso demuestra que Alcoy sigue apostando por poner en valor su historia industrial y convertirla en un elemento que genere actividad cultural y oportunidades para la ciudad\u201d<\/em>, se\u00f1ala la edil de Turismo;\u00a0<strong>Lorena Zamorano<\/strong>.<\/p>\n<p style=\"text-align: justify;\" data-start=\"761\" data-end=\"1165\">Entre las actividades abiertas al p\u00fablico destaca una\u00a0<strong data-start=\"2691\" data-end=\"2716\">conferencia inaugural<\/strong>\u00a0centrada en el papel de los museos industriales ante los nuevos retos sociales, que se celebrar\u00e1 el jueves por la tarde en el\u00a0<strong data-start=\"2843\" data-end=\"2876\">Parc Tecnol\u00f2gic Urb\u00e0 de Rodes<\/strong>\u00a0\u201c<em>el congreso permitir\u00e1 compartir experiencias entre profesionales de distintos territorios<\/em>.\u00a0<em data-start=\"2482\" data-end=\"2621\">Queremos que este encuentro sirva para analizar c\u00f3mo evolucionan los museos industriales y qu\u00e9 papel pueden jugar en la sociedad actual\u201d<\/em>, se\u00f1ala.\u00a0 Asimismo, el director del\u00a0<strong data-start=\"2905\" data-end=\"2976\">Museu de Patrimoni Industrial i Hist\u00f2ria del Campus d\u2019Alcoi (MUPIH)<\/strong>,\u00a0<strong data-start=\"2978\" data-end=\"2998\">Jos\u00e9 Mar\u00eda Gadea<\/strong>, avanz\u00f3 que el congreso servir\u00e1 tambi\u00e9n para presentar este espacio muse\u00edstico a los participantes\u00a0<em data-start=\"3104\" data-end=\"3248\">\u201cla visita permitir\u00e1 conocer tanto el discurso del museo como las instalaciones que conservan la memoria del edificio de la Escola Industrial\u201d<\/em>, apostilla.<\/p>\n<\/div>\n<p style=\"text-align: justify;\" data-start=\"2879\" data-end=\"3262\">Este congreso ser\u00e1 posible con el respaldo del\u00a0<strong data-start=\"2039\" data-end=\"2099\">Centre Alcoi\u00e0 d\u2019Estudis Hist\u00f2rics i Arqueol\u00f2gics (CAEHA)<\/strong>\u00a0y\u00a0<strong data-start=\"2039\" data-end=\"2099\">el Museu Nacional de la Ci\u00e8ncia i la T\u00e8cnica de Catalunya.<\/strong>\u00a0Junto a estas entidades destaca la implicaci\u00f3n del\u00a0<strong data-start=\"2104\" data-end=\"2165\">Campus de Alcoy de la Universitat Polit\u00e8cnica de Val\u00e8ncia\u00a0<\/strong>o\u00a0la\u00a0<strong data-start=\"2170\" data-end=\"2195\">Universitat d\u2019Alacant<\/strong>.<\/p>\n","protected":false},"excerpt":{"rendered":"<p>Hoy martes hemos destacado que el sector del transporte de la provincia de Alicante teme la subida de los precios&#8230;<\/p>\n","protected":false},"author":1,"featured_media":147669,"comment_status":"closed","ping_status":"closed","sticky":false,"template":"","format":"standard","meta":{"footnotes":""},"categories":[6909,89,91,75],"tags":[],"class_list":["post-164555","post","type-post","status-publish","format-standard","has-post-thumbnail","hentry","category-actualidad","category-audiosdelosprogramas","category-informativos","category-noticias"],"yoast_head":"<!-- This site is optimized with the Yoast SEO plugin v27.3 - https:\/\/yoast.com\/product\/yoast-seo-wordpress\/ -->\n<title>Informativo matinal martes 10 de marzo 2026 (07:50h) - COPE Alcoy<\/title>\n<meta name=\"robots\" content=\"index, follow, max-snippet:-1, max-image-preview:large, max-video-preview:-1\" \/>\n<link rel=\"canonical\" href=\"https:\/\/www.copealcoy.es\/es\/informativo-matinal-martes-10-de-marzo-2026-0750h\/\" \/>\n<meta property=\"og:locale\" content=\"es_ES\" \/>\n<meta property=\"og:type\" content=\"article\" \/>\n<meta property=\"og:title\" content=\"Informativo matinal martes 10 de marzo 2026 (07:50h) - COPE Alcoy\" \/>\n<meta property=\"og:description\" content=\"Hoy martes hemos destacado que el sector del transporte de la provincia de Alicante teme la subida de los precios...\" \/>\n<meta property=\"og:url\" content=\"https:\/\/www.copealcoy.es\/es\/informativo-matinal-martes-10-de-marzo-2026-0750h\/\" \/>\n<meta property=\"og:site_name\" content=\"COPE Alcoy\" \/>\n<meta property=\"article:published_time\" content=\"2026-03-10T06:30:20+00:00\" \/>\n<meta property=\"article:modified_time\" content=\"2026-03-10T17:16:01+00:00\" \/>\n<meta property=\"og:image\" content=\"https:\/\/www.copealcoy.es\/wp-content\/uploads\/2025\/02\/Informativo-Matinal-Castellano.png\" \/>\n\t<meta property=\"og:image:width\" content=\"357\" \/>\n\t<meta property=\"og:image:height\" content=\"290\" \/>\n\t<meta property=\"og:image:type\" content=\"image\/png\" \/>\n<meta name=\"author\" content=\"Cope Alcoy\" \/>\n<meta name=\"twitter:label1\" content=\"Escrito por\" \/>\n\t<meta name=\"twitter:data1\" content=\"Cope Alcoy\" \/>\n\t<meta name=\"twitter:label2\" content=\"Tiempo de lectura\" \/>\n\t<meta name=\"twitter:data2\" content=\"3 minutos\" \/>\n<script type=\"application\/ld+json\" class=\"yoast-schema-graph\">{\"@context\":\"https:\\\/\\\/schema.org\",\"@graph\":[{\"@type\":\"Article\",\"@id\":\"https:\\\/\\\/www.copealcoy.es\\\/es\\\/informativo-matinal-martes-10-de-marzo-2026-0750h\\\/#article\",\"isPartOf\":{\"@id\":\"https:\\\/\\\/www.copealcoy.es\\\/es\\\/informativo-matinal-martes-10-de-marzo-2026-0750h\\\/\"},\"author\":{\"name\":\"Cope Alcoy\",\"@id\":\"https:\\\/\\\/www.copealcoy.es\\\/es\\\/#\\\/schema\\\/person\\\/e777c87fa024e57d40170af9df39882c\"},\"headline\":\"Informativo matinal martes 10 de marzo 2026 (07:50h)\",\"datePublished\":\"2026-03-10T06:30:20+00:00\",\"dateModified\":\"2026-03-10T17:16:01+00:00\",\"mainEntityOfPage\":{\"@id\":\"https:\\\/\\\/www.copealcoy.es\\\/es\\\/informativo-matinal-martes-10-de-marzo-2026-0750h\\\/\"},\"wordCount\":521,\"image\":{\"@id\":\"https:\\\/\\\/www.copealcoy.es\\\/es\\\/informativo-matinal-martes-10-de-marzo-2026-0750h\\\/#primaryimage\"},\"thumbnailUrl\":\"https:\\\/\\\/www.copealcoy.es\\\/wp-content\\\/uploads\\\/2025\\\/02\\\/Informativo-Matinal-Castellano.png\",\"articleSection\":[\"Actualidad\",\"Audios de los programas\",\"Informativos\",\"Noticias\"],\"inLanguage\":\"es\"},{\"@type\":\"WebPage\",\"@id\":\"https:\\\/\\\/www.copealcoy.es\\\/es\\\/informativo-matinal-martes-10-de-marzo-2026-0750h\\\/\",\"url\":\"https:\\\/\\\/www.copealcoy.es\\\/es\\\/informativo-matinal-martes-10-de-marzo-2026-0750h\\\/\",\"name\":\"Informativo matinal martes 10 de marzo 2026 (07:50h) - COPE Alcoy\",\"isPartOf\":{\"@id\":\"https:\\\/\\\/www.copealcoy.es\\\/es\\\/#website\"},\"primaryImageOfPage\":{\"@id\":\"https:\\\/\\\/www.copealcoy.es\\\/es\\\/informativo-matinal-martes-10-de-marzo-2026-0750h\\\/#primaryimage\"},\"image\":{\"@id\":\"https:\\\/\\\/www.copealcoy.es\\\/es\\\/informativo-matinal-martes-10-de-marzo-2026-0750h\\\/#primaryimage\"},\"thumbnailUrl\":\"https:\\\/\\\/www.copealcoy.es\\\/wp-content\\\/uploads\\\/2025\\\/02\\\/Informativo-Matinal-Castellano.png\",\"datePublished\":\"2026-03-10T06:30:20+00:00\",\"dateModified\":\"2026-03-10T17:16:01+00:00\",\"author\":{\"@id\":\"https:\\\/\\\/www.copealcoy.es\\\/es\\\/#\\\/schema\\\/person\\\/e777c87fa024e57d40170af9df39882c\"},\"breadcrumb\":{\"@id\":\"https:\\\/\\\/www.copealcoy.es\\\/es\\\/informativo-matinal-martes-10-de-marzo-2026-0750h\\\/#breadcrumb\"},\"inLanguage\":\"es\",\"potentialAction\":[{\"@type\":\"ReadAction\",\"target\":[\"https:\\\/\\\/www.copealcoy.es\\\/es\\\/informativo-matinal-martes-10-de-marzo-2026-0750h\\\/\"]}]},{\"@type\":\"ImageObject\",\"inLanguage\":\"es\",\"@id\":\"https:\\\/\\\/www.copealcoy.es\\\/es\\\/informativo-matinal-martes-10-de-marzo-2026-0750h\\\/#primaryimage\",\"url\":\"https:\\\/\\\/www.copealcoy.es\\\/wp-content\\\/uploads\\\/2025\\\/02\\\/Informativo-Matinal-Castellano.png\",\"contentUrl\":\"https:\\\/\\\/www.copealcoy.es\\\/wp-content\\\/uploads\\\/2025\\\/02\\\/Informativo-Matinal-Castellano.png\",\"width\":357,\"height\":290},{\"@type\":\"BreadcrumbList\",\"@id\":\"https:\\\/\\\/www.copealcoy.es\\\/es\\\/informativo-matinal-martes-10-de-marzo-2026-0750h\\\/#breadcrumb\",\"itemListElement\":[{\"@type\":\"ListItem\",\"position\":1,\"name\":\"Portada\",\"item\":\"https:\\\/\\\/www.copealcoy.es\\\/es\\\/\"},{\"@type\":\"ListItem\",\"position\":2,\"name\":\"Informativo matinal martes 10 de marzo 2026 (07:50h)\"}]},{\"@type\":\"WebSite\",\"@id\":\"https:\\\/\\\/www.copealcoy.es\\\/es\\\/#website\",\"url\":\"https:\\\/\\\/www.copealcoy.es\\\/es\\\/\",\"name\":\"COPE Alcoy\",\"description\":\"Emisora COPE de radio local con emisi\u00f3n online. Pont de Sant Jordi 8-10 03803 Alcoy\",\"potentialAction\":[{\"@type\":\"SearchAction\",\"target\":{\"@type\":\"EntryPoint\",\"urlTemplate\":\"https:\\\/\\\/www.copealcoy.es\\\/es\\\/?s={search_term_string}\"},\"query-input\":{\"@type\":\"PropertyValueSpecification\",\"valueRequired\":true,\"valueName\":\"search_term_string\"}}],\"inLanguage\":\"es\"},{\"@type\":\"Person\",\"@id\":\"https:\\\/\\\/www.copealcoy.es\\\/es\\\/#\\\/schema\\\/person\\\/e777c87fa024e57d40170af9df39882c\",\"name\":\"Cope Alcoy\",\"image\":{\"@type\":\"ImageObject\",\"inLanguage\":\"es\",\"@id\":\"https:\\\/\\\/secure.gravatar.com\\\/avatar\\\/bb65d0283347e303893ba14f0692005417c1e0e690a325a4c5d8bb2b3943ee14?s=96&d=mm&r=g\",\"url\":\"https:\\\/\\\/secure.gravatar.com\\\/avatar\\\/bb65d0283347e303893ba14f0692005417c1e0e690a325a4c5d8bb2b3943ee14?s=96&d=mm&r=g\",\"contentUrl\":\"https:\\\/\\\/secure.gravatar.com\\\/avatar\\\/bb65d0283347e303893ba14f0692005417c1e0e690a325a4c5d8bb2b3943ee14?s=96&d=mm&r=g\",\"caption\":\"Cope Alcoy\"}}]}<\/script>\n<!-- \/ Yoast SEO plugin. -->","yoast_head_json":{"title":"Informativo matinal martes 10 de marzo 2026 (07:50h) - COPE Alcoy","robots":{"index":"index","follow":"follow","max-snippet":"max-snippet:-1","max-image-preview":"max-image-preview:large","max-video-preview":"max-video-preview:-1"},"canonical":"https:\/\/www.copealcoy.es\/es\/informativo-matinal-martes-10-de-marzo-2026-0750h\/","og_locale":"es_ES","og_type":"article","og_title":"Informativo matinal martes 10 de marzo 2026 (07:50h) - COPE Alcoy","og_description":"Hoy martes hemos destacado que el sector del transporte de la provincia de Alicante teme la subida de los precios...","og_url":"https:\/\/www.copealcoy.es\/es\/informativo-matinal-martes-10-de-marzo-2026-0750h\/","og_site_name":"COPE Alcoy","article_published_time":"2026-03-10T06:30:20+00:00","article_modified_time":"2026-03-10T17:16:01+00:00","og_image":[{"width":357,"height":290,"url":"https:\/\/www.copealcoy.es\/wp-content\/uploads\/2025\/02\/Informativo-Matinal-Castellano.png","type":"image\/png"}],"author":"Cope Alcoy","twitter_misc":{"Escrito por":"Cope Alcoy","Tiempo de lectura":"3 minutos"},"schema":{"@context":"https:\/\/schema.org","@graph":[{"@type":"Article","@id":"https:\/\/www.copealcoy.es\/es\/informativo-matinal-martes-10-de-marzo-2026-0750h\/#article","isPartOf":{"@id":"https:\/\/www.copealcoy.es\/es\/informativo-matinal-martes-10-de-marzo-2026-0750h\/"},"author":{"name":"Cope Alcoy","@id":"https:\/\/www.copealcoy.es\/es\/#\/schema\/person\/e777c87fa024e57d40170af9df39882c"},"headline":"Informativo matinal martes 10 de marzo 2026 (07:50h)","datePublished":"2026-03-10T06:30:20+00:00","dateModified":"2026-03-10T17:16:01+00:00","mainEntityOfPage":{"@id":"https:\/\/www.copealcoy.es\/es\/informativo-matinal-martes-10-de-marzo-2026-0750h\/"},"wordCount":521,"image":{"@id":"https:\/\/www.copealcoy.es\/es\/informativo-matinal-martes-10-de-marzo-2026-0750h\/#primaryimage"},"thumbnailUrl":"https:\/\/www.copealcoy.es\/wp-content\/uploads\/2025\/02\/Informativo-Matinal-Castellano.png","articleSection":["Actualidad","Audios de los programas","Informativos","Noticias"],"inLanguage":"es"},{"@type":"WebPage","@id":"https:\/\/www.copealcoy.es\/es\/informativo-matinal-martes-10-de-marzo-2026-0750h\/","url":"https:\/\/www.copealcoy.es\/es\/informativo-matinal-martes-10-de-marzo-2026-0750h\/","name":"Informativo matinal martes 10 de marzo 2026 (07:50h) - COPE Alcoy","isPartOf":{"@id":"https:\/\/www.copealcoy.es\/es\/#website"},"primaryImageOfPage":{"@id":"https:\/\/www.copealcoy.es\/es\/informativo-matinal-martes-10-de-marzo-2026-0750h\/#primaryimage"},"image":{"@id":"https:\/\/www.copealcoy.es\/es\/informativo-matinal-martes-10-de-marzo-2026-0750h\/#primaryimage"},"thumbnailUrl":"https:\/\/www.copealcoy.es\/wp-content\/uploads\/2025\/02\/Informativo-Matinal-Castellano.png","datePublished":"2026-03-10T06:30:20+00:00","dateModified":"2026-03-10T17:16:01+00:00","author":{"@id":"https:\/\/www.copealcoy.es\/es\/#\/schema\/person\/e777c87fa024e57d40170af9df39882c"},"breadcrumb":{"@id":"https:\/\/www.copealcoy.es\/es\/informativo-matinal-martes-10-de-marzo-2026-0750h\/#breadcrumb"},"inLanguage":"es","potentialAction":[{"@type":"ReadAction","target":["https:\/\/www.copealcoy.es\/es\/informativo-matinal-martes-10-de-marzo-2026-0750h\/"]}]},{"@type":"ImageObject","inLanguage":"es","@id":"https:\/\/www.copealcoy.es\/es\/informativo-matinal-martes-10-de-marzo-2026-0750h\/#primaryimage","url":"https:\/\/www.copealcoy.es\/wp-content\/uploads\/2025\/02\/Informativo-Matinal-Castellano.png","contentUrl":"https:\/\/www.copealcoy.es\/wp-content\/uploads\/2025\/02\/Informativo-Matinal-Castellano.png","width":357,"height":290},{"@type":"BreadcrumbList","@id":"https:\/\/www.copealcoy.es\/es\/informativo-matinal-martes-10-de-marzo-2026-0750h\/#breadcrumb","itemListElement":[{"@type":"ListItem","position":1,"name":"Portada","item":"https:\/\/www.copealcoy.es\/es\/"},{"@type":"ListItem","position":2,"name":"Informativo matinal martes 10 de marzo 2026 (07:50h)"}]},{"@type":"WebSite","@id":"https:\/\/www.copealcoy.es\/es\/#website","url":"https:\/\/www.copealcoy.es\/es\/","name":"COPE Alcoy","description":"Emisora COPE de radio local con emisi\u00f3n online. Pont de Sant Jordi 8-10 03803 Alcoy","potentialAction":[{"@type":"SearchAction","target":{"@type":"EntryPoint","urlTemplate":"https:\/\/www.copealcoy.es\/es\/?s={search_term_string}"},"query-input":{"@type":"PropertyValueSpecification","valueRequired":true,"valueName":"search_term_string"}}],"inLanguage":"es"},{"@type":"Person","@id":"https:\/\/www.copealcoy.es\/es\/#\/schema\/person\/e777c87fa024e57d40170af9df39882c","name":"Cope Alcoy","image":{"@type":"ImageObject","inLanguage":"es","@id":"https:\/\/secure.gravatar.com\/avatar\/bb65d0283347e303893ba14f0692005417c1e0e690a325a4c5d8bb2b3943ee14?s=96&d=mm&r=g","url":"https:\/\/secure.gravatar.com\/avatar\/bb65d0283347e303893ba14f0692005417c1e0e690a325a4c5d8bb2b3943ee14?s=96&d=mm&r=g","contentUrl":"https:\/\/secure.gravatar.com\/avatar\/bb65d0283347e303893ba14f0692005417c1e0e690a325a4c5d8bb2b3943ee14?s=96&d=mm&r=g","caption":"Cope Alcoy"}}]}},"_links":{"self":[{"href":"https:\/\/www.copealcoy.es\/es\/wp-json\/wp\/v2\/posts\/164555","targetHints":{"allow":["GET"]}}],"collection":[{"href":"https:\/\/www.copealcoy.es\/es\/wp-json\/wp\/v2\/posts"}],"about":[{"href":"https:\/\/www.copealcoy.es\/es\/wp-json\/wp\/v2\/types\/post"}],"author":[{"embeddable":true,"href":"https:\/\/www.copealcoy.es\/es\/wp-json\/wp\/v2\/users\/1"}],"replies":[{"embeddable":true,"href":"https:\/\/www.copealcoy.es\/es\/wp-json\/wp\/v2\/comments?post=164555"}],"version-history":[{"count":1,"href":"https:\/\/www.copealcoy.es\/es\/wp-json\/wp\/v2\/posts\/164555\/revisions"}],"predecessor-version":[{"id":164556,"href":"https:\/\/www.copealcoy.es\/es\/wp-json\/wp\/v2\/posts\/164555\/revisions\/164556"}],"wp:featuredmedia":[{"embeddable":true,"href":"https:\/\/www.copealcoy.es\/es\/wp-json\/wp\/v2\/media\/147669"}],"wp:attachment":[{"href":"https:\/\/www.copealcoy.es\/es\/wp-json\/wp\/v2\/media?parent=164555"}],"wp:term":[{"taxonomy":"category","embeddable":true,"href":"https:\/\/www.copealcoy.es\/es\/wp-json\/wp\/v2\/categories?post=164555"},{"taxonomy":"post_tag","embeddable":true,"href":"https:\/\/www.copealcoy.es\/es\/wp-json\/wp\/v2\/tags?post=164555"}],"curies":[{"name":"wp","href":"https:\/\/api.w.org\/{rel}","templated":true}]}}