{"id":164546,"date":"2026-03-10T17:59:35","date_gmt":"2026-03-10T16:59:35","guid":{"rendered":"https:\/\/www.copealcoy.es\/?p=164546"},"modified":"2026-03-10T18:11:33","modified_gmt":"2026-03-10T17:11:33","slug":"el-ano-jubilar-dedicado-a-san-jorge-arrancara-el-proximo-23-de-abril","status":"publish","type":"post","link":"https:\/\/www.copealcoy.es\/es\/el-ano-jubilar-dedicado-a-san-jorge-arrancara-el-proximo-23-de-abril\/","title":{"rendered":"El A\u00f1o Jubilar dedicado a San Jorge arrancar\u00e1 el pr\u00f3ximo 23 de abril"},"content":{"rendered":"<p style=\"text-align: justify;\">Alcoy <strong>se encamina a la celebraci\u00f3n del 750 aniversario del patronazgo de San Jorge<\/strong>, una efem\u00e9ride que <strong>se va a recordar con diferentes actividades<\/strong> y que transcurrir\u00e1 en el marco del <strong>A\u00f1o Jubilar<\/strong> concedido por la Santa Sede a la ciudad con ocasi\u00f3n de este gran acontecimiento. Desde el Vaticano <strong>han hecho llegar ya a Alcoy los documentos que reflejan la autorizaci\u00f3n de este A\u00f1o Jubilar<\/strong>, por parte del Papa Le\u00f3n XIV, y ahora<strong> se ultiman todos los preparativos<\/strong> de cara a dar inicio al mismo.<\/p>\n<p style=\"text-align: justify;\">La <strong>apertura del jubileo<\/strong> ser\u00e1 el 23 de abril y a partir de ah\u00ed se suceder\u00e1n las celebraciones religiosas hasta el d\u00eda del patr\u00f3n del pr\u00f3ximo a\u00f1o 2027. El acto ser\u00e1 finalmente por la tarde y <strong>dar\u00e1 comienzo a partir de las 19:30h<\/strong> &#8220;<em>tendremos la misa solemne en la parroquia de Santa Mar\u00eda, como conclusi\u00f3n del triduo previo a las Fiestas, y nos acompa\u00f1ar\u00e1 el Obispo Em\u00e9rito de Huelva Don Jos\u00e9 Vilaplana por designaci\u00f3n expresa del Arzobispo de Valencia. Al terminar saldremos en peque\u00f1a procesi\u00f3n con la Reliquia de San Jorge hasta su iglesia, tras haberla trasladado previamente a Santa Mar\u00eda junto a &#8216;El Xicotet&#8217; en la tarde del 20 de abril, y despu\u00e9s se efectuar\u00e1 el rito de apertura de la puerta santa por la que ir\u00e1n entrando a la iglesia todos los peregrinos que vengan durante todo el A\u00f1o Jubilar&#8221;<\/em>, ha explicado hoy en rueda de prensa el vicario de San Jorge y titular de las parroquias del Centro; <strong>Don Jes\u00fas Fuentes<\/strong>.<\/p>\n<p style=\"text-align: justify;\">Quienes lleguen al templo se encontrar\u00e1n con novedades <strong>tras los trabajos de adecuaci\u00f3n<\/strong> que se han hecho en las \u00faltimas semanas con una inversi\u00f3n superior a los 60.000 euro. Estos, como ya avanz\u00f3 COPE ALCOY hace unos d\u00edas, han consistido en renovar la iluminaci\u00f3n, la instalaci\u00f3n de wifi, la adecuaci\u00f3n de bancos o sillas, la colocaci\u00f3n de un lampadario el\u00e9ctrico y la apertura de una especie de ventanales en las puertas de Santo Tom\u00e1s o Sant Blai para poder ver al patr\u00f3n desde el exterior &#8220;<em>eran unas obras necesarias para poner a punto la casa del patr\u00f3n ante un momento tan especial como el que vamos a vivir<\/em>&#8220;, detall\u00f3 la coordinadora del 750 aniversario del patronazgo de San Jorge; <strong>Carmina N\u00e1cher<\/strong>.<\/p>\n<p style=\"text-align: justify;\">El A\u00f1o Jubilar cuenta con un <strong>logo propio<\/strong>, inspirado en la imagen del 750 aniversario del patronazgo de San Jorge, y<strong> un cartel<\/strong> en el que cobra especial relevancia la Reliquia del patr\u00f3n, todo ello enmarcado en el lema\u00a0<em>Victorioso por la Fe.\u00a0<\/em>Adem\u00e1s quienes completen la peregrinaci\u00f3n al templo jubilar obtendr\u00e1n como documento acreditativo <strong>la Georgina<\/strong>, una pieza que tambi\u00e9n est\u00e1 repleta de simbolog\u00eda &#8220;<em>estar\u00e1 presente la antigua imagen de &#8216;El Xicotet&#8217; junto elementos que est\u00e1n presentes en el templo de nuestro patr\u00f3n. La idea es que el peregrino que nos visite, cando marcha de Alcoy, se lleve un pedazo de la iglesia&#8221;<\/em>, apunt\u00f3 <strong>Silvia Sempere<\/strong>, asesora art\u00edstica de la <a href=\"https:\/\/www.asjordi.org\/\" target=\"_blank\" rel=\"noopener\"><span style=\"color: #0000ff;\"><strong>Asociaci\u00f3n de San Jorge<\/strong><\/span><\/a>.<\/p>\n<p style=\"text-align: justify;\">Desde la instituci\u00f3n festera, a trav\u00e9s de su presidente <strong>Francisco Garc\u00eda<\/strong>, han recordado que dentro del A\u00f1o Jubilar habr\u00e1 tambi\u00e9n propuestas culturales, divulgativas y festivas como <strong>un disparo de arcabucer\u00eda extraordinario el 18 de abril<\/strong> o <strong>una Diana Especial para el 24 de octubre<\/strong> coincidiendo con el Mig Any. Finalmente, el Ayuntamiento, con el concejal de Fiestas Jordi Mart\u00ednez al frente, ha indicado que el consistorio va a dar m\u00e1ximo apoyo a todo lo que se ha previsto con motivo del 750 aniversario del patronazgo de San Jorge.<\/p>\n","protected":false},"excerpt":{"rendered":"<p>Alcoy se encamina a la celebraci\u00f3n del 750 aniversario del patronazgo de San Jorge, una efem\u00e9ride que se va a&#8230;<\/p>\n","protected":false},"author":1,"featured_media":164547,"comment_status":"closed","ping_status":"closed","sticky":false,"template":"","format":"standard","meta":{"footnotes":""},"categories":[6909,78,75],"tags":[17120,1494,19140,5353],"class_list":["post-164546","post","type-post","status-publish","format-standard","has-post-thumbnail","hentry","category-actualidad","category-fiestaycultura","category-noticias","tag-750-aniversario","tag-alcoy","tag-patronazgo-de-san-jorge","tag-preparativos"],"yoast_head":"<!-- This site is optimized with the Yoast SEO plugin v27.3 - https:\/\/yoast.com\/product\/yoast-seo-wordpress\/ -->\n<title>El A\u00f1o Jubilar dedicado a San Jorge arrancar\u00e1 el pr\u00f3ximo 23 de abril - COPE Alcoy<\/title>\n<meta name=\"description\" content=\"Alcoy estrenar\u00e1 el A\u00f1o Jubilar dedicado a San Jorge el pr\u00f3ximo 23 de abril\" \/>\n<meta name=\"robots\" content=\"index, follow, max-snippet:-1, max-image-preview:large, max-video-preview:-1\" \/>\n<link rel=\"canonical\" href=\"https:\/\/www.copealcoy.es\/es\/el-ano-jubilar-dedicado-a-san-jorge-arrancara-el-proximo-23-de-abril\/\" \/>\n<meta property=\"og:locale\" content=\"es_ES\" \/>\n<meta property=\"og:type\" content=\"article\" \/>\n<meta property=\"og:title\" content=\"El A\u00f1o Jubilar dedicado a San Jorge arrancar\u00e1 el pr\u00f3ximo 23 de abril - COPE Alcoy\" \/>\n<meta property=\"og:description\" content=\"Alcoy estrenar\u00e1 el A\u00f1o Jubilar dedicado a San Jorge el pr\u00f3ximo 23 de abril\" \/>\n<meta property=\"og:url\" content=\"https:\/\/www.copealcoy.es\/es\/el-ano-jubilar-dedicado-a-san-jorge-arrancara-el-proximo-23-de-abril\/\" \/>\n<meta property=\"og:site_name\" content=\"COPE Alcoy\" \/>\n<meta property=\"article:published_time\" content=\"2026-03-10T16:59:35+00:00\" \/>\n<meta property=\"article:modified_time\" content=\"2026-03-10T17:11:33+00:00\" \/>\n<meta property=\"og:image\" content=\"https:\/\/www.copealcoy.es\/wp-content\/uploads\/2026\/03\/unnamed-2-4-scaled-e1773162684851.jpg\" \/>\n\t<meta property=\"og:image:width\" content=\"800\" \/>\n\t<meta property=\"og:image:height\" content=\"481\" \/>\n\t<meta property=\"og:image:type\" content=\"image\/jpeg\" \/>\n<meta name=\"author\" content=\"Cope Alcoy\" \/>\n<meta name=\"twitter:label1\" content=\"Escrito por\" \/>\n\t<meta name=\"twitter:data1\" content=\"Cope Alcoy\" \/>\n\t<meta name=\"twitter:label2\" content=\"Tiempo de lectura\" \/>\n\t<meta name=\"twitter:data2\" content=\"4 minutos\" \/>\n<script type=\"application\/ld+json\" class=\"yoast-schema-graph\">{\"@context\":\"https:\\\/\\\/schema.org\",\"@graph\":[{\"@type\":\"Article\",\"@id\":\"https:\\\/\\\/www.copealcoy.es\\\/es\\\/el-ano-jubilar-dedicado-a-san-jorge-arrancara-el-proximo-23-de-abril\\\/#article\",\"isPartOf\":{\"@id\":\"https:\\\/\\\/www.copealcoy.es\\\/es\\\/el-ano-jubilar-dedicado-a-san-jorge-arrancara-el-proximo-23-de-abril\\\/\"},\"author\":{\"name\":\"Cope Alcoy\",\"@id\":\"https:\\\/\\\/www.copealcoy.es\\\/es\\\/#\\\/schema\\\/person\\\/e777c87fa024e57d40170af9df39882c\"},\"headline\":\"El A\u00f1o Jubilar dedicado a San Jorge arrancar\u00e1 el pr\u00f3ximo 23 de abril\",\"datePublished\":\"2026-03-10T16:59:35+00:00\",\"dateModified\":\"2026-03-10T17:11:33+00:00\",\"mainEntityOfPage\":{\"@id\":\"https:\\\/\\\/www.copealcoy.es\\\/es\\\/el-ano-jubilar-dedicado-a-san-jorge-arrancara-el-proximo-23-de-abril\\\/\"},\"wordCount\":634,\"image\":{\"@id\":\"https:\\\/\\\/www.copealcoy.es\\\/es\\\/el-ano-jubilar-dedicado-a-san-jorge-arrancara-el-proximo-23-de-abril\\\/#primaryimage\"},\"thumbnailUrl\":\"https:\\\/\\\/www.copealcoy.es\\\/wp-content\\\/uploads\\\/2026\\\/03\\\/unnamed-2-4-scaled-e1773162684851.jpg\",\"keywords\":[\"750 aniversario\",\"Alcoy\",\"patronazgo de San Jorge\",\"preparativos\"],\"articleSection\":[\"Actualidad\",\"Fiesta y Cultura\",\"Noticias\"],\"inLanguage\":\"es\"},{\"@type\":\"WebPage\",\"@id\":\"https:\\\/\\\/www.copealcoy.es\\\/es\\\/el-ano-jubilar-dedicado-a-san-jorge-arrancara-el-proximo-23-de-abril\\\/\",\"url\":\"https:\\\/\\\/www.copealcoy.es\\\/es\\\/el-ano-jubilar-dedicado-a-san-jorge-arrancara-el-proximo-23-de-abril\\\/\",\"name\":\"El A\u00f1o Jubilar dedicado a San Jorge arrancar\u00e1 el pr\u00f3ximo 23 de abril - COPE Alcoy\",\"isPartOf\":{\"@id\":\"https:\\\/\\\/www.copealcoy.es\\\/es\\\/#website\"},\"primaryImageOfPage\":{\"@id\":\"https:\\\/\\\/www.copealcoy.es\\\/es\\\/el-ano-jubilar-dedicado-a-san-jorge-arrancara-el-proximo-23-de-abril\\\/#primaryimage\"},\"image\":{\"@id\":\"https:\\\/\\\/www.copealcoy.es\\\/es\\\/el-ano-jubilar-dedicado-a-san-jorge-arrancara-el-proximo-23-de-abril\\\/#primaryimage\"},\"thumbnailUrl\":\"https:\\\/\\\/www.copealcoy.es\\\/wp-content\\\/uploads\\\/2026\\\/03\\\/unnamed-2-4-scaled-e1773162684851.jpg\",\"datePublished\":\"2026-03-10T16:59:35+00:00\",\"dateModified\":\"2026-03-10T17:11:33+00:00\",\"author\":{\"@id\":\"https:\\\/\\\/www.copealcoy.es\\\/es\\\/#\\\/schema\\\/person\\\/e777c87fa024e57d40170af9df39882c\"},\"description\":\"Alcoy estrenar\u00e1 el A\u00f1o Jubilar dedicado a San Jorge el pr\u00f3ximo 23 de abril\",\"breadcrumb\":{\"@id\":\"https:\\\/\\\/www.copealcoy.es\\\/es\\\/el-ano-jubilar-dedicado-a-san-jorge-arrancara-el-proximo-23-de-abril\\\/#breadcrumb\"},\"inLanguage\":\"es\",\"potentialAction\":[{\"@type\":\"ReadAction\",\"target\":[\"https:\\\/\\\/www.copealcoy.es\\\/es\\\/el-ano-jubilar-dedicado-a-san-jorge-arrancara-el-proximo-23-de-abril\\\/\"]}]},{\"@type\":\"ImageObject\",\"inLanguage\":\"es\",\"@id\":\"https:\\\/\\\/www.copealcoy.es\\\/es\\\/el-ano-jubilar-dedicado-a-san-jorge-arrancara-el-proximo-23-de-abril\\\/#primaryimage\",\"url\":\"https:\\\/\\\/www.copealcoy.es\\\/wp-content\\\/uploads\\\/2026\\\/03\\\/unnamed-2-4-scaled-e1773162684851.jpg\",\"contentUrl\":\"https:\\\/\\\/www.copealcoy.es\\\/wp-content\\\/uploads\\\/2026\\\/03\\\/unnamed-2-4-scaled-e1773162684851.jpg\",\"width\":800,\"height\":481},{\"@type\":\"BreadcrumbList\",\"@id\":\"https:\\\/\\\/www.copealcoy.es\\\/es\\\/el-ano-jubilar-dedicado-a-san-jorge-arrancara-el-proximo-23-de-abril\\\/#breadcrumb\",\"itemListElement\":[{\"@type\":\"ListItem\",\"position\":1,\"name\":\"Portada\",\"item\":\"https:\\\/\\\/www.copealcoy.es\\\/es\\\/\"},{\"@type\":\"ListItem\",\"position\":2,\"name\":\"El A\u00f1o Jubilar dedicado a San Jorge arrancar\u00e1 el pr\u00f3ximo 23 de abril\"}]},{\"@type\":\"WebSite\",\"@id\":\"https:\\\/\\\/www.copealcoy.es\\\/es\\\/#website\",\"url\":\"https:\\\/\\\/www.copealcoy.es\\\/es\\\/\",\"name\":\"COPE Alcoy\",\"description\":\"Emisora COPE de radio local con emisi\u00f3n online. Pont de Sant Jordi 8-10 03803 Alcoy\",\"potentialAction\":[{\"@type\":\"SearchAction\",\"target\":{\"@type\":\"EntryPoint\",\"urlTemplate\":\"https:\\\/\\\/www.copealcoy.es\\\/es\\\/?s={search_term_string}\"},\"query-input\":{\"@type\":\"PropertyValueSpecification\",\"valueRequired\":true,\"valueName\":\"search_term_string\"}}],\"inLanguage\":\"es\"},{\"@type\":\"Person\",\"@id\":\"https:\\\/\\\/www.copealcoy.es\\\/es\\\/#\\\/schema\\\/person\\\/e777c87fa024e57d40170af9df39882c\",\"name\":\"Cope Alcoy\",\"image\":{\"@type\":\"ImageObject\",\"inLanguage\":\"es\",\"@id\":\"https:\\\/\\\/secure.gravatar.com\\\/avatar\\\/bb65d0283347e303893ba14f0692005417c1e0e690a325a4c5d8bb2b3943ee14?s=96&d=mm&r=g\",\"url\":\"https:\\\/\\\/secure.gravatar.com\\\/avatar\\\/bb65d0283347e303893ba14f0692005417c1e0e690a325a4c5d8bb2b3943ee14?s=96&d=mm&r=g\",\"contentUrl\":\"https:\\\/\\\/secure.gravatar.com\\\/avatar\\\/bb65d0283347e303893ba14f0692005417c1e0e690a325a4c5d8bb2b3943ee14?s=96&d=mm&r=g\",\"caption\":\"Cope Alcoy\"}}]}<\/script>\n<!-- \/ Yoast SEO plugin. -->","yoast_head_json":{"title":"El A\u00f1o Jubilar dedicado a San Jorge arrancar\u00e1 el pr\u00f3ximo 23 de abril - COPE Alcoy","description":"Alcoy estrenar\u00e1 el A\u00f1o Jubilar dedicado a San Jorge el pr\u00f3ximo 23 de abril","robots":{"index":"index","follow":"follow","max-snippet":"max-snippet:-1","max-image-preview":"max-image-preview:large","max-video-preview":"max-video-preview:-1"},"canonical":"https:\/\/www.copealcoy.es\/es\/el-ano-jubilar-dedicado-a-san-jorge-arrancara-el-proximo-23-de-abril\/","og_locale":"es_ES","og_type":"article","og_title":"El A\u00f1o Jubilar dedicado a San Jorge arrancar\u00e1 el pr\u00f3ximo 23 de abril - COPE Alcoy","og_description":"Alcoy estrenar\u00e1 el A\u00f1o Jubilar dedicado a San Jorge el pr\u00f3ximo 23 de abril","og_url":"https:\/\/www.copealcoy.es\/es\/el-ano-jubilar-dedicado-a-san-jorge-arrancara-el-proximo-23-de-abril\/","og_site_name":"COPE Alcoy","article_published_time":"2026-03-10T16:59:35+00:00","article_modified_time":"2026-03-10T17:11:33+00:00","og_image":[{"width":800,"height":481,"url":"https:\/\/www.copealcoy.es\/wp-content\/uploads\/2026\/03\/unnamed-2-4-scaled-e1773162684851.jpg","type":"image\/jpeg"}],"author":"Cope Alcoy","twitter_misc":{"Escrito por":"Cope Alcoy","Tiempo de lectura":"4 minutos"},"schema":{"@context":"https:\/\/schema.org","@graph":[{"@type":"Article","@id":"https:\/\/www.copealcoy.es\/es\/el-ano-jubilar-dedicado-a-san-jorge-arrancara-el-proximo-23-de-abril\/#article","isPartOf":{"@id":"https:\/\/www.copealcoy.es\/es\/el-ano-jubilar-dedicado-a-san-jorge-arrancara-el-proximo-23-de-abril\/"},"author":{"name":"Cope Alcoy","@id":"https:\/\/www.copealcoy.es\/es\/#\/schema\/person\/e777c87fa024e57d40170af9df39882c"},"headline":"El A\u00f1o Jubilar dedicado a San Jorge arrancar\u00e1 el pr\u00f3ximo 23 de abril","datePublished":"2026-03-10T16:59:35+00:00","dateModified":"2026-03-10T17:11:33+00:00","mainEntityOfPage":{"@id":"https:\/\/www.copealcoy.es\/es\/el-ano-jubilar-dedicado-a-san-jorge-arrancara-el-proximo-23-de-abril\/"},"wordCount":634,"image":{"@id":"https:\/\/www.copealcoy.es\/es\/el-ano-jubilar-dedicado-a-san-jorge-arrancara-el-proximo-23-de-abril\/#primaryimage"},"thumbnailUrl":"https:\/\/www.copealcoy.es\/wp-content\/uploads\/2026\/03\/unnamed-2-4-scaled-e1773162684851.jpg","keywords":["750 aniversario","Alcoy","patronazgo de San Jorge","preparativos"],"articleSection":["Actualidad","Fiesta y Cultura","Noticias"],"inLanguage":"es"},{"@type":"WebPage","@id":"https:\/\/www.copealcoy.es\/es\/el-ano-jubilar-dedicado-a-san-jorge-arrancara-el-proximo-23-de-abril\/","url":"https:\/\/www.copealcoy.es\/es\/el-ano-jubilar-dedicado-a-san-jorge-arrancara-el-proximo-23-de-abril\/","name":"El A\u00f1o Jubilar dedicado a San Jorge arrancar\u00e1 el pr\u00f3ximo 23 de abril - COPE Alcoy","isPartOf":{"@id":"https:\/\/www.copealcoy.es\/es\/#website"},"primaryImageOfPage":{"@id":"https:\/\/www.copealcoy.es\/es\/el-ano-jubilar-dedicado-a-san-jorge-arrancara-el-proximo-23-de-abril\/#primaryimage"},"image":{"@id":"https:\/\/www.copealcoy.es\/es\/el-ano-jubilar-dedicado-a-san-jorge-arrancara-el-proximo-23-de-abril\/#primaryimage"},"thumbnailUrl":"https:\/\/www.copealcoy.es\/wp-content\/uploads\/2026\/03\/unnamed-2-4-scaled-e1773162684851.jpg","datePublished":"2026-03-10T16:59:35+00:00","dateModified":"2026-03-10T17:11:33+00:00","author":{"@id":"https:\/\/www.copealcoy.es\/es\/#\/schema\/person\/e777c87fa024e57d40170af9df39882c"},"description":"Alcoy estrenar\u00e1 el A\u00f1o Jubilar dedicado a San Jorge el pr\u00f3ximo 23 de abril","breadcrumb":{"@id":"https:\/\/www.copealcoy.es\/es\/el-ano-jubilar-dedicado-a-san-jorge-arrancara-el-proximo-23-de-abril\/#breadcrumb"},"inLanguage":"es","potentialAction":[{"@type":"ReadAction","target":["https:\/\/www.copealcoy.es\/es\/el-ano-jubilar-dedicado-a-san-jorge-arrancara-el-proximo-23-de-abril\/"]}]},{"@type":"ImageObject","inLanguage":"es","@id":"https:\/\/www.copealcoy.es\/es\/el-ano-jubilar-dedicado-a-san-jorge-arrancara-el-proximo-23-de-abril\/#primaryimage","url":"https:\/\/www.copealcoy.es\/wp-content\/uploads\/2026\/03\/unnamed-2-4-scaled-e1773162684851.jpg","contentUrl":"https:\/\/www.copealcoy.es\/wp-content\/uploads\/2026\/03\/unnamed-2-4-scaled-e1773162684851.jpg","width":800,"height":481},{"@type":"BreadcrumbList","@id":"https:\/\/www.copealcoy.es\/es\/el-ano-jubilar-dedicado-a-san-jorge-arrancara-el-proximo-23-de-abril\/#breadcrumb","itemListElement":[{"@type":"ListItem","position":1,"name":"Portada","item":"https:\/\/www.copealcoy.es\/es\/"},{"@type":"ListItem","position":2,"name":"El A\u00f1o Jubilar dedicado a San Jorge arrancar\u00e1 el pr\u00f3ximo 23 de abril"}]},{"@type":"WebSite","@id":"https:\/\/www.copealcoy.es\/es\/#website","url":"https:\/\/www.copealcoy.es\/es\/","name":"COPE Alcoy","description":"Emisora COPE de radio local con emisi\u00f3n online. Pont de Sant Jordi 8-10 03803 Alcoy","potentialAction":[{"@type":"SearchAction","target":{"@type":"EntryPoint","urlTemplate":"https:\/\/www.copealcoy.es\/es\/?s={search_term_string}"},"query-input":{"@type":"PropertyValueSpecification","valueRequired":true,"valueName":"search_term_string"}}],"inLanguage":"es"},{"@type":"Person","@id":"https:\/\/www.copealcoy.es\/es\/#\/schema\/person\/e777c87fa024e57d40170af9df39882c","name":"Cope Alcoy","image":{"@type":"ImageObject","inLanguage":"es","@id":"https:\/\/secure.gravatar.com\/avatar\/bb65d0283347e303893ba14f0692005417c1e0e690a325a4c5d8bb2b3943ee14?s=96&d=mm&r=g","url":"https:\/\/secure.gravatar.com\/avatar\/bb65d0283347e303893ba14f0692005417c1e0e690a325a4c5d8bb2b3943ee14?s=96&d=mm&r=g","contentUrl":"https:\/\/secure.gravatar.com\/avatar\/bb65d0283347e303893ba14f0692005417c1e0e690a325a4c5d8bb2b3943ee14?s=96&d=mm&r=g","caption":"Cope Alcoy"}}]}},"_links":{"self":[{"href":"https:\/\/www.copealcoy.es\/es\/wp-json\/wp\/v2\/posts\/164546","targetHints":{"allow":["GET"]}}],"collection":[{"href":"https:\/\/www.copealcoy.es\/es\/wp-json\/wp\/v2\/posts"}],"about":[{"href":"https:\/\/www.copealcoy.es\/es\/wp-json\/wp\/v2\/types\/post"}],"author":[{"embeddable":true,"href":"https:\/\/www.copealcoy.es\/es\/wp-json\/wp\/v2\/users\/1"}],"replies":[{"embeddable":true,"href":"https:\/\/www.copealcoy.es\/es\/wp-json\/wp\/v2\/comments?post=164546"}],"version-history":[{"count":3,"href":"https:\/\/www.copealcoy.es\/es\/wp-json\/wp\/v2\/posts\/164546\/revisions"}],"predecessor-version":[{"id":164553,"href":"https:\/\/www.copealcoy.es\/es\/wp-json\/wp\/v2\/posts\/164546\/revisions\/164553"}],"wp:featuredmedia":[{"embeddable":true,"href":"https:\/\/www.copealcoy.es\/es\/wp-json\/wp\/v2\/media\/164547"}],"wp:attachment":[{"href":"https:\/\/www.copealcoy.es\/es\/wp-json\/wp\/v2\/media?parent=164546"}],"wp:term":[{"taxonomy":"category","embeddable":true,"href":"https:\/\/www.copealcoy.es\/es\/wp-json\/wp\/v2\/categories?post=164546"},{"taxonomy":"post_tag","embeddable":true,"href":"https:\/\/www.copealcoy.es\/es\/wp-json\/wp\/v2\/tags?post=164546"}],"curies":[{"name":"wp","href":"https:\/\/api.w.org\/{rel}","templated":true}]}}