{"id":164538,"date":"2026-03-10T16:23:03","date_gmt":"2026-03-10T15:23:03","guid":{"rendered":"https:\/\/www.copealcoy.es\/?p=164538"},"modified":"2026-03-10T16:28:00","modified_gmt":"2026-03-10T15:28:00","slug":"alcoy-estrenara-el-museo-dedicado-a-camilo-sesto-el-proximo-11-de-junio","status":"publish","type":"post","link":"https:\/\/www.copealcoy.es\/es\/alcoy-estrenara-el-museo-dedicado-a-camilo-sesto-el-proximo-11-de-junio\/","title":{"rendered":"Alcoy estrenar\u00e1 el Museo dedicado a Camilo Sesto el pr\u00f3ximo 11 de junio"},"content":{"rendered":"<p style=\"text-align: justify;\" data-start=\"70\" data-end=\"360\"><a href=\"https:\/\/www.alcoi.org\/ca\/portal\/index.html\" target=\"_blank\" rel=\"noopener\"><strong><span style=\"color: #0000ff;\">Alcoy<\/span><\/strong><\/a> contar\u00e1 <strong>a partir del pr\u00f3ximo\u00a0<\/strong> <strong data-start=\"101\" data-end=\"124\">11 de junio <\/strong>con un nuevo espacio cultural dedicado a la figura del cantante <strong data-start=\"189\" data-end=\"205\">Camilo Sesto<\/strong>. Ese d\u00eda est\u00e1 prevista <strong>la apertura oficial del<\/strong> <strong data-start=\"253\" data-end=\"275\">Museo <\/strong>que albergar\u00e1 el legado de nuestro cantante m\u00e1s internacional, un proyecto altamente esperado por alcoyanos pero tambi\u00e9n fans del artista tanto de Espa\u00f1a como de diversas partes del mundo.<\/p>\n<p style=\"text-align: justify;\" data-start=\"362\" data-end=\"804\">El nuevo museo nace con la intenci\u00f3n de <strong data-start=\"402\" data-end=\"509\">preservar y mostrar la trayectoria de uno de los cantantes espa\u00f1oles con mayor proyecci\u00f3n internacional<\/strong>, cuya carrera musical marc\u00f3 varias d\u00e9cadas del panorama musical en Espa\u00f1a y Latinoam\u00e9rica. La iniciativa, seg\u00fan recuerdan desde el Ayuntamiento de la ciudad, ha sido posible con una inversi\u00f3n cercana al mill\u00f3n de euros &#8220;<em>de los cuales 743.920 euros se han destinado a la rehabilitaci\u00f3n del edificio, financiados al 60% por Europa, y 228.223,25 euros cubiertos a 100% por financiaci\u00f3n europea que han servido para la fase de musealizaci\u00f3n del recinto<\/em>&#8220;, ha explicado el alcalde de Alcoy, Toni Franc\u00e9s.<\/p>\n<p style=\"text-align: justify;\" data-start=\"362\" data-end=\"804\">Cabe destacar que el espacio expositivo reunir\u00e1 <strong data-start=\"631\" data-end=\"708\">objetos personales, discos, premios y material relacionado con su carrera<\/strong>, adem\u00e1s de recursos tecnol\u00f3gicos que permitir\u00e1n conocer diferentes etapas de su vida art\u00edstica. El recinto se ha dise\u00f1ado como <strong data-start=\"837\" data-end=\"887\">un recorrido dividido en dos \u00e1reas principales <\/strong>y en una de ellas se repasar\u00e1 la <strong data-start=\"920\" data-end=\"960\">trayectoria profesional del cantante<\/strong>, desde sus inicios hasta su consolidaci\u00f3n como una de las voces m\u00e1s reconocidas de la m\u00fasica en espa\u00f1ol. En este espacio tambi\u00e9n se recrear\u00e1 un <strong data-start=\"1105\" data-end=\"1129\">estudio de grabaci\u00f3n<\/strong> y se mostrar\u00e1n algunos de los galardones y discos que obtuvo durante su carrera. La segunda parte del museo estar\u00e1 centrada en la <strong data-start=\"1261\" data-end=\"1299\">vertiente m\u00e1s personal del artista<\/strong>, con elementos que permitir\u00e1n conocer su biograf\u00eda y su relaci\u00f3n con <strong data-start=\"1369\" data-end=\"1378\">Alcoy<\/strong>, la ciudad donde naci\u00f3 &#8220;<em>en este apartado tambi\u00e9n tendr\u00e1 un lugar destacado el musical \u201cJesucristo Superstar\u201d, una de las obras m\u00e1s emblem\u00e1ticas asociadas a la trayectoria de Camilo Sesto, y en el museo tambi\u00e9n habr\u00e1 espacio para un karaoke en el que cantar sus canciones m\u00e1s representativos. A todo ello se le unir\u00e1 las nuevas tecnolog\u00edas con herramientas innovadoras como una vitrina hologr\u00e1fica<\/em>&#8220;, se\u00f1ala la concejala de Turismo; Lorena Zamonora.<\/p>\n<p style=\"text-align: justify;\" data-start=\"1925\" data-end=\"2246\" data-is-last-node=\"\" data-is-only-node=\"\">La apertura del <strong data-start=\"1941\" data-end=\"1963\">Museo Camilo Sesto<\/strong> est\u00e1 prevista para la ma\u00f1ana del <strong data-start=\"1997\" data-end=\"2012\">11 de junio incluir\u00e1 un acto institucional <\/strong>al que asistir\u00e1n familiares, representantes pol\u00edticos y fans del artista. A partir de ese mismo d\u00eda, el espacio comenzar\u00e1 a recibir a visitantes interesados en <strong data-start=\"2148\" data-end=\"2208\">conocer m\u00e1s de cerca la trayectoria del artista alcoyano<\/strong> y su impacto en el \u00e1mbito musical tanto de Espa\u00f1a como del mundo.<\/p>\n","protected":false},"excerpt":{"rendered":"<p>Alcoy contar\u00e1 a partir del pr\u00f3ximo\u00a0 11 de junio con un nuevo espacio cultural dedicado a la figura del cantante&#8230;<\/p>\n","protected":false},"author":1,"featured_media":164539,"comment_status":"closed","ping_status":"closed","sticky":false,"template":"","format":"standard","meta":{"footnotes":""},"categories":[6909,97,78,75,125],"tags":[20826,1494,2559,1550,1114],"class_list":["post-164538","post","type-post","status-publish","format-standard","has-post-thumbnail","hentry","category-actualidad","category-alcoy","category-fiestaycultura","category-noticias","category-portada","tag-11-de-junio","tag-alcoy","tag-camilo-sesto","tag-inauguracion","tag-museo"],"yoast_head":"<!-- This site is optimized with the Yoast SEO plugin v27.3 - https:\/\/yoast.com\/product\/yoast-seo-wordpress\/ -->\n<title>Alcoy estrenar\u00e1 el Museo dedicado a Camilo Sesto el pr\u00f3ximo 11 de junio - COPE Alcoy<\/title>\n<meta name=\"description\" content=\"Alcoy estrenar\u00e1 el Museo dedicado a Camilo Sesto el pr\u00f3ximo 11 de junio\" \/>\n<meta name=\"robots\" content=\"index, follow, max-snippet:-1, max-image-preview:large, max-video-preview:-1\" \/>\n<link rel=\"canonical\" href=\"https:\/\/www.copealcoy.es\/es\/alcoy-estrenara-el-museo-dedicado-a-camilo-sesto-el-proximo-11-de-junio\/\" \/>\n<meta property=\"og:locale\" content=\"es_ES\" \/>\n<meta property=\"og:type\" content=\"article\" \/>\n<meta property=\"og:title\" content=\"Alcoy estrenar\u00e1 el Museo dedicado a Camilo Sesto el pr\u00f3ximo 11 de junio - COPE Alcoy\" \/>\n<meta property=\"og:description\" content=\"Alcoy estrenar\u00e1 el Museo dedicado a Camilo Sesto el pr\u00f3ximo 11 de junio\" \/>\n<meta property=\"og:url\" content=\"https:\/\/www.copealcoy.es\/es\/alcoy-estrenara-el-museo-dedicado-a-camilo-sesto-el-proximo-11-de-junio\/\" \/>\n<meta property=\"og:site_name\" content=\"COPE Alcoy\" \/>\n<meta property=\"article:published_time\" content=\"2026-03-10T15:23:03+00:00\" \/>\n<meta property=\"article:modified_time\" content=\"2026-03-10T15:28:00+00:00\" \/>\n<meta property=\"og:image\" content=\"https:\/\/www.copealcoy.es\/wp-content\/uploads\/2026\/03\/Toni-Frances-y-Lorena-Zamorano-en-rueda-de-prensa.jpg_1932765470-e1773156140210.jpg\" \/>\n\t<meta property=\"og:image:width\" content=\"625\" \/>\n\t<meta property=\"og:image:height\" content=\"352\" \/>\n\t<meta property=\"og:image:type\" content=\"image\/jpeg\" \/>\n<meta name=\"author\" content=\"Cope Alcoy\" \/>\n<meta name=\"twitter:label1\" content=\"Escrito por\" \/>\n\t<meta name=\"twitter:data1\" content=\"Cope Alcoy\" \/>\n\t<meta name=\"twitter:label2\" content=\"Tiempo de lectura\" \/>\n\t<meta name=\"twitter:data2\" content=\"3 minutos\" \/>\n<script type=\"application\/ld+json\" class=\"yoast-schema-graph\">{\"@context\":\"https:\\\/\\\/schema.org\",\"@graph\":[{\"@type\":\"Article\",\"@id\":\"https:\\\/\\\/www.copealcoy.es\\\/es\\\/alcoy-estrenara-el-museo-dedicado-a-camilo-sesto-el-proximo-11-de-junio\\\/#article\",\"isPartOf\":{\"@id\":\"https:\\\/\\\/www.copealcoy.es\\\/es\\\/alcoy-estrenara-el-museo-dedicado-a-camilo-sesto-el-proximo-11-de-junio\\\/\"},\"author\":{\"name\":\"Cope Alcoy\",\"@id\":\"https:\\\/\\\/www.copealcoy.es\\\/es\\\/#\\\/schema\\\/person\\\/e777c87fa024e57d40170af9df39882c\"},\"headline\":\"Alcoy estrenar\u00e1 el Museo dedicado a Camilo Sesto el pr\u00f3ximo 11 de junio\",\"datePublished\":\"2026-03-10T15:23:03+00:00\",\"dateModified\":\"2026-03-10T15:28:00+00:00\",\"mainEntityOfPage\":{\"@id\":\"https:\\\/\\\/www.copealcoy.es\\\/es\\\/alcoy-estrenara-el-museo-dedicado-a-camilo-sesto-el-proximo-11-de-junio\\\/\"},\"wordCount\":476,\"image\":{\"@id\":\"https:\\\/\\\/www.copealcoy.es\\\/es\\\/alcoy-estrenara-el-museo-dedicado-a-camilo-sesto-el-proximo-11-de-junio\\\/#primaryimage\"},\"thumbnailUrl\":\"https:\\\/\\\/www.copealcoy.es\\\/wp-content\\\/uploads\\\/2026\\\/03\\\/Toni-Frances-y-Lorena-Zamorano-en-rueda-de-prensa.jpg_1932765470-e1773156140210.jpg\",\"keywords\":[\"11 de junio\",\"Alcoy\",\"Camilo Sesto\",\"Inauguraci\u00f3n\",\"Museo\"],\"articleSection\":[\"Actualidad\",\"Alcoy\",\"Fiesta y Cultura\",\"Noticias\",\"Portada\"],\"inLanguage\":\"es\"},{\"@type\":\"WebPage\",\"@id\":\"https:\\\/\\\/www.copealcoy.es\\\/es\\\/alcoy-estrenara-el-museo-dedicado-a-camilo-sesto-el-proximo-11-de-junio\\\/\",\"url\":\"https:\\\/\\\/www.copealcoy.es\\\/es\\\/alcoy-estrenara-el-museo-dedicado-a-camilo-sesto-el-proximo-11-de-junio\\\/\",\"name\":\"Alcoy estrenar\u00e1 el Museo dedicado a Camilo Sesto el pr\u00f3ximo 11 de junio - COPE Alcoy\",\"isPartOf\":{\"@id\":\"https:\\\/\\\/www.copealcoy.es\\\/es\\\/#website\"},\"primaryImageOfPage\":{\"@id\":\"https:\\\/\\\/www.copealcoy.es\\\/es\\\/alcoy-estrenara-el-museo-dedicado-a-camilo-sesto-el-proximo-11-de-junio\\\/#primaryimage\"},\"image\":{\"@id\":\"https:\\\/\\\/www.copealcoy.es\\\/es\\\/alcoy-estrenara-el-museo-dedicado-a-camilo-sesto-el-proximo-11-de-junio\\\/#primaryimage\"},\"thumbnailUrl\":\"https:\\\/\\\/www.copealcoy.es\\\/wp-content\\\/uploads\\\/2026\\\/03\\\/Toni-Frances-y-Lorena-Zamorano-en-rueda-de-prensa.jpg_1932765470-e1773156140210.jpg\",\"datePublished\":\"2026-03-10T15:23:03+00:00\",\"dateModified\":\"2026-03-10T15:28:00+00:00\",\"author\":{\"@id\":\"https:\\\/\\\/www.copealcoy.es\\\/es\\\/#\\\/schema\\\/person\\\/e777c87fa024e57d40170af9df39882c\"},\"description\":\"Alcoy estrenar\u00e1 el Museo dedicado a Camilo Sesto el pr\u00f3ximo 11 de junio\",\"breadcrumb\":{\"@id\":\"https:\\\/\\\/www.copealcoy.es\\\/es\\\/alcoy-estrenara-el-museo-dedicado-a-camilo-sesto-el-proximo-11-de-junio\\\/#breadcrumb\"},\"inLanguage\":\"es\",\"potentialAction\":[{\"@type\":\"ReadAction\",\"target\":[\"https:\\\/\\\/www.copealcoy.es\\\/es\\\/alcoy-estrenara-el-museo-dedicado-a-camilo-sesto-el-proximo-11-de-junio\\\/\"]}]},{\"@type\":\"ImageObject\",\"inLanguage\":\"es\",\"@id\":\"https:\\\/\\\/www.copealcoy.es\\\/es\\\/alcoy-estrenara-el-museo-dedicado-a-camilo-sesto-el-proximo-11-de-junio\\\/#primaryimage\",\"url\":\"https:\\\/\\\/www.copealcoy.es\\\/wp-content\\\/uploads\\\/2026\\\/03\\\/Toni-Frances-y-Lorena-Zamorano-en-rueda-de-prensa.jpg_1932765470-e1773156140210.jpg\",\"contentUrl\":\"https:\\\/\\\/www.copealcoy.es\\\/wp-content\\\/uploads\\\/2026\\\/03\\\/Toni-Frances-y-Lorena-Zamorano-en-rueda-de-prensa.jpg_1932765470-e1773156140210.jpg\",\"width\":625,\"height\":352},{\"@type\":\"BreadcrumbList\",\"@id\":\"https:\\\/\\\/www.copealcoy.es\\\/es\\\/alcoy-estrenara-el-museo-dedicado-a-camilo-sesto-el-proximo-11-de-junio\\\/#breadcrumb\",\"itemListElement\":[{\"@type\":\"ListItem\",\"position\":1,\"name\":\"Portada\",\"item\":\"https:\\\/\\\/www.copealcoy.es\\\/es\\\/\"},{\"@type\":\"ListItem\",\"position\":2,\"name\":\"Alcoy estrenar\u00e1 el Museo dedicado a Camilo Sesto el pr\u00f3ximo 11 de junio\"}]},{\"@type\":\"WebSite\",\"@id\":\"https:\\\/\\\/www.copealcoy.es\\\/es\\\/#website\",\"url\":\"https:\\\/\\\/www.copealcoy.es\\\/es\\\/\",\"name\":\"COPE Alcoy\",\"description\":\"Emisora COPE de radio local con emisi\u00f3n online. Pont de Sant Jordi 8-10 03803 Alcoy\",\"potentialAction\":[{\"@type\":\"SearchAction\",\"target\":{\"@type\":\"EntryPoint\",\"urlTemplate\":\"https:\\\/\\\/www.copealcoy.es\\\/es\\\/?s={search_term_string}\"},\"query-input\":{\"@type\":\"PropertyValueSpecification\",\"valueRequired\":true,\"valueName\":\"search_term_string\"}}],\"inLanguage\":\"es\"},{\"@type\":\"Person\",\"@id\":\"https:\\\/\\\/www.copealcoy.es\\\/es\\\/#\\\/schema\\\/person\\\/e777c87fa024e57d40170af9df39882c\",\"name\":\"Cope Alcoy\",\"image\":{\"@type\":\"ImageObject\",\"inLanguage\":\"es\",\"@id\":\"https:\\\/\\\/secure.gravatar.com\\\/avatar\\\/bb65d0283347e303893ba14f0692005417c1e0e690a325a4c5d8bb2b3943ee14?s=96&d=mm&r=g\",\"url\":\"https:\\\/\\\/secure.gravatar.com\\\/avatar\\\/bb65d0283347e303893ba14f0692005417c1e0e690a325a4c5d8bb2b3943ee14?s=96&d=mm&r=g\",\"contentUrl\":\"https:\\\/\\\/secure.gravatar.com\\\/avatar\\\/bb65d0283347e303893ba14f0692005417c1e0e690a325a4c5d8bb2b3943ee14?s=96&d=mm&r=g\",\"caption\":\"Cope Alcoy\"}}]}<\/script>\n<!-- \/ Yoast SEO plugin. -->","yoast_head_json":{"title":"Alcoy estrenar\u00e1 el Museo dedicado a Camilo Sesto el pr\u00f3ximo 11 de junio - COPE Alcoy","description":"Alcoy estrenar\u00e1 el Museo dedicado a Camilo Sesto el pr\u00f3ximo 11 de junio","robots":{"index":"index","follow":"follow","max-snippet":"max-snippet:-1","max-image-preview":"max-image-preview:large","max-video-preview":"max-video-preview:-1"},"canonical":"https:\/\/www.copealcoy.es\/es\/alcoy-estrenara-el-museo-dedicado-a-camilo-sesto-el-proximo-11-de-junio\/","og_locale":"es_ES","og_type":"article","og_title":"Alcoy estrenar\u00e1 el Museo dedicado a Camilo Sesto el pr\u00f3ximo 11 de junio - COPE Alcoy","og_description":"Alcoy estrenar\u00e1 el Museo dedicado a Camilo Sesto el pr\u00f3ximo 11 de junio","og_url":"https:\/\/www.copealcoy.es\/es\/alcoy-estrenara-el-museo-dedicado-a-camilo-sesto-el-proximo-11-de-junio\/","og_site_name":"COPE Alcoy","article_published_time":"2026-03-10T15:23:03+00:00","article_modified_time":"2026-03-10T15:28:00+00:00","og_image":[{"width":625,"height":352,"url":"https:\/\/www.copealcoy.es\/wp-content\/uploads\/2026\/03\/Toni-Frances-y-Lorena-Zamorano-en-rueda-de-prensa.jpg_1932765470-e1773156140210.jpg","type":"image\/jpeg"}],"author":"Cope Alcoy","twitter_misc":{"Escrito por":"Cope Alcoy","Tiempo de lectura":"3 minutos"},"schema":{"@context":"https:\/\/schema.org","@graph":[{"@type":"Article","@id":"https:\/\/www.copealcoy.es\/es\/alcoy-estrenara-el-museo-dedicado-a-camilo-sesto-el-proximo-11-de-junio\/#article","isPartOf":{"@id":"https:\/\/www.copealcoy.es\/es\/alcoy-estrenara-el-museo-dedicado-a-camilo-sesto-el-proximo-11-de-junio\/"},"author":{"name":"Cope Alcoy","@id":"https:\/\/www.copealcoy.es\/es\/#\/schema\/person\/e777c87fa024e57d40170af9df39882c"},"headline":"Alcoy estrenar\u00e1 el Museo dedicado a Camilo Sesto el pr\u00f3ximo 11 de junio","datePublished":"2026-03-10T15:23:03+00:00","dateModified":"2026-03-10T15:28:00+00:00","mainEntityOfPage":{"@id":"https:\/\/www.copealcoy.es\/es\/alcoy-estrenara-el-museo-dedicado-a-camilo-sesto-el-proximo-11-de-junio\/"},"wordCount":476,"image":{"@id":"https:\/\/www.copealcoy.es\/es\/alcoy-estrenara-el-museo-dedicado-a-camilo-sesto-el-proximo-11-de-junio\/#primaryimage"},"thumbnailUrl":"https:\/\/www.copealcoy.es\/wp-content\/uploads\/2026\/03\/Toni-Frances-y-Lorena-Zamorano-en-rueda-de-prensa.jpg_1932765470-e1773156140210.jpg","keywords":["11 de junio","Alcoy","Camilo Sesto","Inauguraci\u00f3n","Museo"],"articleSection":["Actualidad","Alcoy","Fiesta y Cultura","Noticias","Portada"],"inLanguage":"es"},{"@type":"WebPage","@id":"https:\/\/www.copealcoy.es\/es\/alcoy-estrenara-el-museo-dedicado-a-camilo-sesto-el-proximo-11-de-junio\/","url":"https:\/\/www.copealcoy.es\/es\/alcoy-estrenara-el-museo-dedicado-a-camilo-sesto-el-proximo-11-de-junio\/","name":"Alcoy estrenar\u00e1 el Museo dedicado a Camilo Sesto el pr\u00f3ximo 11 de junio - COPE Alcoy","isPartOf":{"@id":"https:\/\/www.copealcoy.es\/es\/#website"},"primaryImageOfPage":{"@id":"https:\/\/www.copealcoy.es\/es\/alcoy-estrenara-el-museo-dedicado-a-camilo-sesto-el-proximo-11-de-junio\/#primaryimage"},"image":{"@id":"https:\/\/www.copealcoy.es\/es\/alcoy-estrenara-el-museo-dedicado-a-camilo-sesto-el-proximo-11-de-junio\/#primaryimage"},"thumbnailUrl":"https:\/\/www.copealcoy.es\/wp-content\/uploads\/2026\/03\/Toni-Frances-y-Lorena-Zamorano-en-rueda-de-prensa.jpg_1932765470-e1773156140210.jpg","datePublished":"2026-03-10T15:23:03+00:00","dateModified":"2026-03-10T15:28:00+00:00","author":{"@id":"https:\/\/www.copealcoy.es\/es\/#\/schema\/person\/e777c87fa024e57d40170af9df39882c"},"description":"Alcoy estrenar\u00e1 el Museo dedicado a Camilo Sesto el pr\u00f3ximo 11 de junio","breadcrumb":{"@id":"https:\/\/www.copealcoy.es\/es\/alcoy-estrenara-el-museo-dedicado-a-camilo-sesto-el-proximo-11-de-junio\/#breadcrumb"},"inLanguage":"es","potentialAction":[{"@type":"ReadAction","target":["https:\/\/www.copealcoy.es\/es\/alcoy-estrenara-el-museo-dedicado-a-camilo-sesto-el-proximo-11-de-junio\/"]}]},{"@type":"ImageObject","inLanguage":"es","@id":"https:\/\/www.copealcoy.es\/es\/alcoy-estrenara-el-museo-dedicado-a-camilo-sesto-el-proximo-11-de-junio\/#primaryimage","url":"https:\/\/www.copealcoy.es\/wp-content\/uploads\/2026\/03\/Toni-Frances-y-Lorena-Zamorano-en-rueda-de-prensa.jpg_1932765470-e1773156140210.jpg","contentUrl":"https:\/\/www.copealcoy.es\/wp-content\/uploads\/2026\/03\/Toni-Frances-y-Lorena-Zamorano-en-rueda-de-prensa.jpg_1932765470-e1773156140210.jpg","width":625,"height":352},{"@type":"BreadcrumbList","@id":"https:\/\/www.copealcoy.es\/es\/alcoy-estrenara-el-museo-dedicado-a-camilo-sesto-el-proximo-11-de-junio\/#breadcrumb","itemListElement":[{"@type":"ListItem","position":1,"name":"Portada","item":"https:\/\/www.copealcoy.es\/es\/"},{"@type":"ListItem","position":2,"name":"Alcoy estrenar\u00e1 el Museo dedicado a Camilo Sesto el pr\u00f3ximo 11 de junio"}]},{"@type":"WebSite","@id":"https:\/\/www.copealcoy.es\/es\/#website","url":"https:\/\/www.copealcoy.es\/es\/","name":"COPE Alcoy","description":"Emisora COPE de radio local con emisi\u00f3n online. Pont de Sant Jordi 8-10 03803 Alcoy","potentialAction":[{"@type":"SearchAction","target":{"@type":"EntryPoint","urlTemplate":"https:\/\/www.copealcoy.es\/es\/?s={search_term_string}"},"query-input":{"@type":"PropertyValueSpecification","valueRequired":true,"valueName":"search_term_string"}}],"inLanguage":"es"},{"@type":"Person","@id":"https:\/\/www.copealcoy.es\/es\/#\/schema\/person\/e777c87fa024e57d40170af9df39882c","name":"Cope Alcoy","image":{"@type":"ImageObject","inLanguage":"es","@id":"https:\/\/secure.gravatar.com\/avatar\/bb65d0283347e303893ba14f0692005417c1e0e690a325a4c5d8bb2b3943ee14?s=96&d=mm&r=g","url":"https:\/\/secure.gravatar.com\/avatar\/bb65d0283347e303893ba14f0692005417c1e0e690a325a4c5d8bb2b3943ee14?s=96&d=mm&r=g","contentUrl":"https:\/\/secure.gravatar.com\/avatar\/bb65d0283347e303893ba14f0692005417c1e0e690a325a4c5d8bb2b3943ee14?s=96&d=mm&r=g","caption":"Cope Alcoy"}}]}},"_links":{"self":[{"href":"https:\/\/www.copealcoy.es\/es\/wp-json\/wp\/v2\/posts\/164538","targetHints":{"allow":["GET"]}}],"collection":[{"href":"https:\/\/www.copealcoy.es\/es\/wp-json\/wp\/v2\/posts"}],"about":[{"href":"https:\/\/www.copealcoy.es\/es\/wp-json\/wp\/v2\/types\/post"}],"author":[{"embeddable":true,"href":"https:\/\/www.copealcoy.es\/es\/wp-json\/wp\/v2\/users\/1"}],"replies":[{"embeddable":true,"href":"https:\/\/www.copealcoy.es\/es\/wp-json\/wp\/v2\/comments?post=164538"}],"version-history":[{"count":3,"href":"https:\/\/www.copealcoy.es\/es\/wp-json\/wp\/v2\/posts\/164538\/revisions"}],"predecessor-version":[{"id":164544,"href":"https:\/\/www.copealcoy.es\/es\/wp-json\/wp\/v2\/posts\/164538\/revisions\/164544"}],"wp:featuredmedia":[{"embeddable":true,"href":"https:\/\/www.copealcoy.es\/es\/wp-json\/wp\/v2\/media\/164539"}],"wp:attachment":[{"href":"https:\/\/www.copealcoy.es\/es\/wp-json\/wp\/v2\/media?parent=164538"}],"wp:term":[{"taxonomy":"category","embeddable":true,"href":"https:\/\/www.copealcoy.es\/es\/wp-json\/wp\/v2\/categories?post=164538"},{"taxonomy":"post_tag","embeddable":true,"href":"https:\/\/www.copealcoy.es\/es\/wp-json\/wp\/v2\/tags?post=164538"}],"curies":[{"name":"wp","href":"https:\/\/api.w.org\/{rel}","templated":true}]}}