{"id":164391,"date":"2026-03-11T08:00:48","date_gmt":"2026-03-11T07:00:48","guid":{"rendered":"https:\/\/www.copealcoy.es\/?p=164391"},"modified":"2026-03-11T11:39:13","modified_gmt":"2026-03-11T10:39:13","slug":"jaume-pascual-es-el-nuevo-presidente-de-la-xafiga-de-muro","status":"publish","type":"post","link":"https:\/\/www.copealcoy.es\/es\/jaume-pascual-es-el-nuevo-presidente-de-la-xafiga-de-muro\/","title":{"rendered":"Jaume Pascual es el nuevo presidente de La Xafig\u00e0 de Muro"},"content":{"rendered":"<p style=\"text-align: justify;\" data-start=\"94\" data-end=\"574\">El <strong data-start=\"97\" data-end=\"151\">percusionista de l\u2019Alqueria d\u2019Asnar, Jaume Pascual<\/strong>, estar\u00e1 al frente del <a href=\"https:\/\/www.facebook.com\/laxafiga\/?locale=es_ES\" target=\"_blank\" rel=\"noopener\"><span style=\"color: #0000ff;\"><strong data-start=\"174\" data-end=\"227\">Grup de Dol\u00e7ainers i Tabaleters La Xafig\u00e0 de Muro<\/strong><\/span><\/a>, iniciando una nueva etapa para esta formaci\u00f3n referente de la <strong data-start=\"291\" data-end=\"324\">m\u00fasica tradicional valenciana<\/strong>. El relevo se produjo tras la <strong data-start=\"355\" data-end=\"408\">asamblea ordinaria celebrada el pasado 4 de marzo<\/strong>, en la que se renov\u00f3 la junta directiva con el objetivo de seguir consolidando el proyecto musical y cultural del grupo tras m\u00e1s de <strong data-start=\"541\" data-end=\"573\">cuarenta a\u00f1os de trayectoria<\/strong>.<\/p>\n<p style=\"text-align: justify;\" data-start=\"576\" data-end=\"898\">La nueva direcci\u00f3n estar\u00e1 presidida por <strong data-start=\"616\" data-end=\"633\">Jaume Pascual<\/strong>, mientras que el tambi\u00e9n percusionista <strong data-start=\"673\" data-end=\"690\">Marcos Olcina<\/strong> asumir\u00e1 la <strong data-start=\"702\" data-end=\"736\">vicepresidencia y el protocolo<\/strong>. La dol\u00e7ainera <strong data-start=\"752\" data-end=\"770\">\u00c1gueda Vitoria<\/strong> ocupar\u00e1 la <strong data-start=\"782\" data-end=\"825\">secretar\u00eda y la gesti\u00f3n de subvenciones<\/strong>, mientras que la <strong data-start=\"843\" data-end=\"856\">tesorer\u00eda<\/strong> recaer\u00e1 en el dol\u00e7ainer <strong data-start=\"881\" data-end=\"897\">Sergio Nadal<\/strong>. La junta se completa con cuatro vocales: <strong data-start=\"941\" data-end=\"958\">Rafa Alberola<\/strong>, responsable del <strong data-start=\"976\" data-end=\"1058\">archivo y representante en la Federaci\u00f3n Valenciana de Dol\u00e7ainers i Tabaleters<\/strong>; <strong data-start=\"1060\" data-end=\"1077\">Salvador Insa<\/strong>, encargado de <strong data-start=\"1092\" data-end=\"1131\">contrataciones y nuevas actuaciones<\/strong>; <strong data-start=\"1133\" data-end=\"1152\">Jordi Sanoguera<\/strong>, coordinador de <strong data-start=\"1169\" data-end=\"1189\">dietas y eventos<\/strong>; y <strong data-start=\"1193\" data-end=\"1211\">Josele Sanjuan<\/strong>, responsable de <strong data-start=\"1228\" data-end=\"1245\">mantenimiento<\/strong>.<\/p>\n<p style=\"text-align: justify;\" data-start=\"1248\" data-end=\"1616\" data-is-last-node=\"\" data-is-only-node=\"\">Los integrantes del nuevo equipo directivo de La Xafig\u00e0 han querido agradecer la labor de la <strong data-start=\"1520\" data-end=\"1570\">anterior direcci\u00f3n encabezada por Salva Moreno<\/strong> por el trabajo realizado en los \u00faltimos a\u00f1os. Finalmente aseguran que afrontan el reto con ilusi\u00f3n y con el deseo de seguir impulsando a una agrupaci\u00f3n que es referente en el \u00e1mbito de la m\u00fasica tradicional tanto en nuestras comarcas como fuera de ellas.<\/p>\n","protected":false},"excerpt":{"rendered":"<p>El percusionista de l\u2019Alqueria d\u2019Asnar, Jaume Pascual, estar\u00e1 al frente del Grup de Dol\u00e7ainers i Tabaleters La Xafig\u00e0 de Muro,&#8230;<\/p>\n","protected":false},"author":1,"featured_media":164392,"comment_status":"closed","ping_status":"closed","sticky":false,"template":"","format":"standard","meta":{"footnotes":""},"categories":[6909,98,75],"tags":[2190,4280,135,5386],"class_list":["post-164391","post","type-post","status-publish","format-standard","has-post-thumbnail","hentry","category-actualidad","category-comarcas","category-noticias","tag-jaume-pascual","tag-la-xafiga","tag-muro","tag-nuevo-presidente"],"yoast_head":"<!-- This site is optimized with the Yoast SEO plugin v27.3 - https:\/\/yoast.com\/product\/yoast-seo-wordpress\/ -->\n<title>Jaume Pascual es el nuevo presidente de La Xafig\u00e0 de Muro - COPE Alcoy<\/title>\n<meta name=\"description\" content=\"Jaume Pascual es el nuevo presidente de La Xafig\u00e0 de Muro\" \/>\n<meta name=\"robots\" content=\"index, follow, max-snippet:-1, max-image-preview:large, max-video-preview:-1\" \/>\n<link rel=\"canonical\" href=\"https:\/\/www.copealcoy.es\/es\/jaume-pascual-es-el-nuevo-presidente-de-la-xafiga-de-muro\/\" \/>\n<meta property=\"og:locale\" content=\"es_ES\" \/>\n<meta property=\"og:type\" content=\"article\" \/>\n<meta property=\"og:title\" content=\"Jaume Pascual es el nuevo presidente de La Xafig\u00e0 de Muro - COPE Alcoy\" \/>\n<meta property=\"og:description\" content=\"Jaume Pascual es el nuevo presidente de La Xafig\u00e0 de Muro\" \/>\n<meta property=\"og:url\" content=\"https:\/\/www.copealcoy.es\/es\/jaume-pascual-es-el-nuevo-presidente-de-la-xafiga-de-muro\/\" \/>\n<meta property=\"og:site_name\" content=\"COPE Alcoy\" \/>\n<meta property=\"article:published_time\" content=\"2026-03-11T07:00:48+00:00\" \/>\n<meta property=\"article:modified_time\" content=\"2026-03-11T10:39:13+00:00\" \/>\n<meta property=\"og:image\" content=\"https:\/\/www.copealcoy.es\/wp-content\/uploads\/2026\/03\/unnamed-1-5.jpg\" \/>\n\t<meta property=\"og:image:width\" content=\"1142\" \/>\n\t<meta property=\"og:image:height\" content=\"763\" \/>\n\t<meta property=\"og:image:type\" content=\"image\/jpeg\" \/>\n<meta name=\"author\" content=\"Cope Alcoy\" \/>\n<meta name=\"twitter:label1\" content=\"Escrito por\" \/>\n\t<meta name=\"twitter:data1\" content=\"Cope Alcoy\" \/>\n\t<meta name=\"twitter:label2\" content=\"Tiempo de lectura\" \/>\n\t<meta name=\"twitter:data2\" content=\"2 minutos\" \/>\n<script type=\"application\/ld+json\" class=\"yoast-schema-graph\">{\"@context\":\"https:\\\/\\\/schema.org\",\"@graph\":[{\"@type\":\"Article\",\"@id\":\"https:\\\/\\\/www.copealcoy.es\\\/es\\\/jaume-pascual-es-el-nuevo-presidente-de-la-xafiga-de-muro\\\/#article\",\"isPartOf\":{\"@id\":\"https:\\\/\\\/www.copealcoy.es\\\/es\\\/jaume-pascual-es-el-nuevo-presidente-de-la-xafiga-de-muro\\\/\"},\"author\":{\"name\":\"Cope Alcoy\",\"@id\":\"https:\\\/\\\/www.copealcoy.es\\\/es\\\/#\\\/schema\\\/person\\\/e777c87fa024e57d40170af9df39882c\"},\"headline\":\"Jaume Pascual es el nuevo presidente de La Xafig\u00e0 de Muro\",\"datePublished\":\"2026-03-11T07:00:48+00:00\",\"dateModified\":\"2026-03-11T10:39:13+00:00\",\"mainEntityOfPage\":{\"@id\":\"https:\\\/\\\/www.copealcoy.es\\\/es\\\/jaume-pascual-es-el-nuevo-presidente-de-la-xafiga-de-muro\\\/\"},\"wordCount\":258,\"image\":{\"@id\":\"https:\\\/\\\/www.copealcoy.es\\\/es\\\/jaume-pascual-es-el-nuevo-presidente-de-la-xafiga-de-muro\\\/#primaryimage\"},\"thumbnailUrl\":\"https:\\\/\\\/www.copealcoy.es\\\/wp-content\\\/uploads\\\/2026\\\/03\\\/unnamed-1-5.jpg\",\"keywords\":[\"Jaume Pascual\",\"La Xafig\u00e0\",\"Muro\",\"nuevo presidente\"],\"articleSection\":[\"Actualidad\",\"Comarcas\",\"Noticias\"],\"inLanguage\":\"es\"},{\"@type\":\"WebPage\",\"@id\":\"https:\\\/\\\/www.copealcoy.es\\\/es\\\/jaume-pascual-es-el-nuevo-presidente-de-la-xafiga-de-muro\\\/\",\"url\":\"https:\\\/\\\/www.copealcoy.es\\\/es\\\/jaume-pascual-es-el-nuevo-presidente-de-la-xafiga-de-muro\\\/\",\"name\":\"Jaume Pascual es el nuevo presidente de La Xafig\u00e0 de Muro - COPE Alcoy\",\"isPartOf\":{\"@id\":\"https:\\\/\\\/www.copealcoy.es\\\/es\\\/#website\"},\"primaryImageOfPage\":{\"@id\":\"https:\\\/\\\/www.copealcoy.es\\\/es\\\/jaume-pascual-es-el-nuevo-presidente-de-la-xafiga-de-muro\\\/#primaryimage\"},\"image\":{\"@id\":\"https:\\\/\\\/www.copealcoy.es\\\/es\\\/jaume-pascual-es-el-nuevo-presidente-de-la-xafiga-de-muro\\\/#primaryimage\"},\"thumbnailUrl\":\"https:\\\/\\\/www.copealcoy.es\\\/wp-content\\\/uploads\\\/2026\\\/03\\\/unnamed-1-5.jpg\",\"datePublished\":\"2026-03-11T07:00:48+00:00\",\"dateModified\":\"2026-03-11T10:39:13+00:00\",\"author\":{\"@id\":\"https:\\\/\\\/www.copealcoy.es\\\/es\\\/#\\\/schema\\\/person\\\/e777c87fa024e57d40170af9df39882c\"},\"description\":\"Jaume Pascual es el nuevo presidente de La Xafig\u00e0 de Muro\",\"breadcrumb\":{\"@id\":\"https:\\\/\\\/www.copealcoy.es\\\/es\\\/jaume-pascual-es-el-nuevo-presidente-de-la-xafiga-de-muro\\\/#breadcrumb\"},\"inLanguage\":\"es\",\"potentialAction\":[{\"@type\":\"ReadAction\",\"target\":[\"https:\\\/\\\/www.copealcoy.es\\\/es\\\/jaume-pascual-es-el-nuevo-presidente-de-la-xafiga-de-muro\\\/\"]}]},{\"@type\":\"ImageObject\",\"inLanguage\":\"es\",\"@id\":\"https:\\\/\\\/www.copealcoy.es\\\/es\\\/jaume-pascual-es-el-nuevo-presidente-de-la-xafiga-de-muro\\\/#primaryimage\",\"url\":\"https:\\\/\\\/www.copealcoy.es\\\/wp-content\\\/uploads\\\/2026\\\/03\\\/unnamed-1-5.jpg\",\"contentUrl\":\"https:\\\/\\\/www.copealcoy.es\\\/wp-content\\\/uploads\\\/2026\\\/03\\\/unnamed-1-5.jpg\",\"width\":1142,\"height\":763},{\"@type\":\"BreadcrumbList\",\"@id\":\"https:\\\/\\\/www.copealcoy.es\\\/es\\\/jaume-pascual-es-el-nuevo-presidente-de-la-xafiga-de-muro\\\/#breadcrumb\",\"itemListElement\":[{\"@type\":\"ListItem\",\"position\":1,\"name\":\"Portada\",\"item\":\"https:\\\/\\\/www.copealcoy.es\\\/es\\\/\"},{\"@type\":\"ListItem\",\"position\":2,\"name\":\"Jaume Pascual es el nuevo presidente de La Xafig\u00e0 de Muro\"}]},{\"@type\":\"WebSite\",\"@id\":\"https:\\\/\\\/www.copealcoy.es\\\/es\\\/#website\",\"url\":\"https:\\\/\\\/www.copealcoy.es\\\/es\\\/\",\"name\":\"COPE Alcoy\",\"description\":\"Emisora COPE de radio local con emisi\u00f3n online. Pont de Sant Jordi 8-10 03803 Alcoy\",\"potentialAction\":[{\"@type\":\"SearchAction\",\"target\":{\"@type\":\"EntryPoint\",\"urlTemplate\":\"https:\\\/\\\/www.copealcoy.es\\\/es\\\/?s={search_term_string}\"},\"query-input\":{\"@type\":\"PropertyValueSpecification\",\"valueRequired\":true,\"valueName\":\"search_term_string\"}}],\"inLanguage\":\"es\"},{\"@type\":\"Person\",\"@id\":\"https:\\\/\\\/www.copealcoy.es\\\/es\\\/#\\\/schema\\\/person\\\/e777c87fa024e57d40170af9df39882c\",\"name\":\"Cope Alcoy\",\"image\":{\"@type\":\"ImageObject\",\"inLanguage\":\"es\",\"@id\":\"https:\\\/\\\/secure.gravatar.com\\\/avatar\\\/bb65d0283347e303893ba14f0692005417c1e0e690a325a4c5d8bb2b3943ee14?s=96&d=mm&r=g\",\"url\":\"https:\\\/\\\/secure.gravatar.com\\\/avatar\\\/bb65d0283347e303893ba14f0692005417c1e0e690a325a4c5d8bb2b3943ee14?s=96&d=mm&r=g\",\"contentUrl\":\"https:\\\/\\\/secure.gravatar.com\\\/avatar\\\/bb65d0283347e303893ba14f0692005417c1e0e690a325a4c5d8bb2b3943ee14?s=96&d=mm&r=g\",\"caption\":\"Cope Alcoy\"}}]}<\/script>\n<!-- \/ Yoast SEO plugin. -->","yoast_head_json":{"title":"Jaume Pascual es el nuevo presidente de La Xafig\u00e0 de Muro - COPE Alcoy","description":"Jaume Pascual es el nuevo presidente de La Xafig\u00e0 de Muro","robots":{"index":"index","follow":"follow","max-snippet":"max-snippet:-1","max-image-preview":"max-image-preview:large","max-video-preview":"max-video-preview:-1"},"canonical":"https:\/\/www.copealcoy.es\/es\/jaume-pascual-es-el-nuevo-presidente-de-la-xafiga-de-muro\/","og_locale":"es_ES","og_type":"article","og_title":"Jaume Pascual es el nuevo presidente de La Xafig\u00e0 de Muro - COPE Alcoy","og_description":"Jaume Pascual es el nuevo presidente de La Xafig\u00e0 de Muro","og_url":"https:\/\/www.copealcoy.es\/es\/jaume-pascual-es-el-nuevo-presidente-de-la-xafiga-de-muro\/","og_site_name":"COPE Alcoy","article_published_time":"2026-03-11T07:00:48+00:00","article_modified_time":"2026-03-11T10:39:13+00:00","og_image":[{"width":1142,"height":763,"url":"https:\/\/www.copealcoy.es\/wp-content\/uploads\/2026\/03\/unnamed-1-5.jpg","type":"image\/jpeg"}],"author":"Cope Alcoy","twitter_misc":{"Escrito por":"Cope Alcoy","Tiempo de lectura":"2 minutos"},"schema":{"@context":"https:\/\/schema.org","@graph":[{"@type":"Article","@id":"https:\/\/www.copealcoy.es\/es\/jaume-pascual-es-el-nuevo-presidente-de-la-xafiga-de-muro\/#article","isPartOf":{"@id":"https:\/\/www.copealcoy.es\/es\/jaume-pascual-es-el-nuevo-presidente-de-la-xafiga-de-muro\/"},"author":{"name":"Cope Alcoy","@id":"https:\/\/www.copealcoy.es\/es\/#\/schema\/person\/e777c87fa024e57d40170af9df39882c"},"headline":"Jaume Pascual es el nuevo presidente de La Xafig\u00e0 de Muro","datePublished":"2026-03-11T07:00:48+00:00","dateModified":"2026-03-11T10:39:13+00:00","mainEntityOfPage":{"@id":"https:\/\/www.copealcoy.es\/es\/jaume-pascual-es-el-nuevo-presidente-de-la-xafiga-de-muro\/"},"wordCount":258,"image":{"@id":"https:\/\/www.copealcoy.es\/es\/jaume-pascual-es-el-nuevo-presidente-de-la-xafiga-de-muro\/#primaryimage"},"thumbnailUrl":"https:\/\/www.copealcoy.es\/wp-content\/uploads\/2026\/03\/unnamed-1-5.jpg","keywords":["Jaume Pascual","La Xafig\u00e0","Muro","nuevo presidente"],"articleSection":["Actualidad","Comarcas","Noticias"],"inLanguage":"es"},{"@type":"WebPage","@id":"https:\/\/www.copealcoy.es\/es\/jaume-pascual-es-el-nuevo-presidente-de-la-xafiga-de-muro\/","url":"https:\/\/www.copealcoy.es\/es\/jaume-pascual-es-el-nuevo-presidente-de-la-xafiga-de-muro\/","name":"Jaume Pascual es el nuevo presidente de La Xafig\u00e0 de Muro - COPE Alcoy","isPartOf":{"@id":"https:\/\/www.copealcoy.es\/es\/#website"},"primaryImageOfPage":{"@id":"https:\/\/www.copealcoy.es\/es\/jaume-pascual-es-el-nuevo-presidente-de-la-xafiga-de-muro\/#primaryimage"},"image":{"@id":"https:\/\/www.copealcoy.es\/es\/jaume-pascual-es-el-nuevo-presidente-de-la-xafiga-de-muro\/#primaryimage"},"thumbnailUrl":"https:\/\/www.copealcoy.es\/wp-content\/uploads\/2026\/03\/unnamed-1-5.jpg","datePublished":"2026-03-11T07:00:48+00:00","dateModified":"2026-03-11T10:39:13+00:00","author":{"@id":"https:\/\/www.copealcoy.es\/es\/#\/schema\/person\/e777c87fa024e57d40170af9df39882c"},"description":"Jaume Pascual es el nuevo presidente de La Xafig\u00e0 de Muro","breadcrumb":{"@id":"https:\/\/www.copealcoy.es\/es\/jaume-pascual-es-el-nuevo-presidente-de-la-xafiga-de-muro\/#breadcrumb"},"inLanguage":"es","potentialAction":[{"@type":"ReadAction","target":["https:\/\/www.copealcoy.es\/es\/jaume-pascual-es-el-nuevo-presidente-de-la-xafiga-de-muro\/"]}]},{"@type":"ImageObject","inLanguage":"es","@id":"https:\/\/www.copealcoy.es\/es\/jaume-pascual-es-el-nuevo-presidente-de-la-xafiga-de-muro\/#primaryimage","url":"https:\/\/www.copealcoy.es\/wp-content\/uploads\/2026\/03\/unnamed-1-5.jpg","contentUrl":"https:\/\/www.copealcoy.es\/wp-content\/uploads\/2026\/03\/unnamed-1-5.jpg","width":1142,"height":763},{"@type":"BreadcrumbList","@id":"https:\/\/www.copealcoy.es\/es\/jaume-pascual-es-el-nuevo-presidente-de-la-xafiga-de-muro\/#breadcrumb","itemListElement":[{"@type":"ListItem","position":1,"name":"Portada","item":"https:\/\/www.copealcoy.es\/es\/"},{"@type":"ListItem","position":2,"name":"Jaume Pascual es el nuevo presidente de La Xafig\u00e0 de Muro"}]},{"@type":"WebSite","@id":"https:\/\/www.copealcoy.es\/es\/#website","url":"https:\/\/www.copealcoy.es\/es\/","name":"COPE Alcoy","description":"Emisora COPE de radio local con emisi\u00f3n online. Pont de Sant Jordi 8-10 03803 Alcoy","potentialAction":[{"@type":"SearchAction","target":{"@type":"EntryPoint","urlTemplate":"https:\/\/www.copealcoy.es\/es\/?s={search_term_string}"},"query-input":{"@type":"PropertyValueSpecification","valueRequired":true,"valueName":"search_term_string"}}],"inLanguage":"es"},{"@type":"Person","@id":"https:\/\/www.copealcoy.es\/es\/#\/schema\/person\/e777c87fa024e57d40170af9df39882c","name":"Cope Alcoy","image":{"@type":"ImageObject","inLanguage":"es","@id":"https:\/\/secure.gravatar.com\/avatar\/bb65d0283347e303893ba14f0692005417c1e0e690a325a4c5d8bb2b3943ee14?s=96&d=mm&r=g","url":"https:\/\/secure.gravatar.com\/avatar\/bb65d0283347e303893ba14f0692005417c1e0e690a325a4c5d8bb2b3943ee14?s=96&d=mm&r=g","contentUrl":"https:\/\/secure.gravatar.com\/avatar\/bb65d0283347e303893ba14f0692005417c1e0e690a325a4c5d8bb2b3943ee14?s=96&d=mm&r=g","caption":"Cope Alcoy"}}]}},"_links":{"self":[{"href":"https:\/\/www.copealcoy.es\/es\/wp-json\/wp\/v2\/posts\/164391","targetHints":{"allow":["GET"]}}],"collection":[{"href":"https:\/\/www.copealcoy.es\/es\/wp-json\/wp\/v2\/posts"}],"about":[{"href":"https:\/\/www.copealcoy.es\/es\/wp-json\/wp\/v2\/types\/post"}],"author":[{"embeddable":true,"href":"https:\/\/www.copealcoy.es\/es\/wp-json\/wp\/v2\/users\/1"}],"replies":[{"embeddable":true,"href":"https:\/\/www.copealcoy.es\/es\/wp-json\/wp\/v2\/comments?post=164391"}],"version-history":[{"count":1,"href":"https:\/\/www.copealcoy.es\/es\/wp-json\/wp\/v2\/posts\/164391\/revisions"}],"predecessor-version":[{"id":164394,"href":"https:\/\/www.copealcoy.es\/es\/wp-json\/wp\/v2\/posts\/164391\/revisions\/164394"}],"wp:featuredmedia":[{"embeddable":true,"href":"https:\/\/www.copealcoy.es\/es\/wp-json\/wp\/v2\/media\/164392"}],"wp:attachment":[{"href":"https:\/\/www.copealcoy.es\/es\/wp-json\/wp\/v2\/media?parent=164391"}],"wp:term":[{"taxonomy":"category","embeddable":true,"href":"https:\/\/www.copealcoy.es\/es\/wp-json\/wp\/v2\/categories?post=164391"},{"taxonomy":"post_tag","embeddable":true,"href":"https:\/\/www.copealcoy.es\/es\/wp-json\/wp\/v2\/tags?post=164391"}],"curies":[{"name":"wp","href":"https:\/\/api.w.org\/{rel}","templated":true}]}}