{"id":164343,"date":"2026-03-05T16:57:34","date_gmt":"2026-03-05T15:57:34","guid":{"rendered":"https:\/\/www.copealcoy.es\/?p=164343"},"modified":"2026-03-05T17:02:40","modified_gmt":"2026-03-05T16:02:40","slug":"la-camara-de-comercio-de-alcoy-entrega-sus-premios-y-reconoce-al-tejido-empresarial-de-la-ciudad","status":"publish","type":"post","link":"https:\/\/www.copealcoy.es\/es\/la-camara-de-comercio-de-alcoy-entrega-sus-premios-y-reconoce-al-tejido-empresarial-de-la-ciudad\/","title":{"rendered":"La C\u00e1mara de Comercio de Alcoy entrega sus Premios y reconoce al tejido empresarial de la ciudad"},"content":{"rendered":"<p style=\"text-align: justify;\" data-start=\"88\" data-end=\"555\">La <a href=\"https:\/\/www.camaraalcoy.net\/\" target=\"_blank\" rel=\"noopener\"><span style=\"color: #0000ff;\"><strong data-start=\"91\" data-end=\"122\">C\u00e1mara de Comercio de Alcoy<\/strong><\/span><\/a> celebr\u00f3 ayer la <strong data-start=\"149\" data-end=\"195\">gala de entrega de los Premios C\u00e1mara 2026<\/strong>, un acto que volvi\u00f3 a poner en valor la <strong data-start=\"236\" data-end=\"310\">fortaleza, diversidad y capacidad de innovaci\u00f3n del tejido empresarial<\/strong> de la ciudad y de las comarcas de l\u2019Alcoi\u00e0 y El Comtat. La ceremonia tuvo lugar en el <strong data-start=\"397\" data-end=\"437\">sal\u00f3n Rotonda del C\u00edrculo Industrial<\/strong>, donde se reunieron m\u00e1s de <strong data-start=\"465\" data-end=\"483\">200 asistentes,<\/strong> y en la que estuvieron presentes empresarios, representantes institucionales y agentes econ\u00f3micos.<\/p>\n<p style=\"text-align: justify;\" data-start=\"557\" data-end=\"1214\">La gala estuvo presidida por la <strong data-start=\"589\" data-end=\"661\">consellera de Innovaci\u00f3n, Industria, Comercio y Turismo, Mari\u00e1n Cano<\/strong>; la <strong data-start=\"666\" data-end=\"729\">presidenta de la C\u00e1mara de Comercio de Alcoy, Luc\u00eda Pascual<\/strong>; y el <strong data-start=\"736\" data-end=\"770\">alcalde de Alcoy, Toni Franc\u00e9s<\/strong>. Tambi\u00e9n asistieron el <strong data-start=\"794\" data-end=\"846\">conseller de Emergencias, Juan Carlos Valderrama<\/strong>, secretarios auton\u00f3micos, s\u00edndics de diferentes partidos de <strong data-start=\"907\" data-end=\"932\">Les Corts Valencianes<\/strong>, miembros de la <strong data-start=\"949\" data-end=\"974\">corporaci\u00f3n municipal<\/strong> y representantes de las <strong data-start=\"999\" data-end=\"1066\">C\u00e1maras de Comercio de Alicante, Orihuela, Castell\u00f3n y Valencia<\/strong>. La periodista <strong data-start=\"1082\" data-end=\"1098\">Xesca Lloria<\/strong> fue la encargada de conducir el acto, que incluy\u00f3 la proyecci\u00f3n de v\u00eddeos dedicados a cada uno de los galardonados.<\/p>\n<p style=\"text-align: justify;\" data-start=\"1216\" data-end=\"1765\">En esta edici\u00f3n, los <strong data-start=\"1237\" data-end=\"1266\">Premios C\u00e1mara Alcoy 2026<\/strong> distinguieron a <strong data-start=\"1285\" data-end=\"1301\">Jorge Vaquer<\/strong> con el <strong data-start=\"1309\" data-end=\"1348\">Premio a la Trayectoria Empresarial<\/strong>; a <strong data-start=\"1352\" data-end=\"1384\">Jover Valls (Home FurniSinc)<\/strong> con el <strong data-start=\"1392\" data-end=\"1428\">Premio a la Internacionalizaci\u00f3n<\/strong>; a <strong data-start=\"1432\" data-end=\"1472\">C\u00e1ndido Mir\u00f3 S.A. \u2013 Aceitunas Serpis<\/strong> con el <strong data-start=\"1480\" data-end=\"1505\">Premio a la Industria<\/strong>; a la <strong data-start=\"1512\" data-end=\"1532\">Librer\u00eda Llorens<\/strong> con el <strong data-start=\"1540\" data-end=\"1562\">Premio al Comercio<\/strong>; y al <strong data-start=\"1569\" data-end=\"1601\">Restaurante Sant Francesc 52<\/strong> con el <strong data-start=\"1609\" data-end=\"1635\">Premio a los Servicios<\/strong>, reconociendo as\u00ed proyectos empresariales consolidados y tambi\u00e9n iniciativas que representan el dinamismo econ\u00f3mico de la ciudad. El reconocimiento a la <strong data-start=\"1790\" data-end=\"1817\">Trayectoria Empresarial<\/strong> recay\u00f3 en <strong data-start=\"1832\" data-end=\"1858\">Jorge Vaquer Calatayud<\/strong>, fundador de <strong data-start=\"1872\" data-end=\"1882\">Nirvel<\/strong>, quien ha liderado durante m\u00e1s de <strong data-start=\"1917\" data-end=\"1928\">45 a\u00f1os<\/strong> la transformaci\u00f3n de un proyecto local en una firma presente en m\u00e1s de <strong data-start=\"2000\" data-end=\"2013\">40 pa\u00edses<\/strong> dentro del sector de la <strong data-start=\"2038\" data-end=\"2078\">peluquer\u00eda y la est\u00e9tica profesional<\/strong>. Durante su intervenci\u00f3n, agradeci\u00f3 el galard\u00f3n en nombre de todos los premiados y asegur\u00f3 recibirlo <em data-start=\"2180\" data-end=\"2220\">\u201ccon una emoci\u00f3n dif\u00edcil de describir\u201d<\/em>. Adem\u00e1s, explic\u00f3 que siempre ha entendido la empresa <em data-start=\"2274\" data-end=\"2380\">\u201ccomo una extensi\u00f3n de los valores con los que me he criado: trabajo, esfuerzo, honestidad y compromiso\u201d,\u00a0<\/em>dijo.<\/p>\n<p style=\"text-align: justify;\" data-start=\"2383\" data-end=\"2795\">En la categor\u00eda de <strong data-start=\"2402\" data-end=\"2415\">Industria<\/strong>, el premio fue para <strong data-start=\"2440\" data-end=\"2480\">C\u00e1ndido Mir\u00f3 S.A. \u2013 Aceitunas Serpis<\/strong>, una de las empresas m\u00e1s emblem\u00e1ticas de la ciudad, con m\u00e1s de un siglo de historia. El jurado destac\u00f3 su capacidad para evolucionar hacia un <strong data-start=\"2628\" data-end=\"2671\">modelo empresarial moderno y sostenible<\/strong>, manteniendo el liderazgo en el sector gracias a su apuesta por la <strong data-start=\"2739\" data-end=\"2794\">innovaci\u00f3n, la investigaci\u00f3n y la econom\u00eda circular<\/strong>. El <strong data-start=\"2800\" data-end=\"2836\">Premio a la Internacionalizaci\u00f3n<\/strong> distingui\u00f3 a <strong data-start=\"2854\" data-end=\"2886\">Jover Valls (Home FurniSinc)<\/strong>, firma de <strong data-start=\"2897\" data-end=\"2919\">mobiliario de lujo<\/strong> fundada en 2018 que en pocos a\u00f1os ha logrado abrirse camino en mercados exigentes de <strong data-start=\"3005\" data-end=\"3047\">Estados Unidos, Europa y Oriente Medio<\/strong>, exportando dise\u00f1o de alto valor a\u00f1adido con piezas fabricadas \u00edntegramente en <strong data-start=\"3127\" data-end=\"3136\">Alcoy<\/strong>. Por su parte, el <strong data-start=\"3156\" data-end=\"3178\">Premio al Comercio<\/strong> fue para la <strong data-start=\"3195\" data-end=\"3215\">Librer\u00eda Llorens<\/strong>, un establecimiento hist\u00f3rico que en <strong data-start=\"3253\" data-end=\"3288\">2026 celebra su 150 aniversario,<\/strong> y el <strong data-start=\"3488\" data-end=\"3514\">Premio a los Servicios<\/strong> recay\u00f3 en el <strong data-start=\"3532\" data-end=\"3564\">Restaurante Sant Francesc 52<\/strong>, reconocido por su <strong data-start=\"3584\" data-end=\"3625\">excelencia en la gesti\u00f3n gastron\u00f3mica<\/strong> y por su apuesta por mantener viva la <strong data-start=\"3664\" data-end=\"3686\">cocina tradicional<\/strong>, una propuesta que desde hace <strong data-start=\"3717\" data-end=\"3728\">18 a\u00f1os<\/strong> contribuye a dinamizar el <strong data-start=\"3755\" data-end=\"3784\">centro hist\u00f3rico de Alcoy<\/strong>.<\/p>\n<p style=\"text-align: justify;\" data-start=\"3787\" data-end=\"4322\">Cabe destacar que durante el acto, el <strong data-start=\"3807\" data-end=\"3841\">alcalde de Alcoy, Toni Franc\u00e9s<\/strong>, destac\u00f3 que el reconocimiento trasciende a los premiados y simboliza el esfuerzo colectivo del empresariado local <em data-start=\"3958\" data-end=\"4160\">\u201cla noche de hoy reconoce, con nombre y apellidos, a personas concretas. Pero es extensivo a todo el tejido empresarial, trabajadores y trabajadoras, que cada d\u00eda se esfuerzan porque la ciudad avance\u201d<\/em>, afirm\u00f3. Tambi\u00e9n quiso agradecer el trabajo de la entidad organizadora se\u00f1alando que est\u00e1 <em data-start=\"4251\" data-end=\"4321\">\u201cagradecido de los proyectos que impulsan, y estamos a vuestro lado\u201d<\/em>. En la misma l\u00ednea se expres\u00f3 la <strong data-start=\"4356\" data-end=\"4419\">presidenta de la C\u00e1mara de Comercio de Alcoy, Luc\u00eda Pascual<\/strong>, quien subray\u00f3 el significado de la gala para la ciudad <em data-start=\"4477\" data-end=\"4595\">\u201choy es una noche de celebraci\u00f3n. Una noche para poner rostro al trabajo, a la constancia y a la visi\u00f3n empresarial\u201d<\/em>, se\u00f1al\u00f3, destacando que todos los premiados <em data-start=\"4640\" data-end=\"4739\">\u201crepresentan algo que define a esta ciudad: capacidad de trabajo, resiliencia y visi\u00f3n de futuro\u201d, <\/em>apostill\u00f3<em data-start=\"4640\" data-end=\"4739\">.<\/em> Finalmente, la <strong data-start=\"4759\" data-end=\"4785\">consellera Mari\u00e1n Cano<\/strong> puso en valor el peso industrial de la comarca y la capacidad de adaptaci\u00f3n de su tejido productivo <em data-start=\"4887\" data-end=\"5069\">\u201cestamos hoy en una comarca que no se entiende sin la trayectoria industrial de Alcoy. Esta ciudad y su entorno han demostrado durante d\u00e9cadas su capacidad singular para adaptarse\u201d<\/em>, afirm\u00f3. Cano a\u00f1adi\u00f3 que <em data-start=\"5095\" data-end=\"5177\">\u201ceso solo es posible cuando hay un ecosistema empresarial dispuesto a colaborar\u201d<\/em> y agradeci\u00f3 el trabajo de la C\u00e1mara de Comercio de Alcoy, que <em data-start=\"5240\" data-end=\"5337\">\u201cse ha convertido en un referente claro y lleva a\u00f1os acompa\u00f1ando al tejido industrial de Alcoy\u201d, <\/em>concluy\u00f3.<\/p>\n<p style=\"text-align: justify;\" data-start=\"5340\" data-end=\"5752\" data-is-last-node=\"\" data-is-only-node=\"\">Los <strong data-start=\"5344\" data-end=\"5368\">Premios C\u00e1mara Alcoy<\/strong> han estado organizados un a\u00f1o m\u00e1s por la <strong data-start=\"5394\" data-end=\"5425\">C\u00e1mara de Comercio de Alcoy<\/strong> y el <strong data-start=\"5431\" data-end=\"5456\">Ayuntamiento de Alcoy<\/strong>, con la colaboraci\u00f3n de la <strong data-start=\"5484\" data-end=\"5545\">Federaci\u00f3n de Empresarios de l\u2019Alcoi\u00e0 i El Comtat (FEDAC)<\/strong> y <strong data-start=\"5548\" data-end=\"5564\">Caixa Popular<\/strong>. Desde la organizaci\u00f3n agradecieron la participaci\u00f3n de todas las empresas candidatas y animarn al tejido empresarial a volver a optar a estos reconocimientos en pr\u00f3ximas ediciones.<\/p>\n","protected":false},"excerpt":{"rendered":"<p>La C\u00e1mara de Comercio de Alcoy celebr\u00f3 ayer la gala de entrega de los Premios C\u00e1mara 2026, un acto que&#8230;<\/p>\n","protected":false},"author":1,"featured_media":164344,"comment_status":"closed","ping_status":"closed","sticky":false,"template":"","format":"standard","meta":{"footnotes":""},"categories":[6909,97,75,79],"tags":[19266,1494,628,451],"class_list":["post-164343","post","type-post","status-publish","format-standard","has-post-thumbnail","hentry","category-actualidad","category-alcoy","category-noticias","category-politicayeconomia","tag-acto-de-entrega","tag-alcoy","tag-camara-de-comercio","tag-premios"],"yoast_head":"<!-- This site is optimized with the Yoast SEO plugin v27.3 - https:\/\/yoast.com\/product\/yoast-seo-wordpress\/ -->\n<title>La C\u00e1mara de Comercio de Alcoy entrega sus Premios y reconoce al tejido empresarial de la ciudad - COPE Alcoy<\/title>\n<meta name=\"description\" content=\"La C\u00e1mara de Comercio de Alcoy entrega sus Premios y reconoce al tejido empresarial de la ciudad\" \/>\n<meta name=\"robots\" content=\"index, follow, max-snippet:-1, max-image-preview:large, max-video-preview:-1\" \/>\n<link rel=\"canonical\" href=\"https:\/\/www.copealcoy.es\/es\/la-camara-de-comercio-de-alcoy-entrega-sus-premios-y-reconoce-al-tejido-empresarial-de-la-ciudad\/\" \/>\n<meta property=\"og:locale\" content=\"es_ES\" \/>\n<meta property=\"og:type\" content=\"article\" \/>\n<meta property=\"og:title\" content=\"La C\u00e1mara de Comercio de Alcoy entrega sus Premios y reconoce al tejido empresarial de la ciudad - COPE Alcoy\" \/>\n<meta property=\"og:description\" content=\"La C\u00e1mara de Comercio de Alcoy entrega sus Premios y reconoce al tejido empresarial de la ciudad\" \/>\n<meta property=\"og:url\" content=\"https:\/\/www.copealcoy.es\/es\/la-camara-de-comercio-de-alcoy-entrega-sus-premios-y-reconoce-al-tejido-empresarial-de-la-ciudad\/\" \/>\n<meta property=\"og:site_name\" content=\"COPE Alcoy\" \/>\n<meta property=\"article:published_time\" content=\"2026-03-05T15:57:34+00:00\" \/>\n<meta property=\"article:modified_time\" content=\"2026-03-05T16:02:40+00:00\" \/>\n<meta property=\"og:image\" content=\"https:\/\/www.copealcoy.es\/wp-content\/uploads\/2026\/03\/Foto-1.-Foto-de-familia.jpeg\" \/>\n\t<meta property=\"og:image:width\" content=\"1600\" \/>\n\t<meta property=\"og:image:height\" content=\"1066\" \/>\n\t<meta property=\"og:image:type\" content=\"image\/jpeg\" \/>\n<meta name=\"author\" content=\"Cope Alcoy\" \/>\n<meta name=\"twitter:label1\" content=\"Escrito por\" \/>\n\t<meta name=\"twitter:data1\" content=\"Cope Alcoy\" \/>\n\t<meta name=\"twitter:label2\" content=\"Tiempo de lectura\" \/>\n\t<meta name=\"twitter:data2\" content=\"5 minutos\" \/>\n<script type=\"application\/ld+json\" class=\"yoast-schema-graph\">{\"@context\":\"https:\\\/\\\/schema.org\",\"@graph\":[{\"@type\":\"Article\",\"@id\":\"https:\\\/\\\/www.copealcoy.es\\\/es\\\/la-camara-de-comercio-de-alcoy-entrega-sus-premios-y-reconoce-al-tejido-empresarial-de-la-ciudad\\\/#article\",\"isPartOf\":{\"@id\":\"https:\\\/\\\/www.copealcoy.es\\\/es\\\/la-camara-de-comercio-de-alcoy-entrega-sus-premios-y-reconoce-al-tejido-empresarial-de-la-ciudad\\\/\"},\"author\":{\"name\":\"Cope Alcoy\",\"@id\":\"https:\\\/\\\/www.copealcoy.es\\\/es\\\/#\\\/schema\\\/person\\\/e777c87fa024e57d40170af9df39882c\"},\"headline\":\"La C\u00e1mara de Comercio de Alcoy entrega sus Premios y reconoce al tejido empresarial de la ciudad\",\"datePublished\":\"2026-03-05T15:57:34+00:00\",\"dateModified\":\"2026-03-05T16:02:40+00:00\",\"mainEntityOfPage\":{\"@id\":\"https:\\\/\\\/www.copealcoy.es\\\/es\\\/la-camara-de-comercio-de-alcoy-entrega-sus-premios-y-reconoce-al-tejido-empresarial-de-la-ciudad\\\/\"},\"wordCount\":936,\"image\":{\"@id\":\"https:\\\/\\\/www.copealcoy.es\\\/es\\\/la-camara-de-comercio-de-alcoy-entrega-sus-premios-y-reconoce-al-tejido-empresarial-de-la-ciudad\\\/#primaryimage\"},\"thumbnailUrl\":\"https:\\\/\\\/www.copealcoy.es\\\/wp-content\\\/uploads\\\/2026\\\/03\\\/Foto-1.-Foto-de-familia.jpeg\",\"keywords\":[\"acto de entrega\",\"Alcoy\",\"C\u00e1mara de Comercio\",\"Premios\"],\"articleSection\":[\"Actualidad\",\"Alcoy\",\"Noticias\",\"Pol\u00edtica y Econom\u00eda\"],\"inLanguage\":\"es\"},{\"@type\":\"WebPage\",\"@id\":\"https:\\\/\\\/www.copealcoy.es\\\/es\\\/la-camara-de-comercio-de-alcoy-entrega-sus-premios-y-reconoce-al-tejido-empresarial-de-la-ciudad\\\/\",\"url\":\"https:\\\/\\\/www.copealcoy.es\\\/es\\\/la-camara-de-comercio-de-alcoy-entrega-sus-premios-y-reconoce-al-tejido-empresarial-de-la-ciudad\\\/\",\"name\":\"La C\u00e1mara de Comercio de Alcoy entrega sus Premios y reconoce al tejido empresarial de la ciudad - COPE Alcoy\",\"isPartOf\":{\"@id\":\"https:\\\/\\\/www.copealcoy.es\\\/es\\\/#website\"},\"primaryImageOfPage\":{\"@id\":\"https:\\\/\\\/www.copealcoy.es\\\/es\\\/la-camara-de-comercio-de-alcoy-entrega-sus-premios-y-reconoce-al-tejido-empresarial-de-la-ciudad\\\/#primaryimage\"},\"image\":{\"@id\":\"https:\\\/\\\/www.copealcoy.es\\\/es\\\/la-camara-de-comercio-de-alcoy-entrega-sus-premios-y-reconoce-al-tejido-empresarial-de-la-ciudad\\\/#primaryimage\"},\"thumbnailUrl\":\"https:\\\/\\\/www.copealcoy.es\\\/wp-content\\\/uploads\\\/2026\\\/03\\\/Foto-1.-Foto-de-familia.jpeg\",\"datePublished\":\"2026-03-05T15:57:34+00:00\",\"dateModified\":\"2026-03-05T16:02:40+00:00\",\"author\":{\"@id\":\"https:\\\/\\\/www.copealcoy.es\\\/es\\\/#\\\/schema\\\/person\\\/e777c87fa024e57d40170af9df39882c\"},\"description\":\"La C\u00e1mara de Comercio de Alcoy entrega sus Premios y reconoce al tejido empresarial de la ciudad\",\"breadcrumb\":{\"@id\":\"https:\\\/\\\/www.copealcoy.es\\\/es\\\/la-camara-de-comercio-de-alcoy-entrega-sus-premios-y-reconoce-al-tejido-empresarial-de-la-ciudad\\\/#breadcrumb\"},\"inLanguage\":\"es\",\"potentialAction\":[{\"@type\":\"ReadAction\",\"target\":[\"https:\\\/\\\/www.copealcoy.es\\\/es\\\/la-camara-de-comercio-de-alcoy-entrega-sus-premios-y-reconoce-al-tejido-empresarial-de-la-ciudad\\\/\"]}]},{\"@type\":\"ImageObject\",\"inLanguage\":\"es\",\"@id\":\"https:\\\/\\\/www.copealcoy.es\\\/es\\\/la-camara-de-comercio-de-alcoy-entrega-sus-premios-y-reconoce-al-tejido-empresarial-de-la-ciudad\\\/#primaryimage\",\"url\":\"https:\\\/\\\/www.copealcoy.es\\\/wp-content\\\/uploads\\\/2026\\\/03\\\/Foto-1.-Foto-de-familia.jpeg\",\"contentUrl\":\"https:\\\/\\\/www.copealcoy.es\\\/wp-content\\\/uploads\\\/2026\\\/03\\\/Foto-1.-Foto-de-familia.jpeg\",\"width\":1600,\"height\":1066},{\"@type\":\"BreadcrumbList\",\"@id\":\"https:\\\/\\\/www.copealcoy.es\\\/es\\\/la-camara-de-comercio-de-alcoy-entrega-sus-premios-y-reconoce-al-tejido-empresarial-de-la-ciudad\\\/#breadcrumb\",\"itemListElement\":[{\"@type\":\"ListItem\",\"position\":1,\"name\":\"Portada\",\"item\":\"https:\\\/\\\/www.copealcoy.es\\\/es\\\/\"},{\"@type\":\"ListItem\",\"position\":2,\"name\":\"La C\u00e1mara de Comercio de Alcoy entrega sus Premios y reconoce al tejido empresarial de la ciudad\"}]},{\"@type\":\"WebSite\",\"@id\":\"https:\\\/\\\/www.copealcoy.es\\\/es\\\/#website\",\"url\":\"https:\\\/\\\/www.copealcoy.es\\\/es\\\/\",\"name\":\"COPE Alcoy\",\"description\":\"Emisora COPE de radio local con emisi\u00f3n online. Pont de Sant Jordi 8-10 03803 Alcoy\",\"potentialAction\":[{\"@type\":\"SearchAction\",\"target\":{\"@type\":\"EntryPoint\",\"urlTemplate\":\"https:\\\/\\\/www.copealcoy.es\\\/es\\\/?s={search_term_string}\"},\"query-input\":{\"@type\":\"PropertyValueSpecification\",\"valueRequired\":true,\"valueName\":\"search_term_string\"}}],\"inLanguage\":\"es\"},{\"@type\":\"Person\",\"@id\":\"https:\\\/\\\/www.copealcoy.es\\\/es\\\/#\\\/schema\\\/person\\\/e777c87fa024e57d40170af9df39882c\",\"name\":\"Cope Alcoy\",\"image\":{\"@type\":\"ImageObject\",\"inLanguage\":\"es\",\"@id\":\"https:\\\/\\\/secure.gravatar.com\\\/avatar\\\/bb65d0283347e303893ba14f0692005417c1e0e690a325a4c5d8bb2b3943ee14?s=96&d=mm&r=g\",\"url\":\"https:\\\/\\\/secure.gravatar.com\\\/avatar\\\/bb65d0283347e303893ba14f0692005417c1e0e690a325a4c5d8bb2b3943ee14?s=96&d=mm&r=g\",\"contentUrl\":\"https:\\\/\\\/secure.gravatar.com\\\/avatar\\\/bb65d0283347e303893ba14f0692005417c1e0e690a325a4c5d8bb2b3943ee14?s=96&d=mm&r=g\",\"caption\":\"Cope Alcoy\"}}]}<\/script>\n<!-- \/ Yoast SEO plugin. -->","yoast_head_json":{"title":"La C\u00e1mara de Comercio de Alcoy entrega sus Premios y reconoce al tejido empresarial de la ciudad - COPE Alcoy","description":"La C\u00e1mara de Comercio de Alcoy entrega sus Premios y reconoce al tejido empresarial de la ciudad","robots":{"index":"index","follow":"follow","max-snippet":"max-snippet:-1","max-image-preview":"max-image-preview:large","max-video-preview":"max-video-preview:-1"},"canonical":"https:\/\/www.copealcoy.es\/es\/la-camara-de-comercio-de-alcoy-entrega-sus-premios-y-reconoce-al-tejido-empresarial-de-la-ciudad\/","og_locale":"es_ES","og_type":"article","og_title":"La C\u00e1mara de Comercio de Alcoy entrega sus Premios y reconoce al tejido empresarial de la ciudad - COPE Alcoy","og_description":"La C\u00e1mara de Comercio de Alcoy entrega sus Premios y reconoce al tejido empresarial de la ciudad","og_url":"https:\/\/www.copealcoy.es\/es\/la-camara-de-comercio-de-alcoy-entrega-sus-premios-y-reconoce-al-tejido-empresarial-de-la-ciudad\/","og_site_name":"COPE Alcoy","article_published_time":"2026-03-05T15:57:34+00:00","article_modified_time":"2026-03-05T16:02:40+00:00","og_image":[{"width":1600,"height":1066,"url":"https:\/\/www.copealcoy.es\/wp-content\/uploads\/2026\/03\/Foto-1.-Foto-de-familia.jpeg","type":"image\/jpeg"}],"author":"Cope Alcoy","twitter_misc":{"Escrito por":"Cope Alcoy","Tiempo de lectura":"5 minutos"},"schema":{"@context":"https:\/\/schema.org","@graph":[{"@type":"Article","@id":"https:\/\/www.copealcoy.es\/es\/la-camara-de-comercio-de-alcoy-entrega-sus-premios-y-reconoce-al-tejido-empresarial-de-la-ciudad\/#article","isPartOf":{"@id":"https:\/\/www.copealcoy.es\/es\/la-camara-de-comercio-de-alcoy-entrega-sus-premios-y-reconoce-al-tejido-empresarial-de-la-ciudad\/"},"author":{"name":"Cope Alcoy","@id":"https:\/\/www.copealcoy.es\/es\/#\/schema\/person\/e777c87fa024e57d40170af9df39882c"},"headline":"La C\u00e1mara de Comercio de Alcoy entrega sus Premios y reconoce al tejido empresarial de la ciudad","datePublished":"2026-03-05T15:57:34+00:00","dateModified":"2026-03-05T16:02:40+00:00","mainEntityOfPage":{"@id":"https:\/\/www.copealcoy.es\/es\/la-camara-de-comercio-de-alcoy-entrega-sus-premios-y-reconoce-al-tejido-empresarial-de-la-ciudad\/"},"wordCount":936,"image":{"@id":"https:\/\/www.copealcoy.es\/es\/la-camara-de-comercio-de-alcoy-entrega-sus-premios-y-reconoce-al-tejido-empresarial-de-la-ciudad\/#primaryimage"},"thumbnailUrl":"https:\/\/www.copealcoy.es\/wp-content\/uploads\/2026\/03\/Foto-1.-Foto-de-familia.jpeg","keywords":["acto de entrega","Alcoy","C\u00e1mara de Comercio","Premios"],"articleSection":["Actualidad","Alcoy","Noticias","Pol\u00edtica y Econom\u00eda"],"inLanguage":"es"},{"@type":"WebPage","@id":"https:\/\/www.copealcoy.es\/es\/la-camara-de-comercio-de-alcoy-entrega-sus-premios-y-reconoce-al-tejido-empresarial-de-la-ciudad\/","url":"https:\/\/www.copealcoy.es\/es\/la-camara-de-comercio-de-alcoy-entrega-sus-premios-y-reconoce-al-tejido-empresarial-de-la-ciudad\/","name":"La C\u00e1mara de Comercio de Alcoy entrega sus Premios y reconoce al tejido empresarial de la ciudad - COPE Alcoy","isPartOf":{"@id":"https:\/\/www.copealcoy.es\/es\/#website"},"primaryImageOfPage":{"@id":"https:\/\/www.copealcoy.es\/es\/la-camara-de-comercio-de-alcoy-entrega-sus-premios-y-reconoce-al-tejido-empresarial-de-la-ciudad\/#primaryimage"},"image":{"@id":"https:\/\/www.copealcoy.es\/es\/la-camara-de-comercio-de-alcoy-entrega-sus-premios-y-reconoce-al-tejido-empresarial-de-la-ciudad\/#primaryimage"},"thumbnailUrl":"https:\/\/www.copealcoy.es\/wp-content\/uploads\/2026\/03\/Foto-1.-Foto-de-familia.jpeg","datePublished":"2026-03-05T15:57:34+00:00","dateModified":"2026-03-05T16:02:40+00:00","author":{"@id":"https:\/\/www.copealcoy.es\/es\/#\/schema\/person\/e777c87fa024e57d40170af9df39882c"},"description":"La C\u00e1mara de Comercio de Alcoy entrega sus Premios y reconoce al tejido empresarial de la ciudad","breadcrumb":{"@id":"https:\/\/www.copealcoy.es\/es\/la-camara-de-comercio-de-alcoy-entrega-sus-premios-y-reconoce-al-tejido-empresarial-de-la-ciudad\/#breadcrumb"},"inLanguage":"es","potentialAction":[{"@type":"ReadAction","target":["https:\/\/www.copealcoy.es\/es\/la-camara-de-comercio-de-alcoy-entrega-sus-premios-y-reconoce-al-tejido-empresarial-de-la-ciudad\/"]}]},{"@type":"ImageObject","inLanguage":"es","@id":"https:\/\/www.copealcoy.es\/es\/la-camara-de-comercio-de-alcoy-entrega-sus-premios-y-reconoce-al-tejido-empresarial-de-la-ciudad\/#primaryimage","url":"https:\/\/www.copealcoy.es\/wp-content\/uploads\/2026\/03\/Foto-1.-Foto-de-familia.jpeg","contentUrl":"https:\/\/www.copealcoy.es\/wp-content\/uploads\/2026\/03\/Foto-1.-Foto-de-familia.jpeg","width":1600,"height":1066},{"@type":"BreadcrumbList","@id":"https:\/\/www.copealcoy.es\/es\/la-camara-de-comercio-de-alcoy-entrega-sus-premios-y-reconoce-al-tejido-empresarial-de-la-ciudad\/#breadcrumb","itemListElement":[{"@type":"ListItem","position":1,"name":"Portada","item":"https:\/\/www.copealcoy.es\/es\/"},{"@type":"ListItem","position":2,"name":"La C\u00e1mara de Comercio de Alcoy entrega sus Premios y reconoce al tejido empresarial de la ciudad"}]},{"@type":"WebSite","@id":"https:\/\/www.copealcoy.es\/es\/#website","url":"https:\/\/www.copealcoy.es\/es\/","name":"COPE Alcoy","description":"Emisora COPE de radio local con emisi\u00f3n online. Pont de Sant Jordi 8-10 03803 Alcoy","potentialAction":[{"@type":"SearchAction","target":{"@type":"EntryPoint","urlTemplate":"https:\/\/www.copealcoy.es\/es\/?s={search_term_string}"},"query-input":{"@type":"PropertyValueSpecification","valueRequired":true,"valueName":"search_term_string"}}],"inLanguage":"es"},{"@type":"Person","@id":"https:\/\/www.copealcoy.es\/es\/#\/schema\/person\/e777c87fa024e57d40170af9df39882c","name":"Cope Alcoy","image":{"@type":"ImageObject","inLanguage":"es","@id":"https:\/\/secure.gravatar.com\/avatar\/bb65d0283347e303893ba14f0692005417c1e0e690a325a4c5d8bb2b3943ee14?s=96&d=mm&r=g","url":"https:\/\/secure.gravatar.com\/avatar\/bb65d0283347e303893ba14f0692005417c1e0e690a325a4c5d8bb2b3943ee14?s=96&d=mm&r=g","contentUrl":"https:\/\/secure.gravatar.com\/avatar\/bb65d0283347e303893ba14f0692005417c1e0e690a325a4c5d8bb2b3943ee14?s=96&d=mm&r=g","caption":"Cope Alcoy"}}]}},"_links":{"self":[{"href":"https:\/\/www.copealcoy.es\/es\/wp-json\/wp\/v2\/posts\/164343","targetHints":{"allow":["GET"]}}],"collection":[{"href":"https:\/\/www.copealcoy.es\/es\/wp-json\/wp\/v2\/posts"}],"about":[{"href":"https:\/\/www.copealcoy.es\/es\/wp-json\/wp\/v2\/types\/post"}],"author":[{"embeddable":true,"href":"https:\/\/www.copealcoy.es\/es\/wp-json\/wp\/v2\/users\/1"}],"replies":[{"embeddable":true,"href":"https:\/\/www.copealcoy.es\/es\/wp-json\/wp\/v2\/comments?post=164343"}],"version-history":[{"count":1,"href":"https:\/\/www.copealcoy.es\/es\/wp-json\/wp\/v2\/posts\/164343\/revisions"}],"predecessor-version":[{"id":164346,"href":"https:\/\/www.copealcoy.es\/es\/wp-json\/wp\/v2\/posts\/164343\/revisions\/164346"}],"wp:featuredmedia":[{"embeddable":true,"href":"https:\/\/www.copealcoy.es\/es\/wp-json\/wp\/v2\/media\/164344"}],"wp:attachment":[{"href":"https:\/\/www.copealcoy.es\/es\/wp-json\/wp\/v2\/media?parent=164343"}],"wp:term":[{"taxonomy":"category","embeddable":true,"href":"https:\/\/www.copealcoy.es\/es\/wp-json\/wp\/v2\/categories?post=164343"},{"taxonomy":"post_tag","embeddable":true,"href":"https:\/\/www.copealcoy.es\/es\/wp-json\/wp\/v2\/tags?post=164343"}],"curies":[{"name":"wp","href":"https:\/\/api.w.org\/{rel}","templated":true}]}}