{"id":16429,"date":"2015-10-13T21:07:03","date_gmt":"2015-10-13T21:07:03","guid":{"rendered":"http:\/\/copealcoi.es\/new\/?p=16429"},"modified":"2015-10-13T21:14:02","modified_gmt":"2015-10-13T21:14:02","slug":"el-gobierno-contestano-hace-balance-del-comienzo-de-legislatura","status":"publish","type":"post","link":"https:\/\/www.copealcoy.es\/es\/el-gobierno-contestano-hace-balance-del-comienzo-de-legislatura\/","title":{"rendered":"El Gobierno contestano hace balance del comienzo de legislatura"},"content":{"rendered":"<p style=\"text-align: justify;\">El Gobierno Local de Cocentaina, que lidera el Partido Socialista, ha valorado los primeros cien d\u00edas de esta legislatura y ha destacado en un comunicado que la cultura junto a la ocupaci\u00f3n han sido dos de las principales apuestas. El ejecutivo ha recordado que se ha puesto en marcha un plan de empleo para 24 personas al mismo tiempo que anuncian\u00a0la entrada pronto\u00a0en vigor \u00a0de otra iniciativa de estas caracter\u00edsticas con la colaboraci\u00f3n de la administraci\u00f3n local, auton\u00f3mica y central. Los socialistas tambi\u00e9n explican\u00a0que se han convocado nuevas ayudas para la rehabilitaci\u00f3n de fachadas en el casco antiguo y han a\u00f1adido\u00a0que iniciar\u00e1n una auditoria para conocer el estado de los pol\u00edgonos industriales con el fin de\u00a0garantizar que estos se ajustan a la normativa vigente.<\/p>\n<p style=\"text-align: justify;\">La alcaldesa de Cocentaina, Mireia Estepa, ha se\u00f1alado que entre los retos de futuro destacan la ampliaci\u00f3n del Centro de Salud y la unificaci\u00f3n del Colegio San Juan Bosco &#8220;vamos a seguir pidiendo donde toca estos proyectos\u00a0aunque sabemos de las dificultades heredadas de la Generalitat Valenciana. Y respecto a la oposici\u00f3n municipal estaremos siempre con la mano abierta a sus propuestas que\u00a0deben venir acompa\u00f1adas de estudios fundamentados no de meras peticiones y esa tarea tambi\u00e9n se la encomendaron los contestanos y contestanas. A pesar de que han impedido que los concejales que gobiernan tengan alg\u00fan tipo de dedicaci\u00f3n para atender mejor a nuestro pueblo, si nos buscan nos encontrar\u00e1n abiertos a colaborar para que ante las dificultades nuestra respuesta es darlo todo&#8221;, indica.<\/p>\n<p style=\"text-align: justify;\">Por \u00faltimo desde el PSOE contestano apuntan que se elaborar\u00e1 un plan de accesibilidad y detallan que\u00a0en clave cultural se ha trabajado en la organizaci\u00f3n de las fiestas populares de las pedan\u00edas al mismo tiempo que se han llevado a cabo gestiones para la declaraci\u00f3n de la Fira de Tots Sants como fiesta de Inter\u00e9s Tur\u00edstico Internacional.<\/p>\n<p style=\"text-align: justify;\">\n","protected":false},"excerpt":{"rendered":"<p>El Gobierno Local de Cocentaina, que lidera el Partido Socialista, ha valorado los primeros cien d\u00edas de esta legislatura y&#8230;<\/p>\n","protected":false},"author":1,"featured_media":16432,"comment_status":"open","ping_status":"open","sticky":false,"template":"","format":"standard","meta":{"footnotes":""},"categories":[98,75],"tags":[430,132,237,217,560,371],"class_list":["post-16429","post","type-post","status-publish","format-standard","has-post-thumbnail","hentry","category-comarcas","category-noticias","tag-balance","tag-cocentaina","tag-comtat","tag-gobierno","tag-legislatura","tag-psoe"],"yoast_head":"<!-- This site is optimized with the Yoast SEO plugin v27.3 - https:\/\/yoast.com\/product\/yoast-seo-wordpress\/ -->\n<title>El Gobierno contestano hace balance del comienzo de legislatura - COPE Alcoy<\/title>\n<meta name=\"robots\" content=\"index, follow, max-snippet:-1, max-image-preview:large, max-video-preview:-1\" \/>\n<link rel=\"canonical\" href=\"https:\/\/www.copealcoy.es\/es\/el-gobierno-contestano-hace-balance-del-comienzo-de-legislatura\/\" \/>\n<meta property=\"og:locale\" content=\"es_ES\" \/>\n<meta property=\"og:type\" content=\"article\" \/>\n<meta property=\"og:title\" content=\"El Gobierno contestano hace balance del comienzo de legislatura - COPE Alcoy\" \/>\n<meta property=\"og:description\" content=\"El Gobierno Local de Cocentaina, que lidera el Partido Socialista, ha valorado los primeros cien d\u00edas de esta legislatura y...\" \/>\n<meta property=\"og:url\" content=\"https:\/\/www.copealcoy.es\/es\/el-gobierno-contestano-hace-balance-del-comienzo-de-legislatura\/\" \/>\n<meta property=\"og:site_name\" content=\"COPE Alcoy\" \/>\n<meta property=\"article:published_time\" content=\"2015-10-13T21:07:03+00:00\" \/>\n<meta property=\"article:modified_time\" content=\"2015-10-13T21:14:02+00:00\" \/>\n<meta property=\"og:image\" content=\"https:\/\/www.copealcoy.es\/wp-content\/uploads\/2015\/10\/Captura-de-pantalla-2015-10-13-a-las-23.08.33.jpg\" \/>\n\t<meta property=\"og:image:width\" content=\"734\" \/>\n\t<meta property=\"og:image:height\" content=\"400\" \/>\n\t<meta property=\"og:image:type\" content=\"image\/jpeg\" \/>\n<meta name=\"author\" content=\"Cope Alcoy\" \/>\n<meta name=\"twitter:label1\" content=\"Escrito por\" \/>\n\t<meta name=\"twitter:data1\" content=\"Cope Alcoy\" \/>\n\t<meta name=\"twitter:label2\" content=\"Tiempo de lectura\" \/>\n\t<meta name=\"twitter:data2\" content=\"2 minutos\" \/>\n<script type=\"application\/ld+json\" class=\"yoast-schema-graph\">{\"@context\":\"https:\\\/\\\/schema.org\",\"@graph\":[{\"@type\":\"Article\",\"@id\":\"https:\\\/\\\/www.copealcoy.es\\\/es\\\/el-gobierno-contestano-hace-balance-del-comienzo-de-legislatura\\\/#article\",\"isPartOf\":{\"@id\":\"https:\\\/\\\/www.copealcoy.es\\\/es\\\/el-gobierno-contestano-hace-balance-del-comienzo-de-legislatura\\\/\"},\"author\":{\"name\":\"Cope Alcoy\",\"@id\":\"https:\\\/\\\/www.copealcoy.es\\\/es\\\/#\\\/schema\\\/person\\\/e777c87fa024e57d40170af9df39882c\"},\"headline\":\"El Gobierno contestano hace balance del comienzo de legislatura\",\"datePublished\":\"2015-10-13T21:07:03+00:00\",\"dateModified\":\"2015-10-13T21:14:02+00:00\",\"mainEntityOfPage\":{\"@id\":\"https:\\\/\\\/www.copealcoy.es\\\/es\\\/el-gobierno-contestano-hace-balance-del-comienzo-de-legislatura\\\/\"},\"wordCount\":345,\"commentCount\":0,\"image\":{\"@id\":\"https:\\\/\\\/www.copealcoy.es\\\/es\\\/el-gobierno-contestano-hace-balance-del-comienzo-de-legislatura\\\/#primaryimage\"},\"thumbnailUrl\":\"https:\\\/\\\/www.copealcoy.es\\\/wp-content\\\/uploads\\\/2015\\\/10\\\/Captura-de-pantalla-2015-10-13-a-las-23.08.33.jpg\",\"keywords\":[\"Balance\",\"Cocentaina\",\"Comtat\",\"Gobierno\",\"Legislatura\",\"PSOE\"],\"articleSection\":[\"Comarcas\",\"Noticias\"],\"inLanguage\":\"es\"},{\"@type\":\"WebPage\",\"@id\":\"https:\\\/\\\/www.copealcoy.es\\\/es\\\/el-gobierno-contestano-hace-balance-del-comienzo-de-legislatura\\\/\",\"url\":\"https:\\\/\\\/www.copealcoy.es\\\/es\\\/el-gobierno-contestano-hace-balance-del-comienzo-de-legislatura\\\/\",\"name\":\"El Gobierno contestano hace balance del comienzo de legislatura - COPE Alcoy\",\"isPartOf\":{\"@id\":\"https:\\\/\\\/www.copealcoy.es\\\/es\\\/#website\"},\"primaryImageOfPage\":{\"@id\":\"https:\\\/\\\/www.copealcoy.es\\\/es\\\/el-gobierno-contestano-hace-balance-del-comienzo-de-legislatura\\\/#primaryimage\"},\"image\":{\"@id\":\"https:\\\/\\\/www.copealcoy.es\\\/es\\\/el-gobierno-contestano-hace-balance-del-comienzo-de-legislatura\\\/#primaryimage\"},\"thumbnailUrl\":\"https:\\\/\\\/www.copealcoy.es\\\/wp-content\\\/uploads\\\/2015\\\/10\\\/Captura-de-pantalla-2015-10-13-a-las-23.08.33.jpg\",\"datePublished\":\"2015-10-13T21:07:03+00:00\",\"dateModified\":\"2015-10-13T21:14:02+00:00\",\"author\":{\"@id\":\"https:\\\/\\\/www.copealcoy.es\\\/es\\\/#\\\/schema\\\/person\\\/e777c87fa024e57d40170af9df39882c\"},\"breadcrumb\":{\"@id\":\"https:\\\/\\\/www.copealcoy.es\\\/es\\\/el-gobierno-contestano-hace-balance-del-comienzo-de-legislatura\\\/#breadcrumb\"},\"inLanguage\":\"es\",\"potentialAction\":[{\"@type\":\"ReadAction\",\"target\":[\"https:\\\/\\\/www.copealcoy.es\\\/es\\\/el-gobierno-contestano-hace-balance-del-comienzo-de-legislatura\\\/\"]}]},{\"@type\":\"ImageObject\",\"inLanguage\":\"es\",\"@id\":\"https:\\\/\\\/www.copealcoy.es\\\/es\\\/el-gobierno-contestano-hace-balance-del-comienzo-de-legislatura\\\/#primaryimage\",\"url\":\"https:\\\/\\\/www.copealcoy.es\\\/wp-content\\\/uploads\\\/2015\\\/10\\\/Captura-de-pantalla-2015-10-13-a-las-23.08.33.jpg\",\"contentUrl\":\"https:\\\/\\\/www.copealcoy.es\\\/wp-content\\\/uploads\\\/2015\\\/10\\\/Captura-de-pantalla-2015-10-13-a-las-23.08.33.jpg\",\"width\":734,\"height\":400,\"caption\":\"Equipo de Gobierno de Cocentaina liderado por Mireia Estepa\"},{\"@type\":\"BreadcrumbList\",\"@id\":\"https:\\\/\\\/www.copealcoy.es\\\/es\\\/el-gobierno-contestano-hace-balance-del-comienzo-de-legislatura\\\/#breadcrumb\",\"itemListElement\":[{\"@type\":\"ListItem\",\"position\":1,\"name\":\"Portada\",\"item\":\"https:\\\/\\\/www.copealcoy.es\\\/es\\\/\"},{\"@type\":\"ListItem\",\"position\":2,\"name\":\"El Gobierno contestano hace balance del comienzo de legislatura\"}]},{\"@type\":\"WebSite\",\"@id\":\"https:\\\/\\\/www.copealcoy.es\\\/es\\\/#website\",\"url\":\"https:\\\/\\\/www.copealcoy.es\\\/es\\\/\",\"name\":\"COPE Alcoy\",\"description\":\"Emisora COPE de radio local con emisi\u00f3n online. Pont de Sant Jordi 8-10 03803 Alcoy\",\"potentialAction\":[{\"@type\":\"SearchAction\",\"target\":{\"@type\":\"EntryPoint\",\"urlTemplate\":\"https:\\\/\\\/www.copealcoy.es\\\/es\\\/?s={search_term_string}\"},\"query-input\":{\"@type\":\"PropertyValueSpecification\",\"valueRequired\":true,\"valueName\":\"search_term_string\"}}],\"inLanguage\":\"es\"},{\"@type\":\"Person\",\"@id\":\"https:\\\/\\\/www.copealcoy.es\\\/es\\\/#\\\/schema\\\/person\\\/e777c87fa024e57d40170af9df39882c\",\"name\":\"Cope Alcoy\",\"image\":{\"@type\":\"ImageObject\",\"inLanguage\":\"es\",\"@id\":\"https:\\\/\\\/secure.gravatar.com\\\/avatar\\\/bb65d0283347e303893ba14f0692005417c1e0e690a325a4c5d8bb2b3943ee14?s=96&d=mm&r=g\",\"url\":\"https:\\\/\\\/secure.gravatar.com\\\/avatar\\\/bb65d0283347e303893ba14f0692005417c1e0e690a325a4c5d8bb2b3943ee14?s=96&d=mm&r=g\",\"contentUrl\":\"https:\\\/\\\/secure.gravatar.com\\\/avatar\\\/bb65d0283347e303893ba14f0692005417c1e0e690a325a4c5d8bb2b3943ee14?s=96&d=mm&r=g\",\"caption\":\"Cope Alcoy\"}}]}<\/script>\n<!-- \/ Yoast SEO plugin. -->","yoast_head_json":{"title":"El Gobierno contestano hace balance del comienzo de legislatura - COPE Alcoy","robots":{"index":"index","follow":"follow","max-snippet":"max-snippet:-1","max-image-preview":"max-image-preview:large","max-video-preview":"max-video-preview:-1"},"canonical":"https:\/\/www.copealcoy.es\/es\/el-gobierno-contestano-hace-balance-del-comienzo-de-legislatura\/","og_locale":"es_ES","og_type":"article","og_title":"El Gobierno contestano hace balance del comienzo de legislatura - COPE Alcoy","og_description":"El Gobierno Local de Cocentaina, que lidera el Partido Socialista, ha valorado los primeros cien d\u00edas de esta legislatura y...","og_url":"https:\/\/www.copealcoy.es\/es\/el-gobierno-contestano-hace-balance-del-comienzo-de-legislatura\/","og_site_name":"COPE Alcoy","article_published_time":"2015-10-13T21:07:03+00:00","article_modified_time":"2015-10-13T21:14:02+00:00","og_image":[{"width":734,"height":400,"url":"https:\/\/www.copealcoy.es\/wp-content\/uploads\/2015\/10\/Captura-de-pantalla-2015-10-13-a-las-23.08.33.jpg","type":"image\/jpeg"}],"author":"Cope Alcoy","twitter_misc":{"Escrito por":"Cope Alcoy","Tiempo de lectura":"2 minutos"},"schema":{"@context":"https:\/\/schema.org","@graph":[{"@type":"Article","@id":"https:\/\/www.copealcoy.es\/es\/el-gobierno-contestano-hace-balance-del-comienzo-de-legislatura\/#article","isPartOf":{"@id":"https:\/\/www.copealcoy.es\/es\/el-gobierno-contestano-hace-balance-del-comienzo-de-legislatura\/"},"author":{"name":"Cope Alcoy","@id":"https:\/\/www.copealcoy.es\/es\/#\/schema\/person\/e777c87fa024e57d40170af9df39882c"},"headline":"El Gobierno contestano hace balance del comienzo de legislatura","datePublished":"2015-10-13T21:07:03+00:00","dateModified":"2015-10-13T21:14:02+00:00","mainEntityOfPage":{"@id":"https:\/\/www.copealcoy.es\/es\/el-gobierno-contestano-hace-balance-del-comienzo-de-legislatura\/"},"wordCount":345,"commentCount":0,"image":{"@id":"https:\/\/www.copealcoy.es\/es\/el-gobierno-contestano-hace-balance-del-comienzo-de-legislatura\/#primaryimage"},"thumbnailUrl":"https:\/\/www.copealcoy.es\/wp-content\/uploads\/2015\/10\/Captura-de-pantalla-2015-10-13-a-las-23.08.33.jpg","keywords":["Balance","Cocentaina","Comtat","Gobierno","Legislatura","PSOE"],"articleSection":["Comarcas","Noticias"],"inLanguage":"es"},{"@type":"WebPage","@id":"https:\/\/www.copealcoy.es\/es\/el-gobierno-contestano-hace-balance-del-comienzo-de-legislatura\/","url":"https:\/\/www.copealcoy.es\/es\/el-gobierno-contestano-hace-balance-del-comienzo-de-legislatura\/","name":"El Gobierno contestano hace balance del comienzo de legislatura - COPE Alcoy","isPartOf":{"@id":"https:\/\/www.copealcoy.es\/es\/#website"},"primaryImageOfPage":{"@id":"https:\/\/www.copealcoy.es\/es\/el-gobierno-contestano-hace-balance-del-comienzo-de-legislatura\/#primaryimage"},"image":{"@id":"https:\/\/www.copealcoy.es\/es\/el-gobierno-contestano-hace-balance-del-comienzo-de-legislatura\/#primaryimage"},"thumbnailUrl":"https:\/\/www.copealcoy.es\/wp-content\/uploads\/2015\/10\/Captura-de-pantalla-2015-10-13-a-las-23.08.33.jpg","datePublished":"2015-10-13T21:07:03+00:00","dateModified":"2015-10-13T21:14:02+00:00","author":{"@id":"https:\/\/www.copealcoy.es\/es\/#\/schema\/person\/e777c87fa024e57d40170af9df39882c"},"breadcrumb":{"@id":"https:\/\/www.copealcoy.es\/es\/el-gobierno-contestano-hace-balance-del-comienzo-de-legislatura\/#breadcrumb"},"inLanguage":"es","potentialAction":[{"@type":"ReadAction","target":["https:\/\/www.copealcoy.es\/es\/el-gobierno-contestano-hace-balance-del-comienzo-de-legislatura\/"]}]},{"@type":"ImageObject","inLanguage":"es","@id":"https:\/\/www.copealcoy.es\/es\/el-gobierno-contestano-hace-balance-del-comienzo-de-legislatura\/#primaryimage","url":"https:\/\/www.copealcoy.es\/wp-content\/uploads\/2015\/10\/Captura-de-pantalla-2015-10-13-a-las-23.08.33.jpg","contentUrl":"https:\/\/www.copealcoy.es\/wp-content\/uploads\/2015\/10\/Captura-de-pantalla-2015-10-13-a-las-23.08.33.jpg","width":734,"height":400,"caption":"Equipo de Gobierno de Cocentaina liderado por Mireia Estepa"},{"@type":"BreadcrumbList","@id":"https:\/\/www.copealcoy.es\/es\/el-gobierno-contestano-hace-balance-del-comienzo-de-legislatura\/#breadcrumb","itemListElement":[{"@type":"ListItem","position":1,"name":"Portada","item":"https:\/\/www.copealcoy.es\/es\/"},{"@type":"ListItem","position":2,"name":"El Gobierno contestano hace balance del comienzo de legislatura"}]},{"@type":"WebSite","@id":"https:\/\/www.copealcoy.es\/es\/#website","url":"https:\/\/www.copealcoy.es\/es\/","name":"COPE Alcoy","description":"Emisora COPE de radio local con emisi\u00f3n online. Pont de Sant Jordi 8-10 03803 Alcoy","potentialAction":[{"@type":"SearchAction","target":{"@type":"EntryPoint","urlTemplate":"https:\/\/www.copealcoy.es\/es\/?s={search_term_string}"},"query-input":{"@type":"PropertyValueSpecification","valueRequired":true,"valueName":"search_term_string"}}],"inLanguage":"es"},{"@type":"Person","@id":"https:\/\/www.copealcoy.es\/es\/#\/schema\/person\/e777c87fa024e57d40170af9df39882c","name":"Cope Alcoy","image":{"@type":"ImageObject","inLanguage":"es","@id":"https:\/\/secure.gravatar.com\/avatar\/bb65d0283347e303893ba14f0692005417c1e0e690a325a4c5d8bb2b3943ee14?s=96&d=mm&r=g","url":"https:\/\/secure.gravatar.com\/avatar\/bb65d0283347e303893ba14f0692005417c1e0e690a325a4c5d8bb2b3943ee14?s=96&d=mm&r=g","contentUrl":"https:\/\/secure.gravatar.com\/avatar\/bb65d0283347e303893ba14f0692005417c1e0e690a325a4c5d8bb2b3943ee14?s=96&d=mm&r=g","caption":"Cope Alcoy"}}]}},"_links":{"self":[{"href":"https:\/\/www.copealcoy.es\/es\/wp-json\/wp\/v2\/posts\/16429","targetHints":{"allow":["GET"]}}],"collection":[{"href":"https:\/\/www.copealcoy.es\/es\/wp-json\/wp\/v2\/posts"}],"about":[{"href":"https:\/\/www.copealcoy.es\/es\/wp-json\/wp\/v2\/types\/post"}],"author":[{"embeddable":true,"href":"https:\/\/www.copealcoy.es\/es\/wp-json\/wp\/v2\/users\/1"}],"replies":[{"embeddable":true,"href":"https:\/\/www.copealcoy.es\/es\/wp-json\/wp\/v2\/comments?post=16429"}],"version-history":[{"count":0,"href":"https:\/\/www.copealcoy.es\/es\/wp-json\/wp\/v2\/posts\/16429\/revisions"}],"wp:featuredmedia":[{"embeddable":true,"href":"https:\/\/www.copealcoy.es\/es\/wp-json\/wp\/v2\/media\/16432"}],"wp:attachment":[{"href":"https:\/\/www.copealcoy.es\/es\/wp-json\/wp\/v2\/media?parent=16429"}],"wp:term":[{"taxonomy":"category","embeddable":true,"href":"https:\/\/www.copealcoy.es\/es\/wp-json\/wp\/v2\/categories?post=16429"},{"taxonomy":"post_tag","embeddable":true,"href":"https:\/\/www.copealcoy.es\/es\/wp-json\/wp\/v2\/tags?post=16429"}],"curies":[{"name":"wp","href":"https:\/\/api.w.org\/{rel}","templated":true}]}}