{"id":16382,"date":"2015-10-12T08:59:14","date_gmt":"2015-10-12T08:59:14","guid":{"rendered":"http:\/\/copealcoi.es\/new\/?p=16382"},"modified":"2015-10-12T15:18:13","modified_gmt":"2015-10-12T15:18:13","slug":"ana-delia-gisbert-vocal-de-la-federacion-de-municipios","status":"publish","type":"post","link":"https:\/\/www.copealcoy.es\/es\/ana-delia-gisbert-vocal-de-la-federacion-de-municipios\/","title":{"rendered":"Ana Delia Gisbert vocal de la Federaci\u00f3n de Municipios"},"content":{"rendered":"<p style=\"text-align: justify;\">La alcaldesa de Benilloba, Anna Delia Gisbert, ha sido elegida como vocal de la Federaci\u00f3n Valenciana\u00a0de Municipios y Provincias de cara a los pr\u00f3ximos cuatro a\u00f1os. El acuerdo entre PSOE y Comprom\u00eds ha permitido el nombramiento del alcalde de Elda, Rub\u00e9n Alfaro, como Presidente as\u00ed como el reparto de competencias mediante el cual la primera de las formaciones pol\u00edticas asumir\u00e1 las \u00e1reas de trabajo, relaciones institucionales, coordinaci\u00f3n y vertebraci\u00f3n territorial mientras que la segunda se encargar\u00e1 de r\u00e9gimen interior, asesoramiento jur\u00eddico y b\u00fasqueda \u00a0de subvenciones y formaci\u00f3n.<\/p>\n<p style=\"text-align: justify;\">La asamblea de la Federaci\u00f3n tuvo lugar en el Oceanogr\u00e1fico de la Ciudad de las Artes y las Ciencias de la ciudad Valencia y Anna Delia Gisbert destac\u00f3 la importancia de este organismo &#8220;entidades como la FVMP tienen gran importancia ya que pueden ser un punto de encuentro para los diferentes pueblos del pa\u00eds, en especial para los m\u00e1s peque\u00f1os. Pueden beneficiarse de asesoramiento o cobertura informativa, por ejemplo &#8220;, concluy\u00f3.<\/p>\n","protected":false},"excerpt":{"rendered":"<p>La alcaldesa de Benilloba, Anna Delia Gisbert, ha sido elegida como vocal de la Federaci\u00f3n Valenciana\u00a0de Municipios y Provincias de&#8230;<\/p>\n","protected":false},"author":1,"featured_media":11033,"comment_status":"open","ping_status":"open","sticky":false,"template":"","format":"standard","meta":{"footnotes":""},"categories":[98,75],"tags":[661,237,1497,1498,422],"class_list":["post-16382","post","type-post","status-publish","format-standard","has-post-thumbnail","hentry","category-comarcas","category-noticias","tag-benilloba","tag-comtat","tag-federacion-espanola-municipios","tag-federacion-municipios","tag-politica"],"yoast_head":"<!-- This site is optimized with the Yoast SEO plugin v27.3 - https:\/\/yoast.com\/product\/yoast-seo-wordpress\/ -->\n<title>Ana Delia Gisbert vocal de la Federaci\u00f3n de Municipios - COPE Alcoy<\/title>\n<meta name=\"robots\" content=\"index, follow, max-snippet:-1, max-image-preview:large, max-video-preview:-1\" \/>\n<link rel=\"canonical\" href=\"https:\/\/www.copealcoy.es\/es\/ana-delia-gisbert-vocal-de-la-federacion-de-municipios\/\" \/>\n<meta property=\"og:locale\" content=\"es_ES\" \/>\n<meta property=\"og:type\" content=\"article\" \/>\n<meta property=\"og:title\" content=\"Ana Delia Gisbert vocal de la Federaci\u00f3n de Municipios - COPE Alcoy\" \/>\n<meta property=\"og:description\" content=\"La alcaldesa de Benilloba, Anna Delia Gisbert, ha sido elegida como vocal de la Federaci\u00f3n Valenciana\u00a0de Municipios y Provincias de...\" \/>\n<meta property=\"og:url\" content=\"https:\/\/www.copealcoy.es\/es\/ana-delia-gisbert-vocal-de-la-federacion-de-municipios\/\" \/>\n<meta property=\"og:site_name\" content=\"COPE Alcoy\" \/>\n<meta property=\"article:published_time\" content=\"2015-10-12T08:59:14+00:00\" \/>\n<meta property=\"article:modified_time\" content=\"2015-10-12T15:18:13+00:00\" \/>\n<meta property=\"og:image\" content=\"https:\/\/www.copealcoy.es\/wp-content\/uploads\/2015\/03\/image12.jpg\" \/>\n\t<meta property=\"og:image:width\" content=\"670\" \/>\n\t<meta property=\"og:image:height\" content=\"377\" \/>\n\t<meta property=\"og:image:type\" content=\"image\/jpeg\" \/>\n<meta name=\"author\" content=\"Cope Alcoy\" \/>\n<meta name=\"twitter:label1\" content=\"Escrito por\" \/>\n\t<meta name=\"twitter:data1\" content=\"Cope Alcoy\" \/>\n\t<meta name=\"twitter:label2\" content=\"Tiempo de lectura\" \/>\n\t<meta name=\"twitter:data2\" content=\"1 minuto\" \/>\n<script type=\"application\/ld+json\" class=\"yoast-schema-graph\">{\"@context\":\"https:\\\/\\\/schema.org\",\"@graph\":[{\"@type\":\"Article\",\"@id\":\"https:\\\/\\\/www.copealcoy.es\\\/es\\\/ana-delia-gisbert-vocal-de-la-federacion-de-municipios\\\/#article\",\"isPartOf\":{\"@id\":\"https:\\\/\\\/www.copealcoy.es\\\/es\\\/ana-delia-gisbert-vocal-de-la-federacion-de-municipios\\\/\"},\"author\":{\"name\":\"Cope Alcoy\",\"@id\":\"https:\\\/\\\/www.copealcoy.es\\\/es\\\/#\\\/schema\\\/person\\\/e777c87fa024e57d40170af9df39882c\"},\"headline\":\"Ana Delia Gisbert vocal de la Federaci\u00f3n de Municipios\",\"datePublished\":\"2015-10-12T08:59:14+00:00\",\"dateModified\":\"2015-10-12T15:18:13+00:00\",\"mainEntityOfPage\":{\"@id\":\"https:\\\/\\\/www.copealcoy.es\\\/es\\\/ana-delia-gisbert-vocal-de-la-federacion-de-municipios\\\/\"},\"wordCount\":185,\"commentCount\":0,\"image\":{\"@id\":\"https:\\\/\\\/www.copealcoy.es\\\/es\\\/ana-delia-gisbert-vocal-de-la-federacion-de-municipios\\\/#primaryimage\"},\"thumbnailUrl\":\"https:\\\/\\\/www.copealcoy.es\\\/wp-content\\\/uploads\\\/2015\\\/03\\\/image12.jpg\",\"keywords\":[\"Benilloba\",\"Comtat\",\"Federaci\u00f3n Espa\u00f1ola Municipios\",\"Federaci\u00f3n Municipios\",\"Pol\u00edtica\"],\"articleSection\":[\"Comarcas\",\"Noticias\"],\"inLanguage\":\"es\"},{\"@type\":\"WebPage\",\"@id\":\"https:\\\/\\\/www.copealcoy.es\\\/es\\\/ana-delia-gisbert-vocal-de-la-federacion-de-municipios\\\/\",\"url\":\"https:\\\/\\\/www.copealcoy.es\\\/es\\\/ana-delia-gisbert-vocal-de-la-federacion-de-municipios\\\/\",\"name\":\"Ana Delia Gisbert vocal de la Federaci\u00f3n de Municipios - COPE Alcoy\",\"isPartOf\":{\"@id\":\"https:\\\/\\\/www.copealcoy.es\\\/es\\\/#website\"},\"primaryImageOfPage\":{\"@id\":\"https:\\\/\\\/www.copealcoy.es\\\/es\\\/ana-delia-gisbert-vocal-de-la-federacion-de-municipios\\\/#primaryimage\"},\"image\":{\"@id\":\"https:\\\/\\\/www.copealcoy.es\\\/es\\\/ana-delia-gisbert-vocal-de-la-federacion-de-municipios\\\/#primaryimage\"},\"thumbnailUrl\":\"https:\\\/\\\/www.copealcoy.es\\\/wp-content\\\/uploads\\\/2015\\\/03\\\/image12.jpg\",\"datePublished\":\"2015-10-12T08:59:14+00:00\",\"dateModified\":\"2015-10-12T15:18:13+00:00\",\"author\":{\"@id\":\"https:\\\/\\\/www.copealcoy.es\\\/es\\\/#\\\/schema\\\/person\\\/e777c87fa024e57d40170af9df39882c\"},\"breadcrumb\":{\"@id\":\"https:\\\/\\\/www.copealcoy.es\\\/es\\\/ana-delia-gisbert-vocal-de-la-federacion-de-municipios\\\/#breadcrumb\"},\"inLanguage\":\"es\",\"potentialAction\":[{\"@type\":\"ReadAction\",\"target\":[\"https:\\\/\\\/www.copealcoy.es\\\/es\\\/ana-delia-gisbert-vocal-de-la-federacion-de-municipios\\\/\"]}]},{\"@type\":\"ImageObject\",\"inLanguage\":\"es\",\"@id\":\"https:\\\/\\\/www.copealcoy.es\\\/es\\\/ana-delia-gisbert-vocal-de-la-federacion-de-municipios\\\/#primaryimage\",\"url\":\"https:\\\/\\\/www.copealcoy.es\\\/wp-content\\\/uploads\\\/2015\\\/03\\\/image12.jpg\",\"contentUrl\":\"https:\\\/\\\/www.copealcoy.es\\\/wp-content\\\/uploads\\\/2015\\\/03\\\/image12.jpg\",\"width\":670,\"height\":377,\"caption\":\"Anna D\u00e8lia Gisbert 'Taes' , alcaldesa de Benilloba\"},{\"@type\":\"BreadcrumbList\",\"@id\":\"https:\\\/\\\/www.copealcoy.es\\\/es\\\/ana-delia-gisbert-vocal-de-la-federacion-de-municipios\\\/#breadcrumb\",\"itemListElement\":[{\"@type\":\"ListItem\",\"position\":1,\"name\":\"Portada\",\"item\":\"https:\\\/\\\/www.copealcoy.es\\\/es\\\/\"},{\"@type\":\"ListItem\",\"position\":2,\"name\":\"Ana Delia Gisbert vocal de la Federaci\u00f3n de Municipios\"}]},{\"@type\":\"WebSite\",\"@id\":\"https:\\\/\\\/www.copealcoy.es\\\/es\\\/#website\",\"url\":\"https:\\\/\\\/www.copealcoy.es\\\/es\\\/\",\"name\":\"COPE Alcoy\",\"description\":\"Emisora COPE de radio local con emisi\u00f3n online. Pont de Sant Jordi 8-10 03803 Alcoy\",\"potentialAction\":[{\"@type\":\"SearchAction\",\"target\":{\"@type\":\"EntryPoint\",\"urlTemplate\":\"https:\\\/\\\/www.copealcoy.es\\\/es\\\/?s={search_term_string}\"},\"query-input\":{\"@type\":\"PropertyValueSpecification\",\"valueRequired\":true,\"valueName\":\"search_term_string\"}}],\"inLanguage\":\"es\"},{\"@type\":\"Person\",\"@id\":\"https:\\\/\\\/www.copealcoy.es\\\/es\\\/#\\\/schema\\\/person\\\/e777c87fa024e57d40170af9df39882c\",\"name\":\"Cope Alcoy\",\"image\":{\"@type\":\"ImageObject\",\"inLanguage\":\"es\",\"@id\":\"https:\\\/\\\/secure.gravatar.com\\\/avatar\\\/bb65d0283347e303893ba14f0692005417c1e0e690a325a4c5d8bb2b3943ee14?s=96&d=mm&r=g\",\"url\":\"https:\\\/\\\/secure.gravatar.com\\\/avatar\\\/bb65d0283347e303893ba14f0692005417c1e0e690a325a4c5d8bb2b3943ee14?s=96&d=mm&r=g\",\"contentUrl\":\"https:\\\/\\\/secure.gravatar.com\\\/avatar\\\/bb65d0283347e303893ba14f0692005417c1e0e690a325a4c5d8bb2b3943ee14?s=96&d=mm&r=g\",\"caption\":\"Cope Alcoy\"}}]}<\/script>\n<!-- \/ Yoast SEO plugin. -->","yoast_head_json":{"title":"Ana Delia Gisbert vocal de la Federaci\u00f3n de Municipios - COPE Alcoy","robots":{"index":"index","follow":"follow","max-snippet":"max-snippet:-1","max-image-preview":"max-image-preview:large","max-video-preview":"max-video-preview:-1"},"canonical":"https:\/\/www.copealcoy.es\/es\/ana-delia-gisbert-vocal-de-la-federacion-de-municipios\/","og_locale":"es_ES","og_type":"article","og_title":"Ana Delia Gisbert vocal de la Federaci\u00f3n de Municipios - COPE Alcoy","og_description":"La alcaldesa de Benilloba, Anna Delia Gisbert, ha sido elegida como vocal de la Federaci\u00f3n Valenciana\u00a0de Municipios y Provincias de...","og_url":"https:\/\/www.copealcoy.es\/es\/ana-delia-gisbert-vocal-de-la-federacion-de-municipios\/","og_site_name":"COPE Alcoy","article_published_time":"2015-10-12T08:59:14+00:00","article_modified_time":"2015-10-12T15:18:13+00:00","og_image":[{"width":670,"height":377,"url":"https:\/\/www.copealcoy.es\/wp-content\/uploads\/2015\/03\/image12.jpg","type":"image\/jpeg"}],"author":"Cope Alcoy","twitter_misc":{"Escrito por":"Cope Alcoy","Tiempo de lectura":"1 minuto"},"schema":{"@context":"https:\/\/schema.org","@graph":[{"@type":"Article","@id":"https:\/\/www.copealcoy.es\/es\/ana-delia-gisbert-vocal-de-la-federacion-de-municipios\/#article","isPartOf":{"@id":"https:\/\/www.copealcoy.es\/es\/ana-delia-gisbert-vocal-de-la-federacion-de-municipios\/"},"author":{"name":"Cope Alcoy","@id":"https:\/\/www.copealcoy.es\/es\/#\/schema\/person\/e777c87fa024e57d40170af9df39882c"},"headline":"Ana Delia Gisbert vocal de la Federaci\u00f3n de Municipios","datePublished":"2015-10-12T08:59:14+00:00","dateModified":"2015-10-12T15:18:13+00:00","mainEntityOfPage":{"@id":"https:\/\/www.copealcoy.es\/es\/ana-delia-gisbert-vocal-de-la-federacion-de-municipios\/"},"wordCount":185,"commentCount":0,"image":{"@id":"https:\/\/www.copealcoy.es\/es\/ana-delia-gisbert-vocal-de-la-federacion-de-municipios\/#primaryimage"},"thumbnailUrl":"https:\/\/www.copealcoy.es\/wp-content\/uploads\/2015\/03\/image12.jpg","keywords":["Benilloba","Comtat","Federaci\u00f3n Espa\u00f1ola Municipios","Federaci\u00f3n Municipios","Pol\u00edtica"],"articleSection":["Comarcas","Noticias"],"inLanguage":"es"},{"@type":"WebPage","@id":"https:\/\/www.copealcoy.es\/es\/ana-delia-gisbert-vocal-de-la-federacion-de-municipios\/","url":"https:\/\/www.copealcoy.es\/es\/ana-delia-gisbert-vocal-de-la-federacion-de-municipios\/","name":"Ana Delia Gisbert vocal de la Federaci\u00f3n de Municipios - COPE Alcoy","isPartOf":{"@id":"https:\/\/www.copealcoy.es\/es\/#website"},"primaryImageOfPage":{"@id":"https:\/\/www.copealcoy.es\/es\/ana-delia-gisbert-vocal-de-la-federacion-de-municipios\/#primaryimage"},"image":{"@id":"https:\/\/www.copealcoy.es\/es\/ana-delia-gisbert-vocal-de-la-federacion-de-municipios\/#primaryimage"},"thumbnailUrl":"https:\/\/www.copealcoy.es\/wp-content\/uploads\/2015\/03\/image12.jpg","datePublished":"2015-10-12T08:59:14+00:00","dateModified":"2015-10-12T15:18:13+00:00","author":{"@id":"https:\/\/www.copealcoy.es\/es\/#\/schema\/person\/e777c87fa024e57d40170af9df39882c"},"breadcrumb":{"@id":"https:\/\/www.copealcoy.es\/es\/ana-delia-gisbert-vocal-de-la-federacion-de-municipios\/#breadcrumb"},"inLanguage":"es","potentialAction":[{"@type":"ReadAction","target":["https:\/\/www.copealcoy.es\/es\/ana-delia-gisbert-vocal-de-la-federacion-de-municipios\/"]}]},{"@type":"ImageObject","inLanguage":"es","@id":"https:\/\/www.copealcoy.es\/es\/ana-delia-gisbert-vocal-de-la-federacion-de-municipios\/#primaryimage","url":"https:\/\/www.copealcoy.es\/wp-content\/uploads\/2015\/03\/image12.jpg","contentUrl":"https:\/\/www.copealcoy.es\/wp-content\/uploads\/2015\/03\/image12.jpg","width":670,"height":377,"caption":"Anna D\u00e8lia Gisbert 'Taes' , alcaldesa de Benilloba"},{"@type":"BreadcrumbList","@id":"https:\/\/www.copealcoy.es\/es\/ana-delia-gisbert-vocal-de-la-federacion-de-municipios\/#breadcrumb","itemListElement":[{"@type":"ListItem","position":1,"name":"Portada","item":"https:\/\/www.copealcoy.es\/es\/"},{"@type":"ListItem","position":2,"name":"Ana Delia Gisbert vocal de la Federaci\u00f3n de Municipios"}]},{"@type":"WebSite","@id":"https:\/\/www.copealcoy.es\/es\/#website","url":"https:\/\/www.copealcoy.es\/es\/","name":"COPE Alcoy","description":"Emisora COPE de radio local con emisi\u00f3n online. Pont de Sant Jordi 8-10 03803 Alcoy","potentialAction":[{"@type":"SearchAction","target":{"@type":"EntryPoint","urlTemplate":"https:\/\/www.copealcoy.es\/es\/?s={search_term_string}"},"query-input":{"@type":"PropertyValueSpecification","valueRequired":true,"valueName":"search_term_string"}}],"inLanguage":"es"},{"@type":"Person","@id":"https:\/\/www.copealcoy.es\/es\/#\/schema\/person\/e777c87fa024e57d40170af9df39882c","name":"Cope Alcoy","image":{"@type":"ImageObject","inLanguage":"es","@id":"https:\/\/secure.gravatar.com\/avatar\/bb65d0283347e303893ba14f0692005417c1e0e690a325a4c5d8bb2b3943ee14?s=96&d=mm&r=g","url":"https:\/\/secure.gravatar.com\/avatar\/bb65d0283347e303893ba14f0692005417c1e0e690a325a4c5d8bb2b3943ee14?s=96&d=mm&r=g","contentUrl":"https:\/\/secure.gravatar.com\/avatar\/bb65d0283347e303893ba14f0692005417c1e0e690a325a4c5d8bb2b3943ee14?s=96&d=mm&r=g","caption":"Cope Alcoy"}}]}},"_links":{"self":[{"href":"https:\/\/www.copealcoy.es\/es\/wp-json\/wp\/v2\/posts\/16382","targetHints":{"allow":["GET"]}}],"collection":[{"href":"https:\/\/www.copealcoy.es\/es\/wp-json\/wp\/v2\/posts"}],"about":[{"href":"https:\/\/www.copealcoy.es\/es\/wp-json\/wp\/v2\/types\/post"}],"author":[{"embeddable":true,"href":"https:\/\/www.copealcoy.es\/es\/wp-json\/wp\/v2\/users\/1"}],"replies":[{"embeddable":true,"href":"https:\/\/www.copealcoy.es\/es\/wp-json\/wp\/v2\/comments?post=16382"}],"version-history":[{"count":0,"href":"https:\/\/www.copealcoy.es\/es\/wp-json\/wp\/v2\/posts\/16382\/revisions"}],"wp:featuredmedia":[{"embeddable":true,"href":"https:\/\/www.copealcoy.es\/es\/wp-json\/wp\/v2\/media\/11033"}],"wp:attachment":[{"href":"https:\/\/www.copealcoy.es\/es\/wp-json\/wp\/v2\/media?parent=16382"}],"wp:term":[{"taxonomy":"category","embeddable":true,"href":"https:\/\/www.copealcoy.es\/es\/wp-json\/wp\/v2\/categories?post=16382"},{"taxonomy":"post_tag","embeddable":true,"href":"https:\/\/www.copealcoy.es\/es\/wp-json\/wp\/v2\/tags?post=16382"}],"curies":[{"name":"wp","href":"https:\/\/api.w.org\/{rel}","templated":true}]}}