{"id":16325,"date":"2015-10-08T21:59:35","date_gmt":"2015-10-08T21:59:35","guid":{"rendered":"http:\/\/copealcoi.es\/new\/?p=16325"},"modified":"2015-10-08T21:59:35","modified_gmt":"2015-10-08T21:59:35","slug":"suspendida-la-primera-reunion-de-los-presupuestos-participativos","status":"publish","type":"post","link":"https:\/\/www.copealcoy.es\/es\/suspendida-la-primera-reunion-de-los-presupuestos-participativos\/","title":{"rendered":"Suspendida la primera reuni\u00f3n de los Presupuestos Participativos"},"content":{"rendered":"<p style=\"text-align: justify;\">La primera de las reuniones de los Presupuestos Participativos, prevista para el pasado d\u00eda 6 y destinada a los vecinos del Centro, tuvo que ser suspendida ante la falta de asistencia de ciudadanos. Lo ha denunciado el Partido Popular de Alcoy que ha argumentado que esta situaci\u00f3n se produjo debido a que no se difundi\u00f3 correctamente la actividad al mismo tiempo que ha reiterado que los vecinos pierden inter\u00e9s al no haber cumplido el Gobierno Local con algunas de las iniciativas surgidas en las ediciones anteriores &#8220;esto demuestra la falta de inter\u00e9s y convencimiento del gobierno socialista en este sistema. Si no tienen inter\u00e9s, no ponen dinero y no ejecutan lo consensuado, significa que no se lo creen&#8221; ha se\u00f1alado el portavoz del PP, Rafa Mir\u00f3. En este sentido Mir\u00f3 ha recordado que del 2014 quedan pendientes\u00a0las inversiones del Plan de\u00a0accesibilidad y las obras de la Placeta les Eres mientras que del 2015 ha explicado que lo \u00fanico que avanza es el Huerto Social de San Vicente mientras sigue a la espera la sala de conciertos para j\u00f3venes, el paso para peatones entre la calle Radio Alcoiyy el Centro C\u00edvico del Ensanche en la Uixola.<\/p>\n<p style=\"text-align: justify;\">Por \u00faltimo el portavoz popular a\u00f1ade que los 400.000 euros que el Ejecutivo destina en la partida para estos proyectos es insuficiente teniendo en cuenta que el Presupuesto General ronda los cincuenta millones de euros.<\/p>\n","protected":false},"excerpt":{"rendered":"<p>La primera de las reuniones de los Presupuestos Participativos, prevista para el pasado d\u00eda 6 y destinada a los vecinos&#8230;<\/p>\n","protected":false},"author":1,"featured_media":16326,"comment_status":"open","ping_status":"open","sticky":false,"template":"","format":"standard","meta":{"footnotes":""},"categories":[97,75,79],"tags":[1494,415,227,316],"class_list":["post-16325","post","type-post","status-publish","format-standard","has-post-thumbnail","hentry","category-alcoy","category-noticias","category-politicayeconomia","tag-alcoy","tag-participacion","tag-pp","tag-presupuestos"],"yoast_head":"<!-- This site is optimized with the Yoast SEO plugin v27.3 - https:\/\/yoast.com\/product\/yoast-seo-wordpress\/ -->\n<title>Suspendida la primera reuni\u00f3n de los Presupuestos Participativos - COPE Alcoy<\/title>\n<meta name=\"robots\" content=\"index, follow, max-snippet:-1, max-image-preview:large, max-video-preview:-1\" \/>\n<link rel=\"canonical\" href=\"https:\/\/www.copealcoy.es\/es\/suspendida-la-primera-reunion-de-los-presupuestos-participativos\/\" \/>\n<meta property=\"og:locale\" content=\"es_ES\" \/>\n<meta property=\"og:type\" content=\"article\" \/>\n<meta property=\"og:title\" content=\"Suspendida la primera reuni\u00f3n de los Presupuestos Participativos - COPE Alcoy\" \/>\n<meta property=\"og:description\" content=\"La primera de las reuniones de los Presupuestos Participativos, prevista para el pasado d\u00eda 6 y destinada a los vecinos...\" \/>\n<meta property=\"og:url\" content=\"https:\/\/www.copealcoy.es\/es\/suspendida-la-primera-reunion-de-los-presupuestos-participativos\/\" \/>\n<meta property=\"og:site_name\" content=\"COPE Alcoy\" \/>\n<meta property=\"article:published_time\" content=\"2015-10-08T21:59:35+00:00\" \/>\n<meta property=\"og:image\" content=\"https:\/\/www.copealcoy.es\/wp-content\/uploads\/2015\/10\/PRESSUPOSTOS_20131107024713.jpg\" \/>\n\t<meta property=\"og:image:width\" content=\"1024\" \/>\n\t<meta property=\"og:image:height\" content=\"421\" \/>\n\t<meta property=\"og:image:type\" content=\"image\/jpeg\" \/>\n<meta name=\"author\" content=\"Cope Alcoy\" \/>\n<meta name=\"twitter:label1\" content=\"Escrito por\" \/>\n\t<meta name=\"twitter:data1\" content=\"Cope Alcoy\" \/>\n\t<meta name=\"twitter:label2\" content=\"Tiempo de lectura\" \/>\n\t<meta name=\"twitter:data2\" content=\"1 minuto\" \/>\n<script type=\"application\/ld+json\" class=\"yoast-schema-graph\">{\"@context\":\"https:\\\/\\\/schema.org\",\"@graph\":[{\"@type\":\"Article\",\"@id\":\"https:\\\/\\\/www.copealcoy.es\\\/es\\\/suspendida-la-primera-reunion-de-los-presupuestos-participativos\\\/#article\",\"isPartOf\":{\"@id\":\"https:\\\/\\\/www.copealcoy.es\\\/es\\\/suspendida-la-primera-reunion-de-los-presupuestos-participativos\\\/\"},\"author\":{\"name\":\"Cope Alcoy\",\"@id\":\"https:\\\/\\\/www.copealcoy.es\\\/es\\\/#\\\/schema\\\/person\\\/e777c87fa024e57d40170af9df39882c\"},\"headline\":\"Suspendida la primera reuni\u00f3n de los Presupuestos Participativos\",\"datePublished\":\"2015-10-08T21:59:35+00:00\",\"mainEntityOfPage\":{\"@id\":\"https:\\\/\\\/www.copealcoy.es\\\/es\\\/suspendida-la-primera-reunion-de-los-presupuestos-participativos\\\/\"},\"wordCount\":246,\"commentCount\":0,\"image\":{\"@id\":\"https:\\\/\\\/www.copealcoy.es\\\/es\\\/suspendida-la-primera-reunion-de-los-presupuestos-participativos\\\/#primaryimage\"},\"thumbnailUrl\":\"https:\\\/\\\/www.copealcoy.es\\\/wp-content\\\/uploads\\\/2015\\\/10\\\/PRESSUPOSTOS_20131107024713.jpg\",\"keywords\":[\"Alcoy\",\"Participaci\u00f3n\",\"PP\",\"Presupuestos\"],\"articleSection\":[\"Alcoy\",\"Noticias\",\"Pol\u00edtica y Econom\u00eda\"],\"inLanguage\":\"es\"},{\"@type\":\"WebPage\",\"@id\":\"https:\\\/\\\/www.copealcoy.es\\\/es\\\/suspendida-la-primera-reunion-de-los-presupuestos-participativos\\\/\",\"url\":\"https:\\\/\\\/www.copealcoy.es\\\/es\\\/suspendida-la-primera-reunion-de-los-presupuestos-participativos\\\/\",\"name\":\"Suspendida la primera reuni\u00f3n de los Presupuestos Participativos - COPE Alcoy\",\"isPartOf\":{\"@id\":\"https:\\\/\\\/www.copealcoy.es\\\/es\\\/#website\"},\"primaryImageOfPage\":{\"@id\":\"https:\\\/\\\/www.copealcoy.es\\\/es\\\/suspendida-la-primera-reunion-de-los-presupuestos-participativos\\\/#primaryimage\"},\"image\":{\"@id\":\"https:\\\/\\\/www.copealcoy.es\\\/es\\\/suspendida-la-primera-reunion-de-los-presupuestos-participativos\\\/#primaryimage\"},\"thumbnailUrl\":\"https:\\\/\\\/www.copealcoy.es\\\/wp-content\\\/uploads\\\/2015\\\/10\\\/PRESSUPOSTOS_20131107024713.jpg\",\"datePublished\":\"2015-10-08T21:59:35+00:00\",\"author\":{\"@id\":\"https:\\\/\\\/www.copealcoy.es\\\/es\\\/#\\\/schema\\\/person\\\/e777c87fa024e57d40170af9df39882c\"},\"breadcrumb\":{\"@id\":\"https:\\\/\\\/www.copealcoy.es\\\/es\\\/suspendida-la-primera-reunion-de-los-presupuestos-participativos\\\/#breadcrumb\"},\"inLanguage\":\"es\",\"potentialAction\":[{\"@type\":\"ReadAction\",\"target\":[\"https:\\\/\\\/www.copealcoy.es\\\/es\\\/suspendida-la-primera-reunion-de-los-presupuestos-participativos\\\/\"]}]},{\"@type\":\"ImageObject\",\"inLanguage\":\"es\",\"@id\":\"https:\\\/\\\/www.copealcoy.es\\\/es\\\/suspendida-la-primera-reunion-de-los-presupuestos-participativos\\\/#primaryimage\",\"url\":\"https:\\\/\\\/www.copealcoy.es\\\/wp-content\\\/uploads\\\/2015\\\/10\\\/PRESSUPOSTOS_20131107024713.jpg\",\"contentUrl\":\"https:\\\/\\\/www.copealcoy.es\\\/wp-content\\\/uploads\\\/2015\\\/10\\\/PRESSUPOSTOS_20131107024713.jpg\",\"width\":1024,\"height\":421,\"caption\":\"Asambleas de los presupuestos participativos de a\u00f1os anteriores\"},{\"@type\":\"BreadcrumbList\",\"@id\":\"https:\\\/\\\/www.copealcoy.es\\\/es\\\/suspendida-la-primera-reunion-de-los-presupuestos-participativos\\\/#breadcrumb\",\"itemListElement\":[{\"@type\":\"ListItem\",\"position\":1,\"name\":\"Portada\",\"item\":\"https:\\\/\\\/www.copealcoy.es\\\/es\\\/\"},{\"@type\":\"ListItem\",\"position\":2,\"name\":\"Suspendida la primera reuni\u00f3n de los Presupuestos Participativos\"}]},{\"@type\":\"WebSite\",\"@id\":\"https:\\\/\\\/www.copealcoy.es\\\/es\\\/#website\",\"url\":\"https:\\\/\\\/www.copealcoy.es\\\/es\\\/\",\"name\":\"COPE Alcoy\",\"description\":\"Emisora COPE de radio local con emisi\u00f3n online. Pont de Sant Jordi 8-10 03803 Alcoy\",\"potentialAction\":[{\"@type\":\"SearchAction\",\"target\":{\"@type\":\"EntryPoint\",\"urlTemplate\":\"https:\\\/\\\/www.copealcoy.es\\\/es\\\/?s={search_term_string}\"},\"query-input\":{\"@type\":\"PropertyValueSpecification\",\"valueRequired\":true,\"valueName\":\"search_term_string\"}}],\"inLanguage\":\"es\"},{\"@type\":\"Person\",\"@id\":\"https:\\\/\\\/www.copealcoy.es\\\/es\\\/#\\\/schema\\\/person\\\/e777c87fa024e57d40170af9df39882c\",\"name\":\"Cope Alcoy\",\"image\":{\"@type\":\"ImageObject\",\"inLanguage\":\"es\",\"@id\":\"https:\\\/\\\/secure.gravatar.com\\\/avatar\\\/bb65d0283347e303893ba14f0692005417c1e0e690a325a4c5d8bb2b3943ee14?s=96&d=mm&r=g\",\"url\":\"https:\\\/\\\/secure.gravatar.com\\\/avatar\\\/bb65d0283347e303893ba14f0692005417c1e0e690a325a4c5d8bb2b3943ee14?s=96&d=mm&r=g\",\"contentUrl\":\"https:\\\/\\\/secure.gravatar.com\\\/avatar\\\/bb65d0283347e303893ba14f0692005417c1e0e690a325a4c5d8bb2b3943ee14?s=96&d=mm&r=g\",\"caption\":\"Cope Alcoy\"}}]}<\/script>\n<!-- \/ Yoast SEO plugin. -->","yoast_head_json":{"title":"Suspendida la primera reuni\u00f3n de los Presupuestos Participativos - COPE Alcoy","robots":{"index":"index","follow":"follow","max-snippet":"max-snippet:-1","max-image-preview":"max-image-preview:large","max-video-preview":"max-video-preview:-1"},"canonical":"https:\/\/www.copealcoy.es\/es\/suspendida-la-primera-reunion-de-los-presupuestos-participativos\/","og_locale":"es_ES","og_type":"article","og_title":"Suspendida la primera reuni\u00f3n de los Presupuestos Participativos - COPE Alcoy","og_description":"La primera de las reuniones de los Presupuestos Participativos, prevista para el pasado d\u00eda 6 y destinada a los vecinos...","og_url":"https:\/\/www.copealcoy.es\/es\/suspendida-la-primera-reunion-de-los-presupuestos-participativos\/","og_site_name":"COPE Alcoy","article_published_time":"2015-10-08T21:59:35+00:00","og_image":[{"width":1024,"height":421,"url":"https:\/\/www.copealcoy.es\/wp-content\/uploads\/2015\/10\/PRESSUPOSTOS_20131107024713.jpg","type":"image\/jpeg"}],"author":"Cope Alcoy","twitter_misc":{"Escrito por":"Cope Alcoy","Tiempo de lectura":"1 minuto"},"schema":{"@context":"https:\/\/schema.org","@graph":[{"@type":"Article","@id":"https:\/\/www.copealcoy.es\/es\/suspendida-la-primera-reunion-de-los-presupuestos-participativos\/#article","isPartOf":{"@id":"https:\/\/www.copealcoy.es\/es\/suspendida-la-primera-reunion-de-los-presupuestos-participativos\/"},"author":{"name":"Cope Alcoy","@id":"https:\/\/www.copealcoy.es\/es\/#\/schema\/person\/e777c87fa024e57d40170af9df39882c"},"headline":"Suspendida la primera reuni\u00f3n de los Presupuestos Participativos","datePublished":"2015-10-08T21:59:35+00:00","mainEntityOfPage":{"@id":"https:\/\/www.copealcoy.es\/es\/suspendida-la-primera-reunion-de-los-presupuestos-participativos\/"},"wordCount":246,"commentCount":0,"image":{"@id":"https:\/\/www.copealcoy.es\/es\/suspendida-la-primera-reunion-de-los-presupuestos-participativos\/#primaryimage"},"thumbnailUrl":"https:\/\/www.copealcoy.es\/wp-content\/uploads\/2015\/10\/PRESSUPOSTOS_20131107024713.jpg","keywords":["Alcoy","Participaci\u00f3n","PP","Presupuestos"],"articleSection":["Alcoy","Noticias","Pol\u00edtica y Econom\u00eda"],"inLanguage":"es"},{"@type":"WebPage","@id":"https:\/\/www.copealcoy.es\/es\/suspendida-la-primera-reunion-de-los-presupuestos-participativos\/","url":"https:\/\/www.copealcoy.es\/es\/suspendida-la-primera-reunion-de-los-presupuestos-participativos\/","name":"Suspendida la primera reuni\u00f3n de los Presupuestos Participativos - COPE Alcoy","isPartOf":{"@id":"https:\/\/www.copealcoy.es\/es\/#website"},"primaryImageOfPage":{"@id":"https:\/\/www.copealcoy.es\/es\/suspendida-la-primera-reunion-de-los-presupuestos-participativos\/#primaryimage"},"image":{"@id":"https:\/\/www.copealcoy.es\/es\/suspendida-la-primera-reunion-de-los-presupuestos-participativos\/#primaryimage"},"thumbnailUrl":"https:\/\/www.copealcoy.es\/wp-content\/uploads\/2015\/10\/PRESSUPOSTOS_20131107024713.jpg","datePublished":"2015-10-08T21:59:35+00:00","author":{"@id":"https:\/\/www.copealcoy.es\/es\/#\/schema\/person\/e777c87fa024e57d40170af9df39882c"},"breadcrumb":{"@id":"https:\/\/www.copealcoy.es\/es\/suspendida-la-primera-reunion-de-los-presupuestos-participativos\/#breadcrumb"},"inLanguage":"es","potentialAction":[{"@type":"ReadAction","target":["https:\/\/www.copealcoy.es\/es\/suspendida-la-primera-reunion-de-los-presupuestos-participativos\/"]}]},{"@type":"ImageObject","inLanguage":"es","@id":"https:\/\/www.copealcoy.es\/es\/suspendida-la-primera-reunion-de-los-presupuestos-participativos\/#primaryimage","url":"https:\/\/www.copealcoy.es\/wp-content\/uploads\/2015\/10\/PRESSUPOSTOS_20131107024713.jpg","contentUrl":"https:\/\/www.copealcoy.es\/wp-content\/uploads\/2015\/10\/PRESSUPOSTOS_20131107024713.jpg","width":1024,"height":421,"caption":"Asambleas de los presupuestos participativos de a\u00f1os anteriores"},{"@type":"BreadcrumbList","@id":"https:\/\/www.copealcoy.es\/es\/suspendida-la-primera-reunion-de-los-presupuestos-participativos\/#breadcrumb","itemListElement":[{"@type":"ListItem","position":1,"name":"Portada","item":"https:\/\/www.copealcoy.es\/es\/"},{"@type":"ListItem","position":2,"name":"Suspendida la primera reuni\u00f3n de los Presupuestos Participativos"}]},{"@type":"WebSite","@id":"https:\/\/www.copealcoy.es\/es\/#website","url":"https:\/\/www.copealcoy.es\/es\/","name":"COPE Alcoy","description":"Emisora COPE de radio local con emisi\u00f3n online. Pont de Sant Jordi 8-10 03803 Alcoy","potentialAction":[{"@type":"SearchAction","target":{"@type":"EntryPoint","urlTemplate":"https:\/\/www.copealcoy.es\/es\/?s={search_term_string}"},"query-input":{"@type":"PropertyValueSpecification","valueRequired":true,"valueName":"search_term_string"}}],"inLanguage":"es"},{"@type":"Person","@id":"https:\/\/www.copealcoy.es\/es\/#\/schema\/person\/e777c87fa024e57d40170af9df39882c","name":"Cope Alcoy","image":{"@type":"ImageObject","inLanguage":"es","@id":"https:\/\/secure.gravatar.com\/avatar\/bb65d0283347e303893ba14f0692005417c1e0e690a325a4c5d8bb2b3943ee14?s=96&d=mm&r=g","url":"https:\/\/secure.gravatar.com\/avatar\/bb65d0283347e303893ba14f0692005417c1e0e690a325a4c5d8bb2b3943ee14?s=96&d=mm&r=g","contentUrl":"https:\/\/secure.gravatar.com\/avatar\/bb65d0283347e303893ba14f0692005417c1e0e690a325a4c5d8bb2b3943ee14?s=96&d=mm&r=g","caption":"Cope Alcoy"}}]}},"_links":{"self":[{"href":"https:\/\/www.copealcoy.es\/es\/wp-json\/wp\/v2\/posts\/16325","targetHints":{"allow":["GET"]}}],"collection":[{"href":"https:\/\/www.copealcoy.es\/es\/wp-json\/wp\/v2\/posts"}],"about":[{"href":"https:\/\/www.copealcoy.es\/es\/wp-json\/wp\/v2\/types\/post"}],"author":[{"embeddable":true,"href":"https:\/\/www.copealcoy.es\/es\/wp-json\/wp\/v2\/users\/1"}],"replies":[{"embeddable":true,"href":"https:\/\/www.copealcoy.es\/es\/wp-json\/wp\/v2\/comments?post=16325"}],"version-history":[{"count":0,"href":"https:\/\/www.copealcoy.es\/es\/wp-json\/wp\/v2\/posts\/16325\/revisions"}],"wp:featuredmedia":[{"embeddable":true,"href":"https:\/\/www.copealcoy.es\/es\/wp-json\/wp\/v2\/media\/16326"}],"wp:attachment":[{"href":"https:\/\/www.copealcoy.es\/es\/wp-json\/wp\/v2\/media?parent=16325"}],"wp:term":[{"taxonomy":"category","embeddable":true,"href":"https:\/\/www.copealcoy.es\/es\/wp-json\/wp\/v2\/categories?post=16325"},{"taxonomy":"post_tag","embeddable":true,"href":"https:\/\/www.copealcoy.es\/es\/wp-json\/wp\/v2\/tags?post=16325"}],"curies":[{"name":"wp","href":"https:\/\/api.w.org\/{rel}","templated":true}]}}