{"id":163030,"date":"2026-01-29T19:18:55","date_gmt":"2026-01-29T18:18:55","guid":{"rendered":"https:\/\/www.copealcoy.es\/?p=163030"},"modified":"2026-01-29T19:31:36","modified_gmt":"2026-01-29T18:31:36","slug":"el-pp-se-pronuncia-sobre-alcoy-sur-es-un-proyecto-rehen-de-los-pactos-del-partido-socialista","status":"publish","type":"post","link":"https:\/\/www.copealcoy.es\/es\/el-pp-se-pronuncia-sobre-alcoy-sur-es-un-proyecto-rehen-de-los-pactos-del-partido-socialista\/","title":{"rendered":"El PP se pronuncia sobre Alcoy Sur: &#8220;es un proyecto reh\u00e9n de los pactos del Partido Socialista&#8221;"},"content":{"rendered":"<p style=\"text-align: justify;\" data-start=\"506\" data-end=\"980\">El parque empresarial Alcoy Sur <strong>sigue generando desavenencias<\/strong> entre el gobierno municipal, formado por PSPV y Comprom\u00eds, y los partidos pol\u00edticos que actualmente est\u00e1n en la oposici\u00f3n. Hoy ha sido el <strong>Partido Popular<\/strong> quien ha acusado al ejecutivo de &#8220;<em>frenar la iniciativa<\/em>&#8221; asegurando que <em>&#8220;el alcalde opta una vez m\u00e1s por dar la espalda a los empresarios de la ciudad<\/em>&#8220;, que reclaman urgentemente suelo industrial, con el fin de conseguir que Guanyar Alcoi de respaldo a los pr\u00f3ximos presupuestos de la ciudad puesto que la plataforma ha dejado claro en los \u00faltimos meses que rompe todo los apoyos al gobierno mientras no se renuncie de forma clara a Alcoy Sur.<\/p>\n<p style=\"text-align: justify;\" data-start=\"506\" data-end=\"980\">Los populares hacen referencia tambi\u00e9n al <a href=\"https:\/\/www.copealcoy.es\/es\/un-primer-informe-sobre-alcoy-sur-detecta-carencias-desde-el-punto-de-vista-medioambiental\/\" target=\"_blank\" rel=\"noopener\"><span style=\"color: #0000ff;\"><strong>primer informe elaborado por los t\u00e9cnicos municipales<\/strong><\/span><\/a>, que conoc\u00edamos el lunes, y en el que se especificaba que no se pod\u00eda determinar que estar\u00eda garantizado el vertido cero al acu\u00edfero del Molinar en el caso de que se ejecute el proyecto. Seg\u00fan el partido, el documento &#8220;<em>tiene un car\u00e1cter pol\u00edtico y parcial pretendiendo \u00fanicamente demonizar un proyecto que est\u00e1 en su primera fase de estudio<\/em>&#8220;, afirma el l\u00edder del PP alcoyano; <strong>Carlos Pastor.<\/strong><\/p>\n<p style=\"text-align: justify;\" data-start=\"1383\" data-end=\"2059\">Frente a estas cr\u00edticas, el <strong data-start=\"1411\" data-end=\"1419\">PSOE<\/strong> ha defendido la independencia del informe t\u00e9cnico y la profesionalidad del personal municipal encargado de elaborarlo. El alcalde <strong data-start=\"1550\" data-end=\"1566\">Toni Franc\u00e9s<\/strong> ha incidido que todos los pasos que se est\u00e1n dando tiene un objetivo claro &#8220;<em>garantizar que se cumplan todas las exigencias legales y medioambientales, especialmente trat\u00e1ndose de un parque industrial de gran tama\u00f1o sobre un entorno sensible con un acu\u00edfero como el del Molinar<\/em>&#8220;, afirma. Adem\u00e1s reitera el primer edil la postura del ejecutivo &#8220;<em>lo hemos dicho siempre. Sino se garantiza la total protecci\u00f3n del acu\u00edfero, este gobierno no permitir\u00e1 que se ejecute Alcoy Sur<\/em>&#8220;, concluye.<\/p>\n<p style=\"text-align: justify;\" data-start=\"1383\" data-end=\"2059\">El resto de formaciones mantienen sus posturas y <strong>Comprom\u00eds<\/strong>, seg\u00fan manifest\u00f3 el vicealcalde <strong>\u00c0lex Cerradelo<\/strong> el pasado martes en el #TiempoDeAn\u00e1lisis de COPE ALCOY, recuerda de nuevo que Alcoy Sur no se har\u00e1 <em>&#8220;porque se acabar\u00e1 demostrando que nos es viable como tantas veces hemos dicho<\/em>&#8220;. Para <strong>VOX <\/strong>las conclusiones del mencionado informe &#8220;<em>suponen un paso atr\u00e1s en el avance de Alcoy desde el punto de vista econ\u00f3mico e industrial<\/em>&#8220;, tal y como destaca el portavoz <strong>David Abad<\/strong>, y desde <strong>Guanyar Alcoi<\/strong> se mantienen en sus trece <em>&#8220;no podremos dar apoyo a los presupuestos si no se paraliza el proyecto<\/em>&#8220;, sentenci\u00f3 en nuestra tertulia el tambi\u00e9n portavoz de la agrupaci\u00f3n; <strong>Sergi Rodr\u00edguez<\/strong>.<\/p>\n","protected":false},"excerpt":{"rendered":"<p>El parque empresarial Alcoy Sur sigue generando desavenencias entre el gobierno municipal, formado por PSPV y Comprom\u00eds, y los partidos&#8230;<\/p>\n","protected":false},"author":1,"featured_media":152458,"comment_status":"closed","ping_status":"closed","sticky":false,"template":"","format":"standard","meta":{"footnotes":""},"categories":[6909,97,75,79],"tags":[1494,16349,20621,14380,15662],"class_list":["post-163030","post","type-post","status-publish","format-standard","has-post-thumbnail","hentry","category-actualidad","category-alcoy","category-noticias","category-politicayeconomia","tag-alcoy","tag-alcoy-sur","tag-desavenencias","tag-partidos-politicos","tag-reacciones"],"yoast_head":"<!-- This site is optimized with the Yoast SEO plugin v27.3 - https:\/\/yoast.com\/product\/yoast-seo-wordpress\/ -->\n<title>El PP se pronuncia sobre Alcoy Sur: &quot;es un proyecto reh\u00e9n de los pactos del Partido Socialista&quot; - COPE Alcoy<\/title>\n<meta name=\"description\" content=\"El PP se pronuncia sobre Alcoy Sur: &quot;es un proyecto reh\u00e9n de los pactos del Partido Socialista&quot;\" \/>\n<meta name=\"robots\" content=\"index, follow, max-snippet:-1, max-image-preview:large, max-video-preview:-1\" \/>\n<link rel=\"canonical\" href=\"https:\/\/www.copealcoy.es\/es\/el-pp-se-pronuncia-sobre-alcoy-sur-es-un-proyecto-rehen-de-los-pactos-del-partido-socialista\/\" \/>\n<meta property=\"og:locale\" content=\"es_ES\" \/>\n<meta property=\"og:type\" content=\"article\" \/>\n<meta property=\"og:title\" content=\"El PP se pronuncia sobre Alcoy Sur: &quot;es un proyecto reh\u00e9n de los pactos del Partido Socialista&quot; - COPE Alcoy\" \/>\n<meta property=\"og:description\" content=\"El PP se pronuncia sobre Alcoy Sur: &quot;es un proyecto reh\u00e9n de los pactos del Partido Socialista&quot;\" \/>\n<meta property=\"og:url\" content=\"https:\/\/www.copealcoy.es\/es\/el-pp-se-pronuncia-sobre-alcoy-sur-es-un-proyecto-rehen-de-los-pactos-del-partido-socialista\/\" \/>\n<meta property=\"og:site_name\" content=\"COPE Alcoy\" \/>\n<meta property=\"article:published_time\" content=\"2026-01-29T18:18:55+00:00\" \/>\n<meta property=\"article:modified_time\" content=\"2026-01-29T18:31:36+00:00\" \/>\n<meta property=\"og:image\" content=\"https:\/\/www.copealcoy.es\/wp-content\/uploads\/2025\/05\/0-1.jpg\" \/>\n\t<meta property=\"og:image:width\" content=\"1005\" \/>\n\t<meta property=\"og:image:height\" content=\"670\" \/>\n\t<meta property=\"og:image:type\" content=\"image\/jpeg\" \/>\n<meta name=\"author\" content=\"Cope Alcoy\" \/>\n<meta name=\"twitter:label1\" content=\"Escrito por\" \/>\n\t<meta name=\"twitter:data1\" content=\"Cope Alcoy\" \/>\n\t<meta name=\"twitter:label2\" content=\"Tiempo de lectura\" \/>\n\t<meta name=\"twitter:data2\" content=\"3 minutos\" \/>\n<script type=\"application\/ld+json\" class=\"yoast-schema-graph\">{\"@context\":\"https:\\\/\\\/schema.org\",\"@graph\":[{\"@type\":\"Article\",\"@id\":\"https:\\\/\\\/www.copealcoy.es\\\/es\\\/el-pp-se-pronuncia-sobre-alcoy-sur-es-un-proyecto-rehen-de-los-pactos-del-partido-socialista\\\/#article\",\"isPartOf\":{\"@id\":\"https:\\\/\\\/www.copealcoy.es\\\/es\\\/el-pp-se-pronuncia-sobre-alcoy-sur-es-un-proyecto-rehen-de-los-pactos-del-partido-socialista\\\/\"},\"author\":{\"name\":\"Cope Alcoy\",\"@id\":\"https:\\\/\\\/www.copealcoy.es\\\/es\\\/#\\\/schema\\\/person\\\/e777c87fa024e57d40170af9df39882c\"},\"headline\":\"El PP se pronuncia sobre Alcoy Sur: &#8220;es un proyecto reh\u00e9n de los pactos del Partido Socialista&#8221;\",\"datePublished\":\"2026-01-29T18:18:55+00:00\",\"dateModified\":\"2026-01-29T18:31:36+00:00\",\"mainEntityOfPage\":{\"@id\":\"https:\\\/\\\/www.copealcoy.es\\\/es\\\/el-pp-se-pronuncia-sobre-alcoy-sur-es-un-proyecto-rehen-de-los-pactos-del-partido-socialista\\\/\"},\"wordCount\":455,\"image\":{\"@id\":\"https:\\\/\\\/www.copealcoy.es\\\/es\\\/el-pp-se-pronuncia-sobre-alcoy-sur-es-un-proyecto-rehen-de-los-pactos-del-partido-socialista\\\/#primaryimage\"},\"thumbnailUrl\":\"https:\\\/\\\/www.copealcoy.es\\\/wp-content\\\/uploads\\\/2025\\\/05\\\/0-1.jpg\",\"keywords\":[\"Alcoy\",\"Alcoy Sur\",\"desavenencias\",\"partidos pol\u00edticos\",\"reacciones\"],\"articleSection\":[\"Actualidad\",\"Alcoy\",\"Noticias\",\"Pol\u00edtica y Econom\u00eda\"],\"inLanguage\":\"es\"},{\"@type\":\"WebPage\",\"@id\":\"https:\\\/\\\/www.copealcoy.es\\\/es\\\/el-pp-se-pronuncia-sobre-alcoy-sur-es-un-proyecto-rehen-de-los-pactos-del-partido-socialista\\\/\",\"url\":\"https:\\\/\\\/www.copealcoy.es\\\/es\\\/el-pp-se-pronuncia-sobre-alcoy-sur-es-un-proyecto-rehen-de-los-pactos-del-partido-socialista\\\/\",\"name\":\"El PP se pronuncia sobre Alcoy Sur: \\\"es un proyecto reh\u00e9n de los pactos del Partido Socialista\\\" - COPE Alcoy\",\"isPartOf\":{\"@id\":\"https:\\\/\\\/www.copealcoy.es\\\/es\\\/#website\"},\"primaryImageOfPage\":{\"@id\":\"https:\\\/\\\/www.copealcoy.es\\\/es\\\/el-pp-se-pronuncia-sobre-alcoy-sur-es-un-proyecto-rehen-de-los-pactos-del-partido-socialista\\\/#primaryimage\"},\"image\":{\"@id\":\"https:\\\/\\\/www.copealcoy.es\\\/es\\\/el-pp-se-pronuncia-sobre-alcoy-sur-es-un-proyecto-rehen-de-los-pactos-del-partido-socialista\\\/#primaryimage\"},\"thumbnailUrl\":\"https:\\\/\\\/www.copealcoy.es\\\/wp-content\\\/uploads\\\/2025\\\/05\\\/0-1.jpg\",\"datePublished\":\"2026-01-29T18:18:55+00:00\",\"dateModified\":\"2026-01-29T18:31:36+00:00\",\"author\":{\"@id\":\"https:\\\/\\\/www.copealcoy.es\\\/es\\\/#\\\/schema\\\/person\\\/e777c87fa024e57d40170af9df39882c\"},\"description\":\"El PP se pronuncia sobre Alcoy Sur: \\\"es un proyecto reh\u00e9n de los pactos del Partido Socialista\\\"\",\"breadcrumb\":{\"@id\":\"https:\\\/\\\/www.copealcoy.es\\\/es\\\/el-pp-se-pronuncia-sobre-alcoy-sur-es-un-proyecto-rehen-de-los-pactos-del-partido-socialista\\\/#breadcrumb\"},\"inLanguage\":\"es\",\"potentialAction\":[{\"@type\":\"ReadAction\",\"target\":[\"https:\\\/\\\/www.copealcoy.es\\\/es\\\/el-pp-se-pronuncia-sobre-alcoy-sur-es-un-proyecto-rehen-de-los-pactos-del-partido-socialista\\\/\"]}]},{\"@type\":\"ImageObject\",\"inLanguage\":\"es\",\"@id\":\"https:\\\/\\\/www.copealcoy.es\\\/es\\\/el-pp-se-pronuncia-sobre-alcoy-sur-es-un-proyecto-rehen-de-los-pactos-del-partido-socialista\\\/#primaryimage\",\"url\":\"https:\\\/\\\/www.copealcoy.es\\\/wp-content\\\/uploads\\\/2025\\\/05\\\/0-1.jpg\",\"contentUrl\":\"https:\\\/\\\/www.copealcoy.es\\\/wp-content\\\/uploads\\\/2025\\\/05\\\/0-1.jpg\",\"width\":1005,\"height\":670},{\"@type\":\"BreadcrumbList\",\"@id\":\"https:\\\/\\\/www.copealcoy.es\\\/es\\\/el-pp-se-pronuncia-sobre-alcoy-sur-es-un-proyecto-rehen-de-los-pactos-del-partido-socialista\\\/#breadcrumb\",\"itemListElement\":[{\"@type\":\"ListItem\",\"position\":1,\"name\":\"Portada\",\"item\":\"https:\\\/\\\/www.copealcoy.es\\\/es\\\/\"},{\"@type\":\"ListItem\",\"position\":2,\"name\":\"El PP se pronuncia sobre Alcoy Sur: &#8220;es un proyecto reh\u00e9n de los pactos del Partido Socialista&#8221;\"}]},{\"@type\":\"WebSite\",\"@id\":\"https:\\\/\\\/www.copealcoy.es\\\/es\\\/#website\",\"url\":\"https:\\\/\\\/www.copealcoy.es\\\/es\\\/\",\"name\":\"COPE Alcoy\",\"description\":\"Emisora COPE de radio local con emisi\u00f3n online. Pont de Sant Jordi 8-10 03803 Alcoy\",\"potentialAction\":[{\"@type\":\"SearchAction\",\"target\":{\"@type\":\"EntryPoint\",\"urlTemplate\":\"https:\\\/\\\/www.copealcoy.es\\\/es\\\/?s={search_term_string}\"},\"query-input\":{\"@type\":\"PropertyValueSpecification\",\"valueRequired\":true,\"valueName\":\"search_term_string\"}}],\"inLanguage\":\"es\"},{\"@type\":\"Person\",\"@id\":\"https:\\\/\\\/www.copealcoy.es\\\/es\\\/#\\\/schema\\\/person\\\/e777c87fa024e57d40170af9df39882c\",\"name\":\"Cope Alcoy\",\"image\":{\"@type\":\"ImageObject\",\"inLanguage\":\"es\",\"@id\":\"https:\\\/\\\/secure.gravatar.com\\\/avatar\\\/bb65d0283347e303893ba14f0692005417c1e0e690a325a4c5d8bb2b3943ee14?s=96&d=mm&r=g\",\"url\":\"https:\\\/\\\/secure.gravatar.com\\\/avatar\\\/bb65d0283347e303893ba14f0692005417c1e0e690a325a4c5d8bb2b3943ee14?s=96&d=mm&r=g\",\"contentUrl\":\"https:\\\/\\\/secure.gravatar.com\\\/avatar\\\/bb65d0283347e303893ba14f0692005417c1e0e690a325a4c5d8bb2b3943ee14?s=96&d=mm&r=g\",\"caption\":\"Cope Alcoy\"}}]}<\/script>\n<!-- \/ Yoast SEO plugin. -->","yoast_head_json":{"title":"El PP se pronuncia sobre Alcoy Sur: \"es un proyecto reh\u00e9n de los pactos del Partido Socialista\" - COPE Alcoy","description":"El PP se pronuncia sobre Alcoy Sur: \"es un proyecto reh\u00e9n de los pactos del Partido Socialista\"","robots":{"index":"index","follow":"follow","max-snippet":"max-snippet:-1","max-image-preview":"max-image-preview:large","max-video-preview":"max-video-preview:-1"},"canonical":"https:\/\/www.copealcoy.es\/es\/el-pp-se-pronuncia-sobre-alcoy-sur-es-un-proyecto-rehen-de-los-pactos-del-partido-socialista\/","og_locale":"es_ES","og_type":"article","og_title":"El PP se pronuncia sobre Alcoy Sur: \"es un proyecto reh\u00e9n de los pactos del Partido Socialista\" - COPE Alcoy","og_description":"El PP se pronuncia sobre Alcoy Sur: \"es un proyecto reh\u00e9n de los pactos del Partido Socialista\"","og_url":"https:\/\/www.copealcoy.es\/es\/el-pp-se-pronuncia-sobre-alcoy-sur-es-un-proyecto-rehen-de-los-pactos-del-partido-socialista\/","og_site_name":"COPE Alcoy","article_published_time":"2026-01-29T18:18:55+00:00","article_modified_time":"2026-01-29T18:31:36+00:00","og_image":[{"width":1005,"height":670,"url":"https:\/\/www.copealcoy.es\/wp-content\/uploads\/2025\/05\/0-1.jpg","type":"image\/jpeg"}],"author":"Cope Alcoy","twitter_misc":{"Escrito por":"Cope Alcoy","Tiempo de lectura":"3 minutos"},"schema":{"@context":"https:\/\/schema.org","@graph":[{"@type":"Article","@id":"https:\/\/www.copealcoy.es\/es\/el-pp-se-pronuncia-sobre-alcoy-sur-es-un-proyecto-rehen-de-los-pactos-del-partido-socialista\/#article","isPartOf":{"@id":"https:\/\/www.copealcoy.es\/es\/el-pp-se-pronuncia-sobre-alcoy-sur-es-un-proyecto-rehen-de-los-pactos-del-partido-socialista\/"},"author":{"name":"Cope Alcoy","@id":"https:\/\/www.copealcoy.es\/es\/#\/schema\/person\/e777c87fa024e57d40170af9df39882c"},"headline":"El PP se pronuncia sobre Alcoy Sur: &#8220;es un proyecto reh\u00e9n de los pactos del Partido Socialista&#8221;","datePublished":"2026-01-29T18:18:55+00:00","dateModified":"2026-01-29T18:31:36+00:00","mainEntityOfPage":{"@id":"https:\/\/www.copealcoy.es\/es\/el-pp-se-pronuncia-sobre-alcoy-sur-es-un-proyecto-rehen-de-los-pactos-del-partido-socialista\/"},"wordCount":455,"image":{"@id":"https:\/\/www.copealcoy.es\/es\/el-pp-se-pronuncia-sobre-alcoy-sur-es-un-proyecto-rehen-de-los-pactos-del-partido-socialista\/#primaryimage"},"thumbnailUrl":"https:\/\/www.copealcoy.es\/wp-content\/uploads\/2025\/05\/0-1.jpg","keywords":["Alcoy","Alcoy Sur","desavenencias","partidos pol\u00edticos","reacciones"],"articleSection":["Actualidad","Alcoy","Noticias","Pol\u00edtica y Econom\u00eda"],"inLanguage":"es"},{"@type":"WebPage","@id":"https:\/\/www.copealcoy.es\/es\/el-pp-se-pronuncia-sobre-alcoy-sur-es-un-proyecto-rehen-de-los-pactos-del-partido-socialista\/","url":"https:\/\/www.copealcoy.es\/es\/el-pp-se-pronuncia-sobre-alcoy-sur-es-un-proyecto-rehen-de-los-pactos-del-partido-socialista\/","name":"El PP se pronuncia sobre Alcoy Sur: \"es un proyecto reh\u00e9n de los pactos del Partido Socialista\" - COPE Alcoy","isPartOf":{"@id":"https:\/\/www.copealcoy.es\/es\/#website"},"primaryImageOfPage":{"@id":"https:\/\/www.copealcoy.es\/es\/el-pp-se-pronuncia-sobre-alcoy-sur-es-un-proyecto-rehen-de-los-pactos-del-partido-socialista\/#primaryimage"},"image":{"@id":"https:\/\/www.copealcoy.es\/es\/el-pp-se-pronuncia-sobre-alcoy-sur-es-un-proyecto-rehen-de-los-pactos-del-partido-socialista\/#primaryimage"},"thumbnailUrl":"https:\/\/www.copealcoy.es\/wp-content\/uploads\/2025\/05\/0-1.jpg","datePublished":"2026-01-29T18:18:55+00:00","dateModified":"2026-01-29T18:31:36+00:00","author":{"@id":"https:\/\/www.copealcoy.es\/es\/#\/schema\/person\/e777c87fa024e57d40170af9df39882c"},"description":"El PP se pronuncia sobre Alcoy Sur: \"es un proyecto reh\u00e9n de los pactos del Partido Socialista\"","breadcrumb":{"@id":"https:\/\/www.copealcoy.es\/es\/el-pp-se-pronuncia-sobre-alcoy-sur-es-un-proyecto-rehen-de-los-pactos-del-partido-socialista\/#breadcrumb"},"inLanguage":"es","potentialAction":[{"@type":"ReadAction","target":["https:\/\/www.copealcoy.es\/es\/el-pp-se-pronuncia-sobre-alcoy-sur-es-un-proyecto-rehen-de-los-pactos-del-partido-socialista\/"]}]},{"@type":"ImageObject","inLanguage":"es","@id":"https:\/\/www.copealcoy.es\/es\/el-pp-se-pronuncia-sobre-alcoy-sur-es-un-proyecto-rehen-de-los-pactos-del-partido-socialista\/#primaryimage","url":"https:\/\/www.copealcoy.es\/wp-content\/uploads\/2025\/05\/0-1.jpg","contentUrl":"https:\/\/www.copealcoy.es\/wp-content\/uploads\/2025\/05\/0-1.jpg","width":1005,"height":670},{"@type":"BreadcrumbList","@id":"https:\/\/www.copealcoy.es\/es\/el-pp-se-pronuncia-sobre-alcoy-sur-es-un-proyecto-rehen-de-los-pactos-del-partido-socialista\/#breadcrumb","itemListElement":[{"@type":"ListItem","position":1,"name":"Portada","item":"https:\/\/www.copealcoy.es\/es\/"},{"@type":"ListItem","position":2,"name":"El PP se pronuncia sobre Alcoy Sur: &#8220;es un proyecto reh\u00e9n de los pactos del Partido Socialista&#8221;"}]},{"@type":"WebSite","@id":"https:\/\/www.copealcoy.es\/es\/#website","url":"https:\/\/www.copealcoy.es\/es\/","name":"COPE Alcoy","description":"Emisora COPE de radio local con emisi\u00f3n online. Pont de Sant Jordi 8-10 03803 Alcoy","potentialAction":[{"@type":"SearchAction","target":{"@type":"EntryPoint","urlTemplate":"https:\/\/www.copealcoy.es\/es\/?s={search_term_string}"},"query-input":{"@type":"PropertyValueSpecification","valueRequired":true,"valueName":"search_term_string"}}],"inLanguage":"es"},{"@type":"Person","@id":"https:\/\/www.copealcoy.es\/es\/#\/schema\/person\/e777c87fa024e57d40170af9df39882c","name":"Cope Alcoy","image":{"@type":"ImageObject","inLanguage":"es","@id":"https:\/\/secure.gravatar.com\/avatar\/bb65d0283347e303893ba14f0692005417c1e0e690a325a4c5d8bb2b3943ee14?s=96&d=mm&r=g","url":"https:\/\/secure.gravatar.com\/avatar\/bb65d0283347e303893ba14f0692005417c1e0e690a325a4c5d8bb2b3943ee14?s=96&d=mm&r=g","contentUrl":"https:\/\/secure.gravatar.com\/avatar\/bb65d0283347e303893ba14f0692005417c1e0e690a325a4c5d8bb2b3943ee14?s=96&d=mm&r=g","caption":"Cope Alcoy"}}]}},"_links":{"self":[{"href":"https:\/\/www.copealcoy.es\/es\/wp-json\/wp\/v2\/posts\/163030","targetHints":{"allow":["GET"]}}],"collection":[{"href":"https:\/\/www.copealcoy.es\/es\/wp-json\/wp\/v2\/posts"}],"about":[{"href":"https:\/\/www.copealcoy.es\/es\/wp-json\/wp\/v2\/types\/post"}],"author":[{"embeddable":true,"href":"https:\/\/www.copealcoy.es\/es\/wp-json\/wp\/v2\/users\/1"}],"replies":[{"embeddable":true,"href":"https:\/\/www.copealcoy.es\/es\/wp-json\/wp\/v2\/comments?post=163030"}],"version-history":[{"count":3,"href":"https:\/\/www.copealcoy.es\/es\/wp-json\/wp\/v2\/posts\/163030\/revisions"}],"predecessor-version":[{"id":163035,"href":"https:\/\/www.copealcoy.es\/es\/wp-json\/wp\/v2\/posts\/163030\/revisions\/163035"}],"wp:featuredmedia":[{"embeddable":true,"href":"https:\/\/www.copealcoy.es\/es\/wp-json\/wp\/v2\/media\/152458"}],"wp:attachment":[{"href":"https:\/\/www.copealcoy.es\/es\/wp-json\/wp\/v2\/media?parent=163030"}],"wp:term":[{"taxonomy":"category","embeddable":true,"href":"https:\/\/www.copealcoy.es\/es\/wp-json\/wp\/v2\/categories?post=163030"},{"taxonomy":"post_tag","embeddable":true,"href":"https:\/\/www.copealcoy.es\/es\/wp-json\/wp\/v2\/tags?post=163030"}],"curies":[{"name":"wp","href":"https:\/\/api.w.org\/{rel}","templated":true}]}}