{"id":163024,"date":"2026-01-29T13:34:15","date_gmt":"2026-01-29T12:34:15","guid":{"rendered":"https:\/\/www.copealcoy.es\/?p=163024"},"modified":"2026-01-29T13:41:15","modified_gmt":"2026-01-29T12:41:15","slug":"el-fuerte-viento-dejo-ayer-cerca-de-treinta-incidencias-en-alcoy","status":"publish","type":"post","link":"https:\/\/www.copealcoy.es\/es\/el-fuerte-viento-dejo-ayer-cerca-de-treinta-incidencias-en-alcoy\/","title":{"rendered":"El fuerte viento dej\u00f3 ayer cerca de treinta incidencias en Alcoy"},"content":{"rendered":"<p style=\"text-align: justify;\" data-start=\"330\" data-end=\"849\">El <a href=\"https:\/\/www.alcoi.org\/ca\/portal\/index.html\" target=\"_blank\" rel=\"noopener\"><span style=\"color: #0000ff;\"><strong>Ayuntamiento de Alcoy<\/strong> <\/span><\/a>ha hecho balance de las actuaciones llevadas a cabo durante la jornada de ayer, 28 de enero, en la que la ciudad permaneci\u00f3 en <strong data-start=\"497\" data-end=\"535\">alerta naranja por fuertes vientos<\/strong>, con rachas que llegaron a alcanzar los <strong data-start=\"576\" data-end=\"587\">78 km\/h<\/strong>. Ante la previsi\u00f3n meteorol\u00f3gica, el <strong data-start=\"625\" data-end=\"681\">Centro de Coordinaci\u00f3n Operativa Municipal (CECOPAL)<\/strong> se reuni\u00f3 el d\u00eda anterior con el objetivo de realizar un seguimiento exhaustivo del temporal y coordinar los servicios de emergencia conforme al protocolo establecido.<\/p>\n<p style=\"text-align: justify;\" data-start=\"851\" data-end=\"1321\">Desde las 09.00 horas, momento en el que se activ\u00f3 la alerta, y hasta la noche, la <strong data-start=\"934\" data-end=\"987\">Polic\u00eda Local registr\u00f3 cerca de 30 intervenciones<\/strong>, concentr\u00e1ndose la mayor actividad entre las 14.00 y las 17.00 horas, coincidiendo con el pico de intensidad del viento. A pesar del n\u00famero de avisos, no se han registrado da\u00f1os personales de gravedad, aunque una vecina de la <strong data-start=\"1214\" data-end=\"1233\">calle Sant Pere<\/strong> result\u00f3 alcanzada por piedras desprendidas de un tejado, sin sufrir heridas sangrantes.<\/p>\n<p style=\"text-align: justify;\" data-start=\"1323\" data-end=\"1861\">Entre las incidencias m\u00e1s destacadas se encuentra la <strong data-start=\"1376\" data-end=\"1396\">ca\u00edda de \u00e1rboles<\/strong> en puntos como la <strong data-start=\"1415\" data-end=\"1427\">Glorieta<\/strong>, que oblig\u00f3 a cortar la calle Sant Dom\u00e8nech, as\u00ed como en la carretera del Preventori, el parque de Batoi, l\u2019Estepar y la Rosaleda. Adem\u00e1s, los agentes y los servicios de mantenimiento intervinieron en varios <strong data-start=\"1636\" data-end=\"1706\">desprendimientos de cornisas, placas de uralita y chapas met\u00e1licas<\/strong> en zonas como la calle Casa Blanca, Sant Joan o la plaza Centenari, adem\u00e1s del desplazamiento de contenedores de basura en distintos barrios de la ciudad. El concejal de Seguridad, <strong data-start=\"1889\" data-end=\"1904\">Ra\u00fcl Llopis<\/strong>, ha valorado positivamente la respuesta de los servicios municipales, destacando que \u201cl<em>a activaci\u00f3n del CECOPAL y el seguimiento estricto del protocolo de seguridad han sido claves para gestionar con celeridad unas incidencias que, afortunadamente, no han pasado de da\u00f1os materiales<\/em>\u201d. Llopis ha subrayado que, en situaciones de alerta naranja con vientos cercanos a los 80 km\/h, \u201c<em>la prevenci\u00f3n y la coordinaci\u00f3n son fundamentales para garantizar la seguridad de la ciudadan\u00eda<\/em>. L<em>a labor realizada por la Polic\u00eda Local, los Bomberos, Protecci\u00f3n Civil y los servicios de limpieza y mantenimiento, que han trabajado de forma incansable para restablecer la normalidad en calles y parques<\/em>\u201d, indica.<\/p>\n<p style=\"text-align: justify;\" data-start=\"2631\" data-end=\"2865\">Cabe recordar que Alcoy se encuentra ahora mismo en <strong data-start=\"2666\" data-end=\"2685\">alerta amarilla <\/strong>por fuertes vientos. En este contexto, el consistorio se recomienda mantener la precauci\u00f3n especialmente en zonas arboladas o pr\u00f3ximas a edificios en obras, hasta que finalice el episodio de viento.<\/p>\n","protected":false},"excerpt":{"rendered":"<p>El Ayuntamiento de Alcoy ha hecho balance de las actuaciones llevadas a cabo durante la jornada de ayer, 28 de&#8230;<\/p>\n","protected":false},"author":1,"featured_media":163025,"comment_status":"closed","ping_status":"closed","sticky":false,"template":"","format":"standard","meta":{"footnotes":""},"categories":[6909,98,75,125],"tags":[1494,430,6996,644],"class_list":["post-163024","post","type-post","status-publish","format-standard","has-post-thumbnail","hentry","category-actualidad","category-comarcas","category-noticias","category-portada","tag-alcoy","tag-balance","tag-incidencias","tag-viento"],"yoast_head":"<!-- This site is optimized with the Yoast SEO plugin v27.3 - https:\/\/yoast.com\/product\/yoast-seo-wordpress\/ -->\n<title>El fuerte viento dej\u00f3 ayer cerca de treinta incidencias en Alcoy - COPE Alcoy<\/title>\n<meta name=\"robots\" content=\"index, follow, max-snippet:-1, max-image-preview:large, max-video-preview:-1\" \/>\n<link rel=\"canonical\" href=\"https:\/\/www.copealcoy.es\/es\/el-fuerte-viento-dejo-ayer-cerca-de-treinta-incidencias-en-alcoy\/\" \/>\n<meta property=\"og:locale\" content=\"es_ES\" \/>\n<meta property=\"og:type\" content=\"article\" \/>\n<meta property=\"og:title\" content=\"El fuerte viento dej\u00f3 ayer cerca de treinta incidencias en Alcoy - COPE Alcoy\" \/>\n<meta property=\"og:description\" content=\"El Ayuntamiento de Alcoy ha hecho balance de las actuaciones llevadas a cabo durante la jornada de ayer, 28 de...\" \/>\n<meta property=\"og:url\" content=\"https:\/\/www.copealcoy.es\/es\/el-fuerte-viento-dejo-ayer-cerca-de-treinta-incidencias-en-alcoy\/\" \/>\n<meta property=\"og:site_name\" content=\"COPE Alcoy\" \/>\n<meta property=\"article:published_time\" content=\"2026-01-29T12:34:15+00:00\" \/>\n<meta property=\"article:modified_time\" content=\"2026-01-29T12:41:15+00:00\" \/>\n<meta property=\"og:image\" content=\"https:\/\/www.copealcoy.es\/wp-content\/uploads\/2026\/01\/4-1-5.jpg\" \/>\n\t<meta property=\"og:image:width\" content=\"1262\" \/>\n\t<meta property=\"og:image:height\" content=\"710\" \/>\n\t<meta property=\"og:image:type\" content=\"image\/jpeg\" \/>\n<meta name=\"author\" content=\"Cope Alcoy\" \/>\n<meta name=\"twitter:label1\" content=\"Escrito por\" \/>\n\t<meta name=\"twitter:data1\" content=\"Cope Alcoy\" \/>\n\t<meta name=\"twitter:label2\" content=\"Tiempo de lectura\" \/>\n\t<meta name=\"twitter:data2\" content=\"3 minutos\" \/>\n<script type=\"application\/ld+json\" class=\"yoast-schema-graph\">{\"@context\":\"https:\\\/\\\/schema.org\",\"@graph\":[{\"@type\":\"Article\",\"@id\":\"https:\\\/\\\/www.copealcoy.es\\\/es\\\/el-fuerte-viento-dejo-ayer-cerca-de-treinta-incidencias-en-alcoy\\\/#article\",\"isPartOf\":{\"@id\":\"https:\\\/\\\/www.copealcoy.es\\\/es\\\/el-fuerte-viento-dejo-ayer-cerca-de-treinta-incidencias-en-alcoy\\\/\"},\"author\":{\"name\":\"Cope Alcoy\",\"@id\":\"https:\\\/\\\/www.copealcoy.es\\\/es\\\/#\\\/schema\\\/person\\\/e777c87fa024e57d40170af9df39882c\"},\"headline\":\"El fuerte viento dej\u00f3 ayer cerca de treinta incidencias en Alcoy\",\"datePublished\":\"2026-01-29T12:34:15+00:00\",\"dateModified\":\"2026-01-29T12:41:15+00:00\",\"mainEntityOfPage\":{\"@id\":\"https:\\\/\\\/www.copealcoy.es\\\/es\\\/el-fuerte-viento-dejo-ayer-cerca-de-treinta-incidencias-en-alcoy\\\/\"},\"wordCount\":421,\"image\":{\"@id\":\"https:\\\/\\\/www.copealcoy.es\\\/es\\\/el-fuerte-viento-dejo-ayer-cerca-de-treinta-incidencias-en-alcoy\\\/#primaryimage\"},\"thumbnailUrl\":\"https:\\\/\\\/www.copealcoy.es\\\/wp-content\\\/uploads\\\/2026\\\/01\\\/4-1-5.jpg\",\"keywords\":[\"Alcoy\",\"Balance\",\"incidencias\",\"Viento\"],\"articleSection\":[\"Actualidad\",\"Comarcas\",\"Noticias\",\"Portada\"],\"inLanguage\":\"es\"},{\"@type\":\"WebPage\",\"@id\":\"https:\\\/\\\/www.copealcoy.es\\\/es\\\/el-fuerte-viento-dejo-ayer-cerca-de-treinta-incidencias-en-alcoy\\\/\",\"url\":\"https:\\\/\\\/www.copealcoy.es\\\/es\\\/el-fuerte-viento-dejo-ayer-cerca-de-treinta-incidencias-en-alcoy\\\/\",\"name\":\"El fuerte viento dej\u00f3 ayer cerca de treinta incidencias en Alcoy - COPE Alcoy\",\"isPartOf\":{\"@id\":\"https:\\\/\\\/www.copealcoy.es\\\/es\\\/#website\"},\"primaryImageOfPage\":{\"@id\":\"https:\\\/\\\/www.copealcoy.es\\\/es\\\/el-fuerte-viento-dejo-ayer-cerca-de-treinta-incidencias-en-alcoy\\\/#primaryimage\"},\"image\":{\"@id\":\"https:\\\/\\\/www.copealcoy.es\\\/es\\\/el-fuerte-viento-dejo-ayer-cerca-de-treinta-incidencias-en-alcoy\\\/#primaryimage\"},\"thumbnailUrl\":\"https:\\\/\\\/www.copealcoy.es\\\/wp-content\\\/uploads\\\/2026\\\/01\\\/4-1-5.jpg\",\"datePublished\":\"2026-01-29T12:34:15+00:00\",\"dateModified\":\"2026-01-29T12:41:15+00:00\",\"author\":{\"@id\":\"https:\\\/\\\/www.copealcoy.es\\\/es\\\/#\\\/schema\\\/person\\\/e777c87fa024e57d40170af9df39882c\"},\"breadcrumb\":{\"@id\":\"https:\\\/\\\/www.copealcoy.es\\\/es\\\/el-fuerte-viento-dejo-ayer-cerca-de-treinta-incidencias-en-alcoy\\\/#breadcrumb\"},\"inLanguage\":\"es\",\"potentialAction\":[{\"@type\":\"ReadAction\",\"target\":[\"https:\\\/\\\/www.copealcoy.es\\\/es\\\/el-fuerte-viento-dejo-ayer-cerca-de-treinta-incidencias-en-alcoy\\\/\"]}]},{\"@type\":\"ImageObject\",\"inLanguage\":\"es\",\"@id\":\"https:\\\/\\\/www.copealcoy.es\\\/es\\\/el-fuerte-viento-dejo-ayer-cerca-de-treinta-incidencias-en-alcoy\\\/#primaryimage\",\"url\":\"https:\\\/\\\/www.copealcoy.es\\\/wp-content\\\/uploads\\\/2026\\\/01\\\/4-1-5.jpg\",\"contentUrl\":\"https:\\\/\\\/www.copealcoy.es\\\/wp-content\\\/uploads\\\/2026\\\/01\\\/4-1-5.jpg\",\"width\":1262,\"height\":710},{\"@type\":\"BreadcrumbList\",\"@id\":\"https:\\\/\\\/www.copealcoy.es\\\/es\\\/el-fuerte-viento-dejo-ayer-cerca-de-treinta-incidencias-en-alcoy\\\/#breadcrumb\",\"itemListElement\":[{\"@type\":\"ListItem\",\"position\":1,\"name\":\"Portada\",\"item\":\"https:\\\/\\\/www.copealcoy.es\\\/es\\\/\"},{\"@type\":\"ListItem\",\"position\":2,\"name\":\"El fuerte viento dej\u00f3 ayer cerca de treinta incidencias en Alcoy\"}]},{\"@type\":\"WebSite\",\"@id\":\"https:\\\/\\\/www.copealcoy.es\\\/es\\\/#website\",\"url\":\"https:\\\/\\\/www.copealcoy.es\\\/es\\\/\",\"name\":\"COPE Alcoy\",\"description\":\"Emisora COPE de radio local con emisi\u00f3n online. Pont de Sant Jordi 8-10 03803 Alcoy\",\"potentialAction\":[{\"@type\":\"SearchAction\",\"target\":{\"@type\":\"EntryPoint\",\"urlTemplate\":\"https:\\\/\\\/www.copealcoy.es\\\/es\\\/?s={search_term_string}\"},\"query-input\":{\"@type\":\"PropertyValueSpecification\",\"valueRequired\":true,\"valueName\":\"search_term_string\"}}],\"inLanguage\":\"es\"},{\"@type\":\"Person\",\"@id\":\"https:\\\/\\\/www.copealcoy.es\\\/es\\\/#\\\/schema\\\/person\\\/e777c87fa024e57d40170af9df39882c\",\"name\":\"Cope Alcoy\",\"image\":{\"@type\":\"ImageObject\",\"inLanguage\":\"es\",\"@id\":\"https:\\\/\\\/secure.gravatar.com\\\/avatar\\\/bb65d0283347e303893ba14f0692005417c1e0e690a325a4c5d8bb2b3943ee14?s=96&d=mm&r=g\",\"url\":\"https:\\\/\\\/secure.gravatar.com\\\/avatar\\\/bb65d0283347e303893ba14f0692005417c1e0e690a325a4c5d8bb2b3943ee14?s=96&d=mm&r=g\",\"contentUrl\":\"https:\\\/\\\/secure.gravatar.com\\\/avatar\\\/bb65d0283347e303893ba14f0692005417c1e0e690a325a4c5d8bb2b3943ee14?s=96&d=mm&r=g\",\"caption\":\"Cope Alcoy\"}}]}<\/script>\n<!-- \/ Yoast SEO plugin. -->","yoast_head_json":{"title":"El fuerte viento dej\u00f3 ayer cerca de treinta incidencias en Alcoy - COPE Alcoy","robots":{"index":"index","follow":"follow","max-snippet":"max-snippet:-1","max-image-preview":"max-image-preview:large","max-video-preview":"max-video-preview:-1"},"canonical":"https:\/\/www.copealcoy.es\/es\/el-fuerte-viento-dejo-ayer-cerca-de-treinta-incidencias-en-alcoy\/","og_locale":"es_ES","og_type":"article","og_title":"El fuerte viento dej\u00f3 ayer cerca de treinta incidencias en Alcoy - COPE Alcoy","og_description":"El Ayuntamiento de Alcoy ha hecho balance de las actuaciones llevadas a cabo durante la jornada de ayer, 28 de...","og_url":"https:\/\/www.copealcoy.es\/es\/el-fuerte-viento-dejo-ayer-cerca-de-treinta-incidencias-en-alcoy\/","og_site_name":"COPE Alcoy","article_published_time":"2026-01-29T12:34:15+00:00","article_modified_time":"2026-01-29T12:41:15+00:00","og_image":[{"width":1262,"height":710,"url":"https:\/\/www.copealcoy.es\/wp-content\/uploads\/2026\/01\/4-1-5.jpg","type":"image\/jpeg"}],"author":"Cope Alcoy","twitter_misc":{"Escrito por":"Cope Alcoy","Tiempo de lectura":"3 minutos"},"schema":{"@context":"https:\/\/schema.org","@graph":[{"@type":"Article","@id":"https:\/\/www.copealcoy.es\/es\/el-fuerte-viento-dejo-ayer-cerca-de-treinta-incidencias-en-alcoy\/#article","isPartOf":{"@id":"https:\/\/www.copealcoy.es\/es\/el-fuerte-viento-dejo-ayer-cerca-de-treinta-incidencias-en-alcoy\/"},"author":{"name":"Cope Alcoy","@id":"https:\/\/www.copealcoy.es\/es\/#\/schema\/person\/e777c87fa024e57d40170af9df39882c"},"headline":"El fuerte viento dej\u00f3 ayer cerca de treinta incidencias en Alcoy","datePublished":"2026-01-29T12:34:15+00:00","dateModified":"2026-01-29T12:41:15+00:00","mainEntityOfPage":{"@id":"https:\/\/www.copealcoy.es\/es\/el-fuerte-viento-dejo-ayer-cerca-de-treinta-incidencias-en-alcoy\/"},"wordCount":421,"image":{"@id":"https:\/\/www.copealcoy.es\/es\/el-fuerte-viento-dejo-ayer-cerca-de-treinta-incidencias-en-alcoy\/#primaryimage"},"thumbnailUrl":"https:\/\/www.copealcoy.es\/wp-content\/uploads\/2026\/01\/4-1-5.jpg","keywords":["Alcoy","Balance","incidencias","Viento"],"articleSection":["Actualidad","Comarcas","Noticias","Portada"],"inLanguage":"es"},{"@type":"WebPage","@id":"https:\/\/www.copealcoy.es\/es\/el-fuerte-viento-dejo-ayer-cerca-de-treinta-incidencias-en-alcoy\/","url":"https:\/\/www.copealcoy.es\/es\/el-fuerte-viento-dejo-ayer-cerca-de-treinta-incidencias-en-alcoy\/","name":"El fuerte viento dej\u00f3 ayer cerca de treinta incidencias en Alcoy - COPE Alcoy","isPartOf":{"@id":"https:\/\/www.copealcoy.es\/es\/#website"},"primaryImageOfPage":{"@id":"https:\/\/www.copealcoy.es\/es\/el-fuerte-viento-dejo-ayer-cerca-de-treinta-incidencias-en-alcoy\/#primaryimage"},"image":{"@id":"https:\/\/www.copealcoy.es\/es\/el-fuerte-viento-dejo-ayer-cerca-de-treinta-incidencias-en-alcoy\/#primaryimage"},"thumbnailUrl":"https:\/\/www.copealcoy.es\/wp-content\/uploads\/2026\/01\/4-1-5.jpg","datePublished":"2026-01-29T12:34:15+00:00","dateModified":"2026-01-29T12:41:15+00:00","author":{"@id":"https:\/\/www.copealcoy.es\/es\/#\/schema\/person\/e777c87fa024e57d40170af9df39882c"},"breadcrumb":{"@id":"https:\/\/www.copealcoy.es\/es\/el-fuerte-viento-dejo-ayer-cerca-de-treinta-incidencias-en-alcoy\/#breadcrumb"},"inLanguage":"es","potentialAction":[{"@type":"ReadAction","target":["https:\/\/www.copealcoy.es\/es\/el-fuerte-viento-dejo-ayer-cerca-de-treinta-incidencias-en-alcoy\/"]}]},{"@type":"ImageObject","inLanguage":"es","@id":"https:\/\/www.copealcoy.es\/es\/el-fuerte-viento-dejo-ayer-cerca-de-treinta-incidencias-en-alcoy\/#primaryimage","url":"https:\/\/www.copealcoy.es\/wp-content\/uploads\/2026\/01\/4-1-5.jpg","contentUrl":"https:\/\/www.copealcoy.es\/wp-content\/uploads\/2026\/01\/4-1-5.jpg","width":1262,"height":710},{"@type":"BreadcrumbList","@id":"https:\/\/www.copealcoy.es\/es\/el-fuerte-viento-dejo-ayer-cerca-de-treinta-incidencias-en-alcoy\/#breadcrumb","itemListElement":[{"@type":"ListItem","position":1,"name":"Portada","item":"https:\/\/www.copealcoy.es\/es\/"},{"@type":"ListItem","position":2,"name":"El fuerte viento dej\u00f3 ayer cerca de treinta incidencias en Alcoy"}]},{"@type":"WebSite","@id":"https:\/\/www.copealcoy.es\/es\/#website","url":"https:\/\/www.copealcoy.es\/es\/","name":"COPE Alcoy","description":"Emisora COPE de radio local con emisi\u00f3n online. Pont de Sant Jordi 8-10 03803 Alcoy","potentialAction":[{"@type":"SearchAction","target":{"@type":"EntryPoint","urlTemplate":"https:\/\/www.copealcoy.es\/es\/?s={search_term_string}"},"query-input":{"@type":"PropertyValueSpecification","valueRequired":true,"valueName":"search_term_string"}}],"inLanguage":"es"},{"@type":"Person","@id":"https:\/\/www.copealcoy.es\/es\/#\/schema\/person\/e777c87fa024e57d40170af9df39882c","name":"Cope Alcoy","image":{"@type":"ImageObject","inLanguage":"es","@id":"https:\/\/secure.gravatar.com\/avatar\/bb65d0283347e303893ba14f0692005417c1e0e690a325a4c5d8bb2b3943ee14?s=96&d=mm&r=g","url":"https:\/\/secure.gravatar.com\/avatar\/bb65d0283347e303893ba14f0692005417c1e0e690a325a4c5d8bb2b3943ee14?s=96&d=mm&r=g","contentUrl":"https:\/\/secure.gravatar.com\/avatar\/bb65d0283347e303893ba14f0692005417c1e0e690a325a4c5d8bb2b3943ee14?s=96&d=mm&r=g","caption":"Cope Alcoy"}}]}},"_links":{"self":[{"href":"https:\/\/www.copealcoy.es\/es\/wp-json\/wp\/v2\/posts\/163024","targetHints":{"allow":["GET"]}}],"collection":[{"href":"https:\/\/www.copealcoy.es\/es\/wp-json\/wp\/v2\/posts"}],"about":[{"href":"https:\/\/www.copealcoy.es\/es\/wp-json\/wp\/v2\/types\/post"}],"author":[{"embeddable":true,"href":"https:\/\/www.copealcoy.es\/es\/wp-json\/wp\/v2\/users\/1"}],"replies":[{"embeddable":true,"href":"https:\/\/www.copealcoy.es\/es\/wp-json\/wp\/v2\/comments?post=163024"}],"version-history":[{"count":1,"href":"https:\/\/www.copealcoy.es\/es\/wp-json\/wp\/v2\/posts\/163024\/revisions"}],"predecessor-version":[{"id":163027,"href":"https:\/\/www.copealcoy.es\/es\/wp-json\/wp\/v2\/posts\/163024\/revisions\/163027"}],"wp:featuredmedia":[{"embeddable":true,"href":"https:\/\/www.copealcoy.es\/es\/wp-json\/wp\/v2\/media\/163025"}],"wp:attachment":[{"href":"https:\/\/www.copealcoy.es\/es\/wp-json\/wp\/v2\/media?parent=163024"}],"wp:term":[{"taxonomy":"category","embeddable":true,"href":"https:\/\/www.copealcoy.es\/es\/wp-json\/wp\/v2\/categories?post=163024"},{"taxonomy":"post_tag","embeddable":true,"href":"https:\/\/www.copealcoy.es\/es\/wp-json\/wp\/v2\/tags?post=163024"}],"curies":[{"name":"wp","href":"https:\/\/api.w.org\/{rel}","templated":true}]}}